{"id":66518,"date":"2020-01-08T11:15:07","date_gmt":"2020-01-08T11:15:07","guid":{"rendered":"https:\/\/resources.workable.com\/?p=66518"},"modified":"2020-02-06T13:22:39","modified_gmt":"2020-02-06T13:22:39","slug":"descricao-do-trabalho-especialista-de-comunicacao-f-m-d","status":"publish","type":"post","link":"https:\/\/resources.workable.com\/pt-br\/especialista-de-comunicacao-descricao-do-trabalho","title":{"rendered":"Descri\u00e7\u00e3o do trabalho: Especialista de Comunica\u00e7\u00e3o&nbsp;(f\/m\/d)"},"content":{"rendered":"<p>Este modelo de descri\u00e7\u00e3o do trabalho de um <strong>Especialista de Comunica\u00e7\u00e3o<\/strong>\u00a0foi otimizado para publica\u00e7\u00e3o em quadros de empregos ou p\u00e1ginas de carreiras on-line e pode ser facilmente personalizado para a sua empresa. Cargos similares incluem Especialista de Comunica\u00e7\u00e3o e Marketing e Gerente de Comunica\u00e7\u00e3o e Marketing.<\/p>\n<h2>Responsabilidades do Especialista de Comunica\u00e7\u00e3o incluem:<\/h2>\n<ul>\n<li><span style=\"font-weight: 400;\">Desenvolver estrat\u00e9gias eficazes de comunica\u00e7\u00e3o corporativa<\/span><\/li>\n<li><span style=\"font-weight: 400;\">Gerenciar as comunica\u00e7\u00f5es internas (memorandos, newsletters etc.)<\/span><\/li>\n<li><span style=\"font-weight: 400;\">Elaborar conte\u00fado (por exemplo, comunicados \u00e0 imprensa) para os meios de comunica\u00e7\u00e3o ou o site da empresa<\/span><\/li>\n<\/ul>\n<p><img loading=\"lazy\" decoding=\"async\" class=\"size-large wp-image-66544 aligncenter\" src=\"https:\/\/resources.workable.com\/wp-content\/uploads\/2016\/03\/communic-specialist-640x230.jpg\" alt=\"descri\u00e7\u00e3o do trabalho de um especialista de comunica\u00e7\u00e3o\" width=\"640\" height=\"230\" srcset=\"https:\/\/resources.workable.com\/wp-content\/uploads\/2016\/03\/communic-specialist.jpg 640w, https:\/\/resources.workable.com\/wp-content\/uploads\/2016\/03\/communic-specialist-200x72.jpg 200w, https:\/\/resources.workable.com\/wp-content\/uploads\/2016\/03\/communic-specialist-560x201.jpg 560w\" sizes=\"auto, (max-width: 640px) 100vw, 640px\" \/><\/p>\n","protected":false},"excerpt":{"rendered":"<p>Este modelo de descri\u00e7\u00e3o do trabalho de um Especialista de Comunica\u00e7\u00e3o\u00a0foi otimizado para publica\u00e7\u00e3o em quadros de empregos ou p\u00e1ginas de carreiras on-line e pode ser facilmente personalizado para a sua empresa. Cargos similares incluem Especialista de Comunica\u00e7\u00e3o e Marketing e Gerente de Comunica\u00e7\u00e3o e Marketing. Responsabilidades do Especialista de Comunica\u00e7\u00e3o incluem: Desenvolver estrat\u00e9gias eficazes [&hellip;]<\/p>\n","protected":false},"author":28,"featured_media":0,"comment_status":"closed","ping_status":"closed","sticky":false,"template":"","format":"standard","meta":{"_acf_changed":false,"_lmt_disableupdate":"no","_lmt_disable":"","_has_post_settings":[],"footnotes":""},"categories":[1048,1383],"tags":[1384],"class_list":["post-66518","post","type-post","status-publish","format-standard","hentry","category-descricoes-de-cargo","category-descricoes-do-trabalho-de-um-relacoes-publicas-rp","tag-sample-pr-pt-br"],"acf":[],"yoast_head":"<!-- This site is optimized with the Yoast SEO Premium plugin v27.4 (Yoast SEO v27.4) - https:\/\/yoast.com\/product\/yoast-seo-premium-wordpress\/ -->\n<title>Modelo de descri\u00e7\u00e3o do trabalho de um Especialista de Comunica\u00e7\u00e3o | Workable<\/title>\n<meta name=\"description\" content=\"Este modelo de descri\u00e7\u00e3o do trabalho de um Especialista de Comunica\u00e7\u00e3o pode ser modificado com as principais atribui\u00e7\u00f5es e responsabilidades. Ele tamb\u00e9m pode ser utilizado para contratar profissionais para a sua equipe de marketing ou de RP.\" \/>\n<meta name=\"robots\" content=\"index, follow, max-snippet:-1, max-image-preview:large, max-video-preview:-1\" \/>\n<link rel=\"canonical\" href=\"https:\/\/resources.workable.com\/pt-br\/especialista-de-comunicacao-descricao-do-trabalho\/\" \/>\n<meta property=\"og:locale\" content=\"pt_BR\" \/>\n<meta property=\"og:type\" content=\"article\" \/>\n<meta property=\"og:title\" content=\"Descri\u00e7\u00e3o do trabalho: Especialista de Comunica\u00e7\u00e3o (f\/m\/d)\" \/>\n<meta property=\"og:description\" content=\"Este modelo de descri\u00e7\u00e3o do trabalho de um Especialista de Comunica\u00e7\u00e3o pode ser modificado com as principais atribui\u00e7\u00f5es e responsabilidades. Ele tamb\u00e9m pode ser utilizado para contratar profissionais para a sua equipe de marketing ou de RP.\" \/>\n<meta property=\"og:url\" content=\"https:\/\/resources.workable.com\/pt-br\/especialista-de-comunicacao-descricao-do-trabalho\" \/>\n<meta property=\"og:site_name\" content=\"Recruiting Resources: How to Recruit and Hire Better\" \/>\n<meta property=\"article:publisher\" content=\"https:\/\/business.facebook.com\/workable\/\" \/>\n<meta property=\"article:published_time\" content=\"2020-01-08T11:15:07+00:00\" \/>\n<meta property=\"article:modified_time\" content=\"2020-02-06T13:22:39+00:00\" \/>\n<meta property=\"og:image\" content=\"https:\/\/resources.workable.com\/wp-content\/uploads\/2016\/03\/communic-specialist-640x230.jpg\" \/>\n<meta name=\"author\" content=\"Nikoletta Bika\" \/>\n<meta name=\"twitter:card\" content=\"summary_large_image\" \/>\n<meta name=\"twitter:creator\" content=\"@workable\" \/>\n<meta name=\"twitter:site\" content=\"@workable\" \/>\n<meta name=\"twitter:label1\" content=\"Escrito por\" \/>\n\t<meta name=\"twitter:data1\" content=\"Nikoletta Bika\" \/>\n<script type=\"application\/ld+json\" class=\"yoast-schema-graph\">{\"@context\":\"https:\\\/\\\/schema.org\",\"@graph\":[{\"@type\":\"Article\",\"@id\":\"https:\\\/\\\/resources.workable.com\\\/pt-br\\\/especialista-de-comunicacao-descricao-do-trabalho#article\",\"isPartOf\":{\"@id\":\"https:\\\/\\\/resources.workable.com\\\/pt-br\\\/especialista-de-comunicacao-descricao-do-trabalho\"},\"author\":{\"name\":\"Nikoletta Bika\",\"@id\":\"https:\\\/\\\/resources.workable.com\\\/pt-br\\\/#\\\/schema\\\/person\\\/bddaa2e41481e7c9ef2328432ea089e7\"},\"headline\":\"Descri\u00e7\u00e3o do trabalho: Especialista de Comunica\u00e7\u00e3o&nbsp;(f\\\/m\\\/d)\",\"datePublished\":\"2020-01-08T11:15:07+00:00\",\"dateModified\":\"2020-02-06T13:22:39+00:00\",\"mainEntityOfPage\":{\"@id\":\"https:\\\/\\\/resources.workable.com\\\/pt-br\\\/especialista-de-comunicacao-descricao-do-trabalho\"},\"wordCount\":105,\"publisher\":{\"@id\":\"https:\\\/\\\/resources.workable.com\\\/pt-br\\\/#organization\"},\"image\":{\"@id\":\"https:\\\/\\\/resources.workable.com\\\/pt-br\\\/especialista-de-comunicacao-descricao-do-trabalho#primaryimage\"},\"thumbnailUrl\":\"https:\\\/\\\/resources.workable.com\\\/wp-content\\\/uploads\\\/2016\\\/03\\\/communic-specialist-640x230.jpg\",\"keywords\":[\"sample-pr\"],\"articleSection\":[\"Descri\u00e7\u00f5es de cargo\",\"Descri\u00e7\u00f5es do trabalho de um Rela\u00e7\u00f5es P\u00fablicas (RP)\"],\"inLanguage\":\"pt-BR\"},{\"@type\":\"WebPage\",\"@id\":\"https:\\\/\\\/resources.workable.com\\\/pt-br\\\/especialista-de-comunicacao-descricao-do-trabalho\",\"url\":\"https:\\\/\\\/resources.workable.com\\\/pt-br\\\/especialista-de-comunicacao-descricao-do-trabalho\",\"name\":\"Modelo de descri\u00e7\u00e3o do trabalho de um Especialista de Comunica\u00e7\u00e3o | Workable\",\"isPartOf\":{\"@id\":\"https:\\\/\\\/resources.workable.com\\\/pt-br\\\/#website\"},\"primaryImageOfPage\":{\"@id\":\"https:\\\/\\\/resources.workable.com\\\/pt-br\\\/especialista-de-comunicacao-descricao-do-trabalho#primaryimage\"},\"image\":{\"@id\":\"https:\\\/\\\/resources.workable.com\\\/pt-br\\\/especialista-de-comunicacao-descricao-do-trabalho#primaryimage\"},\"thumbnailUrl\":\"https:\\\/\\\/resources.workable.com\\\/wp-content\\\/uploads\\\/2016\\\/03\\\/communic-specialist-640x230.jpg\",\"datePublished\":\"2020-01-08T11:15:07+00:00\",\"dateModified\":\"2020-02-06T13:22:39+00:00\",\"description\":\"Este modelo de descri\u00e7\u00e3o do trabalho de um Especialista de Comunica\u00e7\u00e3o pode ser modificado com as principais atribui\u00e7\u00f5es e responsabilidades. Ele tamb\u00e9m pode ser utilizado para contratar profissionais para a sua equipe de marketing ou de RP.\",\"breadcrumb\":{\"@id\":\"https:\\\/\\\/resources.workable.com\\\/pt-br\\\/especialista-de-comunicacao-descricao-do-trabalho#breadcrumb\"},\"inLanguage\":\"pt-BR\",\"potentialAction\":[{\"@type\":\"ReadAction\",\"target\":[\"https:\\\/\\\/resources.workable.com\\\/pt-br\\\/especialista-de-comunicacao-descricao-do-trabalho\"]}]},{\"@type\":\"ImageObject\",\"inLanguage\":\"pt-BR\",\"@id\":\"https:\\\/\\\/resources.workable.com\\\/pt-br\\\/especialista-de-comunicacao-descricao-do-trabalho#primaryimage\",\"url\":\"https:\\\/\\\/resources.workable.com\\\/wp-content\\\/uploads\\\/2016\\\/03\\\/communic-specialist-640x230.jpg\",\"contentUrl\":\"https:\\\/\\\/resources.workable.com\\\/wp-content\\\/uploads\\\/2016\\\/03\\\/communic-specialist-640x230.jpg\"},{\"@type\":\"BreadcrumbList\",\"@id\":\"https:\\\/\\\/resources.workable.com\\\/pt-br\\\/especialista-de-comunicacao-descricao-do-trabalho#breadcrumb\",\"itemListElement\":[{\"@type\":\"ListItem\",\"position\":1,\"name\":\"Home\",\"item\":\"https:\\\/\\\/resources.workable.com\\\/pt-br\\\/\"},{\"@type\":\"ListItem\",\"position\":2,\"name\":\"Descri\u00e7\u00e3o do trabalho: Especialista de Comunica\u00e7\u00e3o&nbsp;(f\\\/m\\\/d)\"}]},{\"@type\":\"WebSite\",\"@id\":\"https:\\\/\\\/resources.workable.com\\\/pt-br\\\/#website\",\"url\":\"https:\\\/\\\/resources.workable.com\\\/pt-br\\\/\",\"name\":\"Recruiting Resources: How to Recruit and Hire Better\",\"description\":\"\",\"publisher\":{\"@id\":\"https:\\\/\\\/resources.workable.com\\\/pt-br\\\/#organization\"},\"potentialAction\":[{\"@type\":\"SearchAction\",\"target\":{\"@type\":\"EntryPoint\",\"urlTemplate\":\"https:\\\/\\\/resources.workable.com\\\/pt-br\\\/?s={search_term_string}\"},\"query-input\":{\"@type\":\"PropertyValueSpecification\",\"valueRequired\":true,\"valueName\":\"search_term_string\"}}],\"inLanguage\":\"pt-BR\"},{\"@type\":\"Organization\",\"@id\":\"https:\\\/\\\/resources.workable.com\\\/pt-br\\\/#organization\",\"name\":\"Workable\",\"url\":\"https:\\\/\\\/resources.workable.com\\\/pt-br\\\/\",\"logo\":{\"@type\":\"ImageObject\",\"inLanguage\":\"pt-BR\",\"@id\":\"https:\\\/\\\/resources.workable.com\\\/pt-br\\\/#\\\/schema\\\/logo\\\/image\\\/\",\"url\":\"https:\\\/\\\/resources.workable.com\\\/wp-content\\\/uploads\\\/2017\\\/12\\\/logo-green.png\",\"contentUrl\":\"https:\\\/\\\/resources.workable.com\\\/wp-content\\\/uploads\\\/2017\\\/12\\\/logo-green.png\",\"width\":150,\"height\":25,\"caption\":\"Workable\"},\"image\":{\"@id\":\"https:\\\/\\\/resources.workable.com\\\/pt-br\\\/#\\\/schema\\\/logo\\\/image\\\/\"},\"sameAs\":[\"https:\\\/\\\/business.facebook.com\\\/workable\\\/\",\"https:\\\/\\\/x.com\\\/workable\",\"https:\\\/\\\/www.linkedin.com\\\/company\\\/workable-hr\\\/\"]},{\"@type\":\"Person\",\"@id\":\"https:\\\/\\\/resources.workable.com\\\/pt-br\\\/#\\\/schema\\\/person\\\/bddaa2e41481e7c9ef2328432ea089e7\",\"name\":\"Nikoletta Bika\",\"image\":{\"@type\":\"ImageObject\",\"inLanguage\":\"pt-BR\",\"@id\":\"https:\\\/\\\/secure.gravatar.com\\\/avatar\\\/777bf31309608e9152307199dd8aa97ff19f24849526f1b2b50f11b9ea40fca3?s=96&d=mm&r=pg\",\"url\":\"https:\\\/\\\/secure.gravatar.com\\\/avatar\\\/777bf31309608e9152307199dd8aa97ff19f24849526f1b2b50f11b9ea40fca3?s=96&d=mm&r=pg\",\"contentUrl\":\"https:\\\/\\\/secure.gravatar.com\\\/avatar\\\/777bf31309608e9152307199dd8aa97ff19f24849526f1b2b50f11b9ea40fca3?s=96&d=mm&r=pg\",\"caption\":\"Nikoletta Bika\"},\"description\":\"Nikoletta Bika was a senior writer at Workable for nearly four and a half years. She holds an MSc in HR and has written extensively about all things HR and recruiting, with a particular interest in bias, data, technology, legal compliance, and the future of work. She hates meaningless jargon and dreams about space travel.\",\"sameAs\":[\"http:\\\/\\\/workable.com\"],\"url\":\"https:\\\/\\\/resources.workable.com\\\/pt-br\\\/author\\\/nikoletta-bika\\\/\"}]}<\/script>\n<!-- \/ Yoast SEO Premium plugin. -->","yoast_head_json":{"title":"Modelo de descri\u00e7\u00e3o do trabalho de um Especialista de Comunica\u00e7\u00e3o | Workable","description":"Este modelo de descri\u00e7\u00e3o do trabalho de um Especialista de Comunica\u00e7\u00e3o pode ser modificado com as principais atribui\u00e7\u00f5es e responsabilidades. Ele tamb\u00e9m pode ser utilizado para contratar profissionais para a sua equipe de marketing ou de RP.","robots":{"index":"index","follow":"follow","max-snippet":"max-snippet:-1","max-image-preview":"max-image-preview:large","max-video-preview":"max-video-preview:-1"},"canonical":"https:\/\/resources.workable.com\/pt-br\/especialista-de-comunicacao-descricao-do-trabalho\/","og_locale":"pt_BR","og_type":"article","og_title":"Descri\u00e7\u00e3o do trabalho: Especialista de Comunica\u00e7\u00e3o (f\/m\/d)","og_description":"Este modelo de descri\u00e7\u00e3o do trabalho de um Especialista de Comunica\u00e7\u00e3o pode ser modificado com as principais atribui\u00e7\u00f5es e responsabilidades. Ele tamb\u00e9m pode ser utilizado para contratar profissionais para a sua equipe de marketing ou de RP.","og_url":"https:\/\/resources.workable.com\/pt-br\/especialista-de-comunicacao-descricao-do-trabalho","og_site_name":"Recruiting Resources: How to Recruit and Hire Better","article_publisher":"https:\/\/business.facebook.com\/workable\/","article_published_time":"2020-01-08T11:15:07+00:00","article_modified_time":"2020-02-06T13:22:39+00:00","og_image":[{"url":"https:\/\/resources.workable.com\/wp-content\/uploads\/2016\/03\/communic-specialist-640x230.jpg","type":"","width":"","height":""}],"author":"Nikoletta Bika","twitter_card":"summary_large_image","twitter_creator":"@workable","twitter_site":"@workable","twitter_misc":{"Escrito por":"Nikoletta Bika"},"schema":{"@context":"https:\/\/schema.org","@graph":[{"@type":"Article","@id":"https:\/\/resources.workable.com\/pt-br\/especialista-de-comunicacao-descricao-do-trabalho#article","isPartOf":{"@id":"https:\/\/resources.workable.com\/pt-br\/especialista-de-comunicacao-descricao-do-trabalho"},"author":{"name":"Nikoletta Bika","@id":"https:\/\/resources.workable.com\/pt-br\/#\/schema\/person\/bddaa2e41481e7c9ef2328432ea089e7"},"headline":"Descri\u00e7\u00e3o do trabalho: Especialista de Comunica\u00e7\u00e3o&nbsp;(f\/m\/d)","datePublished":"2020-01-08T11:15:07+00:00","dateModified":"2020-02-06T13:22:39+00:00","mainEntityOfPage":{"@id":"https:\/\/resources.workable.com\/pt-br\/especialista-de-comunicacao-descricao-do-trabalho"},"wordCount":105,"publisher":{"@id":"https:\/\/resources.workable.com\/pt-br\/#organization"},"image":{"@id":"https:\/\/resources.workable.com\/pt-br\/especialista-de-comunicacao-descricao-do-trabalho#primaryimage"},"thumbnailUrl":"https:\/\/resources.workable.com\/wp-content\/uploads\/2016\/03\/communic-specialist-640x230.jpg","keywords":["sample-pr"],"articleSection":["Descri\u00e7\u00f5es de cargo","Descri\u00e7\u00f5es do trabalho de um Rela\u00e7\u00f5es P\u00fablicas (RP)"],"inLanguage":"pt-BR"},{"@type":"WebPage","@id":"https:\/\/resources.workable.com\/pt-br\/especialista-de-comunicacao-descricao-do-trabalho","url":"https:\/\/resources.workable.com\/pt-br\/especialista-de-comunicacao-descricao-do-trabalho","name":"Modelo de descri\u00e7\u00e3o do trabalho de um Especialista de Comunica\u00e7\u00e3o | Workable","isPartOf":{"@id":"https:\/\/resources.workable.com\/pt-br\/#website"},"primaryImageOfPage":{"@id":"https:\/\/resources.workable.com\/pt-br\/especialista-de-comunicacao-descricao-do-trabalho#primaryimage"},"image":{"@id":"https:\/\/resources.workable.com\/pt-br\/especialista-de-comunicacao-descricao-do-trabalho#primaryimage"},"thumbnailUrl":"https:\/\/resources.workable.com\/wp-content\/uploads\/2016\/03\/communic-specialist-640x230.jpg","datePublished":"2020-01-08T11:15:07+00:00","dateModified":"2020-02-06T13:22:39+00:00","description":"Este modelo de descri\u00e7\u00e3o do trabalho de um Especialista de Comunica\u00e7\u00e3o pode ser modificado com as principais atribui\u00e7\u00f5es e responsabilidades. Ele tamb\u00e9m pode ser utilizado para contratar profissionais para a sua equipe de marketing ou de RP.","breadcrumb":{"@id":"https:\/\/resources.workable.com\/pt-br\/especialista-de-comunicacao-descricao-do-trabalho#breadcrumb"},"inLanguage":"pt-BR","potentialAction":[{"@type":"ReadAction","target":["https:\/\/resources.workable.com\/pt-br\/especialista-de-comunicacao-descricao-do-trabalho"]}]},{"@type":"ImageObject","inLanguage":"pt-BR","@id":"https:\/\/resources.workable.com\/pt-br\/especialista-de-comunicacao-descricao-do-trabalho#primaryimage","url":"https:\/\/resources.workable.com\/wp-content\/uploads\/2016\/03\/communic-specialist-640x230.jpg","contentUrl":"https:\/\/resources.workable.com\/wp-content\/uploads\/2016\/03\/communic-specialist-640x230.jpg"},{"@type":"BreadcrumbList","@id":"https:\/\/resources.workable.com\/pt-br\/especialista-de-comunicacao-descricao-do-trabalho#breadcrumb","itemListElement":[{"@type":"ListItem","position":1,"name":"Home","item":"https:\/\/resources.workable.com\/pt-br\/"},{"@type":"ListItem","position":2,"name":"Descri\u00e7\u00e3o do trabalho: Especialista de Comunica\u00e7\u00e3o&nbsp;(f\/m\/d)"}]},{"@type":"WebSite","@id":"https:\/\/resources.workable.com\/pt-br\/#website","url":"https:\/\/resources.workable.com\/pt-br\/","name":"Recruiting Resources: How to Recruit and Hire Better","description":"","publisher":{"@id":"https:\/\/resources.workable.com\/pt-br\/#organization"},"potentialAction":[{"@type":"SearchAction","target":{"@type":"EntryPoint","urlTemplate":"https:\/\/resources.workable.com\/pt-br\/?s={search_term_string}"},"query-input":{"@type":"PropertyValueSpecification","valueRequired":true,"valueName":"search_term_string"}}],"inLanguage":"pt-BR"},{"@type":"Organization","@id":"https:\/\/resources.workable.com\/pt-br\/#organization","name":"Workable","url":"https:\/\/resources.workable.com\/pt-br\/","logo":{"@type":"ImageObject","inLanguage":"pt-BR","@id":"https:\/\/resources.workable.com\/pt-br\/#\/schema\/logo\/image\/","url":"https:\/\/resources.workable.com\/wp-content\/uploads\/2017\/12\/logo-green.png","contentUrl":"https:\/\/resources.workable.com\/wp-content\/uploads\/2017\/12\/logo-green.png","width":150,"height":25,"caption":"Workable"},"image":{"@id":"https:\/\/resources.workable.com\/pt-br\/#\/schema\/logo\/image\/"},"sameAs":["https:\/\/business.facebook.com\/workable\/","https:\/\/x.com\/workable","https:\/\/www.linkedin.com\/company\/workable-hr\/"]},{"@type":"Person","@id":"https:\/\/resources.workable.com\/pt-br\/#\/schema\/person\/bddaa2e41481e7c9ef2328432ea089e7","name":"Nikoletta Bika","image":{"@type":"ImageObject","inLanguage":"pt-BR","@id":"https:\/\/secure.gravatar.com\/avatar\/777bf31309608e9152307199dd8aa97ff19f24849526f1b2b50f11b9ea40fca3?s=96&d=mm&r=pg","url":"https:\/\/secure.gravatar.com\/avatar\/777bf31309608e9152307199dd8aa97ff19f24849526f1b2b50f11b9ea40fca3?s=96&d=mm&r=pg","contentUrl":"https:\/\/secure.gravatar.com\/avatar\/777bf31309608e9152307199dd8aa97ff19f24849526f1b2b50f11b9ea40fca3?s=96&d=mm&r=pg","caption":"Nikoletta Bika"},"description":"Nikoletta Bika was a senior writer at Workable for nearly four and a half years. She holds an MSc in HR and has written extensively about all things HR and recruiting, with a particular interest in bias, data, technology, legal compliance, and the future of work. She hates meaningless jargon and dreams about space travel.","sameAs":["http:\/\/workable.com"],"url":"https:\/\/resources.workable.com\/pt-br\/author\/nikoletta-bika\/"}]}},"modified_by":"Zina Panagopoulou","custom_fields":{"brief":"<span style=\"font-weight: 400;\">Estamos procurando um Especialista de Comunica\u00e7\u00e3o motivado para gerenciar nossas comunica\u00e7\u00f5es externas e internas. O profissional dever\u00e1 promover uma imagem p\u00fablica positiva e controlar a dissemina\u00e7\u00e3o de informa\u00e7\u00f5es em nome de nossa empresa.<\/span> <span style=\"font-weight: 400;\">Habilidades extraordin\u00e1rias de comunica\u00e7\u00e3o e reda\u00e7\u00e3o s\u00e3o essenciais para um grande especialista de comunica\u00e7\u00e3o. Experi\u00eancia em comunica\u00e7\u00f5es corporativas e gest\u00e3o de projetos tamb\u00e9m s\u00e3o qualidades importantes. Entusiasmo e atitude positiva ajudar\u00e3o o candidato selecionado a ganhar a confian\u00e7a dos colegas, bem como e das pessoas de fora.<\/span>","requirements":"<ul>\r\n \t<li><span style=\"font-weight: 400;\">Experi\u00eancia comprovada como especialista de comunica\u00e7\u00e3o<\/span><\/li>\r\n \t<li><span style=\"font-weight: 400;\">Experi\u00eancia em web design e produ\u00e7\u00e3o de conte\u00fado \u00e9 uma vantagem<\/span><\/li>\r\n \t<li><span style=\"font-weight: 400;\">Experi\u00eancia em reda\u00e7\u00e3o e edi\u00e7\u00e3o<\/span><\/li>\r\n \t<li><span style=\"font-weight: 400;\">Entendimento s\u00f3lido dos princ\u00edpios de gest\u00e3o de projetos<\/span><\/li>\r\n \t<li><span style=\"font-weight: 400;\">Conhecimento pr\u00e1tico do MS Office; experi\u00eancia com softwares de edi\u00e7\u00e3o de fotografia e de v\u00eddeo \u00e9 uma vantagem<\/span><\/li>\r\n \t<li><span style=\"font-weight: 400;\">Excelentes habilidades de comunica\u00e7\u00e3o (verbal e escrita) e apresenta\u00e7\u00e3o<\/span><\/li>\r\n \t<li><span style=\"font-weight: 400;\">Excelente capacidade organizacional e de planejamento<\/span><\/li>\r\n \t<li><span style=\"font-weight: 400;\">Dom\u00ednio proficiente do ingl\u00eas<\/span><\/li>\r\n \t<li><span style=\"font-weight: 400;\">Bacharelado em Rela\u00e7\u00f5es P\u00fablicas, Comunica\u00e7\u00f5es ou \u00e1rea relevante<\/span><\/li>\r\n<\/ul>","responsibilities":"<ul>\r\n \t<li><span style=\"font-weight: 400;\">Desenvolver estrat\u00e9gias eficazes de comunica\u00e7\u00e3o corporativa<\/span><\/li>\r\n \t<li><span style=\"font-weight: 400;\">Gerenciar as comunica\u00e7\u00f5es internas (memorandos, newsletters etc.)<\/span><\/li>\r\n \t<li><span style=\"font-weight: 400;\">Elaborar conte\u00fado (por exemplo, comunicados \u00e0 imprensa) para os meios de comunica\u00e7\u00e3o ou o site da empresa<\/span><\/li>\r\n \t<li><span style=\"font-weight: 400;\">Organizar iniciativas e planejar eventos ou confer\u00eancias de imprensa<\/span><\/li>\r\n \t<li><span style=\"font-weight: 400;\">Relacionar-se com os meios de comunica\u00e7\u00e3o e lidar com solicita\u00e7\u00f5es de entrevistas, declara\u00e7\u00f5es etc.<\/span><\/li>\r\n \t<li><span style=\"font-weight: 400;\">Incentivar relacionamentos com advogados e pessoas-chave<\/span><\/li>\r\n \t<li><span style=\"font-weight: 400;\">Colaborar com profissionais de marketing para criar textos para an\u00fancios ou artigos<\/span><\/li>\r\n \t<li><span style=\"font-weight: 400;\">Realizar o \"controle de danos\" em casos de publicidade negativa<\/span><\/li>\r\n \t<li><span style=\"font-weight: 400;\">Facilitar a resolu\u00e7\u00e3o de disputas com o p\u00fablico ou fornecedores externos<\/span><\/li>\r\n \t<li><span style=\"font-weight: 400;\">Auxiliar na comunica\u00e7\u00e3o de estrat\u00e9gias ou mensagens da alta lideran\u00e7a<\/span><\/li>\r\n<\/ul>","see_more":""},"_links":{"self":[{"href":"https:\/\/resources.workable.com\/pt-br\/wp-json\/wp\/v2\/posts\/66518","targetHints":{"allow":["GET"]}}],"collection":[{"href":"https:\/\/resources.workable.com\/pt-br\/wp-json\/wp\/v2\/posts"}],"about":[{"href":"https:\/\/resources.workable.com\/pt-br\/wp-json\/wp\/v2\/types\/post"}],"author":[{"embeddable":true,"href":"https:\/\/resources.workable.com\/pt-br\/wp-json\/wp\/v2\/users\/28"}],"replies":[{"embeddable":true,"href":"https:\/\/resources.workable.com\/pt-br\/wp-json\/wp\/v2\/comments?post=66518"}],"version-history":[{"count":0,"href":"https:\/\/resources.workable.com\/pt-br\/wp-json\/wp\/v2\/posts\/66518\/revisions"}],"wp:attachment":[{"href":"https:\/\/resources.workable.com\/pt-br\/wp-json\/wp\/v2\/media?parent=66518"}],"wp:term":[{"taxonomy":"category","embeddable":true,"href":"https:\/\/resources.workable.com\/pt-br\/wp-json\/wp\/v2\/categories?post=66518"},{"taxonomy":"post_tag","embeddable":true,"href":"https:\/\/resources.workable.com\/pt-br\/wp-json\/wp\/v2\/tags?post=66518"}],"curies":[{"name":"wp","href":"https:\/\/api.w.org\/{rel}","templated":true}]}}