{"id":66113,"date":"2020-01-08T11:14:57","date_gmt":"2020-01-08T11:14:57","guid":{"rendered":"https:\/\/resources.workable.com\/?p=66113"},"modified":"2020-02-06T13:21:24","modified_gmt":"2020-02-06T13:21:24","slug":"descricao-do-trabalho-estrategista-de-midias-sociais-f-m-d","status":"publish","type":"post","link":"https:\/\/resources.workable.com\/pt-br\/estrategista-de-midias-sociais-descricao-do-trabalho","title":{"rendered":"Descri\u00e7\u00e3o do trabalho: Estrategista de M\u00eddias Sociais&nbsp;(f\/m\/d)"},"content":{"rendered":"<p>Este modelo de descri\u00e7\u00e3o do trabalho de um <strong>Estrategista de M\u00eddias Sociais<\/strong> lista todas as responsabilidades principais dessa posi\u00e7\u00e3o e as habilidades mais essenciais que voc\u00ea deve procurar nos candidatos. Cargos similares incluem <a href=\"https:\/\/resources.workable.com\/social-media-coordinator-job-description\">Coordenador de M\u00eddias Sociais<\/a>, <a href=\"https:\/\/resources.workable.com\/content-strategist-job-description\">Estrategista de Conte\u00fado<\/a> e Consultor de M\u00eddias Sociais.<\/p>\n<h2>As responsabilidades do Estrategista de M\u00eddias Sociais incluem:<\/h2>\n<ul>\n<li>Conceber estrat\u00e9gias de m\u00eddia social para atingir metas de marketing<\/li>\n<li>Gerenciar, criar e publicar conte\u00fado original de alta qualidade em plataformas sociais<\/li>\n<li>Administrar todas as contas de m\u00eddia social da empresa para garantir um conte\u00fado atualizado<\/li>\n<\/ul>\n<p>&nbsp;<\/p>\n<p><img loading=\"lazy\" decoding=\"async\" class=\"aligncenter size-full wp-image-6213\" src=\"https:\/\/resources.workable.com\/wp-content\/uploads\/2016\/08\/social-media-strategist-job-description.jpg\" alt=\"descri\u00e7\u00e3o do trabalho de um estrategista de m\u00eddias sociais\" width=\"640\" height=\"230\" srcset=\"https:\/\/resources.workable.com\/wp-content\/uploads\/2016\/08\/social-media-strategist-job-description.jpg 640w, https:\/\/resources.workable.com\/wp-content\/uploads\/2016\/08\/social-media-strategist-job-description-200x72.jpg 200w, https:\/\/resources.workable.com\/wp-content\/uploads\/2016\/08\/social-media-strategist-job-description-560x201.jpg 560w\" sizes=\"auto, (max-width: 640px) 100vw, 640px\" \/><\/p>\n","protected":false},"excerpt":{"rendered":"<p>Este modelo de descri\u00e7\u00e3o do trabalho de um Estrategista de M\u00eddias Sociais lista todas as responsabilidades principais dessa posi\u00e7\u00e3o e as habilidades mais essenciais que voc\u00ea deve procurar nos candidatos. Cargos similares incluem Coordenador de M\u00eddias Sociais, Estrategista de Conte\u00fado e Consultor de M\u00eddias Sociais. As responsabilidades do Estrategista de M\u00eddias Sociais incluem: Conceber estrat\u00e9gias [&hellip;]<\/p>\n","protected":false},"author":41,"featured_media":0,"comment_status":"closed","ping_status":"closed","sticky":false,"template":"","format":"standard","meta":{"_acf_changed":false,"_lmt_disableupdate":"no","_lmt_disable":"","_has_post_settings":[],"footnotes":""},"categories":[1048,1343],"tags":[],"class_list":["post-66113","post","type-post","status-publish","format-standard","hentry","category-descricoes-de-cargo","category-descricoes-do-trabalho-relacionado-com-marketing"],"acf":[],"yoast_head":"<!-- This site is optimized with the Yoast SEO Premium plugin v27.4 (Yoast SEO v27.4) - https:\/\/yoast.com\/product\/yoast-seo-premium-wordpress\/ -->\n<title>Modelo de descri\u00e7\u00e3o do trabalho de um Estrategista de M\u00eddias Sociais | Workable<\/title>\n<meta name=\"description\" content=\"Este modelo de descri\u00e7\u00e3o do trabalho de um Estrategista de M\u00eddias Sociais lista todas as responsabilidades principais e as habilidades mais essenciais que voc\u00ea deve procurar nos candidatos.\" \/>\n<meta name=\"robots\" content=\"index, follow, max-snippet:-1, max-image-preview:large, max-video-preview:-1\" \/>\n<link rel=\"canonical\" href=\"https:\/\/resources.workable.com\/pt-br\/estrategista-de-midias-sociais-descricao-do-trabalho\/\" \/>\n<meta property=\"og:locale\" content=\"pt_BR\" \/>\n<meta property=\"og:type\" content=\"article\" \/>\n<meta property=\"og:title\" content=\"Descri\u00e7\u00e3o do trabalho: Estrategista de M\u00eddias Sociais (f\/m\/d)\" \/>\n<meta property=\"og:description\" content=\"Este modelo de descri\u00e7\u00e3o do trabalho de um Estrategista de M\u00eddias Sociais lista todas as responsabilidades principais e as habilidades mais essenciais que voc\u00ea deve procurar nos candidatos.\" \/>\n<meta property=\"og:url\" content=\"https:\/\/resources.workable.com\/pt-br\/estrategista-de-midias-sociais-descricao-do-trabalho\" \/>\n<meta property=\"og:site_name\" content=\"Recruiting Resources: How to Recruit and Hire Better\" \/>\n<meta property=\"article:publisher\" content=\"https:\/\/business.facebook.com\/workable\/\" \/>\n<meta property=\"article:published_time\" content=\"2020-01-08T11:14:57+00:00\" \/>\n<meta property=\"article:modified_time\" content=\"2020-02-06T13:21:24+00:00\" \/>\n<meta property=\"og:image\" content=\"https:\/\/resources.workable.com\/wp-content\/uploads\/2016\/08\/social-media-strategist-job-description.jpg\" \/>\n<meta name=\"author\" content=\"Christina Pavlou\" \/>\n<meta name=\"twitter:card\" content=\"summary_large_image\" \/>\n<meta name=\"twitter:creator\" content=\"@workable\" \/>\n<meta name=\"twitter:site\" content=\"@workable\" \/>\n<meta name=\"twitter:label1\" content=\"Escrito por\" \/>\n\t<meta name=\"twitter:data1\" content=\"Christina Pavlou\" \/>\n\t<meta name=\"twitter:label2\" content=\"Est. tempo de leitura\" \/>\n\t<meta name=\"twitter:data2\" content=\"1 minuto\" \/>\n<script type=\"application\/ld+json\" class=\"yoast-schema-graph\">{\"@context\":\"https:\\\/\\\/schema.org\",\"@graph\":[{\"@type\":\"Article\",\"@id\":\"https:\\\/\\\/resources.workable.com\\\/pt-br\\\/estrategista-de-midias-sociais-descricao-do-trabalho#article\",\"isPartOf\":{\"@id\":\"https:\\\/\\\/resources.workable.com\\\/pt-br\\\/estrategista-de-midias-sociais-descricao-do-trabalho\"},\"author\":{\"name\":\"Christina Pavlou\",\"@id\":\"https:\\\/\\\/resources.workable.com\\\/pt-br\\\/#\\\/schema\\\/person\\\/b23289d8d63331621eee9e69103cd603\"},\"headline\":\"Descri\u00e7\u00e3o do trabalho: Estrategista de M\u00eddias Sociais&nbsp;(f\\\/m\\\/d)\",\"datePublished\":\"2020-01-08T11:14:57+00:00\",\"dateModified\":\"2020-02-06T13:21:24+00:00\",\"mainEntityOfPage\":{\"@id\":\"https:\\\/\\\/resources.workable.com\\\/pt-br\\\/estrategista-de-midias-sociais-descricao-do-trabalho\"},\"wordCount\":114,\"publisher\":{\"@id\":\"https:\\\/\\\/resources.workable.com\\\/pt-br\\\/#organization\"},\"image\":{\"@id\":\"https:\\\/\\\/resources.workable.com\\\/pt-br\\\/estrategista-de-midias-sociais-descricao-do-trabalho#primaryimage\"},\"thumbnailUrl\":\"https:\\\/\\\/resources.workable.com\\\/wp-content\\\/uploads\\\/2016\\\/08\\\/social-media-strategist-job-description.jpg\",\"articleSection\":[\"Descri\u00e7\u00f5es de cargo\",\"Descri\u00e7\u00f5es do trabalho relacionado com marketing\"],\"inLanguage\":\"pt-BR\"},{\"@type\":\"WebPage\",\"@id\":\"https:\\\/\\\/resources.workable.com\\\/pt-br\\\/estrategista-de-midias-sociais-descricao-do-trabalho\",\"url\":\"https:\\\/\\\/resources.workable.com\\\/pt-br\\\/estrategista-de-midias-sociais-descricao-do-trabalho\",\"name\":\"Modelo de descri\u00e7\u00e3o do trabalho de um Estrategista de M\u00eddias Sociais | Workable\",\"isPartOf\":{\"@id\":\"https:\\\/\\\/resources.workable.com\\\/pt-br\\\/#website\"},\"primaryImageOfPage\":{\"@id\":\"https:\\\/\\\/resources.workable.com\\\/pt-br\\\/estrategista-de-midias-sociais-descricao-do-trabalho#primaryimage\"},\"image\":{\"@id\":\"https:\\\/\\\/resources.workable.com\\\/pt-br\\\/estrategista-de-midias-sociais-descricao-do-trabalho#primaryimage\"},\"thumbnailUrl\":\"https:\\\/\\\/resources.workable.com\\\/wp-content\\\/uploads\\\/2016\\\/08\\\/social-media-strategist-job-description.jpg\",\"datePublished\":\"2020-01-08T11:14:57+00:00\",\"dateModified\":\"2020-02-06T13:21:24+00:00\",\"description\":\"Este modelo de descri\u00e7\u00e3o do trabalho de um Estrategista de M\u00eddias Sociais lista todas as responsabilidades principais e as habilidades mais essenciais que voc\u00ea deve procurar nos candidatos.\",\"breadcrumb\":{\"@id\":\"https:\\\/\\\/resources.workable.com\\\/pt-br\\\/estrategista-de-midias-sociais-descricao-do-trabalho#breadcrumb\"},\"inLanguage\":\"pt-BR\",\"potentialAction\":[{\"@type\":\"ReadAction\",\"target\":[\"https:\\\/\\\/resources.workable.com\\\/pt-br\\\/estrategista-de-midias-sociais-descricao-do-trabalho\"]}]},{\"@type\":\"ImageObject\",\"inLanguage\":\"pt-BR\",\"@id\":\"https:\\\/\\\/resources.workable.com\\\/pt-br\\\/estrategista-de-midias-sociais-descricao-do-trabalho#primaryimage\",\"url\":\"https:\\\/\\\/resources.workable.com\\\/wp-content\\\/uploads\\\/2016\\\/08\\\/social-media-strategist-job-description.jpg\",\"contentUrl\":\"https:\\\/\\\/resources.workable.com\\\/wp-content\\\/uploads\\\/2016\\\/08\\\/social-media-strategist-job-description.jpg\"},{\"@type\":\"BreadcrumbList\",\"@id\":\"https:\\\/\\\/resources.workable.com\\\/pt-br\\\/estrategista-de-midias-sociais-descricao-do-trabalho#breadcrumb\",\"itemListElement\":[{\"@type\":\"ListItem\",\"position\":1,\"name\":\"Home\",\"item\":\"https:\\\/\\\/resources.workable.com\\\/pt-br\\\/\"},{\"@type\":\"ListItem\",\"position\":2,\"name\":\"Descri\u00e7\u00e3o do trabalho: Estrategista de M\u00eddias Sociais&nbsp;(f\\\/m\\\/d)\"}]},{\"@type\":\"WebSite\",\"@id\":\"https:\\\/\\\/resources.workable.com\\\/pt-br\\\/#website\",\"url\":\"https:\\\/\\\/resources.workable.com\\\/pt-br\\\/\",\"name\":\"Recruiting Resources: How to Recruit and Hire Better\",\"description\":\"\",\"publisher\":{\"@id\":\"https:\\\/\\\/resources.workable.com\\\/pt-br\\\/#organization\"},\"potentialAction\":[{\"@type\":\"SearchAction\",\"target\":{\"@type\":\"EntryPoint\",\"urlTemplate\":\"https:\\\/\\\/resources.workable.com\\\/pt-br\\\/?s={search_term_string}\"},\"query-input\":{\"@type\":\"PropertyValueSpecification\",\"valueRequired\":true,\"valueName\":\"search_term_string\"}}],\"inLanguage\":\"pt-BR\"},{\"@type\":\"Organization\",\"@id\":\"https:\\\/\\\/resources.workable.com\\\/pt-br\\\/#organization\",\"name\":\"Workable\",\"url\":\"https:\\\/\\\/resources.workable.com\\\/pt-br\\\/\",\"logo\":{\"@type\":\"ImageObject\",\"inLanguage\":\"pt-BR\",\"@id\":\"https:\\\/\\\/resources.workable.com\\\/pt-br\\\/#\\\/schema\\\/logo\\\/image\\\/\",\"url\":\"https:\\\/\\\/resources.workable.com\\\/wp-content\\\/uploads\\\/2017\\\/12\\\/logo-green.png\",\"contentUrl\":\"https:\\\/\\\/resources.workable.com\\\/wp-content\\\/uploads\\\/2017\\\/12\\\/logo-green.png\",\"width\":150,\"height\":25,\"caption\":\"Workable\"},\"image\":{\"@id\":\"https:\\\/\\\/resources.workable.com\\\/pt-br\\\/#\\\/schema\\\/logo\\\/image\\\/\"},\"sameAs\":[\"https:\\\/\\\/business.facebook.com\\\/workable\\\/\",\"https:\\\/\\\/x.com\\\/workable\",\"https:\\\/\\\/www.linkedin.com\\\/company\\\/workable-hr\\\/\"]},{\"@type\":\"Person\",\"@id\":\"https:\\\/\\\/resources.workable.com\\\/pt-br\\\/#\\\/schema\\\/person\\\/b23289d8d63331621eee9e69103cd603\",\"name\":\"Christina Pavlou\",\"image\":{\"@type\":\"ImageObject\",\"inLanguage\":\"pt-BR\",\"@id\":\"https:\\\/\\\/secure.gravatar.com\\\/avatar\\\/9ed48272d268bb7071cf243f8d2dcaeaa1f26feca5ecd3fbed59e0378447bc49?s=96&d=mm&r=pg\",\"url\":\"https:\\\/\\\/secure.gravatar.com\\\/avatar\\\/9ed48272d268bb7071cf243f8d2dcaeaa1f26feca5ecd3fbed59e0378447bc49?s=96&d=mm&r=pg\",\"contentUrl\":\"https:\\\/\\\/secure.gravatar.com\\\/avatar\\\/9ed48272d268bb7071cf243f8d2dcaeaa1f26feca5ecd3fbed59e0378447bc49?s=96&d=mm&r=pg\",\"caption\":\"Christina Pavlou\"},\"description\":\"Christina Pavlou was a writer at Workable for nearly four years, and previously a recruiter. She writes about diversity in the workplace and reports on the shape of things to come. You can find her on LinkedIn and Twitter.\",\"url\":\"https:\\\/\\\/resources.workable.com\\\/pt-br\\\/author\\\/christina\\\/\"}]}<\/script>\n<!-- \/ Yoast SEO Premium plugin. -->","yoast_head_json":{"title":"Modelo de descri\u00e7\u00e3o do trabalho de um Estrategista de M\u00eddias Sociais | Workable","description":"Este modelo de descri\u00e7\u00e3o do trabalho de um Estrategista de M\u00eddias Sociais lista todas as responsabilidades principais e as habilidades mais essenciais que voc\u00ea deve procurar nos candidatos.","robots":{"index":"index","follow":"follow","max-snippet":"max-snippet:-1","max-image-preview":"max-image-preview:large","max-video-preview":"max-video-preview:-1"},"canonical":"https:\/\/resources.workable.com\/pt-br\/estrategista-de-midias-sociais-descricao-do-trabalho\/","og_locale":"pt_BR","og_type":"article","og_title":"Descri\u00e7\u00e3o do trabalho: Estrategista de M\u00eddias Sociais (f\/m\/d)","og_description":"Este modelo de descri\u00e7\u00e3o do trabalho de um Estrategista de M\u00eddias Sociais lista todas as responsabilidades principais e as habilidades mais essenciais que voc\u00ea deve procurar nos candidatos.","og_url":"https:\/\/resources.workable.com\/pt-br\/estrategista-de-midias-sociais-descricao-do-trabalho","og_site_name":"Recruiting Resources: How to Recruit and Hire Better","article_publisher":"https:\/\/business.facebook.com\/workable\/","article_published_time":"2020-01-08T11:14:57+00:00","article_modified_time":"2020-02-06T13:21:24+00:00","og_image":[{"url":"https:\/\/resources.workable.com\/wp-content\/uploads\/2016\/08\/social-media-strategist-job-description.jpg","type":"","width":"","height":""}],"author":"Christina Pavlou","twitter_card":"summary_large_image","twitter_creator":"@workable","twitter_site":"@workable","twitter_misc":{"Escrito por":"Christina Pavlou","Est. tempo de leitura":"1 minuto"},"schema":{"@context":"https:\/\/schema.org","@graph":[{"@type":"Article","@id":"https:\/\/resources.workable.com\/pt-br\/estrategista-de-midias-sociais-descricao-do-trabalho#article","isPartOf":{"@id":"https:\/\/resources.workable.com\/pt-br\/estrategista-de-midias-sociais-descricao-do-trabalho"},"author":{"name":"Christina Pavlou","@id":"https:\/\/resources.workable.com\/pt-br\/#\/schema\/person\/b23289d8d63331621eee9e69103cd603"},"headline":"Descri\u00e7\u00e3o do trabalho: Estrategista de M\u00eddias Sociais&nbsp;(f\/m\/d)","datePublished":"2020-01-08T11:14:57+00:00","dateModified":"2020-02-06T13:21:24+00:00","mainEntityOfPage":{"@id":"https:\/\/resources.workable.com\/pt-br\/estrategista-de-midias-sociais-descricao-do-trabalho"},"wordCount":114,"publisher":{"@id":"https:\/\/resources.workable.com\/pt-br\/#organization"},"image":{"@id":"https:\/\/resources.workable.com\/pt-br\/estrategista-de-midias-sociais-descricao-do-trabalho#primaryimage"},"thumbnailUrl":"https:\/\/resources.workable.com\/wp-content\/uploads\/2016\/08\/social-media-strategist-job-description.jpg","articleSection":["Descri\u00e7\u00f5es de cargo","Descri\u00e7\u00f5es do trabalho relacionado com marketing"],"inLanguage":"pt-BR"},{"@type":"WebPage","@id":"https:\/\/resources.workable.com\/pt-br\/estrategista-de-midias-sociais-descricao-do-trabalho","url":"https:\/\/resources.workable.com\/pt-br\/estrategista-de-midias-sociais-descricao-do-trabalho","name":"Modelo de descri\u00e7\u00e3o do trabalho de um Estrategista de M\u00eddias Sociais | Workable","isPartOf":{"@id":"https:\/\/resources.workable.com\/pt-br\/#website"},"primaryImageOfPage":{"@id":"https:\/\/resources.workable.com\/pt-br\/estrategista-de-midias-sociais-descricao-do-trabalho#primaryimage"},"image":{"@id":"https:\/\/resources.workable.com\/pt-br\/estrategista-de-midias-sociais-descricao-do-trabalho#primaryimage"},"thumbnailUrl":"https:\/\/resources.workable.com\/wp-content\/uploads\/2016\/08\/social-media-strategist-job-description.jpg","datePublished":"2020-01-08T11:14:57+00:00","dateModified":"2020-02-06T13:21:24+00:00","description":"Este modelo de descri\u00e7\u00e3o do trabalho de um Estrategista de M\u00eddias Sociais lista todas as responsabilidades principais e as habilidades mais essenciais que voc\u00ea deve procurar nos candidatos.","breadcrumb":{"@id":"https:\/\/resources.workable.com\/pt-br\/estrategista-de-midias-sociais-descricao-do-trabalho#breadcrumb"},"inLanguage":"pt-BR","potentialAction":[{"@type":"ReadAction","target":["https:\/\/resources.workable.com\/pt-br\/estrategista-de-midias-sociais-descricao-do-trabalho"]}]},{"@type":"ImageObject","inLanguage":"pt-BR","@id":"https:\/\/resources.workable.com\/pt-br\/estrategista-de-midias-sociais-descricao-do-trabalho#primaryimage","url":"https:\/\/resources.workable.com\/wp-content\/uploads\/2016\/08\/social-media-strategist-job-description.jpg","contentUrl":"https:\/\/resources.workable.com\/wp-content\/uploads\/2016\/08\/social-media-strategist-job-description.jpg"},{"@type":"BreadcrumbList","@id":"https:\/\/resources.workable.com\/pt-br\/estrategista-de-midias-sociais-descricao-do-trabalho#breadcrumb","itemListElement":[{"@type":"ListItem","position":1,"name":"Home","item":"https:\/\/resources.workable.com\/pt-br\/"},{"@type":"ListItem","position":2,"name":"Descri\u00e7\u00e3o do trabalho: Estrategista de M\u00eddias Sociais&nbsp;(f\/m\/d)"}]},{"@type":"WebSite","@id":"https:\/\/resources.workable.com\/pt-br\/#website","url":"https:\/\/resources.workable.com\/pt-br\/","name":"Recruiting Resources: How to Recruit and Hire Better","description":"","publisher":{"@id":"https:\/\/resources.workable.com\/pt-br\/#organization"},"potentialAction":[{"@type":"SearchAction","target":{"@type":"EntryPoint","urlTemplate":"https:\/\/resources.workable.com\/pt-br\/?s={search_term_string}"},"query-input":{"@type":"PropertyValueSpecification","valueRequired":true,"valueName":"search_term_string"}}],"inLanguage":"pt-BR"},{"@type":"Organization","@id":"https:\/\/resources.workable.com\/pt-br\/#organization","name":"Workable","url":"https:\/\/resources.workable.com\/pt-br\/","logo":{"@type":"ImageObject","inLanguage":"pt-BR","@id":"https:\/\/resources.workable.com\/pt-br\/#\/schema\/logo\/image\/","url":"https:\/\/resources.workable.com\/wp-content\/uploads\/2017\/12\/logo-green.png","contentUrl":"https:\/\/resources.workable.com\/wp-content\/uploads\/2017\/12\/logo-green.png","width":150,"height":25,"caption":"Workable"},"image":{"@id":"https:\/\/resources.workable.com\/pt-br\/#\/schema\/logo\/image\/"},"sameAs":["https:\/\/business.facebook.com\/workable\/","https:\/\/x.com\/workable","https:\/\/www.linkedin.com\/company\/workable-hr\/"]},{"@type":"Person","@id":"https:\/\/resources.workable.com\/pt-br\/#\/schema\/person\/b23289d8d63331621eee9e69103cd603","name":"Christina Pavlou","image":{"@type":"ImageObject","inLanguage":"pt-BR","@id":"https:\/\/secure.gravatar.com\/avatar\/9ed48272d268bb7071cf243f8d2dcaeaa1f26feca5ecd3fbed59e0378447bc49?s=96&d=mm&r=pg","url":"https:\/\/secure.gravatar.com\/avatar\/9ed48272d268bb7071cf243f8d2dcaeaa1f26feca5ecd3fbed59e0378447bc49?s=96&d=mm&r=pg","contentUrl":"https:\/\/secure.gravatar.com\/avatar\/9ed48272d268bb7071cf243f8d2dcaeaa1f26feca5ecd3fbed59e0378447bc49?s=96&d=mm&r=pg","caption":"Christina Pavlou"},"description":"Christina Pavlou was a writer at Workable for nearly four years, and previously a recruiter. She writes about diversity in the workplace and reports on the shape of things to come. You can find her on LinkedIn and Twitter.","url":"https:\/\/resources.workable.com\/pt-br\/author\/christina\/"}]}},"modified_by":"Zina Panagopoulou","custom_fields":{"brief":"Estamos procurando um Estrategista de M\u00eddias Sociais qualificado para fazer parte de nossa equipe. O profissional desenvolver\u00e1 e implementar\u00e1 uma estrat\u00e9gia abrangente de m\u00eddia social para aumentar nosso tr\u00e1fego na internet e a conscientiza\u00e7\u00e3o sobre a nossa marca.\r\n\r\nComo estrategista de m\u00eddias sociais, \u00e9 preciso ter excelentes habilidades de multitarefa para lidar com todas as nossas contas de m\u00eddia social de maneira coesa. Se voc\u00ea tiver uma maneira criativa de pensar e de apresentar a nossa marca por meio de v\u00e1rios canais de m\u00eddia social, queremos que venha fazer parte de nossa equipe.\r\n\r\nBasicamente, o candidato selecionado dever\u00e1 ser capaz de garantir que a presen\u00e7a da empresa na internet esteja alinhada com nossas estrat\u00e9gias de marketing.","requirements":"<ul>\r\n \t<li>Experi\u00eancia profissional comprovada como Estrategista de M\u00eddias Sociais ou Gerente de M\u00eddias Sociais<\/li>\r\n \t<li>Experi\u00eancia pr\u00e1tica no uso de m\u00eddias sociais para reconhecimento de marca<\/li>\r\n \t<li>Conhecimento das m\u00e9tricas de SEO e tr\u00e1fego na internet<\/li>\r\n \t<li>Capacidade de identificar as prefer\u00eancias do p\u00fablico-alvo e criar conte\u00fado para atend\u00ea-las<\/li>\r\n \t<li>Familiaridade com web design e publica\u00e7\u00e3o<\/li>\r\n \t<li>Excelentes habilidades para realizar v\u00e1rias tarefas ao mesmo tempo<\/li>\r\n \t<li>S\u00f3lidas habilidades de comunica\u00e7\u00e3o escrita e verbal<\/li>\r\n \t<li>Bacharelado em Marketing ou \u00e1rea relacionada<\/li>\r\n<\/ul>","responsibilities":"<ul>\r\n \t<li>Conceber estrat\u00e9gias de m\u00eddia social para atingir metas de marketing<\/li>\r\n \t<li>Gerenciar, criar e publicar conte\u00fado original de alta qualidade<\/li>\r\n \t<li>Administrar todas as contas de m\u00eddia social da empresa, garantindo conte\u00fado atualizado<\/li>\r\n \t<li>Interagir com escritores e designers para garantir que o conte\u00fado seja informativo e atraente<\/li>\r\n \t<li>Colaborar com as equipes de marketing e de desenvolvimento de produtos para criar um \"burburinho\" social sobre lan\u00e7amentos de novos produtos<\/li>\r\n \t<li>Facilitar a comunica\u00e7\u00e3o entre cliente e empresa (responder a perguntas, obter an\u00e1lises e organizar bate-papos e sess\u00f5es de perguntas e respostas)<\/li>\r\n \t<li>Preparar relat\u00f3rios semanais e mensais sobre tr\u00e1fego na internet e ROI<\/li>\r\n \t<li>Monitorar o processo de SEO e o envolvimento do usu\u00e1rio e sugerir otimiza\u00e7\u00e3o de conte\u00fado<\/li>\r\n \t<li>Comunicar-se com os profissionais do setor por meio de m\u00eddias sociais para criar uma internet forte<\/li>\r\n \t<li>Treinar equipes internas para integrar e manter uma estrat\u00e9gia coesa de m\u00eddia social<\/li>\r\n \t<li>Manter-se atualizado com as novas tecnologias digitais e as melhores pr\u00e1ticas de m\u00eddia social<\/li>\r\n<\/ul>","see_more":""},"_links":{"self":[{"href":"https:\/\/resources.workable.com\/pt-br\/wp-json\/wp\/v2\/posts\/66113","targetHints":{"allow":["GET"]}}],"collection":[{"href":"https:\/\/resources.workable.com\/pt-br\/wp-json\/wp\/v2\/posts"}],"about":[{"href":"https:\/\/resources.workable.com\/pt-br\/wp-json\/wp\/v2\/types\/post"}],"author":[{"embeddable":true,"href":"https:\/\/resources.workable.com\/pt-br\/wp-json\/wp\/v2\/users\/41"}],"replies":[{"embeddable":true,"href":"https:\/\/resources.workable.com\/pt-br\/wp-json\/wp\/v2\/comments?post=66113"}],"version-history":[{"count":0,"href":"https:\/\/resources.workable.com\/pt-br\/wp-json\/wp\/v2\/posts\/66113\/revisions"}],"wp:attachment":[{"href":"https:\/\/resources.workable.com\/pt-br\/wp-json\/wp\/v2\/media?parent=66113"}],"wp:term":[{"taxonomy":"category","embeddable":true,"href":"https:\/\/resources.workable.com\/pt-br\/wp-json\/wp\/v2\/categories?post=66113"},{"taxonomy":"post_tag","embeddable":true,"href":"https:\/\/resources.workable.com\/pt-br\/wp-json\/wp\/v2\/tags?post=66113"}],"curies":[{"name":"wp","href":"https:\/\/api.w.org\/{rel}","templated":true}]}}