{"id":66083,"date":"2020-01-08T11:14:57","date_gmt":"2020-01-08T11:14:57","guid":{"rendered":"https:\/\/resources.workable.com\/?p=66083"},"modified":"2020-02-06T13:21:25","modified_gmt":"2020-02-06T13:21:25","slug":"descricao-do-trabalho-gerente-de-projetos-digitais-f-m-d","status":"publish","type":"post","link":"https:\/\/resources.workable.com\/pt-br\/gerente-de-projetos-digitais-descricao-do-trabalho","title":{"rendered":"Descri\u00e7\u00e3o do trabalho: Gerente de Projetos Digitais&nbsp;(f\/m\/d)"},"content":{"rendered":"<p>Este \u00e9 um modelo de descri\u00e7\u00e3o do trabalho de um <strong>Gerente de Projetos Digitais<\/strong> que voc\u00ea pode postar em quadros de empregos para atrair candidatos com habilidades de gest\u00e3o de projetos na internet. <img loading=\"lazy\" decoding=\"async\" class=\"aligncenter size-full wp-image-7584\" src=\"https:\/\/resources.workable.com\/wp-content\/uploads\/2016\/08\/shutterstock_469456046-1.jpg\" alt=\"descri\u00e7\u00e3o do trabalho de um gerente de projetos digitais\" width=\"640\" height=\"230\" srcset=\"https:\/\/resources.workable.com\/wp-content\/uploads\/2016\/08\/shutterstock_469456046-1.jpg 640w, https:\/\/resources.workable.com\/wp-content\/uploads\/2016\/08\/shutterstock_469456046-1-200x72.jpg 200w, https:\/\/resources.workable.com\/wp-content\/uploads\/2016\/08\/shutterstock_469456046-1-560x201.jpg 560w\" sizes=\"auto, (max-width: 640px) 100vw, 640px\" \/><\/p>\n","protected":false},"excerpt":{"rendered":"<p>Este \u00e9 um modelo de descri\u00e7\u00e3o do trabalho de um Gerente de Projetos Digitais que voc\u00ea pode postar em quadros de empregos para atrair candidatos com habilidades de gest\u00e3o de projetos na internet.<\/p>\n","protected":false},"author":41,"featured_media":0,"comment_status":"closed","ping_status":"closed","sticky":false,"template":"","format":"standard","meta":{"_acf_changed":false,"_lmt_disableupdate":"no","_lmt_disable":"","_has_post_settings":[],"footnotes":""},"categories":[1048,1343],"tags":[],"class_list":["post-66083","post","type-post","status-publish","format-standard","hentry","category-descricoes-de-cargo","category-descricoes-do-trabalho-relacionado-com-marketing"],"acf":[],"yoast_head":"<!-- This site is optimized with the Yoast SEO Premium plugin v27.4 (Yoast SEO v27.4) - https:\/\/yoast.com\/product\/yoast-seo-premium-wordpress\/ -->\n<title>Modelo de descri\u00e7\u00e3o do trabalho de um Gerente de Projetos Digitais | Workable<\/title>\n<meta name=\"description\" content=\"Este \u00e9 um modelo de descri\u00e7\u00e3o do trabalho de um Gerente de Projetos Digitais que voc\u00ea pode postar em quadros de empregos para atrair candidatos com habilidades de gest\u00e3o de projetos na internet.\" \/>\n<meta name=\"robots\" content=\"index, follow, max-snippet:-1, max-image-preview:large, max-video-preview:-1\" \/>\n<link rel=\"canonical\" href=\"https:\/\/resources.workable.com\/pt-br\/gerente-de-projetos-digitais-descricao-do-trabalho\/\" \/>\n<meta property=\"og:locale\" content=\"pt_BR\" \/>\n<meta property=\"og:type\" content=\"article\" \/>\n<meta property=\"og:title\" content=\"Descri\u00e7\u00e3o do trabalho: Gerente de Projetos Digitais (f\/m\/d)\" \/>\n<meta property=\"og:description\" content=\"Este \u00e9 um modelo de descri\u00e7\u00e3o do trabalho de um Gerente de Projetos Digitais que voc\u00ea pode postar em quadros de empregos para atrair candidatos com habilidades de gest\u00e3o de projetos na internet.\" \/>\n<meta property=\"og:url\" content=\"https:\/\/resources.workable.com\/pt-br\/gerente-de-projetos-digitais-descricao-do-trabalho\" \/>\n<meta property=\"og:site_name\" content=\"Recruiting Resources: How to Recruit and Hire Better\" \/>\n<meta property=\"article:publisher\" content=\"https:\/\/business.facebook.com\/workable\/\" \/>\n<meta property=\"article:published_time\" content=\"2020-01-08T11:14:57+00:00\" \/>\n<meta property=\"article:modified_time\" content=\"2020-02-06T13:21:25+00:00\" \/>\n<meta property=\"og:image\" content=\"https:\/\/resources.workable.com\/wp-content\/uploads\/2016\/08\/shutterstock_469456046-1.jpg\" \/>\n<meta name=\"author\" content=\"Christina Pavlou\" \/>\n<meta name=\"twitter:card\" content=\"summary_large_image\" \/>\n<meta name=\"twitter:creator\" content=\"@workable\" \/>\n<meta name=\"twitter:site\" content=\"@workable\" \/>\n<meta name=\"twitter:label1\" content=\"Escrito por\" \/>\n\t<meta name=\"twitter:data1\" content=\"Christina Pavlou\" \/>\n<script type=\"application\/ld+json\" class=\"yoast-schema-graph\">{\"@context\":\"https:\\\/\\\/schema.org\",\"@graph\":[{\"@type\":\"Article\",\"@id\":\"https:\\\/\\\/resources.workable.com\\\/pt-br\\\/gerente-de-projetos-digitais-descricao-do-trabalho#article\",\"isPartOf\":{\"@id\":\"https:\\\/\\\/resources.workable.com\\\/pt-br\\\/gerente-de-projetos-digitais-descricao-do-trabalho\"},\"author\":{\"name\":\"Christina Pavlou\",\"@id\":\"https:\\\/\\\/resources.workable.com\\\/pt-br\\\/#\\\/schema\\\/person\\\/b23289d8d63331621eee9e69103cd603\"},\"headline\":\"Descri\u00e7\u00e3o do trabalho: Gerente de Projetos Digitais&nbsp;(f\\\/m\\\/d)\",\"datePublished\":\"2020-01-08T11:14:57+00:00\",\"dateModified\":\"2020-02-06T13:21:25+00:00\",\"mainEntityOfPage\":{\"@id\":\"https:\\\/\\\/resources.workable.com\\\/pt-br\\\/gerente-de-projetos-digitais-descricao-do-trabalho\"},\"wordCount\":45,\"publisher\":{\"@id\":\"https:\\\/\\\/resources.workable.com\\\/pt-br\\\/#organization\"},\"image\":{\"@id\":\"https:\\\/\\\/resources.workable.com\\\/pt-br\\\/gerente-de-projetos-digitais-descricao-do-trabalho#primaryimage\"},\"thumbnailUrl\":\"https:\\\/\\\/resources.workable.com\\\/wp-content\\\/uploads\\\/2016\\\/08\\\/shutterstock_469456046-1.jpg\",\"articleSection\":[\"Descri\u00e7\u00f5es de cargo\",\"Descri\u00e7\u00f5es do trabalho relacionado com marketing\"],\"inLanguage\":\"pt-BR\"},{\"@type\":\"WebPage\",\"@id\":\"https:\\\/\\\/resources.workable.com\\\/pt-br\\\/gerente-de-projetos-digitais-descricao-do-trabalho\",\"url\":\"https:\\\/\\\/resources.workable.com\\\/pt-br\\\/gerente-de-projetos-digitais-descricao-do-trabalho\",\"name\":\"Modelo de descri\u00e7\u00e3o do trabalho de um Gerente de Projetos Digitais | Workable\",\"isPartOf\":{\"@id\":\"https:\\\/\\\/resources.workable.com\\\/pt-br\\\/#website\"},\"primaryImageOfPage\":{\"@id\":\"https:\\\/\\\/resources.workable.com\\\/pt-br\\\/gerente-de-projetos-digitais-descricao-do-trabalho#primaryimage\"},\"image\":{\"@id\":\"https:\\\/\\\/resources.workable.com\\\/pt-br\\\/gerente-de-projetos-digitais-descricao-do-trabalho#primaryimage\"},\"thumbnailUrl\":\"https:\\\/\\\/resources.workable.com\\\/wp-content\\\/uploads\\\/2016\\\/08\\\/shutterstock_469456046-1.jpg\",\"datePublished\":\"2020-01-08T11:14:57+00:00\",\"dateModified\":\"2020-02-06T13:21:25+00:00\",\"description\":\"Este \u00e9 um modelo de descri\u00e7\u00e3o do trabalho de um Gerente de Projetos Digitais que voc\u00ea pode postar em quadros de empregos para atrair candidatos com habilidades de gest\u00e3o de projetos na internet.\",\"breadcrumb\":{\"@id\":\"https:\\\/\\\/resources.workable.com\\\/pt-br\\\/gerente-de-projetos-digitais-descricao-do-trabalho#breadcrumb\"},\"inLanguage\":\"pt-BR\",\"potentialAction\":[{\"@type\":\"ReadAction\",\"target\":[\"https:\\\/\\\/resources.workable.com\\\/pt-br\\\/gerente-de-projetos-digitais-descricao-do-trabalho\"]}]},{\"@type\":\"ImageObject\",\"inLanguage\":\"pt-BR\",\"@id\":\"https:\\\/\\\/resources.workable.com\\\/pt-br\\\/gerente-de-projetos-digitais-descricao-do-trabalho#primaryimage\",\"url\":\"https:\\\/\\\/resources.workable.com\\\/wp-content\\\/uploads\\\/2016\\\/08\\\/shutterstock_469456046-1.jpg\",\"contentUrl\":\"https:\\\/\\\/resources.workable.com\\\/wp-content\\\/uploads\\\/2016\\\/08\\\/shutterstock_469456046-1.jpg\"},{\"@type\":\"BreadcrumbList\",\"@id\":\"https:\\\/\\\/resources.workable.com\\\/pt-br\\\/gerente-de-projetos-digitais-descricao-do-trabalho#breadcrumb\",\"itemListElement\":[{\"@type\":\"ListItem\",\"position\":1,\"name\":\"Home\",\"item\":\"https:\\\/\\\/resources.workable.com\\\/pt-br\\\/\"},{\"@type\":\"ListItem\",\"position\":2,\"name\":\"Descri\u00e7\u00e3o do trabalho: Gerente de Projetos Digitais&nbsp;(f\\\/m\\\/d)\"}]},{\"@type\":\"WebSite\",\"@id\":\"https:\\\/\\\/resources.workable.com\\\/pt-br\\\/#website\",\"url\":\"https:\\\/\\\/resources.workable.com\\\/pt-br\\\/\",\"name\":\"Recruiting Resources: How to Recruit and Hire Better\",\"description\":\"\",\"publisher\":{\"@id\":\"https:\\\/\\\/resources.workable.com\\\/pt-br\\\/#organization\"},\"potentialAction\":[{\"@type\":\"SearchAction\",\"target\":{\"@type\":\"EntryPoint\",\"urlTemplate\":\"https:\\\/\\\/resources.workable.com\\\/pt-br\\\/?s={search_term_string}\"},\"query-input\":{\"@type\":\"PropertyValueSpecification\",\"valueRequired\":true,\"valueName\":\"search_term_string\"}}],\"inLanguage\":\"pt-BR\"},{\"@type\":\"Organization\",\"@id\":\"https:\\\/\\\/resources.workable.com\\\/pt-br\\\/#organization\",\"name\":\"Workable\",\"url\":\"https:\\\/\\\/resources.workable.com\\\/pt-br\\\/\",\"logo\":{\"@type\":\"ImageObject\",\"inLanguage\":\"pt-BR\",\"@id\":\"https:\\\/\\\/resources.workable.com\\\/pt-br\\\/#\\\/schema\\\/logo\\\/image\\\/\",\"url\":\"https:\\\/\\\/resources.workable.com\\\/wp-content\\\/uploads\\\/2017\\\/12\\\/logo-green.png\",\"contentUrl\":\"https:\\\/\\\/resources.workable.com\\\/wp-content\\\/uploads\\\/2017\\\/12\\\/logo-green.png\",\"width\":150,\"height\":25,\"caption\":\"Workable\"},\"image\":{\"@id\":\"https:\\\/\\\/resources.workable.com\\\/pt-br\\\/#\\\/schema\\\/logo\\\/image\\\/\"},\"sameAs\":[\"https:\\\/\\\/business.facebook.com\\\/workable\\\/\",\"https:\\\/\\\/x.com\\\/workable\",\"https:\\\/\\\/www.linkedin.com\\\/company\\\/workable-hr\\\/\"]},{\"@type\":\"Person\",\"@id\":\"https:\\\/\\\/resources.workable.com\\\/pt-br\\\/#\\\/schema\\\/person\\\/b23289d8d63331621eee9e69103cd603\",\"name\":\"Christina Pavlou\",\"image\":{\"@type\":\"ImageObject\",\"inLanguage\":\"pt-BR\",\"@id\":\"https:\\\/\\\/secure.gravatar.com\\\/avatar\\\/9ed48272d268bb7071cf243f8d2dcaeaa1f26feca5ecd3fbed59e0378447bc49?s=96&d=mm&r=pg\",\"url\":\"https:\\\/\\\/secure.gravatar.com\\\/avatar\\\/9ed48272d268bb7071cf243f8d2dcaeaa1f26feca5ecd3fbed59e0378447bc49?s=96&d=mm&r=pg\",\"contentUrl\":\"https:\\\/\\\/secure.gravatar.com\\\/avatar\\\/9ed48272d268bb7071cf243f8d2dcaeaa1f26feca5ecd3fbed59e0378447bc49?s=96&d=mm&r=pg\",\"caption\":\"Christina Pavlou\"},\"description\":\"Christina Pavlou was a writer at Workable for nearly four years, and previously a recruiter. She writes about diversity in the workplace and reports on the shape of things to come. You can find her on LinkedIn and Twitter.\",\"url\":\"https:\\\/\\\/resources.workable.com\\\/pt-br\\\/author\\\/christina\\\/\"}]}<\/script>\n<!-- \/ Yoast SEO Premium plugin. -->","yoast_head_json":{"title":"Modelo de descri\u00e7\u00e3o do trabalho de um Gerente de Projetos Digitais | Workable","description":"Este \u00e9 um modelo de descri\u00e7\u00e3o do trabalho de um Gerente de Projetos Digitais que voc\u00ea pode postar em quadros de empregos para atrair candidatos com habilidades de gest\u00e3o de projetos na internet.","robots":{"index":"index","follow":"follow","max-snippet":"max-snippet:-1","max-image-preview":"max-image-preview:large","max-video-preview":"max-video-preview:-1"},"canonical":"https:\/\/resources.workable.com\/pt-br\/gerente-de-projetos-digitais-descricao-do-trabalho\/","og_locale":"pt_BR","og_type":"article","og_title":"Descri\u00e7\u00e3o do trabalho: Gerente de Projetos Digitais (f\/m\/d)","og_description":"Este \u00e9 um modelo de descri\u00e7\u00e3o do trabalho de um Gerente de Projetos Digitais que voc\u00ea pode postar em quadros de empregos para atrair candidatos com habilidades de gest\u00e3o de projetos na internet.","og_url":"https:\/\/resources.workable.com\/pt-br\/gerente-de-projetos-digitais-descricao-do-trabalho","og_site_name":"Recruiting Resources: How to Recruit and Hire Better","article_publisher":"https:\/\/business.facebook.com\/workable\/","article_published_time":"2020-01-08T11:14:57+00:00","article_modified_time":"2020-02-06T13:21:25+00:00","og_image":[{"url":"https:\/\/resources.workable.com\/wp-content\/uploads\/2016\/08\/shutterstock_469456046-1.jpg","type":"","width":"","height":""}],"author":"Christina Pavlou","twitter_card":"summary_large_image","twitter_creator":"@workable","twitter_site":"@workable","twitter_misc":{"Escrito por":"Christina Pavlou"},"schema":{"@context":"https:\/\/schema.org","@graph":[{"@type":"Article","@id":"https:\/\/resources.workable.com\/pt-br\/gerente-de-projetos-digitais-descricao-do-trabalho#article","isPartOf":{"@id":"https:\/\/resources.workable.com\/pt-br\/gerente-de-projetos-digitais-descricao-do-trabalho"},"author":{"name":"Christina Pavlou","@id":"https:\/\/resources.workable.com\/pt-br\/#\/schema\/person\/b23289d8d63331621eee9e69103cd603"},"headline":"Descri\u00e7\u00e3o do trabalho: Gerente de Projetos Digitais&nbsp;(f\/m\/d)","datePublished":"2020-01-08T11:14:57+00:00","dateModified":"2020-02-06T13:21:25+00:00","mainEntityOfPage":{"@id":"https:\/\/resources.workable.com\/pt-br\/gerente-de-projetos-digitais-descricao-do-trabalho"},"wordCount":45,"publisher":{"@id":"https:\/\/resources.workable.com\/pt-br\/#organization"},"image":{"@id":"https:\/\/resources.workable.com\/pt-br\/gerente-de-projetos-digitais-descricao-do-trabalho#primaryimage"},"thumbnailUrl":"https:\/\/resources.workable.com\/wp-content\/uploads\/2016\/08\/shutterstock_469456046-1.jpg","articleSection":["Descri\u00e7\u00f5es de cargo","Descri\u00e7\u00f5es do trabalho relacionado com marketing"],"inLanguage":"pt-BR"},{"@type":"WebPage","@id":"https:\/\/resources.workable.com\/pt-br\/gerente-de-projetos-digitais-descricao-do-trabalho","url":"https:\/\/resources.workable.com\/pt-br\/gerente-de-projetos-digitais-descricao-do-trabalho","name":"Modelo de descri\u00e7\u00e3o do trabalho de um Gerente de Projetos Digitais | Workable","isPartOf":{"@id":"https:\/\/resources.workable.com\/pt-br\/#website"},"primaryImageOfPage":{"@id":"https:\/\/resources.workable.com\/pt-br\/gerente-de-projetos-digitais-descricao-do-trabalho#primaryimage"},"image":{"@id":"https:\/\/resources.workable.com\/pt-br\/gerente-de-projetos-digitais-descricao-do-trabalho#primaryimage"},"thumbnailUrl":"https:\/\/resources.workable.com\/wp-content\/uploads\/2016\/08\/shutterstock_469456046-1.jpg","datePublished":"2020-01-08T11:14:57+00:00","dateModified":"2020-02-06T13:21:25+00:00","description":"Este \u00e9 um modelo de descri\u00e7\u00e3o do trabalho de um Gerente de Projetos Digitais que voc\u00ea pode postar em quadros de empregos para atrair candidatos com habilidades de gest\u00e3o de projetos na internet.","breadcrumb":{"@id":"https:\/\/resources.workable.com\/pt-br\/gerente-de-projetos-digitais-descricao-do-trabalho#breadcrumb"},"inLanguage":"pt-BR","potentialAction":[{"@type":"ReadAction","target":["https:\/\/resources.workable.com\/pt-br\/gerente-de-projetos-digitais-descricao-do-trabalho"]}]},{"@type":"ImageObject","inLanguage":"pt-BR","@id":"https:\/\/resources.workable.com\/pt-br\/gerente-de-projetos-digitais-descricao-do-trabalho#primaryimage","url":"https:\/\/resources.workable.com\/wp-content\/uploads\/2016\/08\/shutterstock_469456046-1.jpg","contentUrl":"https:\/\/resources.workable.com\/wp-content\/uploads\/2016\/08\/shutterstock_469456046-1.jpg"},{"@type":"BreadcrumbList","@id":"https:\/\/resources.workable.com\/pt-br\/gerente-de-projetos-digitais-descricao-do-trabalho#breadcrumb","itemListElement":[{"@type":"ListItem","position":1,"name":"Home","item":"https:\/\/resources.workable.com\/pt-br\/"},{"@type":"ListItem","position":2,"name":"Descri\u00e7\u00e3o do trabalho: Gerente de Projetos Digitais&nbsp;(f\/m\/d)"}]},{"@type":"WebSite","@id":"https:\/\/resources.workable.com\/pt-br\/#website","url":"https:\/\/resources.workable.com\/pt-br\/","name":"Recruiting Resources: How to Recruit and Hire Better","description":"","publisher":{"@id":"https:\/\/resources.workable.com\/pt-br\/#organization"},"potentialAction":[{"@type":"SearchAction","target":{"@type":"EntryPoint","urlTemplate":"https:\/\/resources.workable.com\/pt-br\/?s={search_term_string}"},"query-input":{"@type":"PropertyValueSpecification","valueRequired":true,"valueName":"search_term_string"}}],"inLanguage":"pt-BR"},{"@type":"Organization","@id":"https:\/\/resources.workable.com\/pt-br\/#organization","name":"Workable","url":"https:\/\/resources.workable.com\/pt-br\/","logo":{"@type":"ImageObject","inLanguage":"pt-BR","@id":"https:\/\/resources.workable.com\/pt-br\/#\/schema\/logo\/image\/","url":"https:\/\/resources.workable.com\/wp-content\/uploads\/2017\/12\/logo-green.png","contentUrl":"https:\/\/resources.workable.com\/wp-content\/uploads\/2017\/12\/logo-green.png","width":150,"height":25,"caption":"Workable"},"image":{"@id":"https:\/\/resources.workable.com\/pt-br\/#\/schema\/logo\/image\/"},"sameAs":["https:\/\/business.facebook.com\/workable\/","https:\/\/x.com\/workable","https:\/\/www.linkedin.com\/company\/workable-hr\/"]},{"@type":"Person","@id":"https:\/\/resources.workable.com\/pt-br\/#\/schema\/person\/b23289d8d63331621eee9e69103cd603","name":"Christina Pavlou","image":{"@type":"ImageObject","inLanguage":"pt-BR","@id":"https:\/\/secure.gravatar.com\/avatar\/9ed48272d268bb7071cf243f8d2dcaeaa1f26feca5ecd3fbed59e0378447bc49?s=96&d=mm&r=pg","url":"https:\/\/secure.gravatar.com\/avatar\/9ed48272d268bb7071cf243f8d2dcaeaa1f26feca5ecd3fbed59e0378447bc49?s=96&d=mm&r=pg","contentUrl":"https:\/\/secure.gravatar.com\/avatar\/9ed48272d268bb7071cf243f8d2dcaeaa1f26feca5ecd3fbed59e0378447bc49?s=96&d=mm&r=pg","caption":"Christina Pavlou"},"description":"Christina Pavlou was a writer at Workable for nearly four years, and previously a recruiter. She writes about diversity in the workplace and reports on the shape of things to come. You can find her on LinkedIn and Twitter.","url":"https:\/\/resources.workable.com\/pt-br\/author\/christina\/"}]}},"modified_by":"Zina Panagopoulou","custom_fields":{"brief":"Estamos procurando um Gerente de Projetos Digitais qualificado para fazer parte de nossa equipe. O profissional ser\u00e1 respons\u00e1vel pelo gerenciamento di\u00e1rio e pela opera\u00e7\u00e3o uniforme de v\u00e1rios projetos digitais, incluindo lan\u00e7amentos de sites, ferramentas on-line, aplicativos web e campanhas publicit\u00e1rias.\r\n\r\nPara essa posi\u00e7\u00e3o, \u00e9 preciso ser um profissional experiente em tecnologia, com um entendimento profundo de como a tecnologia pode nos ajudar a alcan\u00e7ar nossos objetivos de neg\u00f3cios. Tamb\u00e9m \u00e9 preciso ser met\u00f3dico e ter excelentes habilidades de gest\u00e3o de tempo. Como gerente de projetos digitais, o profissional dever\u00e1 usar suas habilidades de comunica\u00e7\u00e3o para colaborar efetivamente com v\u00e1rias equipes.\r\n\r\nBasicamente, o candidato selecionado dever\u00e1 ser capaz de gerenciar e entregar o ciclo de vida digital de nossos projetos de acordo com os requisitos de qualidade, tempo e or\u00e7amento.","requirements":"<ul>\r\n \t<li>Experi\u00eancia profissional comprovada como Gerente de Projetos Digitais<\/li>\r\n \t<li>Experi\u00eancia pr\u00e1tica com softwares de gest\u00e3o de projetos, como MS Project e AtTask<\/li>\r\n \t<li>Familiaridade com sistemas de gest\u00e3o de conte\u00fado e HTML\/CSS<\/li>\r\n \t<li>No\u00e7\u00f5es b\u00e1sicas sobre SEO e Google Analytics<\/li>\r\n \t<li>Conhecimento do software UE<\/li>\r\n \t<li>S\u00f3lida forma\u00e7\u00e3o t\u00e9cnica e capacidade de resolver problemas de acessibilidade e compatibilidade<\/li>\r\n \t<li>Excelentes habilidades organizacionis e de gest\u00e3o de tempo<\/li>\r\n \t<li>Habilidades de comunica\u00e7\u00e3o e gerenciamento de equipe<\/li>\r\n \t<li>Bacharelado em Ci\u00eancia da Computa\u00e7\u00e3o, Marketing Digital ou \u00e1rea relacionada<\/li>\r\n<\/ul>","responsibilities":"<ul>\r\n \t<li>Realizar a gest\u00e3o de projetos de ponta a ponta<\/li>\r\n \t<li>Avaliar os requisitos do projeto e a prepara\u00e7\u00e3o do or\u00e7amento<\/li>\r\n \t<li>Desenvolver um plano detalhado de projeto e monitorar o progresso<\/li>\r\n \t<li>Colaborar com equipes internas para criar, desenvolver e implementar projetos digitais<\/li>\r\n \t<li>Entregar projetos no prazo, garantindo que os padr\u00f5es de qualidade sejam atendidos<\/li>\r\n \t<li>Desenvolver a documenta\u00e7\u00e3o complementar, incluindo registros de riscos e especifica\u00e7\u00f5es de requisitos<\/li>\r\n \t<li>Monitorar e relatar as m\u00e9tricas do Google Analytics<\/li>\r\n \t<li>Comunicar-se com a equipe e garantir que todos os membros participem das tarefas delegadas<\/li>\r\n \t<li>Destacar riscos ou avarias em potencial e agir proativamente para resolver problemas<\/li>\r\n \t<li>Buscar oportunidades de melhoria e sugerir novos projetos<\/li>\r\n<\/ul>","see_more":"<h2>Mais recursos:<\/h2>\r\n<ul>\r\n \t<li>Procurar e recrutar \u00a0Gerentes de Projetos\u00a0com as <a href=\"https:\/\/resources.workable.com\/find-project-managers-boolean-search-strings\">Refer\u00eancias de Busca Booleana<\/a> do Workable.<\/li>\r\n<\/ul>"},"_links":{"self":[{"href":"https:\/\/resources.workable.com\/pt-br\/wp-json\/wp\/v2\/posts\/66083","targetHints":{"allow":["GET"]}}],"collection":[{"href":"https:\/\/resources.workable.com\/pt-br\/wp-json\/wp\/v2\/posts"}],"about":[{"href":"https:\/\/resources.workable.com\/pt-br\/wp-json\/wp\/v2\/types\/post"}],"author":[{"embeddable":true,"href":"https:\/\/resources.workable.com\/pt-br\/wp-json\/wp\/v2\/users\/41"}],"replies":[{"embeddable":true,"href":"https:\/\/resources.workable.com\/pt-br\/wp-json\/wp\/v2\/comments?post=66083"}],"version-history":[{"count":0,"href":"https:\/\/resources.workable.com\/pt-br\/wp-json\/wp\/v2\/posts\/66083\/revisions"}],"wp:attachment":[{"href":"https:\/\/resources.workable.com\/pt-br\/wp-json\/wp\/v2\/media?parent=66083"}],"wp:term":[{"taxonomy":"category","embeddable":true,"href":"https:\/\/resources.workable.com\/pt-br\/wp-json\/wp\/v2\/categories?post=66083"},{"taxonomy":"post_tag","embeddable":true,"href":"https:\/\/resources.workable.com\/pt-br\/wp-json\/wp\/v2\/tags?post=66083"}],"curies":[{"name":"wp","href":"https:\/\/api.w.org\/{rel}","templated":true}]}}