{"id":65986,"date":"2020-01-08T11:14:54","date_gmt":"2020-01-08T11:14:54","guid":{"rendered":"https:\/\/resources.workable.com\/?p=65986"},"modified":"2020-02-06T13:21:30","modified_gmt":"2020-02-06T13:21:30","slug":"descricao-do-trabalho-coordenador-de-midias-sociais-f-m-d","status":"publish","type":"post","link":"https:\/\/resources.workable.com\/pt-br\/coordenador-de-midias-sociais-descricao-do-trabalho","title":{"rendered":"Descri\u00e7\u00e3o do trabalho: Coordenador de M\u00eddias Sociais&nbsp;(f\/m\/d)"},"content":{"rendered":"<p>Este modelo de descri\u00e7\u00e3o do trabalho de um <strong>Coordenador de M\u00eddias Sociais<\/strong> inclui qualifica\u00e7\u00f5es que voc\u00ea deve buscar nos candidatos que ser\u00e3o respons\u00e1veis por suas contas de m\u00eddia social.<\/p>\n<h2>Responsabilidades do Coordenador de M\u00eddias Sociais incluem:<\/h2>\n<ul>\n<li>Pesquisar as prefer\u00eancias do p\u00fablico-alvo e descobrir as atuais tend\u00eancias<\/li>\n<li>Criar texto, imagem e v\u00eddeo envolventes<\/li>\n<li>Criar postagens para manter a curiosidade dos leitores e gerar &#8220;burburinho&#8221; em rela\u00e7\u00e3o a novos produtos<\/li>\n<\/ul>\n<p><img loading=\"lazy\" decoding=\"async\" class=\"aligncenter size-full wp-image-65999\" src=\"https:\/\/resources.workable.com\/wp-content\/uploads\/2016\/07\/social-media-coordinator-job-description.jpg\" alt=\"descri\u00e7\u00e3o do trabalho de um coordenador de m\u00eddias sociais\" width=\"640\" height=\"230\" srcset=\"https:\/\/resources.workable.com\/wp-content\/uploads\/2016\/07\/social-media-coordinator-job-description.jpg 640w, https:\/\/resources.workable.com\/wp-content\/uploads\/2016\/07\/social-media-coordinator-job-description-200x72.jpg 200w, https:\/\/resources.workable.com\/wp-content\/uploads\/2016\/07\/social-media-coordinator-job-description-560x201.jpg 560w\" sizes=\"auto, (max-width: 640px) 100vw, 640px\" \/><\/p>\n","protected":false},"excerpt":{"rendered":"<p>Este modelo de descri\u00e7\u00e3o do trabalho de um Coordenador de M\u00eddias Sociais inclui qualifica\u00e7\u00f5es que voc\u00ea deve buscar nos candidatos que ser\u00e3o respons\u00e1veis por suas contas de m\u00eddia social. Responsabilidades do Coordenador de M\u00eddias Sociais incluem: Pesquisar as prefer\u00eancias do p\u00fablico-alvo e descobrir as atuais tend\u00eancias Criar texto, imagem e v\u00eddeo envolventes Criar postagens para [&hellip;]<\/p>\n","protected":false},"author":41,"featured_media":0,"comment_status":"closed","ping_status":"closed","sticky":false,"template":"","format":"standard","meta":{"_acf_changed":false,"_lmt_disableupdate":"no","_lmt_disable":"","_has_post_settings":[],"footnotes":""},"categories":[1048,1343],"tags":[],"class_list":["post-65986","post","type-post","status-publish","format-standard","hentry","category-descricoes-de-cargo","category-descricoes-do-trabalho-relacionado-com-marketing"],"acf":[],"yoast_head":"<!-- This site is optimized with the Yoast SEO Premium plugin v27.4 (Yoast SEO v27.4) - https:\/\/yoast.com\/product\/yoast-seo-premium-wordpress\/ -->\n<title>Modelo de descri\u00e7\u00e3o do trabalho de um Coordenador de M\u00eddias Sociais | Workable<\/title>\n<meta name=\"description\" content=\"Este modelo de descri\u00e7\u00e3o do trabalho de um Coordenador de M\u00eddias Sociais inclui qualifica\u00e7\u00f5es que voc\u00ea deve buscar nos candidatos que ser\u00e3o respons\u00e1veis por suas contas de m\u00eddia social.\" \/>\n<meta name=\"robots\" content=\"index, follow, max-snippet:-1, max-image-preview:large, max-video-preview:-1\" \/>\n<link rel=\"canonical\" href=\"https:\/\/resources.workable.com\/pt-br\/coordenador-de-midias-sociais-descricao-do-trabalho\/\" \/>\n<meta property=\"og:locale\" content=\"pt_BR\" \/>\n<meta property=\"og:type\" content=\"article\" \/>\n<meta property=\"og:title\" content=\"Descri\u00e7\u00e3o do trabalho: Coordenador de M\u00eddias Sociais (f\/m\/d)\" \/>\n<meta property=\"og:description\" content=\"Este modelo de descri\u00e7\u00e3o do trabalho de um Coordenador de M\u00eddias Sociais inclui qualifica\u00e7\u00f5es que voc\u00ea deve buscar nos candidatos que ser\u00e3o respons\u00e1veis por suas contas de m\u00eddia social.\" \/>\n<meta property=\"og:url\" content=\"https:\/\/resources.workable.com\/pt-br\/coordenador-de-midias-sociais-descricao-do-trabalho\" \/>\n<meta property=\"og:site_name\" content=\"Recruiting Resources: How to Recruit and Hire Better\" \/>\n<meta property=\"article:publisher\" content=\"https:\/\/business.facebook.com\/workable\/\" \/>\n<meta property=\"article:published_time\" content=\"2020-01-08T11:14:54+00:00\" \/>\n<meta property=\"article:modified_time\" content=\"2020-02-06T13:21:30+00:00\" \/>\n<meta property=\"og:image\" content=\"https:\/\/resources.workable.com\/wp-content\/uploads\/2016\/07\/social-media-coordinator-job-description.jpg\" \/>\n<meta name=\"author\" content=\"Christina Pavlou\" \/>\n<meta name=\"twitter:card\" content=\"summary_large_image\" \/>\n<meta name=\"twitter:creator\" content=\"@workable\" \/>\n<meta name=\"twitter:site\" content=\"@workable\" \/>\n<meta name=\"twitter:label1\" content=\"Escrito por\" \/>\n\t<meta name=\"twitter:data1\" content=\"Christina Pavlou\" \/>\n<script type=\"application\/ld+json\" class=\"yoast-schema-graph\">{\"@context\":\"https:\\\/\\\/schema.org\",\"@graph\":[{\"@type\":\"Article\",\"@id\":\"https:\\\/\\\/resources.workable.com\\\/pt-br\\\/coordenador-de-midias-sociais-descricao-do-trabalho#article\",\"isPartOf\":{\"@id\":\"https:\\\/\\\/resources.workable.com\\\/pt-br\\\/coordenador-de-midias-sociais-descricao-do-trabalho\"},\"author\":{\"name\":\"Christina Pavlou\",\"@id\":\"https:\\\/\\\/resources.workable.com\\\/pt-br\\\/#\\\/schema\\\/person\\\/b23289d8d63331621eee9e69103cd603\"},\"headline\":\"Descri\u00e7\u00e3o do trabalho: Coordenador de M\u00eddias Sociais&nbsp;(f\\\/m\\\/d)\",\"datePublished\":\"2020-01-08T11:14:54+00:00\",\"dateModified\":\"2020-02-06T13:21:30+00:00\",\"mainEntityOfPage\":{\"@id\":\"https:\\\/\\\/resources.workable.com\\\/pt-br\\\/coordenador-de-midias-sociais-descricao-do-trabalho\"},\"wordCount\":92,\"publisher\":{\"@id\":\"https:\\\/\\\/resources.workable.com\\\/pt-br\\\/#organization\"},\"image\":{\"@id\":\"https:\\\/\\\/resources.workable.com\\\/pt-br\\\/coordenador-de-midias-sociais-descricao-do-trabalho#primaryimage\"},\"thumbnailUrl\":\"https:\\\/\\\/resources.workable.com\\\/wp-content\\\/uploads\\\/2016\\\/07\\\/social-media-coordinator-job-description.jpg\",\"articleSection\":[\"Descri\u00e7\u00f5es de cargo\",\"Descri\u00e7\u00f5es do trabalho relacionado com marketing\"],\"inLanguage\":\"pt-BR\"},{\"@type\":\"WebPage\",\"@id\":\"https:\\\/\\\/resources.workable.com\\\/pt-br\\\/coordenador-de-midias-sociais-descricao-do-trabalho\",\"url\":\"https:\\\/\\\/resources.workable.com\\\/pt-br\\\/coordenador-de-midias-sociais-descricao-do-trabalho\",\"name\":\"Modelo de descri\u00e7\u00e3o do trabalho de um Coordenador de M\u00eddias Sociais | Workable\",\"isPartOf\":{\"@id\":\"https:\\\/\\\/resources.workable.com\\\/pt-br\\\/#website\"},\"primaryImageOfPage\":{\"@id\":\"https:\\\/\\\/resources.workable.com\\\/pt-br\\\/coordenador-de-midias-sociais-descricao-do-trabalho#primaryimage\"},\"image\":{\"@id\":\"https:\\\/\\\/resources.workable.com\\\/pt-br\\\/coordenador-de-midias-sociais-descricao-do-trabalho#primaryimage\"},\"thumbnailUrl\":\"https:\\\/\\\/resources.workable.com\\\/wp-content\\\/uploads\\\/2016\\\/07\\\/social-media-coordinator-job-description.jpg\",\"datePublished\":\"2020-01-08T11:14:54+00:00\",\"dateModified\":\"2020-02-06T13:21:30+00:00\",\"description\":\"Este modelo de descri\u00e7\u00e3o do trabalho de um Coordenador de M\u00eddias Sociais inclui qualifica\u00e7\u00f5es que voc\u00ea deve buscar nos candidatos que ser\u00e3o respons\u00e1veis por suas contas de m\u00eddia social.\",\"breadcrumb\":{\"@id\":\"https:\\\/\\\/resources.workable.com\\\/pt-br\\\/coordenador-de-midias-sociais-descricao-do-trabalho#breadcrumb\"},\"inLanguage\":\"pt-BR\",\"potentialAction\":[{\"@type\":\"ReadAction\",\"target\":[\"https:\\\/\\\/resources.workable.com\\\/pt-br\\\/coordenador-de-midias-sociais-descricao-do-trabalho\"]}]},{\"@type\":\"ImageObject\",\"inLanguage\":\"pt-BR\",\"@id\":\"https:\\\/\\\/resources.workable.com\\\/pt-br\\\/coordenador-de-midias-sociais-descricao-do-trabalho#primaryimage\",\"url\":\"https:\\\/\\\/resources.workable.com\\\/wp-content\\\/uploads\\\/2016\\\/07\\\/social-media-coordinator-job-description.jpg\",\"contentUrl\":\"https:\\\/\\\/resources.workable.com\\\/wp-content\\\/uploads\\\/2016\\\/07\\\/social-media-coordinator-job-description.jpg\"},{\"@type\":\"BreadcrumbList\",\"@id\":\"https:\\\/\\\/resources.workable.com\\\/pt-br\\\/coordenador-de-midias-sociais-descricao-do-trabalho#breadcrumb\",\"itemListElement\":[{\"@type\":\"ListItem\",\"position\":1,\"name\":\"Home\",\"item\":\"https:\\\/\\\/resources.workable.com\\\/pt-br\\\/\"},{\"@type\":\"ListItem\",\"position\":2,\"name\":\"Descri\u00e7\u00e3o do trabalho: Coordenador de M\u00eddias Sociais&nbsp;(f\\\/m\\\/d)\"}]},{\"@type\":\"WebSite\",\"@id\":\"https:\\\/\\\/resources.workable.com\\\/pt-br\\\/#website\",\"url\":\"https:\\\/\\\/resources.workable.com\\\/pt-br\\\/\",\"name\":\"Recruiting Resources: How to Recruit and Hire Better\",\"description\":\"\",\"publisher\":{\"@id\":\"https:\\\/\\\/resources.workable.com\\\/pt-br\\\/#organization\"},\"potentialAction\":[{\"@type\":\"SearchAction\",\"target\":{\"@type\":\"EntryPoint\",\"urlTemplate\":\"https:\\\/\\\/resources.workable.com\\\/pt-br\\\/?s={search_term_string}\"},\"query-input\":{\"@type\":\"PropertyValueSpecification\",\"valueRequired\":true,\"valueName\":\"search_term_string\"}}],\"inLanguage\":\"pt-BR\"},{\"@type\":\"Organization\",\"@id\":\"https:\\\/\\\/resources.workable.com\\\/pt-br\\\/#organization\",\"name\":\"Workable\",\"url\":\"https:\\\/\\\/resources.workable.com\\\/pt-br\\\/\",\"logo\":{\"@type\":\"ImageObject\",\"inLanguage\":\"pt-BR\",\"@id\":\"https:\\\/\\\/resources.workable.com\\\/pt-br\\\/#\\\/schema\\\/logo\\\/image\\\/\",\"url\":\"https:\\\/\\\/resources.workable.com\\\/wp-content\\\/uploads\\\/2017\\\/12\\\/logo-green.png\",\"contentUrl\":\"https:\\\/\\\/resources.workable.com\\\/wp-content\\\/uploads\\\/2017\\\/12\\\/logo-green.png\",\"width\":150,\"height\":25,\"caption\":\"Workable\"},\"image\":{\"@id\":\"https:\\\/\\\/resources.workable.com\\\/pt-br\\\/#\\\/schema\\\/logo\\\/image\\\/\"},\"sameAs\":[\"https:\\\/\\\/business.facebook.com\\\/workable\\\/\",\"https:\\\/\\\/x.com\\\/workable\",\"https:\\\/\\\/www.linkedin.com\\\/company\\\/workable-hr\\\/\"]},{\"@type\":\"Person\",\"@id\":\"https:\\\/\\\/resources.workable.com\\\/pt-br\\\/#\\\/schema\\\/person\\\/b23289d8d63331621eee9e69103cd603\",\"name\":\"Christina Pavlou\",\"image\":{\"@type\":\"ImageObject\",\"inLanguage\":\"pt-BR\",\"@id\":\"https:\\\/\\\/secure.gravatar.com\\\/avatar\\\/9ed48272d268bb7071cf243f8d2dcaeaa1f26feca5ecd3fbed59e0378447bc49?s=96&d=mm&r=pg\",\"url\":\"https:\\\/\\\/secure.gravatar.com\\\/avatar\\\/9ed48272d268bb7071cf243f8d2dcaeaa1f26feca5ecd3fbed59e0378447bc49?s=96&d=mm&r=pg\",\"contentUrl\":\"https:\\\/\\\/secure.gravatar.com\\\/avatar\\\/9ed48272d268bb7071cf243f8d2dcaeaa1f26feca5ecd3fbed59e0378447bc49?s=96&d=mm&r=pg\",\"caption\":\"Christina Pavlou\"},\"description\":\"Christina Pavlou was a writer at Workable for nearly four years, and previously a recruiter. She writes about diversity in the workplace and reports on the shape of things to come. You can find her on LinkedIn and Twitter.\",\"url\":\"https:\\\/\\\/resources.workable.com\\\/pt-br\\\/author\\\/christina\\\/\"}]}<\/script>\n<!-- \/ Yoast SEO Premium plugin. -->","yoast_head_json":{"title":"Modelo de descri\u00e7\u00e3o do trabalho de um Coordenador de M\u00eddias Sociais | Workable","description":"Este modelo de descri\u00e7\u00e3o do trabalho de um Coordenador de M\u00eddias Sociais inclui qualifica\u00e7\u00f5es que voc\u00ea deve buscar nos candidatos que ser\u00e3o respons\u00e1veis por suas contas de m\u00eddia social.","robots":{"index":"index","follow":"follow","max-snippet":"max-snippet:-1","max-image-preview":"max-image-preview:large","max-video-preview":"max-video-preview:-1"},"canonical":"https:\/\/resources.workable.com\/pt-br\/coordenador-de-midias-sociais-descricao-do-trabalho\/","og_locale":"pt_BR","og_type":"article","og_title":"Descri\u00e7\u00e3o do trabalho: Coordenador de M\u00eddias Sociais (f\/m\/d)","og_description":"Este modelo de descri\u00e7\u00e3o do trabalho de um Coordenador de M\u00eddias Sociais inclui qualifica\u00e7\u00f5es que voc\u00ea deve buscar nos candidatos que ser\u00e3o respons\u00e1veis por suas contas de m\u00eddia social.","og_url":"https:\/\/resources.workable.com\/pt-br\/coordenador-de-midias-sociais-descricao-do-trabalho","og_site_name":"Recruiting Resources: How to Recruit and Hire Better","article_publisher":"https:\/\/business.facebook.com\/workable\/","article_published_time":"2020-01-08T11:14:54+00:00","article_modified_time":"2020-02-06T13:21:30+00:00","og_image":[{"url":"https:\/\/resources.workable.com\/wp-content\/uploads\/2016\/07\/social-media-coordinator-job-description.jpg","type":"","width":"","height":""}],"author":"Christina Pavlou","twitter_card":"summary_large_image","twitter_creator":"@workable","twitter_site":"@workable","twitter_misc":{"Escrito por":"Christina Pavlou"},"schema":{"@context":"https:\/\/schema.org","@graph":[{"@type":"Article","@id":"https:\/\/resources.workable.com\/pt-br\/coordenador-de-midias-sociais-descricao-do-trabalho#article","isPartOf":{"@id":"https:\/\/resources.workable.com\/pt-br\/coordenador-de-midias-sociais-descricao-do-trabalho"},"author":{"name":"Christina Pavlou","@id":"https:\/\/resources.workable.com\/pt-br\/#\/schema\/person\/b23289d8d63331621eee9e69103cd603"},"headline":"Descri\u00e7\u00e3o do trabalho: Coordenador de M\u00eddias Sociais&nbsp;(f\/m\/d)","datePublished":"2020-01-08T11:14:54+00:00","dateModified":"2020-02-06T13:21:30+00:00","mainEntityOfPage":{"@id":"https:\/\/resources.workable.com\/pt-br\/coordenador-de-midias-sociais-descricao-do-trabalho"},"wordCount":92,"publisher":{"@id":"https:\/\/resources.workable.com\/pt-br\/#organization"},"image":{"@id":"https:\/\/resources.workable.com\/pt-br\/coordenador-de-midias-sociais-descricao-do-trabalho#primaryimage"},"thumbnailUrl":"https:\/\/resources.workable.com\/wp-content\/uploads\/2016\/07\/social-media-coordinator-job-description.jpg","articleSection":["Descri\u00e7\u00f5es de cargo","Descri\u00e7\u00f5es do trabalho relacionado com marketing"],"inLanguage":"pt-BR"},{"@type":"WebPage","@id":"https:\/\/resources.workable.com\/pt-br\/coordenador-de-midias-sociais-descricao-do-trabalho","url":"https:\/\/resources.workable.com\/pt-br\/coordenador-de-midias-sociais-descricao-do-trabalho","name":"Modelo de descri\u00e7\u00e3o do trabalho de um Coordenador de M\u00eddias Sociais | Workable","isPartOf":{"@id":"https:\/\/resources.workable.com\/pt-br\/#website"},"primaryImageOfPage":{"@id":"https:\/\/resources.workable.com\/pt-br\/coordenador-de-midias-sociais-descricao-do-trabalho#primaryimage"},"image":{"@id":"https:\/\/resources.workable.com\/pt-br\/coordenador-de-midias-sociais-descricao-do-trabalho#primaryimage"},"thumbnailUrl":"https:\/\/resources.workable.com\/wp-content\/uploads\/2016\/07\/social-media-coordinator-job-description.jpg","datePublished":"2020-01-08T11:14:54+00:00","dateModified":"2020-02-06T13:21:30+00:00","description":"Este modelo de descri\u00e7\u00e3o do trabalho de um Coordenador de M\u00eddias Sociais inclui qualifica\u00e7\u00f5es que voc\u00ea deve buscar nos candidatos que ser\u00e3o respons\u00e1veis por suas contas de m\u00eddia social.","breadcrumb":{"@id":"https:\/\/resources.workable.com\/pt-br\/coordenador-de-midias-sociais-descricao-do-trabalho#breadcrumb"},"inLanguage":"pt-BR","potentialAction":[{"@type":"ReadAction","target":["https:\/\/resources.workable.com\/pt-br\/coordenador-de-midias-sociais-descricao-do-trabalho"]}]},{"@type":"ImageObject","inLanguage":"pt-BR","@id":"https:\/\/resources.workable.com\/pt-br\/coordenador-de-midias-sociais-descricao-do-trabalho#primaryimage","url":"https:\/\/resources.workable.com\/wp-content\/uploads\/2016\/07\/social-media-coordinator-job-description.jpg","contentUrl":"https:\/\/resources.workable.com\/wp-content\/uploads\/2016\/07\/social-media-coordinator-job-description.jpg"},{"@type":"BreadcrumbList","@id":"https:\/\/resources.workable.com\/pt-br\/coordenador-de-midias-sociais-descricao-do-trabalho#breadcrumb","itemListElement":[{"@type":"ListItem","position":1,"name":"Home","item":"https:\/\/resources.workable.com\/pt-br\/"},{"@type":"ListItem","position":2,"name":"Descri\u00e7\u00e3o do trabalho: Coordenador de M\u00eddias Sociais&nbsp;(f\/m\/d)"}]},{"@type":"WebSite","@id":"https:\/\/resources.workable.com\/pt-br\/#website","url":"https:\/\/resources.workable.com\/pt-br\/","name":"Recruiting Resources: How to Recruit and Hire Better","description":"","publisher":{"@id":"https:\/\/resources.workable.com\/pt-br\/#organization"},"potentialAction":[{"@type":"SearchAction","target":{"@type":"EntryPoint","urlTemplate":"https:\/\/resources.workable.com\/pt-br\/?s={search_term_string}"},"query-input":{"@type":"PropertyValueSpecification","valueRequired":true,"valueName":"search_term_string"}}],"inLanguage":"pt-BR"},{"@type":"Organization","@id":"https:\/\/resources.workable.com\/pt-br\/#organization","name":"Workable","url":"https:\/\/resources.workable.com\/pt-br\/","logo":{"@type":"ImageObject","inLanguage":"pt-BR","@id":"https:\/\/resources.workable.com\/pt-br\/#\/schema\/logo\/image\/","url":"https:\/\/resources.workable.com\/wp-content\/uploads\/2017\/12\/logo-green.png","contentUrl":"https:\/\/resources.workable.com\/wp-content\/uploads\/2017\/12\/logo-green.png","width":150,"height":25,"caption":"Workable"},"image":{"@id":"https:\/\/resources.workable.com\/pt-br\/#\/schema\/logo\/image\/"},"sameAs":["https:\/\/business.facebook.com\/workable\/","https:\/\/x.com\/workable","https:\/\/www.linkedin.com\/company\/workable-hr\/"]},{"@type":"Person","@id":"https:\/\/resources.workable.com\/pt-br\/#\/schema\/person\/b23289d8d63331621eee9e69103cd603","name":"Christina Pavlou","image":{"@type":"ImageObject","inLanguage":"pt-BR","@id":"https:\/\/secure.gravatar.com\/avatar\/9ed48272d268bb7071cf243f8d2dcaeaa1f26feca5ecd3fbed59e0378447bc49?s=96&d=mm&r=pg","url":"https:\/\/secure.gravatar.com\/avatar\/9ed48272d268bb7071cf243f8d2dcaeaa1f26feca5ecd3fbed59e0378447bc49?s=96&d=mm&r=pg","contentUrl":"https:\/\/secure.gravatar.com\/avatar\/9ed48272d268bb7071cf243f8d2dcaeaa1f26feca5ecd3fbed59e0378447bc49?s=96&d=mm&r=pg","caption":"Christina Pavlou"},"description":"Christina Pavlou was a writer at Workable for nearly four years, and previously a recruiter. She writes about diversity in the workplace and reports on the shape of things to come. You can find her on LinkedIn and Twitter.","url":"https:\/\/resources.workable.com\/pt-br\/author\/christina\/"}]}},"modified_by":"Zina Panagopoulou","custom_fields":{"brief":"Estamos procurando um Coordenador de M\u00eddias Sociais talentoso para criar e manter uma forte presen\u00e7a on-line de nossa empresa. O trabalho envolve a implementa\u00e7\u00e3o de estrat\u00e9gias de marketing on-line por meio de contas de m\u00eddia social.\r\n\r\nSe voc\u00ea for um profissional experiente em tecnologia e tiver interesse em se comunicar com clientes por meio de canais on-line, gostar\u00edamos de conhec\u00ea-lo.\r\n<h3>O que faz um Coordenador de M\u00eddias Sociais?<\/h3>\r\nComo coordenador de m\u00eddias sociais, o profissional dever\u00e1 desenvolver conte\u00fado original e sugerir maneiras criativas de atrair mais clientes e promover nossa marca. Basicamente, o candidato selecionado dever\u00e1 ser capaz de aumentar o tr\u00e1fego na internet e as m\u00e9tricas de engajamento do cliente em linha com estrat\u00e9gias de marketing mais amplas.","requirements":"<ul>\r\n \t<li>Experi\u00eancia profissional comprovada como coordenador de m\u00eddias sociais<\/li>\r\n \t<li>Expertise em m\u00faltiplas plataformas de m\u00eddia social<\/li>\r\n \t<li>Conhecimento profundo de SEO, pesquisa de palavra-chave e Google Analytics<\/li>\r\n \t<li>Capacidade de fornecer conte\u00fado criativo (texto, imagem e v\u00eddeo)<\/li>\r\n \t<li>Familiaridade com estrat\u00e9gias de marketing e canais de marketing on-line<\/li>\r\n \t<li>Capacidade de entender tend\u00eancias futuras em tecnologias digitais e agir de modo proativo<\/li>\r\n \t<li>Excelentes habilidades de comunica\u00e7\u00e3o<\/li>\r\n \t<li>Habilidades anal\u00edticas e de multitarefa<\/li>\r\n \t<li>Bacharelado em Marketing, Novas M\u00eddias ou \u00e1rea relacionada<\/li>\r\n<\/ul>","responsibilities":"<ul>\r\n \t<li>Pesquisar as prefer\u00eancias do p\u00fablico-alvo e descobrir as atuais tend\u00eancias<\/li>\r\n \t<li>Criar texto, imagem e v\u00eddeo envolventes<\/li>\r\n \t<li>Criar postagens para manter a curiosidade dos leitores e gerar \"burburinho\" em rela\u00e7\u00e3o a novos produtos<\/li>\r\n \t<li>Avaliar o processo de SEO e as m\u00e9tricas de tr\u00e1fego na internet<\/li>\r\n \t<li>Manter-se atualizado sobre as mudan\u00e7as em todas as plataformas sociais, garantindo a m\u00e1xima efic\u00e1cia<\/li>\r\n \t<li>Treinar colegas de trabalho para o uso de m\u00eddias sociais de maneira coesa e ben\u00e9fica<\/li>\r\n \t<li>Promover conversas on-line com clientes e responder a perguntas<\/li>\r\n \t<li>Relatar coment\u00e1rios e an\u00e1lises on-line de clientes e f\u00e3s<\/li>\r\n \t<li>Desenvolver uma programa\u00e7\u00e3o de postagem ideal, considerando o tr\u00e1fego na internet e as m\u00e9tricas de engajamento do cliente<\/li>\r\n \t<li>Supervisionar o layout das nossas contas de m\u00eddia social<\/li>\r\n \t<li>Sugerir novas maneiras de atrair clientes em potencial, como promo\u00e7\u00f5es e competi\u00e7\u00f5es<\/li>\r\n<\/ul>","see_more":""},"_links":{"self":[{"href":"https:\/\/resources.workable.com\/pt-br\/wp-json\/wp\/v2\/posts\/65986","targetHints":{"allow":["GET"]}}],"collection":[{"href":"https:\/\/resources.workable.com\/pt-br\/wp-json\/wp\/v2\/posts"}],"about":[{"href":"https:\/\/resources.workable.com\/pt-br\/wp-json\/wp\/v2\/types\/post"}],"author":[{"embeddable":true,"href":"https:\/\/resources.workable.com\/pt-br\/wp-json\/wp\/v2\/users\/41"}],"replies":[{"embeddable":true,"href":"https:\/\/resources.workable.com\/pt-br\/wp-json\/wp\/v2\/comments?post=65986"}],"version-history":[{"count":0,"href":"https:\/\/resources.workable.com\/pt-br\/wp-json\/wp\/v2\/posts\/65986\/revisions"}],"wp:attachment":[{"href":"https:\/\/resources.workable.com\/pt-br\/wp-json\/wp\/v2\/media?parent=65986"}],"wp:term":[{"taxonomy":"category","embeddable":true,"href":"https:\/\/resources.workable.com\/pt-br\/wp-json\/wp\/v2\/categories?post=65986"},{"taxonomy":"post_tag","embeddable":true,"href":"https:\/\/resources.workable.com\/pt-br\/wp-json\/wp\/v2\/tags?post=65986"}],"curies":[{"name":"wp","href":"https:\/\/api.w.org\/{rel}","templated":true}]}}