{"id":65926,"date":"2020-01-08T11:14:53","date_gmt":"2020-01-08T11:14:53","guid":{"rendered":"https:\/\/resources.workable.com\/?p=65926"},"modified":"2020-02-06T13:21:14","modified_gmt":"2020-02-06T13:21:14","slug":"descricao-do-trabalho-gerente-de-midias-sociais-f-m-d","status":"publish","type":"post","link":"https:\/\/resources.workable.com\/pt-br\/gerente-de-midias-sociais-descricao-do-trabalho","title":{"rendered":"Descri\u00e7\u00e3o do trabalho: Gerente de M\u00eddias Sociais&nbsp;(f\/m\/d)"},"content":{"rendered":"<p>Este modelo de descri\u00e7\u00e3o do trabalho de um<strong> Gerente de M\u00eddias Sociais<\/strong> foi desenvolvido para ajudar a atrair os candidatos mais qualificados para a sua empresa. Ele pode ser facilmente personalizado para atender aos requisitos de trabalho espec\u00edficos de sua empresa e foi otimizado para postagem em quadros de empregos ou p\u00e1ginas de carreiras on-line.\u00a0Cargos semelhantes incluem Gerente de Marketing de M\u00eddias Sociais,\u00a0Diretor de M\u00eddias Sociais e Gerente de M\u00eddias Digitais.<\/p>\n<h2>Responsabilidades do Gerente de M\u00eddias Sociais incluem:<\/h2>\n<ul>\n<li>Conduzir pesquisas sobre tend\u00eancias atuais de padr\u00e3o de refer\u00eancia e prefer\u00eancias do p\u00fablico<\/li>\n<li>Conceber e implementar uma estrat\u00e9gia de m\u00eddia social para estar de acordo com os objetivos comerciais<\/li>\n<li>Definir objetivos espec\u00edficos e relatar o ROI<\/li>\n<\/ul>\n<p><img loading=\"lazy\" decoding=\"async\" class=\"aligncenter size-full wp-image-65945\" src=\"https:\/\/resources.workable.com\/wp-content\/uploads\/2016\/07\/social-media-manager-job-description.jpg\" alt=\"descri\u00e7\u00e3o do trabalho relacionado com m\u00eddias sociais\" width=\"640\" height=\"230\" srcset=\"https:\/\/resources.workable.com\/wp-content\/uploads\/2016\/07\/social-media-manager-job-description.jpg 640w, https:\/\/resources.workable.com\/wp-content\/uploads\/2016\/07\/social-media-manager-job-description-200x72.jpg 200w, https:\/\/resources.workable.com\/wp-content\/uploads\/2016\/07\/social-media-manager-job-description-560x201.jpg 560w\" sizes=\"auto, (max-width: 640px) 100vw, 640px\" \/><\/p>\n","protected":false},"excerpt":{"rendered":"<p>Este modelo de descri\u00e7\u00e3o do trabalho de um Gerente de M\u00eddias Sociais foi desenvolvido para ajudar a atrair os candidatos mais qualificados para a sua empresa. Ele pode ser facilmente personalizado para atender aos requisitos de trabalho espec\u00edficos de sua empresa e foi otimizado para postagem em quadros de empregos ou p\u00e1ginas de carreiras on-line.\u00a0Cargos [&hellip;]<\/p>\n","protected":false},"author":41,"featured_media":0,"comment_status":"closed","ping_status":"closed","sticky":false,"template":"","format":"standard","meta":{"_acf_changed":false,"_lmt_disableupdate":"no","_lmt_disable":"","_has_post_settings":[],"footnotes":""},"categories":[1048,1343],"tags":[],"class_list":["post-65926","post","type-post","status-publish","format-standard","hentry","category-descricoes-de-cargo","category-descricoes-do-trabalho-relacionado-com-marketing"],"acf":[],"yoast_head":"<!-- This site is optimized with the Yoast SEO Premium plugin v27.4 (Yoast SEO v27.4) - https:\/\/yoast.com\/product\/yoast-seo-premium-wordpress\/ -->\n<title>Modelo de descri\u00e7\u00e3o do trabalho de um Gerente de M\u00eddias Sociais (PDF) | Workable<\/title>\n<meta name=\"description\" content=\"Este modelo de descri\u00e7\u00e3o do trabalho de um Gerente de M\u00eddias Sociais foi elaborado para ajudar a atrair os candidatos mais qualificados para a sua empresa e pode ser facilmente personalizado.\" \/>\n<meta name=\"robots\" content=\"index, follow, max-snippet:-1, max-image-preview:large, max-video-preview:-1\" \/>\n<link rel=\"canonical\" href=\"https:\/\/resources.workable.com\/pt-br\/gerente-de-midias-sociais-descricao-do-trabalho\/\" \/>\n<meta property=\"og:locale\" content=\"pt_BR\" \/>\n<meta property=\"og:type\" content=\"article\" \/>\n<meta property=\"og:title\" content=\"Descri\u00e7\u00e3o do trabalho: Gerente de M\u00eddias Sociais (f\/m\/d)\" \/>\n<meta property=\"og:description\" content=\"Este modelo de descri\u00e7\u00e3o do trabalho de um Gerente de M\u00eddias Sociais foi elaborado para ajudar a atrair os candidatos mais qualificados para a sua empresa e pode ser facilmente personalizado.\" \/>\n<meta property=\"og:url\" content=\"https:\/\/resources.workable.com\/pt-br\/gerente-de-midias-sociais-descricao-do-trabalho\" \/>\n<meta property=\"og:site_name\" content=\"Recruiting Resources: How to Recruit and Hire Better\" \/>\n<meta property=\"article:publisher\" content=\"https:\/\/business.facebook.com\/workable\/\" \/>\n<meta property=\"article:published_time\" content=\"2020-01-08T11:14:53+00:00\" \/>\n<meta property=\"article:modified_time\" content=\"2020-02-06T13:21:14+00:00\" \/>\n<meta property=\"og:image\" content=\"https:\/\/resources.workable.com\/wp-content\/uploads\/2016\/07\/social-media-manager-job-description.jpg\" \/>\n<meta name=\"author\" content=\"Christina Pavlou\" \/>\n<meta name=\"twitter:card\" content=\"summary_large_image\" \/>\n<meta name=\"twitter:creator\" content=\"@workable\" \/>\n<meta name=\"twitter:site\" content=\"@workable\" \/>\n<meta name=\"twitter:label1\" content=\"Escrito por\" \/>\n\t<meta name=\"twitter:data1\" content=\"Christina Pavlou\" \/>\n\t<meta name=\"twitter:label2\" content=\"Est. tempo de leitura\" \/>\n\t<meta name=\"twitter:data2\" content=\"1 minuto\" \/>\n<script type=\"application\/ld+json\" class=\"yoast-schema-graph\">{\"@context\":\"https:\\\/\\\/schema.org\",\"@graph\":[{\"@type\":\"Article\",\"@id\":\"https:\\\/\\\/resources.workable.com\\\/pt-br\\\/gerente-de-midias-sociais-descricao-do-trabalho#article\",\"isPartOf\":{\"@id\":\"https:\\\/\\\/resources.workable.com\\\/pt-br\\\/gerente-de-midias-sociais-descricao-do-trabalho\"},\"author\":{\"name\":\"Christina Pavlou\",\"@id\":\"https:\\\/\\\/resources.workable.com\\\/pt-br\\\/#\\\/schema\\\/person\\\/b23289d8d63331621eee9e69103cd603\"},\"headline\":\"Descri\u00e7\u00e3o do trabalho: Gerente de M\u00eddias Sociais&nbsp;(f\\\/m\\\/d)\",\"datePublished\":\"2020-01-08T11:14:53+00:00\",\"dateModified\":\"2020-02-06T13:21:14+00:00\",\"mainEntityOfPage\":{\"@id\":\"https:\\\/\\\/resources.workable.com\\\/pt-br\\\/gerente-de-midias-sociais-descricao-do-trabalho\"},\"wordCount\":144,\"publisher\":{\"@id\":\"https:\\\/\\\/resources.workable.com\\\/pt-br\\\/#organization\"},\"image\":{\"@id\":\"https:\\\/\\\/resources.workable.com\\\/pt-br\\\/gerente-de-midias-sociais-descricao-do-trabalho#primaryimage\"},\"thumbnailUrl\":\"https:\\\/\\\/resources.workable.com\\\/wp-content\\\/uploads\\\/2016\\\/07\\\/social-media-manager-job-description.jpg\",\"articleSection\":[\"Descri\u00e7\u00f5es de cargo\",\"Descri\u00e7\u00f5es do trabalho relacionado com marketing\"],\"inLanguage\":\"pt-BR\"},{\"@type\":\"WebPage\",\"@id\":\"https:\\\/\\\/resources.workable.com\\\/pt-br\\\/gerente-de-midias-sociais-descricao-do-trabalho\",\"url\":\"https:\\\/\\\/resources.workable.com\\\/pt-br\\\/gerente-de-midias-sociais-descricao-do-trabalho\",\"name\":\"Modelo de descri\u00e7\u00e3o do trabalho de um Gerente de M\u00eddias Sociais (PDF) | Workable\",\"isPartOf\":{\"@id\":\"https:\\\/\\\/resources.workable.com\\\/pt-br\\\/#website\"},\"primaryImageOfPage\":{\"@id\":\"https:\\\/\\\/resources.workable.com\\\/pt-br\\\/gerente-de-midias-sociais-descricao-do-trabalho#primaryimage\"},\"image\":{\"@id\":\"https:\\\/\\\/resources.workable.com\\\/pt-br\\\/gerente-de-midias-sociais-descricao-do-trabalho#primaryimage\"},\"thumbnailUrl\":\"https:\\\/\\\/resources.workable.com\\\/wp-content\\\/uploads\\\/2016\\\/07\\\/social-media-manager-job-description.jpg\",\"datePublished\":\"2020-01-08T11:14:53+00:00\",\"dateModified\":\"2020-02-06T13:21:14+00:00\",\"description\":\"Este modelo de descri\u00e7\u00e3o do trabalho de um Gerente de M\u00eddias Sociais foi elaborado para ajudar a atrair os candidatos mais qualificados para a sua empresa e pode ser facilmente personalizado.\",\"breadcrumb\":{\"@id\":\"https:\\\/\\\/resources.workable.com\\\/pt-br\\\/gerente-de-midias-sociais-descricao-do-trabalho#breadcrumb\"},\"inLanguage\":\"pt-BR\",\"potentialAction\":[{\"@type\":\"ReadAction\",\"target\":[\"https:\\\/\\\/resources.workable.com\\\/pt-br\\\/gerente-de-midias-sociais-descricao-do-trabalho\"]}]},{\"@type\":\"ImageObject\",\"inLanguage\":\"pt-BR\",\"@id\":\"https:\\\/\\\/resources.workable.com\\\/pt-br\\\/gerente-de-midias-sociais-descricao-do-trabalho#primaryimage\",\"url\":\"https:\\\/\\\/resources.workable.com\\\/wp-content\\\/uploads\\\/2016\\\/07\\\/social-media-manager-job-description.jpg\",\"contentUrl\":\"https:\\\/\\\/resources.workable.com\\\/wp-content\\\/uploads\\\/2016\\\/07\\\/social-media-manager-job-description.jpg\"},{\"@type\":\"BreadcrumbList\",\"@id\":\"https:\\\/\\\/resources.workable.com\\\/pt-br\\\/gerente-de-midias-sociais-descricao-do-trabalho#breadcrumb\",\"itemListElement\":[{\"@type\":\"ListItem\",\"position\":1,\"name\":\"Home\",\"item\":\"https:\\\/\\\/resources.workable.com\\\/pt-br\\\/\"},{\"@type\":\"ListItem\",\"position\":2,\"name\":\"Descri\u00e7\u00e3o do trabalho: Gerente de M\u00eddias Sociais&nbsp;(f\\\/m\\\/d)\"}]},{\"@type\":\"WebSite\",\"@id\":\"https:\\\/\\\/resources.workable.com\\\/pt-br\\\/#website\",\"url\":\"https:\\\/\\\/resources.workable.com\\\/pt-br\\\/\",\"name\":\"Recruiting Resources: How to Recruit and Hire Better\",\"description\":\"\",\"publisher\":{\"@id\":\"https:\\\/\\\/resources.workable.com\\\/pt-br\\\/#organization\"},\"potentialAction\":[{\"@type\":\"SearchAction\",\"target\":{\"@type\":\"EntryPoint\",\"urlTemplate\":\"https:\\\/\\\/resources.workable.com\\\/pt-br\\\/?s={search_term_string}\"},\"query-input\":{\"@type\":\"PropertyValueSpecification\",\"valueRequired\":true,\"valueName\":\"search_term_string\"}}],\"inLanguage\":\"pt-BR\"},{\"@type\":\"Organization\",\"@id\":\"https:\\\/\\\/resources.workable.com\\\/pt-br\\\/#organization\",\"name\":\"Workable\",\"url\":\"https:\\\/\\\/resources.workable.com\\\/pt-br\\\/\",\"logo\":{\"@type\":\"ImageObject\",\"inLanguage\":\"pt-BR\",\"@id\":\"https:\\\/\\\/resources.workable.com\\\/pt-br\\\/#\\\/schema\\\/logo\\\/image\\\/\",\"url\":\"https:\\\/\\\/resources.workable.com\\\/wp-content\\\/uploads\\\/2017\\\/12\\\/logo-green.png\",\"contentUrl\":\"https:\\\/\\\/resources.workable.com\\\/wp-content\\\/uploads\\\/2017\\\/12\\\/logo-green.png\",\"width\":150,\"height\":25,\"caption\":\"Workable\"},\"image\":{\"@id\":\"https:\\\/\\\/resources.workable.com\\\/pt-br\\\/#\\\/schema\\\/logo\\\/image\\\/\"},\"sameAs\":[\"https:\\\/\\\/business.facebook.com\\\/workable\\\/\",\"https:\\\/\\\/x.com\\\/workable\",\"https:\\\/\\\/www.linkedin.com\\\/company\\\/workable-hr\\\/\"]},{\"@type\":\"Person\",\"@id\":\"https:\\\/\\\/resources.workable.com\\\/pt-br\\\/#\\\/schema\\\/person\\\/b23289d8d63331621eee9e69103cd603\",\"name\":\"Christina Pavlou\",\"image\":{\"@type\":\"ImageObject\",\"inLanguage\":\"pt-BR\",\"@id\":\"https:\\\/\\\/secure.gravatar.com\\\/avatar\\\/9ed48272d268bb7071cf243f8d2dcaeaa1f26feca5ecd3fbed59e0378447bc49?s=96&d=mm&r=pg\",\"url\":\"https:\\\/\\\/secure.gravatar.com\\\/avatar\\\/9ed48272d268bb7071cf243f8d2dcaeaa1f26feca5ecd3fbed59e0378447bc49?s=96&d=mm&r=pg\",\"contentUrl\":\"https:\\\/\\\/secure.gravatar.com\\\/avatar\\\/9ed48272d268bb7071cf243f8d2dcaeaa1f26feca5ecd3fbed59e0378447bc49?s=96&d=mm&r=pg\",\"caption\":\"Christina Pavlou\"},\"description\":\"Christina Pavlou was a writer at Workable for nearly four years, and previously a recruiter. She writes about diversity in the workplace and reports on the shape of things to come. You can find her on LinkedIn and Twitter.\",\"url\":\"https:\\\/\\\/resources.workable.com\\\/pt-br\\\/author\\\/christina\\\/\"}]}<\/script>\n<!-- \/ Yoast SEO Premium plugin. -->","yoast_head_json":{"title":"Modelo de descri\u00e7\u00e3o do trabalho de um Gerente de M\u00eddias Sociais (PDF) | Workable","description":"Este modelo de descri\u00e7\u00e3o do trabalho de um Gerente de M\u00eddias Sociais foi elaborado para ajudar a atrair os candidatos mais qualificados para a sua empresa e pode ser facilmente personalizado.","robots":{"index":"index","follow":"follow","max-snippet":"max-snippet:-1","max-image-preview":"max-image-preview:large","max-video-preview":"max-video-preview:-1"},"canonical":"https:\/\/resources.workable.com\/pt-br\/gerente-de-midias-sociais-descricao-do-trabalho\/","og_locale":"pt_BR","og_type":"article","og_title":"Descri\u00e7\u00e3o do trabalho: Gerente de M\u00eddias Sociais (f\/m\/d)","og_description":"Este modelo de descri\u00e7\u00e3o do trabalho de um Gerente de M\u00eddias Sociais foi elaborado para ajudar a atrair os candidatos mais qualificados para a sua empresa e pode ser facilmente personalizado.","og_url":"https:\/\/resources.workable.com\/pt-br\/gerente-de-midias-sociais-descricao-do-trabalho","og_site_name":"Recruiting Resources: How to Recruit and Hire Better","article_publisher":"https:\/\/business.facebook.com\/workable\/","article_published_time":"2020-01-08T11:14:53+00:00","article_modified_time":"2020-02-06T13:21:14+00:00","og_image":[{"url":"https:\/\/resources.workable.com\/wp-content\/uploads\/2016\/07\/social-media-manager-job-description.jpg","type":"","width":"","height":""}],"author":"Christina Pavlou","twitter_card":"summary_large_image","twitter_creator":"@workable","twitter_site":"@workable","twitter_misc":{"Escrito por":"Christina Pavlou","Est. tempo de leitura":"1 minuto"},"schema":{"@context":"https:\/\/schema.org","@graph":[{"@type":"Article","@id":"https:\/\/resources.workable.com\/pt-br\/gerente-de-midias-sociais-descricao-do-trabalho#article","isPartOf":{"@id":"https:\/\/resources.workable.com\/pt-br\/gerente-de-midias-sociais-descricao-do-trabalho"},"author":{"name":"Christina Pavlou","@id":"https:\/\/resources.workable.com\/pt-br\/#\/schema\/person\/b23289d8d63331621eee9e69103cd603"},"headline":"Descri\u00e7\u00e3o do trabalho: Gerente de M\u00eddias Sociais&nbsp;(f\/m\/d)","datePublished":"2020-01-08T11:14:53+00:00","dateModified":"2020-02-06T13:21:14+00:00","mainEntityOfPage":{"@id":"https:\/\/resources.workable.com\/pt-br\/gerente-de-midias-sociais-descricao-do-trabalho"},"wordCount":144,"publisher":{"@id":"https:\/\/resources.workable.com\/pt-br\/#organization"},"image":{"@id":"https:\/\/resources.workable.com\/pt-br\/gerente-de-midias-sociais-descricao-do-trabalho#primaryimage"},"thumbnailUrl":"https:\/\/resources.workable.com\/wp-content\/uploads\/2016\/07\/social-media-manager-job-description.jpg","articleSection":["Descri\u00e7\u00f5es de cargo","Descri\u00e7\u00f5es do trabalho relacionado com marketing"],"inLanguage":"pt-BR"},{"@type":"WebPage","@id":"https:\/\/resources.workable.com\/pt-br\/gerente-de-midias-sociais-descricao-do-trabalho","url":"https:\/\/resources.workable.com\/pt-br\/gerente-de-midias-sociais-descricao-do-trabalho","name":"Modelo de descri\u00e7\u00e3o do trabalho de um Gerente de M\u00eddias Sociais (PDF) | Workable","isPartOf":{"@id":"https:\/\/resources.workable.com\/pt-br\/#website"},"primaryImageOfPage":{"@id":"https:\/\/resources.workable.com\/pt-br\/gerente-de-midias-sociais-descricao-do-trabalho#primaryimage"},"image":{"@id":"https:\/\/resources.workable.com\/pt-br\/gerente-de-midias-sociais-descricao-do-trabalho#primaryimage"},"thumbnailUrl":"https:\/\/resources.workable.com\/wp-content\/uploads\/2016\/07\/social-media-manager-job-description.jpg","datePublished":"2020-01-08T11:14:53+00:00","dateModified":"2020-02-06T13:21:14+00:00","description":"Este modelo de descri\u00e7\u00e3o do trabalho de um Gerente de M\u00eddias Sociais foi elaborado para ajudar a atrair os candidatos mais qualificados para a sua empresa e pode ser facilmente personalizado.","breadcrumb":{"@id":"https:\/\/resources.workable.com\/pt-br\/gerente-de-midias-sociais-descricao-do-trabalho#breadcrumb"},"inLanguage":"pt-BR","potentialAction":[{"@type":"ReadAction","target":["https:\/\/resources.workable.com\/pt-br\/gerente-de-midias-sociais-descricao-do-trabalho"]}]},{"@type":"ImageObject","inLanguage":"pt-BR","@id":"https:\/\/resources.workable.com\/pt-br\/gerente-de-midias-sociais-descricao-do-trabalho#primaryimage","url":"https:\/\/resources.workable.com\/wp-content\/uploads\/2016\/07\/social-media-manager-job-description.jpg","contentUrl":"https:\/\/resources.workable.com\/wp-content\/uploads\/2016\/07\/social-media-manager-job-description.jpg"},{"@type":"BreadcrumbList","@id":"https:\/\/resources.workable.com\/pt-br\/gerente-de-midias-sociais-descricao-do-trabalho#breadcrumb","itemListElement":[{"@type":"ListItem","position":1,"name":"Home","item":"https:\/\/resources.workable.com\/pt-br\/"},{"@type":"ListItem","position":2,"name":"Descri\u00e7\u00e3o do trabalho: Gerente de M\u00eddias Sociais&nbsp;(f\/m\/d)"}]},{"@type":"WebSite","@id":"https:\/\/resources.workable.com\/pt-br\/#website","url":"https:\/\/resources.workable.com\/pt-br\/","name":"Recruiting Resources: How to Recruit and Hire Better","description":"","publisher":{"@id":"https:\/\/resources.workable.com\/pt-br\/#organization"},"potentialAction":[{"@type":"SearchAction","target":{"@type":"EntryPoint","urlTemplate":"https:\/\/resources.workable.com\/pt-br\/?s={search_term_string}"},"query-input":{"@type":"PropertyValueSpecification","valueRequired":true,"valueName":"search_term_string"}}],"inLanguage":"pt-BR"},{"@type":"Organization","@id":"https:\/\/resources.workable.com\/pt-br\/#organization","name":"Workable","url":"https:\/\/resources.workable.com\/pt-br\/","logo":{"@type":"ImageObject","inLanguage":"pt-BR","@id":"https:\/\/resources.workable.com\/pt-br\/#\/schema\/logo\/image\/","url":"https:\/\/resources.workable.com\/wp-content\/uploads\/2017\/12\/logo-green.png","contentUrl":"https:\/\/resources.workable.com\/wp-content\/uploads\/2017\/12\/logo-green.png","width":150,"height":25,"caption":"Workable"},"image":{"@id":"https:\/\/resources.workable.com\/pt-br\/#\/schema\/logo\/image\/"},"sameAs":["https:\/\/business.facebook.com\/workable\/","https:\/\/x.com\/workable","https:\/\/www.linkedin.com\/company\/workable-hr\/"]},{"@type":"Person","@id":"https:\/\/resources.workable.com\/pt-br\/#\/schema\/person\/b23289d8d63331621eee9e69103cd603","name":"Christina Pavlou","image":{"@type":"ImageObject","inLanguage":"pt-BR","@id":"https:\/\/secure.gravatar.com\/avatar\/9ed48272d268bb7071cf243f8d2dcaeaa1f26feca5ecd3fbed59e0378447bc49?s=96&d=mm&r=pg","url":"https:\/\/secure.gravatar.com\/avatar\/9ed48272d268bb7071cf243f8d2dcaeaa1f26feca5ecd3fbed59e0378447bc49?s=96&d=mm&r=pg","contentUrl":"https:\/\/secure.gravatar.com\/avatar\/9ed48272d268bb7071cf243f8d2dcaeaa1f26feca5ecd3fbed59e0378447bc49?s=96&d=mm&r=pg","caption":"Christina Pavlou"},"description":"Christina Pavlou was a writer at Workable for nearly four years, and previously a recruiter. She writes about diversity in the workplace and reports on the shape of things to come. You can find her on LinkedIn and Twitter.","url":"https:\/\/resources.workable.com\/pt-br\/author\/christina\/"}]}},"modified_by":"Zina Panagopoulou","custom_fields":{"brief":"Estamos procurando um Gerente de M\u00eddias Sociais talentoso para administrar nossas contas de m\u00eddia social. O profissional ser\u00e1 respons\u00e1vel por criar conte\u00fado original de texto e v\u00eddeo, gerenciar postagens e responder aos seguidores. Tamb\u00e9m administrar\u00e1 a imagem de nossa empresa de maneira coesa para atingir nossos objetivos de marketing.\r\n\r\nComo gerente de m\u00eddias sociais, \u00e9 preciso estar atualizado com as mais recentes tecnologias digitais e tend\u00eancias de m\u00eddia social. Tamb\u00e9m \u00e9 preciso ter excelentes habilidades de comunica\u00e7\u00e3o e ser capaz de expressar as opini\u00f5es de nossa empresa de maneira criativa.\r\n\r\nBasicamente, o candidato selecionado dever\u00e1 ser capaz de lidar com nossa presen\u00e7a nas m\u00eddias sociais, garantindo altos n\u00edveis de tr\u00e1fego na internet e envolvimento do cliente.","requirements":"<h3>Habilidades desej\u00e1veis de um Gerente de M\u00eddias Sociais:<\/h3>\r\n<ul>\r\n \t<li>Experi\u00eancia profissional comprovada como gerente de m\u00eddias sociais<\/li>\r\n \t<li>Experi\u00eancia pr\u00e1tica em gest\u00e3o de conte\u00fado<\/li>\r\n \t<li>Excelentes habilidades de reda\u00e7\u00e3o<\/li>\r\n \t<li>Capacidade de fornecer conte\u00fado criativo (texto, imagem e v\u00eddeo)<\/li>\r\n \t<li>S\u00f3lido conhecimento de SEO, pesquisa de palavras-chave e Google Analytics<\/li>\r\n \t<li>Conhecimento de canais de marketing on-line<\/li>\r\n \t<li>Familiaridade com web design<\/li>\r\n \t<li>Excelentes habilidades de comunica\u00e7\u00e3o<\/li>\r\n \t<li>Habilidades anal\u00edticas e de multitarefa<\/li>\r\n \t<li>Bacharelado em Marketing ou \u00e1rea relacionada<\/li>\r\n<\/ul>\r\n<em><strong>Fa\u00e7a o download deste <a href=\"https:\/\/resources.workable.com\/wp-content\/uploads\/2016\/07\/social-media-manager-job-description-sample.pdf\">modelo de descri\u00e7\u00e3o do trabalho de um Gerente de M\u00eddias Sociais em PDF<\/a>.<\/strong><\/em>","responsibilities":"<ul>\r\n \t<li>Conduzir pesquisas sobre tend\u00eancias atuais de padr\u00e3o de refer\u00eancia e prefer\u00eancias do p\u00fablico<\/li>\r\n \t<li>Conceber e implementar uma estrat\u00e9gia de m\u00eddia social para estar de acordo com os objetivos comerciais<\/li>\r\n \t<li>Definir objetivos espec\u00edficos e relatar o ROI<\/li>\r\n \t<li>Gerar, editar, publicar e compartilhar conte\u00fado envolvente diariamente (por exemplo, texto original, fotos, v\u00eddeos e not\u00edcias)<\/li>\r\n \t<li>Monitorar o processo de SEO e as m\u00e9tricas de tr\u00e1fego na internet<\/li>\r\n \t<li>Colaborar com outras equipes, como marketing, vendas e atendimento ao cliente, para garantir a uniformidade da marca<\/li>\r\n \t<li>Comunicar-se com os seguidores, responder \u00e0s consultas em tempo h\u00e1bil e monitorar as avalia\u00e7\u00f5es dos clientes<\/li>\r\n \t<li>Supervisionar o design das contas de m\u00eddia social (por exemplo, capa da linha do tempo do Facebook, fotos de perfil e layout do blog)<\/li>\r\n \t<li>Sugerir e implementar novos recursos, como promo\u00e7\u00f5es e competi\u00e7\u00f5es, para desenvolver o reconhecimento da marca<\/li>\r\n \t<li>Manter-se atualizado com as tecnologias e tend\u00eancias atuais em m\u00eddias sociais, ferramentas de design e aplicativos<\/li>\r\n<\/ul>","see_more":"<div class=\"general-template__post-text\">\r\n<h2>Mais recursos:<\/h2>\r\n<ul>\r\n \t<li>Avaliar habilidades e qualifica\u00e7\u00f5es relevantes com nossas perguntas de entrevista para <a href=\"https:\/\/resources.workable.com\/social-media-manager-interview-questions\">Gerente de M\u00eddias Sociais<\/a>.<\/li>\r\n \t<li>Procurar e recrutar Gerentes de M\u00eddias Sociais\u00a0com nossas <a href=\"https:\/\/resources.workable.com\/find-social-media-manager-boolean-search-strings\">Refer\u00eancias de Busca Booleana<\/a>.<\/li>\r\n<\/ul>\r\nDescri\u00e7\u00f5es de trabalho semelhantes:\r\n<ul>\r\n \t<li><a href=\"https:\/\/resources.workable.com\/social-media-coordinator-job-description\">Descri\u00e7\u00e3o do trabalho de um Coordenador de M\u00eddias Sociais<\/a><\/li>\r\n \t<li><a href=\"https:\/\/resources.workable.com\/digital-media-specialist-job-description\">Descri\u00e7\u00e3o do trabalho de um Especialista de M\u00eddias Digitais<\/a><\/li>\r\n<\/ul>\r\n<\/div>"},"_links":{"self":[{"href":"https:\/\/resources.workable.com\/pt-br\/wp-json\/wp\/v2\/posts\/65926","targetHints":{"allow":["GET"]}}],"collection":[{"href":"https:\/\/resources.workable.com\/pt-br\/wp-json\/wp\/v2\/posts"}],"about":[{"href":"https:\/\/resources.workable.com\/pt-br\/wp-json\/wp\/v2\/types\/post"}],"author":[{"embeddable":true,"href":"https:\/\/resources.workable.com\/pt-br\/wp-json\/wp\/v2\/users\/41"}],"replies":[{"embeddable":true,"href":"https:\/\/resources.workable.com\/pt-br\/wp-json\/wp\/v2\/comments?post=65926"}],"version-history":[{"count":0,"href":"https:\/\/resources.workable.com\/pt-br\/wp-json\/wp\/v2\/posts\/65926\/revisions"}],"wp:attachment":[{"href":"https:\/\/resources.workable.com\/pt-br\/wp-json\/wp\/v2\/media?parent=65926"}],"wp:term":[{"taxonomy":"category","embeddable":true,"href":"https:\/\/resources.workable.com\/pt-br\/wp-json\/wp\/v2\/categories?post=65926"},{"taxonomy":"post_tag","embeddable":true,"href":"https:\/\/resources.workable.com\/pt-br\/wp-json\/wp\/v2\/tags?post=65926"}],"curies":[{"name":"wp","href":"https:\/\/api.w.org\/{rel}","templated":true}]}}