{"id":65252,"date":"2020-01-08T11:14:41","date_gmt":"2020-01-08T11:14:41","guid":{"rendered":"https:\/\/resources.workable.com\/?p=65252"},"modified":"2020-02-06T13:22:14","modified_gmt":"2020-02-06T13:22:14","slug":"descricao-do-trabalho-gerente-de-instalacoes-f-m-d","status":"publish","type":"post","link":"https:\/\/resources.workable.com\/pt-br\/gerente-de-instalacoes-descricao-do-trabalho","title":{"rendered":"Descri\u00e7\u00e3o do trabalho: Gerente de Instala\u00e7\u00f5es&nbsp;(f\/m\/d)"},"content":{"rendered":"<p>Este modelo de descri\u00e7\u00e3o do trabalho de um<strong> Gerente de Instala\u00e7\u00f5es<\/strong> foi otimizado para postagem em quadros de empregos ou p\u00e1ginas de carreiras on-line e pode ser facilmente personalizado para a sua empresa.<\/p>\n<h2>Responsabilidades do Gerente de Instala\u00e7\u00f5es incluem:<\/h2>\n<ul>\n<li><span style=\"font-weight: 400;\">Planejar e coordenar todas as instala\u00e7\u00f5es e reformas<\/span><\/li>\n<li><span style=\"font-weight: 400;\">Gerenciar a conserva\u00e7\u00e3o de equipamentos e suprimentos para atender\u00a0\u00e0s normas de sa\u00fade e seguran\u00e7a<\/span><\/li>\n<li><span style=\"font-weight: 400;\">Inspecionar as estruturas prediais para determinar a necessidade de reparos ou restaura\u00e7\u00f5es<\/span><\/li>\n<\/ul>\n<p><img loading=\"lazy\" decoding=\"async\" class=\"size-large wp-image-65262 aligncenter\" src=\"https:\/\/resources.workable.com\/wp-content\/uploads\/2015\/11\/facilities-manager1-640x230.jpg\" alt=\"descri\u00e7\u00e3o do trabalho de um gerente de instala\u00e7\u00f5es\" width=\"640\" height=\"230\" srcset=\"https:\/\/resources.workable.com\/wp-content\/uploads\/2015\/11\/facilities-manager1.jpg 640w, https:\/\/resources.workable.com\/wp-content\/uploads\/2015\/11\/facilities-manager1-200x72.jpg 200w, https:\/\/resources.workable.com\/wp-content\/uploads\/2015\/11\/facilities-manager1-560x201.jpg 560w\" sizes=\"auto, (max-width: 640px) 100vw, 640px\" \/><\/p>\n","protected":false},"excerpt":{"rendered":"<p>Este modelo de descri\u00e7\u00e3o do trabalho de um Gerente de Instala\u00e7\u00f5es foi otimizado para postagem em quadros de empregos ou p\u00e1ginas de carreiras on-line e pode ser facilmente personalizado para a sua empresa. Responsabilidades do Gerente de Instala\u00e7\u00f5es incluem: Planejar e coordenar todas as instala\u00e7\u00f5es e reformas Gerenciar a conserva\u00e7\u00e3o de equipamentos e suprimentos para [&hellip;]<\/p>\n","protected":false},"author":28,"featured_media":0,"comment_status":"closed","ping_status":"closed","sticky":false,"template":"","format":"standard","meta":{"_acf_changed":false,"_lmt_disableupdate":"no","_lmt_disable":"","_has_post_settings":[],"footnotes":""},"categories":[1048,1381],"tags":[1380],"class_list":["post-65252","post","type-post","status-publish","format-standard","hentry","category-descricoes-de-cargo","category-descricoes-do-trabalho-relacionado-com-instalacoes","tag-sample-facilities-pt-br"],"acf":[],"yoast_head":"<!-- This site is optimized with the Yoast SEO Premium plugin v27.4 (Yoast SEO v27.4) - https:\/\/yoast.com\/product\/yoast-seo-premium-wordpress\/ -->\n<title>Modelo de descri\u00e7\u00e3o do trabalho de um Gerente de Instala\u00e7\u00f5es | Workable<\/title>\n<meta name=\"description\" content=\"Este modelo de descri\u00e7\u00e3o do trabalho de um Gerente de Instala\u00e7\u00f5es foi otimizado para postagem em quadros de empregos ou p\u00e1ginas de carreiras on-line e pode ser facilmente personalizado para a sua empresa.\" \/>\n<meta name=\"robots\" content=\"index, follow, max-snippet:-1, max-image-preview:large, max-video-preview:-1\" \/>\n<link rel=\"canonical\" href=\"https:\/\/resources.workable.com\/pt-br\/gerente-de-instalacoes-descricao-do-trabalho\/\" \/>\n<meta property=\"og:locale\" content=\"pt_BR\" \/>\n<meta property=\"og:type\" content=\"article\" \/>\n<meta property=\"og:title\" content=\"Descri\u00e7\u00e3o do trabalho: Gerente de Instala\u00e7\u00f5es (f\/m\/d)\" \/>\n<meta property=\"og:description\" content=\"Este modelo de descri\u00e7\u00e3o do trabalho de um Gerente de Instala\u00e7\u00f5es foi otimizado para postagem em quadros de empregos ou p\u00e1ginas de carreiras on-line e pode ser facilmente personalizado para a sua empresa.\" \/>\n<meta property=\"og:url\" content=\"https:\/\/resources.workable.com\/pt-br\/gerente-de-instalacoes-descricao-do-trabalho\" \/>\n<meta property=\"og:site_name\" content=\"Recruiting Resources: How to Recruit and Hire Better\" \/>\n<meta property=\"article:publisher\" content=\"https:\/\/business.facebook.com\/workable\/\" \/>\n<meta property=\"article:published_time\" content=\"2020-01-08T11:14:41+00:00\" \/>\n<meta property=\"article:modified_time\" content=\"2020-02-06T13:22:14+00:00\" \/>\n<meta property=\"og:image\" content=\"https:\/\/resources.workable.com\/wp-content\/uploads\/2015\/11\/facilities-manager1-640x230.jpg\" \/>\n<meta name=\"author\" content=\"Nikoletta Bika\" \/>\n<meta name=\"twitter:card\" content=\"summary_large_image\" \/>\n<meta name=\"twitter:creator\" content=\"@workable\" \/>\n<meta name=\"twitter:site\" content=\"@workable\" \/>\n<meta name=\"twitter:label1\" content=\"Escrito por\" \/>\n\t<meta name=\"twitter:data1\" content=\"Nikoletta Bika\" \/>\n<script type=\"application\/ld+json\" class=\"yoast-schema-graph\">{\"@context\":\"https:\\\/\\\/schema.org\",\"@graph\":[{\"@type\":\"Article\",\"@id\":\"https:\\\/\\\/resources.workable.com\\\/pt-br\\\/gerente-de-instalacoes-descricao-do-trabalho#article\",\"isPartOf\":{\"@id\":\"https:\\\/\\\/resources.workable.com\\\/pt-br\\\/gerente-de-instalacoes-descricao-do-trabalho\"},\"author\":{\"name\":\"Nikoletta Bika\",\"@id\":\"https:\\\/\\\/resources.workable.com\\\/pt-br\\\/#\\\/schema\\\/person\\\/bddaa2e41481e7c9ef2328432ea089e7\"},\"headline\":\"Descri\u00e7\u00e3o do trabalho: Gerente de Instala\u00e7\u00f5es&nbsp;(f\\\/m\\\/d)\",\"datePublished\":\"2020-01-08T11:14:41+00:00\",\"dateModified\":\"2020-02-06T13:22:14+00:00\",\"mainEntityOfPage\":{\"@id\":\"https:\\\/\\\/resources.workable.com\\\/pt-br\\\/gerente-de-instalacoes-descricao-do-trabalho\"},\"wordCount\":94,\"publisher\":{\"@id\":\"https:\\\/\\\/resources.workable.com\\\/pt-br\\\/#organization\"},\"image\":{\"@id\":\"https:\\\/\\\/resources.workable.com\\\/pt-br\\\/gerente-de-instalacoes-descricao-do-trabalho#primaryimage\"},\"thumbnailUrl\":\"https:\\\/\\\/resources.workable.com\\\/wp-content\\\/uploads\\\/2015\\\/11\\\/facilities-manager1-640x230.jpg\",\"keywords\":[\"sample-facilities\"],\"articleSection\":[\"Descri\u00e7\u00f5es de cargo\",\"Descri\u00e7\u00f5es do trabalho relacionado com instala\u00e7\u00f5es\"],\"inLanguage\":\"pt-BR\"},{\"@type\":\"WebPage\",\"@id\":\"https:\\\/\\\/resources.workable.com\\\/pt-br\\\/gerente-de-instalacoes-descricao-do-trabalho\",\"url\":\"https:\\\/\\\/resources.workable.com\\\/pt-br\\\/gerente-de-instalacoes-descricao-do-trabalho\",\"name\":\"Modelo de descri\u00e7\u00e3o do trabalho de um Gerente de Instala\u00e7\u00f5es | Workable\",\"isPartOf\":{\"@id\":\"https:\\\/\\\/resources.workable.com\\\/pt-br\\\/#website\"},\"primaryImageOfPage\":{\"@id\":\"https:\\\/\\\/resources.workable.com\\\/pt-br\\\/gerente-de-instalacoes-descricao-do-trabalho#primaryimage\"},\"image\":{\"@id\":\"https:\\\/\\\/resources.workable.com\\\/pt-br\\\/gerente-de-instalacoes-descricao-do-trabalho#primaryimage\"},\"thumbnailUrl\":\"https:\\\/\\\/resources.workable.com\\\/wp-content\\\/uploads\\\/2015\\\/11\\\/facilities-manager1-640x230.jpg\",\"datePublished\":\"2020-01-08T11:14:41+00:00\",\"dateModified\":\"2020-02-06T13:22:14+00:00\",\"description\":\"Este modelo de descri\u00e7\u00e3o do trabalho de um Gerente de Instala\u00e7\u00f5es foi otimizado para postagem em quadros de empregos ou p\u00e1ginas de carreiras on-line e pode ser facilmente personalizado para a sua empresa.\",\"breadcrumb\":{\"@id\":\"https:\\\/\\\/resources.workable.com\\\/pt-br\\\/gerente-de-instalacoes-descricao-do-trabalho#breadcrumb\"},\"inLanguage\":\"pt-BR\",\"potentialAction\":[{\"@type\":\"ReadAction\",\"target\":[\"https:\\\/\\\/resources.workable.com\\\/pt-br\\\/gerente-de-instalacoes-descricao-do-trabalho\"]}]},{\"@type\":\"ImageObject\",\"inLanguage\":\"pt-BR\",\"@id\":\"https:\\\/\\\/resources.workable.com\\\/pt-br\\\/gerente-de-instalacoes-descricao-do-trabalho#primaryimage\",\"url\":\"https:\\\/\\\/resources.workable.com\\\/wp-content\\\/uploads\\\/2015\\\/11\\\/facilities-manager1-640x230.jpg\",\"contentUrl\":\"https:\\\/\\\/resources.workable.com\\\/wp-content\\\/uploads\\\/2015\\\/11\\\/facilities-manager1-640x230.jpg\"},{\"@type\":\"BreadcrumbList\",\"@id\":\"https:\\\/\\\/resources.workable.com\\\/pt-br\\\/gerente-de-instalacoes-descricao-do-trabalho#breadcrumb\",\"itemListElement\":[{\"@type\":\"ListItem\",\"position\":1,\"name\":\"Home\",\"item\":\"https:\\\/\\\/resources.workable.com\\\/pt-br\\\/\"},{\"@type\":\"ListItem\",\"position\":2,\"name\":\"Descri\u00e7\u00e3o do trabalho: Gerente de Instala\u00e7\u00f5es&nbsp;(f\\\/m\\\/d)\"}]},{\"@type\":\"WebSite\",\"@id\":\"https:\\\/\\\/resources.workable.com\\\/pt-br\\\/#website\",\"url\":\"https:\\\/\\\/resources.workable.com\\\/pt-br\\\/\",\"name\":\"Recruiting Resources: How to Recruit and Hire Better\",\"description\":\"\",\"publisher\":{\"@id\":\"https:\\\/\\\/resources.workable.com\\\/pt-br\\\/#organization\"},\"potentialAction\":[{\"@type\":\"SearchAction\",\"target\":{\"@type\":\"EntryPoint\",\"urlTemplate\":\"https:\\\/\\\/resources.workable.com\\\/pt-br\\\/?s={search_term_string}\"},\"query-input\":{\"@type\":\"PropertyValueSpecification\",\"valueRequired\":true,\"valueName\":\"search_term_string\"}}],\"inLanguage\":\"pt-BR\"},{\"@type\":\"Organization\",\"@id\":\"https:\\\/\\\/resources.workable.com\\\/pt-br\\\/#organization\",\"name\":\"Workable\",\"url\":\"https:\\\/\\\/resources.workable.com\\\/pt-br\\\/\",\"logo\":{\"@type\":\"ImageObject\",\"inLanguage\":\"pt-BR\",\"@id\":\"https:\\\/\\\/resources.workable.com\\\/pt-br\\\/#\\\/schema\\\/logo\\\/image\\\/\",\"url\":\"https:\\\/\\\/resources.workable.com\\\/wp-content\\\/uploads\\\/2017\\\/12\\\/logo-green.png\",\"contentUrl\":\"https:\\\/\\\/resources.workable.com\\\/wp-content\\\/uploads\\\/2017\\\/12\\\/logo-green.png\",\"width\":150,\"height\":25,\"caption\":\"Workable\"},\"image\":{\"@id\":\"https:\\\/\\\/resources.workable.com\\\/pt-br\\\/#\\\/schema\\\/logo\\\/image\\\/\"},\"sameAs\":[\"https:\\\/\\\/business.facebook.com\\\/workable\\\/\",\"https:\\\/\\\/x.com\\\/workable\",\"https:\\\/\\\/www.linkedin.com\\\/company\\\/workable-hr\\\/\"]},{\"@type\":\"Person\",\"@id\":\"https:\\\/\\\/resources.workable.com\\\/pt-br\\\/#\\\/schema\\\/person\\\/bddaa2e41481e7c9ef2328432ea089e7\",\"name\":\"Nikoletta Bika\",\"image\":{\"@type\":\"ImageObject\",\"inLanguage\":\"pt-BR\",\"@id\":\"https:\\\/\\\/secure.gravatar.com\\\/avatar\\\/777bf31309608e9152307199dd8aa97ff19f24849526f1b2b50f11b9ea40fca3?s=96&d=mm&r=pg\",\"url\":\"https:\\\/\\\/secure.gravatar.com\\\/avatar\\\/777bf31309608e9152307199dd8aa97ff19f24849526f1b2b50f11b9ea40fca3?s=96&d=mm&r=pg\",\"contentUrl\":\"https:\\\/\\\/secure.gravatar.com\\\/avatar\\\/777bf31309608e9152307199dd8aa97ff19f24849526f1b2b50f11b9ea40fca3?s=96&d=mm&r=pg\",\"caption\":\"Nikoletta Bika\"},\"description\":\"Nikoletta Bika was a senior writer at Workable for nearly four and a half years. She holds an MSc in HR and has written extensively about all things HR and recruiting, with a particular interest in bias, data, technology, legal compliance, and the future of work. She hates meaningless jargon and dreams about space travel.\",\"sameAs\":[\"http:\\\/\\\/workable.com\"],\"url\":\"https:\\\/\\\/resources.workable.com\\\/pt-br\\\/author\\\/nikoletta-bika\\\/\"}]}<\/script>\n<!-- \/ Yoast SEO Premium plugin. -->","yoast_head_json":{"title":"Modelo de descri\u00e7\u00e3o do trabalho de um Gerente de Instala\u00e7\u00f5es | Workable","description":"Este modelo de descri\u00e7\u00e3o do trabalho de um Gerente de Instala\u00e7\u00f5es foi otimizado para postagem em quadros de empregos ou p\u00e1ginas de carreiras on-line e pode ser facilmente personalizado para a sua empresa.","robots":{"index":"index","follow":"follow","max-snippet":"max-snippet:-1","max-image-preview":"max-image-preview:large","max-video-preview":"max-video-preview:-1"},"canonical":"https:\/\/resources.workable.com\/pt-br\/gerente-de-instalacoes-descricao-do-trabalho\/","og_locale":"pt_BR","og_type":"article","og_title":"Descri\u00e7\u00e3o do trabalho: Gerente de Instala\u00e7\u00f5es (f\/m\/d)","og_description":"Este modelo de descri\u00e7\u00e3o do trabalho de um Gerente de Instala\u00e7\u00f5es foi otimizado para postagem em quadros de empregos ou p\u00e1ginas de carreiras on-line e pode ser facilmente personalizado para a sua empresa.","og_url":"https:\/\/resources.workable.com\/pt-br\/gerente-de-instalacoes-descricao-do-trabalho","og_site_name":"Recruiting Resources: How to Recruit and Hire Better","article_publisher":"https:\/\/business.facebook.com\/workable\/","article_published_time":"2020-01-08T11:14:41+00:00","article_modified_time":"2020-02-06T13:22:14+00:00","og_image":[{"url":"https:\/\/resources.workable.com\/wp-content\/uploads\/2015\/11\/facilities-manager1-640x230.jpg","type":"","width":"","height":""}],"author":"Nikoletta Bika","twitter_card":"summary_large_image","twitter_creator":"@workable","twitter_site":"@workable","twitter_misc":{"Escrito por":"Nikoletta Bika"},"schema":{"@context":"https:\/\/schema.org","@graph":[{"@type":"Article","@id":"https:\/\/resources.workable.com\/pt-br\/gerente-de-instalacoes-descricao-do-trabalho#article","isPartOf":{"@id":"https:\/\/resources.workable.com\/pt-br\/gerente-de-instalacoes-descricao-do-trabalho"},"author":{"name":"Nikoletta Bika","@id":"https:\/\/resources.workable.com\/pt-br\/#\/schema\/person\/bddaa2e41481e7c9ef2328432ea089e7"},"headline":"Descri\u00e7\u00e3o do trabalho: Gerente de Instala\u00e7\u00f5es&nbsp;(f\/m\/d)","datePublished":"2020-01-08T11:14:41+00:00","dateModified":"2020-02-06T13:22:14+00:00","mainEntityOfPage":{"@id":"https:\/\/resources.workable.com\/pt-br\/gerente-de-instalacoes-descricao-do-trabalho"},"wordCount":94,"publisher":{"@id":"https:\/\/resources.workable.com\/pt-br\/#organization"},"image":{"@id":"https:\/\/resources.workable.com\/pt-br\/gerente-de-instalacoes-descricao-do-trabalho#primaryimage"},"thumbnailUrl":"https:\/\/resources.workable.com\/wp-content\/uploads\/2015\/11\/facilities-manager1-640x230.jpg","keywords":["sample-facilities"],"articleSection":["Descri\u00e7\u00f5es de cargo","Descri\u00e7\u00f5es do trabalho relacionado com instala\u00e7\u00f5es"],"inLanguage":"pt-BR"},{"@type":"WebPage","@id":"https:\/\/resources.workable.com\/pt-br\/gerente-de-instalacoes-descricao-do-trabalho","url":"https:\/\/resources.workable.com\/pt-br\/gerente-de-instalacoes-descricao-do-trabalho","name":"Modelo de descri\u00e7\u00e3o do trabalho de um Gerente de Instala\u00e7\u00f5es | Workable","isPartOf":{"@id":"https:\/\/resources.workable.com\/pt-br\/#website"},"primaryImageOfPage":{"@id":"https:\/\/resources.workable.com\/pt-br\/gerente-de-instalacoes-descricao-do-trabalho#primaryimage"},"image":{"@id":"https:\/\/resources.workable.com\/pt-br\/gerente-de-instalacoes-descricao-do-trabalho#primaryimage"},"thumbnailUrl":"https:\/\/resources.workable.com\/wp-content\/uploads\/2015\/11\/facilities-manager1-640x230.jpg","datePublished":"2020-01-08T11:14:41+00:00","dateModified":"2020-02-06T13:22:14+00:00","description":"Este modelo de descri\u00e7\u00e3o do trabalho de um Gerente de Instala\u00e7\u00f5es foi otimizado para postagem em quadros de empregos ou p\u00e1ginas de carreiras on-line e pode ser facilmente personalizado para a sua empresa.","breadcrumb":{"@id":"https:\/\/resources.workable.com\/pt-br\/gerente-de-instalacoes-descricao-do-trabalho#breadcrumb"},"inLanguage":"pt-BR","potentialAction":[{"@type":"ReadAction","target":["https:\/\/resources.workable.com\/pt-br\/gerente-de-instalacoes-descricao-do-trabalho"]}]},{"@type":"ImageObject","inLanguage":"pt-BR","@id":"https:\/\/resources.workable.com\/pt-br\/gerente-de-instalacoes-descricao-do-trabalho#primaryimage","url":"https:\/\/resources.workable.com\/wp-content\/uploads\/2015\/11\/facilities-manager1-640x230.jpg","contentUrl":"https:\/\/resources.workable.com\/wp-content\/uploads\/2015\/11\/facilities-manager1-640x230.jpg"},{"@type":"BreadcrumbList","@id":"https:\/\/resources.workable.com\/pt-br\/gerente-de-instalacoes-descricao-do-trabalho#breadcrumb","itemListElement":[{"@type":"ListItem","position":1,"name":"Home","item":"https:\/\/resources.workable.com\/pt-br\/"},{"@type":"ListItem","position":2,"name":"Descri\u00e7\u00e3o do trabalho: Gerente de Instala\u00e7\u00f5es&nbsp;(f\/m\/d)"}]},{"@type":"WebSite","@id":"https:\/\/resources.workable.com\/pt-br\/#website","url":"https:\/\/resources.workable.com\/pt-br\/","name":"Recruiting Resources: How to Recruit and Hire Better","description":"","publisher":{"@id":"https:\/\/resources.workable.com\/pt-br\/#organization"},"potentialAction":[{"@type":"SearchAction","target":{"@type":"EntryPoint","urlTemplate":"https:\/\/resources.workable.com\/pt-br\/?s={search_term_string}"},"query-input":{"@type":"PropertyValueSpecification","valueRequired":true,"valueName":"search_term_string"}}],"inLanguage":"pt-BR"},{"@type":"Organization","@id":"https:\/\/resources.workable.com\/pt-br\/#organization","name":"Workable","url":"https:\/\/resources.workable.com\/pt-br\/","logo":{"@type":"ImageObject","inLanguage":"pt-BR","@id":"https:\/\/resources.workable.com\/pt-br\/#\/schema\/logo\/image\/","url":"https:\/\/resources.workable.com\/wp-content\/uploads\/2017\/12\/logo-green.png","contentUrl":"https:\/\/resources.workable.com\/wp-content\/uploads\/2017\/12\/logo-green.png","width":150,"height":25,"caption":"Workable"},"image":{"@id":"https:\/\/resources.workable.com\/pt-br\/#\/schema\/logo\/image\/"},"sameAs":["https:\/\/business.facebook.com\/workable\/","https:\/\/x.com\/workable","https:\/\/www.linkedin.com\/company\/workable-hr\/"]},{"@type":"Person","@id":"https:\/\/resources.workable.com\/pt-br\/#\/schema\/person\/bddaa2e41481e7c9ef2328432ea089e7","name":"Nikoletta Bika","image":{"@type":"ImageObject","inLanguage":"pt-BR","@id":"https:\/\/secure.gravatar.com\/avatar\/777bf31309608e9152307199dd8aa97ff19f24849526f1b2b50f11b9ea40fca3?s=96&d=mm&r=pg","url":"https:\/\/secure.gravatar.com\/avatar\/777bf31309608e9152307199dd8aa97ff19f24849526f1b2b50f11b9ea40fca3?s=96&d=mm&r=pg","contentUrl":"https:\/\/secure.gravatar.com\/avatar\/777bf31309608e9152307199dd8aa97ff19f24849526f1b2b50f11b9ea40fca3?s=96&d=mm&r=pg","caption":"Nikoletta Bika"},"description":"Nikoletta Bika was a senior writer at Workable for nearly four and a half years. She holds an MSc in HR and has written extensively about all things HR and recruiting, with a particular interest in bias, data, technology, legal compliance, and the future of work. She hates meaningless jargon and dreams about space travel.","sameAs":["http:\/\/workable.com"],"url":"https:\/\/resources.workable.com\/pt-br\/author\/nikoletta-bika\/"}]}},"modified_by":"Zina Panagopoulou","custom_fields":{"brief":"<span style=\"font-weight: 400;\">Estamos procurando um <strong>Gerente de Instala\u00e7\u00f5es<\/strong> experiente para supervisionar todas as atividades relacionadas \u00e0s estruturas prediais. O profissional ser\u00e1 respons\u00e1vel por conservar as boas condi\u00e7\u00f5es de infraestrutura e garantir que as instala\u00e7\u00f5es estejam seguras e funcionando bem.<\/span> <span style=\"font-weight: 400;\">O candidato ideal precisa ser bem organizado e\u00a0capaz de otimizar o uso do espa\u00e7o e dos equipamentos, reduzindo, assim, os custos operacionais. Habilidades de lideran\u00e7a e extraordin\u00e1ria efici\u00eancia podem ser um diferencial em rela\u00e7\u00e3o ao grupo de candidatos.<\/span> <span style=\"font-weight: 400;\">O objetivo \u00e9 garantir que as instala\u00e7\u00f5es de nossa empresa ofere\u00e7am seguran\u00e7a e um ambiente tranquilo para que os funcion\u00e1rios possam trabalhar nas melhores condi\u00e7\u00f5es.\u00a0<\/span>","requirements":"<ul>\r\n \t<li><span style=\"font-weight: 400;\">Experi\u00eancia comprovada como gerente de instala\u00e7\u00f5es ou cargo similar<\/span><\/li>\r\n \t<li>Bom conhecimento das melhores pr\u00e1ticas de opera\u00e7\u00f5es t\u00e9cnicas\/de engenharia e gest\u00e3o de instala\u00e7\u00f5es<\/li>\r\n \t<li>Dom\u00ednio dos princ\u00edpios b\u00e1sicos de contabilidade e finan\u00e7as<\/li>\r\n \t<li><span style=\"font-weight: 400;\">Excelentes habilidades de comunica\u00e7\u00e3o verbal e escrita<\/span><\/li>\r\n \t<li><span style=\"font-weight: 400;\">Excelentes habilidades organizacionais e de lideran\u00e7a<\/span><\/li>\r\n \t<li><span style=\"font-weight: 400;\">Bom racioc\u00ednio anal\u00edtico\/cr\u00edtico<\/span><\/li>\r\n \t<li><span style=\"font-weight: 400;\">Bacharelado em Gest\u00e3o de Instala\u00e7\u00f5es, Engenharia, Administra\u00e7\u00e3o de Empresas ou \u00e1rea relacionada<\/span><\/li>\r\n \t<li><span style=\"font-weight: 400;\">Qualifica\u00e7\u00e3o profissional relevante (por exemplo, CFM) ser\u00e1 um diferencial<\/span><\/li>\r\n<\/ul>","responsibilities":"<ul>\r\n \t<li><span style=\"font-weight: 400;\">Planejar e coordenar todas as instala\u00e7\u00f5es (telecomunica\u00e7\u00f5es, aquecimento, eletricidade etc.) e reformas<\/span><\/li>\r\n \t<li><span style=\"font-weight: 400;\">Gerenciar a conserva\u00e7\u00e3o de equipamentos e suprimentos para atender\u00a0\u00e0s normas de sa\u00fade e seguran\u00e7a<\/span><\/li>\r\n \t<li><span style=\"font-weight: 400;\">Inspecionar\u00a0as estruturas prediais para determinar a necessidade de reparos ou restaura\u00e7\u00f5es<\/span><\/li>\r\n \t<li><span style=\"font-weight: 400;\">Analisar o consumo de servi\u00e7os p\u00fablicos e\u00a0procurar reduzir os custos<\/span><\/li>\r\n \t<li><span style=\"font-weight: 400;\">Supervisionar todos os funcion\u00e1rios das instala\u00e7\u00f5es (vigilantes, t\u00e9cnicos, encarregados da manuten\u00e7\u00e3o etc.) e\u00a0empreiteiros externos<\/span><\/li>\r\n \t<li><span style=\"font-weight: 400;\">Controlar atividades como aloca\u00e7\u00e3o de vagas de estacionamento, descarte de res\u00edduos, seguran\u00e7a\u00a0predial etc.<\/span><\/li>\r\n \t<li><span style=\"font-weight: 400;\">Alocar espa\u00e7os de escrit\u00f3rio de acordo com as necessidades<\/span><\/li>\r\n \t<li><span style=\"font-weight: 400;\">Lidar com planos de seguro e contratos de servi\u00e7o<\/span><\/li>\r\n \t<li><span style=\"font-weight: 400;\">Manter registros financeiros e n\u00e3o financeiros<\/span><\/li>\r\n \t<li><span style=\"font-weight: 400;\">Realizar an\u00e1lises e previs\u00f5es<\/span><\/li>\r\n<\/ul>","see_more":""},"_links":{"self":[{"href":"https:\/\/resources.workable.com\/pt-br\/wp-json\/wp\/v2\/posts\/65252","targetHints":{"allow":["GET"]}}],"collection":[{"href":"https:\/\/resources.workable.com\/pt-br\/wp-json\/wp\/v2\/posts"}],"about":[{"href":"https:\/\/resources.workable.com\/pt-br\/wp-json\/wp\/v2\/types\/post"}],"author":[{"embeddable":true,"href":"https:\/\/resources.workable.com\/pt-br\/wp-json\/wp\/v2\/users\/28"}],"replies":[{"embeddable":true,"href":"https:\/\/resources.workable.com\/pt-br\/wp-json\/wp\/v2\/comments?post=65252"}],"version-history":[{"count":0,"href":"https:\/\/resources.workable.com\/pt-br\/wp-json\/wp\/v2\/posts\/65252\/revisions"}],"wp:attachment":[{"href":"https:\/\/resources.workable.com\/pt-br\/wp-json\/wp\/v2\/media?parent=65252"}],"wp:term":[{"taxonomy":"category","embeddable":true,"href":"https:\/\/resources.workable.com\/pt-br\/wp-json\/wp\/v2\/categories?post=65252"},{"taxonomy":"post_tag","embeddable":true,"href":"https:\/\/resources.workable.com\/pt-br\/wp-json\/wp\/v2\/tags?post=65252"}],"curies":[{"name":"wp","href":"https:\/\/api.w.org\/{rel}","templated":true}]}}