{"id":64803,"date":"2020-01-08T11:14:31","date_gmt":"2020-01-08T11:14:31","guid":{"rendered":"https:\/\/resources.workable.com\/?p=64803"},"modified":"2020-02-06T13:23:28","modified_gmt":"2020-02-06T13:23:28","slug":"descricao-do-trabalho-coordenador-de-logistica-f-m-d","status":"publish","type":"post","link":"https:\/\/resources.workable.com\/pt-br\/coordenador-de-logistica-descricao-do-trabalho","title":{"rendered":"Descri\u00e7\u00e3o do trabalho: Coordenador de Log\u00edstica&nbsp;(f\/m\/d)"},"content":{"rendered":"<p>Este modelo de descri\u00e7\u00e3o do trabalho de um<strong> Coordenador de Log\u00edstica<\/strong> foi otimizado para postagem em quadros de empregos ou p\u00e1ginas de carreiras on-line. Ele pode ser facilmente personalizado com as principais responsabilidades pretendidas ao se contratar um profissional para uma fun\u00e7\u00e3o de log\u00edstica ou da cadeia de suprimentos em sua empresa. Cargos similares incluem Administrador de Log\u00edstica, <a href=\"https:\/\/resources.workable.com\/logistics-manager-job-description\">Gerente<\/a> e Assistente.<\/p>\n<h2>Responsabilidades do Coordenador de Log\u00edstica incluem:<\/h2>\n<ul>\n<li><span style=\"font-weight: 400;\">Coordenar e monitorar opera\u00e7\u00f5es da cadeia de suprimentos<\/span><\/li>\n<li><span style=\"font-weight: 400;\">Garantir o uso efetivo de instala\u00e7\u00f5es, ativos e meios de comunica\u00e7\u00e3o<\/span><\/li>\n<li>Utilizar a IT de log\u00edstica para otimizar procedimentos de expedi\u00e7\u00e3o e transporte<\/li>\n<\/ul>\n<p><img loading=\"lazy\" decoding=\"async\" class=\"size-large wp-image-64813 aligncenter\" src=\"https:\/\/resources.workable.com\/wp-content\/uploads\/2016\/02\/logistics-coordinator-640x230.jpg\" alt=\"descri\u00e7\u00e3o do trabalho de um coordenador de log\u00edstica\" width=\"640\" height=\"230\" srcset=\"https:\/\/resources.workable.com\/wp-content\/uploads\/2016\/02\/logistics-coordinator.jpg 640w, https:\/\/resources.workable.com\/wp-content\/uploads\/2016\/02\/logistics-coordinator-200x72.jpg 200w, https:\/\/resources.workable.com\/wp-content\/uploads\/2016\/02\/logistics-coordinator-560x201.jpg 560w\" sizes=\"auto, (max-width: 640px) 100vw, 640px\" \/><\/p>\n","protected":false},"excerpt":{"rendered":"<p>Este modelo de descri\u00e7\u00e3o do trabalho de um Coordenador de Log\u00edstica foi otimizado para postagem em quadros de empregos ou p\u00e1ginas de carreiras on-line. Ele pode ser facilmente personalizado com as principais responsabilidades pretendidas ao se contratar um profissional para uma fun\u00e7\u00e3o de log\u00edstica ou da cadeia de suprimentos em sua empresa. Cargos similares incluem [&hellip;]<\/p>\n","protected":false},"author":28,"featured_media":0,"comment_status":"closed","ping_status":"closed","sticky":false,"template":"","format":"standard","meta":{"_acf_changed":false,"_lmt_disableupdate":"no","_lmt_disable":"","_has_post_settings":[],"footnotes":""},"categories":[1048,1377],"tags":[1376],"class_list":["post-64803","post","type-post","status-publish","format-standard","hentry","category-descricoes-de-cargo","category-descricoes-do-trabalho-relacionado-com-logistica","tag-sample-logistics-pt-br"],"acf":[],"yoast_head":"<!-- This site is optimized with the Yoast SEO Premium plugin v27.4 (Yoast SEO v27.4) - https:\/\/yoast.com\/product\/yoast-seo-premium-wordpress\/ -->\n<title>Modelo de descri\u00e7\u00e3o do trabalho de um Coordenador de Log\u00edstica | Workable<\/title>\n<meta name=\"description\" content=\"Este modelo de descri\u00e7\u00e3o do trabalho de um Coordenador de Log\u00edstica foi otimizado para publica\u00e7\u00e3o e pode ser facilmente personalizado para as necessidades de log\u00edstica e transporte de sua empresa.\" \/>\n<meta name=\"robots\" content=\"index, follow, max-snippet:-1, max-image-preview:large, max-video-preview:-1\" \/>\n<link rel=\"canonical\" href=\"https:\/\/resources.workable.com\/pt-br\/coordenador-de-logistica-descricao-do-trabalho\/\" \/>\n<meta property=\"og:locale\" content=\"pt_BR\" \/>\n<meta property=\"og:type\" content=\"article\" \/>\n<meta property=\"og:title\" content=\"Descri\u00e7\u00e3o do trabalho: Coordenador de Log\u00edstica (f\/m\/d)\" \/>\n<meta property=\"og:description\" content=\"Este modelo de descri\u00e7\u00e3o do trabalho de um Coordenador de Log\u00edstica foi otimizado para publica\u00e7\u00e3o e pode ser facilmente personalizado para as necessidades de log\u00edstica e transporte de sua empresa.\" \/>\n<meta property=\"og:url\" content=\"https:\/\/resources.workable.com\/pt-br\/coordenador-de-logistica-descricao-do-trabalho\" \/>\n<meta property=\"og:site_name\" content=\"Recruiting Resources: How to Recruit and Hire Better\" \/>\n<meta property=\"article:publisher\" content=\"https:\/\/business.facebook.com\/workable\/\" \/>\n<meta property=\"article:published_time\" content=\"2020-01-08T11:14:31+00:00\" \/>\n<meta property=\"article:modified_time\" content=\"2020-02-06T13:23:28+00:00\" \/>\n<meta property=\"og:image\" content=\"https:\/\/resources.workable.com\/wp-content\/uploads\/2016\/02\/logistics-coordinator-640x230.jpg\" \/>\n<meta name=\"author\" content=\"Nikoletta Bika\" \/>\n<meta name=\"twitter:card\" content=\"summary_large_image\" \/>\n<meta name=\"twitter:creator\" content=\"@workable\" \/>\n<meta name=\"twitter:site\" content=\"@workable\" \/>\n<meta name=\"twitter:label1\" content=\"Escrito por\" \/>\n\t<meta name=\"twitter:data1\" content=\"Nikoletta Bika\" \/>\n\t<meta name=\"twitter:label2\" content=\"Est. tempo de leitura\" \/>\n\t<meta name=\"twitter:data2\" content=\"1 minuto\" \/>\n<script type=\"application\/ld+json\" class=\"yoast-schema-graph\">{\"@context\":\"https:\\\/\\\/schema.org\",\"@graph\":[{\"@type\":\"Article\",\"@id\":\"https:\\\/\\\/resources.workable.com\\\/pt-br\\\/coordenador-de-logistica-descricao-do-trabalho#article\",\"isPartOf\":{\"@id\":\"https:\\\/\\\/resources.workable.com\\\/pt-br\\\/coordenador-de-logistica-descricao-do-trabalho\"},\"author\":{\"name\":\"Nikoletta Bika\",\"@id\":\"https:\\\/\\\/resources.workable.com\\\/pt-br\\\/#\\\/schema\\\/person\\\/bddaa2e41481e7c9ef2328432ea089e7\"},\"headline\":\"Descri\u00e7\u00e3o do trabalho: Coordenador de Log\u00edstica&nbsp;(f\\\/m\\\/d)\",\"datePublished\":\"2020-01-08T11:14:31+00:00\",\"dateModified\":\"2020-02-06T13:23:28+00:00\",\"mainEntityOfPage\":{\"@id\":\"https:\\\/\\\/resources.workable.com\\\/pt-br\\\/coordenador-de-logistica-descricao-do-trabalho\"},\"wordCount\":121,\"publisher\":{\"@id\":\"https:\\\/\\\/resources.workable.com\\\/pt-br\\\/#organization\"},\"image\":{\"@id\":\"https:\\\/\\\/resources.workable.com\\\/pt-br\\\/coordenador-de-logistica-descricao-do-trabalho#primaryimage\"},\"thumbnailUrl\":\"https:\\\/\\\/resources.workable.com\\\/wp-content\\\/uploads\\\/2016\\\/02\\\/logistics-coordinator-640x230.jpg\",\"keywords\":[\"sample-logistics\"],\"articleSection\":[\"Descri\u00e7\u00f5es de cargo\",\"Descri\u00e7\u00f5es do trabalho relacionado com log\u00edstica\"],\"inLanguage\":\"pt-BR\"},{\"@type\":\"WebPage\",\"@id\":\"https:\\\/\\\/resources.workable.com\\\/pt-br\\\/coordenador-de-logistica-descricao-do-trabalho\",\"url\":\"https:\\\/\\\/resources.workable.com\\\/pt-br\\\/coordenador-de-logistica-descricao-do-trabalho\",\"name\":\"Modelo de descri\u00e7\u00e3o do trabalho de um Coordenador de Log\u00edstica | Workable\",\"isPartOf\":{\"@id\":\"https:\\\/\\\/resources.workable.com\\\/pt-br\\\/#website\"},\"primaryImageOfPage\":{\"@id\":\"https:\\\/\\\/resources.workable.com\\\/pt-br\\\/coordenador-de-logistica-descricao-do-trabalho#primaryimage\"},\"image\":{\"@id\":\"https:\\\/\\\/resources.workable.com\\\/pt-br\\\/coordenador-de-logistica-descricao-do-trabalho#primaryimage\"},\"thumbnailUrl\":\"https:\\\/\\\/resources.workable.com\\\/wp-content\\\/uploads\\\/2016\\\/02\\\/logistics-coordinator-640x230.jpg\",\"datePublished\":\"2020-01-08T11:14:31+00:00\",\"dateModified\":\"2020-02-06T13:23:28+00:00\",\"description\":\"Este modelo de descri\u00e7\u00e3o do trabalho de um Coordenador de Log\u00edstica foi otimizado para publica\u00e7\u00e3o e pode ser facilmente personalizado para as necessidades de log\u00edstica e transporte de sua empresa.\",\"breadcrumb\":{\"@id\":\"https:\\\/\\\/resources.workable.com\\\/pt-br\\\/coordenador-de-logistica-descricao-do-trabalho#breadcrumb\"},\"inLanguage\":\"pt-BR\",\"potentialAction\":[{\"@type\":\"ReadAction\",\"target\":[\"https:\\\/\\\/resources.workable.com\\\/pt-br\\\/coordenador-de-logistica-descricao-do-trabalho\"]}]},{\"@type\":\"ImageObject\",\"inLanguage\":\"pt-BR\",\"@id\":\"https:\\\/\\\/resources.workable.com\\\/pt-br\\\/coordenador-de-logistica-descricao-do-trabalho#primaryimage\",\"url\":\"https:\\\/\\\/resources.workable.com\\\/wp-content\\\/uploads\\\/2016\\\/02\\\/logistics-coordinator-640x230.jpg\",\"contentUrl\":\"https:\\\/\\\/resources.workable.com\\\/wp-content\\\/uploads\\\/2016\\\/02\\\/logistics-coordinator-640x230.jpg\"},{\"@type\":\"BreadcrumbList\",\"@id\":\"https:\\\/\\\/resources.workable.com\\\/pt-br\\\/coordenador-de-logistica-descricao-do-trabalho#breadcrumb\",\"itemListElement\":[{\"@type\":\"ListItem\",\"position\":1,\"name\":\"Home\",\"item\":\"https:\\\/\\\/resources.workable.com\\\/pt-br\\\/\"},{\"@type\":\"ListItem\",\"position\":2,\"name\":\"Descri\u00e7\u00e3o do trabalho: Coordenador de Log\u00edstica&nbsp;(f\\\/m\\\/d)\"}]},{\"@type\":\"WebSite\",\"@id\":\"https:\\\/\\\/resources.workable.com\\\/pt-br\\\/#website\",\"url\":\"https:\\\/\\\/resources.workable.com\\\/pt-br\\\/\",\"name\":\"Recruiting Resources: How to Recruit and Hire Better\",\"description\":\"\",\"publisher\":{\"@id\":\"https:\\\/\\\/resources.workable.com\\\/pt-br\\\/#organization\"},\"potentialAction\":[{\"@type\":\"SearchAction\",\"target\":{\"@type\":\"EntryPoint\",\"urlTemplate\":\"https:\\\/\\\/resources.workable.com\\\/pt-br\\\/?s={search_term_string}\"},\"query-input\":{\"@type\":\"PropertyValueSpecification\",\"valueRequired\":true,\"valueName\":\"search_term_string\"}}],\"inLanguage\":\"pt-BR\"},{\"@type\":\"Organization\",\"@id\":\"https:\\\/\\\/resources.workable.com\\\/pt-br\\\/#organization\",\"name\":\"Workable\",\"url\":\"https:\\\/\\\/resources.workable.com\\\/pt-br\\\/\",\"logo\":{\"@type\":\"ImageObject\",\"inLanguage\":\"pt-BR\",\"@id\":\"https:\\\/\\\/resources.workable.com\\\/pt-br\\\/#\\\/schema\\\/logo\\\/image\\\/\",\"url\":\"https:\\\/\\\/resources.workable.com\\\/wp-content\\\/uploads\\\/2017\\\/12\\\/logo-green.png\",\"contentUrl\":\"https:\\\/\\\/resources.workable.com\\\/wp-content\\\/uploads\\\/2017\\\/12\\\/logo-green.png\",\"width\":150,\"height\":25,\"caption\":\"Workable\"},\"image\":{\"@id\":\"https:\\\/\\\/resources.workable.com\\\/pt-br\\\/#\\\/schema\\\/logo\\\/image\\\/\"},\"sameAs\":[\"https:\\\/\\\/business.facebook.com\\\/workable\\\/\",\"https:\\\/\\\/x.com\\\/workable\",\"https:\\\/\\\/www.linkedin.com\\\/company\\\/workable-hr\\\/\"]},{\"@type\":\"Person\",\"@id\":\"https:\\\/\\\/resources.workable.com\\\/pt-br\\\/#\\\/schema\\\/person\\\/bddaa2e41481e7c9ef2328432ea089e7\",\"name\":\"Nikoletta Bika\",\"image\":{\"@type\":\"ImageObject\",\"inLanguage\":\"pt-BR\",\"@id\":\"https:\\\/\\\/secure.gravatar.com\\\/avatar\\\/777bf31309608e9152307199dd8aa97ff19f24849526f1b2b50f11b9ea40fca3?s=96&d=mm&r=pg\",\"url\":\"https:\\\/\\\/secure.gravatar.com\\\/avatar\\\/777bf31309608e9152307199dd8aa97ff19f24849526f1b2b50f11b9ea40fca3?s=96&d=mm&r=pg\",\"contentUrl\":\"https:\\\/\\\/secure.gravatar.com\\\/avatar\\\/777bf31309608e9152307199dd8aa97ff19f24849526f1b2b50f11b9ea40fca3?s=96&d=mm&r=pg\",\"caption\":\"Nikoletta Bika\"},\"description\":\"Nikoletta Bika was a senior writer at Workable for nearly four and a half years. She holds an MSc in HR and has written extensively about all things HR and recruiting, with a particular interest in bias, data, technology, legal compliance, and the future of work. She hates meaningless jargon and dreams about space travel.\",\"sameAs\":[\"http:\\\/\\\/workable.com\"],\"url\":\"https:\\\/\\\/resources.workable.com\\\/pt-br\\\/author\\\/nikoletta-bika\\\/\"}]}<\/script>\n<!-- \/ Yoast SEO Premium plugin. -->","yoast_head_json":{"title":"Modelo de descri\u00e7\u00e3o do trabalho de um Coordenador de Log\u00edstica | Workable","description":"Este modelo de descri\u00e7\u00e3o do trabalho de um Coordenador de Log\u00edstica foi otimizado para publica\u00e7\u00e3o e pode ser facilmente personalizado para as necessidades de log\u00edstica e transporte de sua empresa.","robots":{"index":"index","follow":"follow","max-snippet":"max-snippet:-1","max-image-preview":"max-image-preview:large","max-video-preview":"max-video-preview:-1"},"canonical":"https:\/\/resources.workable.com\/pt-br\/coordenador-de-logistica-descricao-do-trabalho\/","og_locale":"pt_BR","og_type":"article","og_title":"Descri\u00e7\u00e3o do trabalho: Coordenador de Log\u00edstica (f\/m\/d)","og_description":"Este modelo de descri\u00e7\u00e3o do trabalho de um Coordenador de Log\u00edstica foi otimizado para publica\u00e7\u00e3o e pode ser facilmente personalizado para as necessidades de log\u00edstica e transporte de sua empresa.","og_url":"https:\/\/resources.workable.com\/pt-br\/coordenador-de-logistica-descricao-do-trabalho","og_site_name":"Recruiting Resources: How to Recruit and Hire Better","article_publisher":"https:\/\/business.facebook.com\/workable\/","article_published_time":"2020-01-08T11:14:31+00:00","article_modified_time":"2020-02-06T13:23:28+00:00","og_image":[{"url":"https:\/\/resources.workable.com\/wp-content\/uploads\/2016\/02\/logistics-coordinator-640x230.jpg","type":"","width":"","height":""}],"author":"Nikoletta Bika","twitter_card":"summary_large_image","twitter_creator":"@workable","twitter_site":"@workable","twitter_misc":{"Escrito por":"Nikoletta Bika","Est. tempo de leitura":"1 minuto"},"schema":{"@context":"https:\/\/schema.org","@graph":[{"@type":"Article","@id":"https:\/\/resources.workable.com\/pt-br\/coordenador-de-logistica-descricao-do-trabalho#article","isPartOf":{"@id":"https:\/\/resources.workable.com\/pt-br\/coordenador-de-logistica-descricao-do-trabalho"},"author":{"name":"Nikoletta Bika","@id":"https:\/\/resources.workable.com\/pt-br\/#\/schema\/person\/bddaa2e41481e7c9ef2328432ea089e7"},"headline":"Descri\u00e7\u00e3o do trabalho: Coordenador de Log\u00edstica&nbsp;(f\/m\/d)","datePublished":"2020-01-08T11:14:31+00:00","dateModified":"2020-02-06T13:23:28+00:00","mainEntityOfPage":{"@id":"https:\/\/resources.workable.com\/pt-br\/coordenador-de-logistica-descricao-do-trabalho"},"wordCount":121,"publisher":{"@id":"https:\/\/resources.workable.com\/pt-br\/#organization"},"image":{"@id":"https:\/\/resources.workable.com\/pt-br\/coordenador-de-logistica-descricao-do-trabalho#primaryimage"},"thumbnailUrl":"https:\/\/resources.workable.com\/wp-content\/uploads\/2016\/02\/logistics-coordinator-640x230.jpg","keywords":["sample-logistics"],"articleSection":["Descri\u00e7\u00f5es de cargo","Descri\u00e7\u00f5es do trabalho relacionado com log\u00edstica"],"inLanguage":"pt-BR"},{"@type":"WebPage","@id":"https:\/\/resources.workable.com\/pt-br\/coordenador-de-logistica-descricao-do-trabalho","url":"https:\/\/resources.workable.com\/pt-br\/coordenador-de-logistica-descricao-do-trabalho","name":"Modelo de descri\u00e7\u00e3o do trabalho de um Coordenador de Log\u00edstica | Workable","isPartOf":{"@id":"https:\/\/resources.workable.com\/pt-br\/#website"},"primaryImageOfPage":{"@id":"https:\/\/resources.workable.com\/pt-br\/coordenador-de-logistica-descricao-do-trabalho#primaryimage"},"image":{"@id":"https:\/\/resources.workable.com\/pt-br\/coordenador-de-logistica-descricao-do-trabalho#primaryimage"},"thumbnailUrl":"https:\/\/resources.workable.com\/wp-content\/uploads\/2016\/02\/logistics-coordinator-640x230.jpg","datePublished":"2020-01-08T11:14:31+00:00","dateModified":"2020-02-06T13:23:28+00:00","description":"Este modelo de descri\u00e7\u00e3o do trabalho de um Coordenador de Log\u00edstica foi otimizado para publica\u00e7\u00e3o e pode ser facilmente personalizado para as necessidades de log\u00edstica e transporte de sua empresa.","breadcrumb":{"@id":"https:\/\/resources.workable.com\/pt-br\/coordenador-de-logistica-descricao-do-trabalho#breadcrumb"},"inLanguage":"pt-BR","potentialAction":[{"@type":"ReadAction","target":["https:\/\/resources.workable.com\/pt-br\/coordenador-de-logistica-descricao-do-trabalho"]}]},{"@type":"ImageObject","inLanguage":"pt-BR","@id":"https:\/\/resources.workable.com\/pt-br\/coordenador-de-logistica-descricao-do-trabalho#primaryimage","url":"https:\/\/resources.workable.com\/wp-content\/uploads\/2016\/02\/logistics-coordinator-640x230.jpg","contentUrl":"https:\/\/resources.workable.com\/wp-content\/uploads\/2016\/02\/logistics-coordinator-640x230.jpg"},{"@type":"BreadcrumbList","@id":"https:\/\/resources.workable.com\/pt-br\/coordenador-de-logistica-descricao-do-trabalho#breadcrumb","itemListElement":[{"@type":"ListItem","position":1,"name":"Home","item":"https:\/\/resources.workable.com\/pt-br\/"},{"@type":"ListItem","position":2,"name":"Descri\u00e7\u00e3o do trabalho: Coordenador de Log\u00edstica&nbsp;(f\/m\/d)"}]},{"@type":"WebSite","@id":"https:\/\/resources.workable.com\/pt-br\/#website","url":"https:\/\/resources.workable.com\/pt-br\/","name":"Recruiting Resources: How to Recruit and Hire Better","description":"","publisher":{"@id":"https:\/\/resources.workable.com\/pt-br\/#organization"},"potentialAction":[{"@type":"SearchAction","target":{"@type":"EntryPoint","urlTemplate":"https:\/\/resources.workable.com\/pt-br\/?s={search_term_string}"},"query-input":{"@type":"PropertyValueSpecification","valueRequired":true,"valueName":"search_term_string"}}],"inLanguage":"pt-BR"},{"@type":"Organization","@id":"https:\/\/resources.workable.com\/pt-br\/#organization","name":"Workable","url":"https:\/\/resources.workable.com\/pt-br\/","logo":{"@type":"ImageObject","inLanguage":"pt-BR","@id":"https:\/\/resources.workable.com\/pt-br\/#\/schema\/logo\/image\/","url":"https:\/\/resources.workable.com\/wp-content\/uploads\/2017\/12\/logo-green.png","contentUrl":"https:\/\/resources.workable.com\/wp-content\/uploads\/2017\/12\/logo-green.png","width":150,"height":25,"caption":"Workable"},"image":{"@id":"https:\/\/resources.workable.com\/pt-br\/#\/schema\/logo\/image\/"},"sameAs":["https:\/\/business.facebook.com\/workable\/","https:\/\/x.com\/workable","https:\/\/www.linkedin.com\/company\/workable-hr\/"]},{"@type":"Person","@id":"https:\/\/resources.workable.com\/pt-br\/#\/schema\/person\/bddaa2e41481e7c9ef2328432ea089e7","name":"Nikoletta Bika","image":{"@type":"ImageObject","inLanguage":"pt-BR","@id":"https:\/\/secure.gravatar.com\/avatar\/777bf31309608e9152307199dd8aa97ff19f24849526f1b2b50f11b9ea40fca3?s=96&d=mm&r=pg","url":"https:\/\/secure.gravatar.com\/avatar\/777bf31309608e9152307199dd8aa97ff19f24849526f1b2b50f11b9ea40fca3?s=96&d=mm&r=pg","contentUrl":"https:\/\/secure.gravatar.com\/avatar\/777bf31309608e9152307199dd8aa97ff19f24849526f1b2b50f11b9ea40fca3?s=96&d=mm&r=pg","caption":"Nikoletta Bika"},"description":"Nikoletta Bika was a senior writer at Workable for nearly four and a half years. She holds an MSc in HR and has written extensively about all things HR and recruiting, with a particular interest in bias, data, technology, legal compliance, and the future of work. She hates meaningless jargon and dreams about space travel.","sameAs":["http:\/\/workable.com"],"url":"https:\/\/resources.workable.com\/pt-br\/author\/nikoletta-bika\/"}]}},"modified_by":"Zina Panagopoulou","custom_fields":{"brief":"<span style=\"font-weight: 400;\">Estamos procurando um <\/span><b>Coordenador de Log\u00edstica<\/b><span style=\"font-weight: 400;\"> competente para supervisionar e simplificar as opera\u00e7\u00f5es da cadeia de suprimentos de nossa empresa. O profissional ser\u00e1 respons\u00e1vel pela coordena\u00e7\u00e3o de pessoal e processos visando alcan\u00e7ar a distribui\u00e7\u00e3o efetiva das mercadorias.<\/span> <span style=\"font-weight: 400;\">Um coordenador de log\u00edstica diferenciado possui \u00f3timas habilidades de comunica\u00e7\u00e3o e negocia\u00e7\u00e3o. Tamb\u00e9m possui grande experi\u00eancia em princ\u00edpios e pr\u00e1ticas de gest\u00e3o de suprimentos. O candidato ideal disp\u00f5e de \u00f3timas aptid\u00f5es de manuten\u00e7\u00e3o de registros e uma abordagem orientada ao cliente.<\/span> <span style=\"font-weight: 400;\">O objetivo \u00e9 garantir o bom funcionamento de uma variedade de canais, visando a m\u00e1xima efici\u00eancia.<\/span>","requirements":"<ul>\r\n \t<li><span style=\"font-weight: 400;\">Experi\u00eancia comprovada como coordenador de log\u00edstica<\/span><\/li>\r\n \t<li><span style=\"font-weight: 400;\">Experi\u00eancia em atendimento ao cliente ser\u00e1 uma vantagem<\/span><\/li>\r\n \t<li><span style=\"font-weight: 400;\">Conhecimento de leis, regulamentos e requisitos ISO<\/span><\/li>\r\n \t<li><span style=\"font-weight: 400;\">Capacidade de trabalhar sob pouca supervis\u00e3o e monitorar v\u00e1rios processos<\/span><\/li>\r\n \t<li><span style=\"font-weight: 400;\">Experi\u00eancia em inform\u00e1tica e conhecimentos pr\u00e1ticos de softwares de log\u00edstica (ERP)<\/span><\/li>\r\n \t<li><span style=\"font-weight: 400;\">Excelentes habilidades organizacionais e de coordena\u00e7\u00e3o<\/span><\/li>\r\n \t<li><span style=\"font-weight: 400;\">Excelentes habilidades de comunica\u00e7\u00e3o e interpessoais<\/span><\/li>\r\n \t<li><span style=\"font-weight: 400;\">Bacharelado em Administra\u00e7\u00e3o de Empresas, Gest\u00e3o da Cadeia de Suprimentos ou \u00e1rea relacionada<\/span><\/li>\r\n<\/ul>","responsibilities":"<ul>\r\n \t<li><span style=\"font-weight: 400;\">Coordenar e monitorar opera\u00e7\u00f5es da cadeia de suprimentos<\/span><\/li>\r\n \t<li><span style=\"font-weight: 400;\">Garantir o uso efetivo de instala\u00e7\u00f5es, ativos e meios de comunica\u00e7\u00e3o<\/span><\/li>\r\n \t<li><span style=\"font-weight: 400;\">Utilizar a TI de log\u00edstica para otimizar procedimentos<\/span><\/li>\r\n \t<li><span style=\"font-weight: 400;\">Recrutar e coordenar pessoal de log\u00edstica (por exemplo, motoristas de caminh\u00e3o) de acordo com disponibilidades e requisitos<\/span><\/li>\r\n \t<li><span style=\"font-weight: 400;\">Supervisionar pedidos e organizar o estoque de mat\u00e9rias-primas e equipamentos para garantir que atendam \u00e0s necessidades<\/span><\/li>\r\n \t<li><span style=\"font-weight: 400;\">Comunicar-se com fornecedores, varejistas, clientes etc. para obter neg\u00f3cios lucrativos e satisfa\u00e7\u00e3o m\u00fatua<\/span><\/li>\r\n \t<li><span style=\"font-weight: 400;\">Planejar e rastrear a remessa de produtos finais de acordo com os requisitos do cliente<\/span><\/li>\r\n \t<li><span style=\"font-weight: 400;\">Manter hist\u00f3ricos e registros do estoque do armaz\u00e9m\/dep\u00f3sito, dos pedidos processados etc.<\/span><\/li>\r\n \t<li><span style=\"font-weight: 400;\">Preparar relat\u00f3rios precisos para a alta ger\u00eancia<\/span><\/li>\r\n<\/ul>","see_more":""},"_links":{"self":[{"href":"https:\/\/resources.workable.com\/pt-br\/wp-json\/wp\/v2\/posts\/64803","targetHints":{"allow":["GET"]}}],"collection":[{"href":"https:\/\/resources.workable.com\/pt-br\/wp-json\/wp\/v2\/posts"}],"about":[{"href":"https:\/\/resources.workable.com\/pt-br\/wp-json\/wp\/v2\/types\/post"}],"author":[{"embeddable":true,"href":"https:\/\/resources.workable.com\/pt-br\/wp-json\/wp\/v2\/users\/28"}],"replies":[{"embeddable":true,"href":"https:\/\/resources.workable.com\/pt-br\/wp-json\/wp\/v2\/comments?post=64803"}],"version-history":[{"count":0,"href":"https:\/\/resources.workable.com\/pt-br\/wp-json\/wp\/v2\/posts\/64803\/revisions"}],"wp:attachment":[{"href":"https:\/\/resources.workable.com\/pt-br\/wp-json\/wp\/v2\/media?parent=64803"}],"wp:term":[{"taxonomy":"category","embeddable":true,"href":"https:\/\/resources.workable.com\/pt-br\/wp-json\/wp\/v2\/categories?post=64803"},{"taxonomy":"post_tag","embeddable":true,"href":"https:\/\/resources.workable.com\/pt-br\/wp-json\/wp\/v2\/tags?post=64803"}],"curies":[{"name":"wp","href":"https:\/\/api.w.org\/{rel}","templated":true}]}}