{"id":63975,"date":"2020-01-08T11:14:12","date_gmt":"2020-01-08T11:14:12","guid":{"rendered":"https:\/\/resources.workable.com\/?p=63975"},"modified":"2020-02-06T13:18:32","modified_gmt":"2020-02-06T13:18:32","slug":"descricao-do-trabalho-gerente-de-marketing-de-recrutamento-f-m-d","status":"publish","type":"post","link":"https:\/\/resources.workable.com\/pt-br\/gerente-de-marketing-de-recrutamento-descricao-do-trabalho","title":{"rendered":"Descri\u00e7\u00e3o do trabalho: Gerente de Marketing de Recrutamento&nbsp;(f\/m\/d)"},"content":{"rendered":"<p>Use este modelo da descri\u00e7\u00e3o da vaga de <strong>Gerente de Marketing de Recrutamento<\/strong> para atrair e contratar candidatos qualificados. Fique \u00e0 vontade para adicionar ou modificar as atribui\u00e7\u00f5es e requisitos com base nas suas necessidades.<\/p>\n<h2>As responsabilidades do Gerente de Marketing de Recrutamento incluem:<\/h2>\n<ul>\n<li>Coordena\u00e7\u00e3o das atividades de promo\u00e7\u00e3o da marca do empregador<\/li>\n<li>Desenvolvimento de conte\u00fado que ilustre a nossa vida no trabalho<\/li>\n<li>Enriquecimento da nossa p\u00e1gina de carreiras e contas de m\u00eddia social com multim\u00eddia, postagens e testemunhos dos funcion\u00e1rios<\/li>\n<\/ul>\n","protected":false},"excerpt":{"rendered":"<p>Use este modelo da descri\u00e7\u00e3o da vaga de Gerente de Marketing de Recrutamento para atrair e contratar candidatos qualificados. Fique \u00e0 vontade para adicionar ou modificar as atribui\u00e7\u00f5es e requisitos com base nas suas necessidades. As responsabilidades do Gerente de Marketing de Recrutamento incluem: Coordena\u00e7\u00e3o das atividades de promo\u00e7\u00e3o da marca do empregador Desenvolvimento de [&hellip;]<\/p>\n","protected":false},"author":41,"featured_media":0,"comment_status":"closed","ping_status":"closed","sticky":false,"template":"","format":"standard","meta":{"_acf_changed":false,"_lmt_disableupdate":"no","_lmt_disable":"","_has_post_settings":[],"footnotes":""},"categories":[1048,1338],"tags":[],"class_list":["post-63975","post","type-post","status-publish","format-standard","hentry","category-descricoes-de-cargo","category-descricoes-de-vagas-de-recursos-humanos-rh"],"acf":[],"yoast_head":"<!-- This site is optimized with the Yoast SEO Premium plugin v27.4 (Yoast SEO v27.4) - https:\/\/yoast.com\/product\/yoast-seo-premium-wordpress\/ -->\n<title>Modelo da descri\u00e7\u00e3o da vaga de Gerente de Marketing de Recrutamento | Workable<\/title>\n<meta name=\"description\" content=\"Use este modelo da descri\u00e7\u00e3o da vaga de Gerente de Marketing de Recrutamento para atrair e contratar candidatos qualificados. Fique \u00e0 vontade para adicionar ou modificar as atribui\u00e7\u00f5es e requisitos com base nas suas necessidades.\" \/>\n<meta name=\"robots\" content=\"index, follow, max-snippet:-1, max-image-preview:large, max-video-preview:-1\" \/>\n<link rel=\"canonical\" href=\"https:\/\/resources.workable.com\/pt-br\/gerente-de-marketing-de-recrutamento-descricao-do-trabalho\/\" \/>\n<meta property=\"og:locale\" content=\"pt_BR\" \/>\n<meta property=\"og:type\" content=\"article\" \/>\n<meta property=\"og:title\" content=\"Descri\u00e7\u00e3o do trabalho: Gerente de Marketing de Recrutamento (f\/m\/d)\" \/>\n<meta property=\"og:description\" content=\"Use este modelo da descri\u00e7\u00e3o da vaga de Gerente de Marketing de Recrutamento para atrair e contratar candidatos qualificados. Fique \u00e0 vontade para adicionar ou modificar as atribui\u00e7\u00f5es e requisitos com base nas suas necessidades.\" \/>\n<meta property=\"og:url\" content=\"https:\/\/resources.workable.com\/pt-br\/gerente-de-marketing-de-recrutamento-descricao-do-trabalho\" \/>\n<meta property=\"og:site_name\" content=\"Recruiting Resources: How to Recruit and Hire Better\" \/>\n<meta property=\"article:publisher\" content=\"https:\/\/business.facebook.com\/workable\/\" \/>\n<meta property=\"article:published_time\" content=\"2020-01-08T11:14:12+00:00\" \/>\n<meta property=\"article:modified_time\" content=\"2020-02-06T13:18:32+00:00\" \/>\n<meta property=\"og:image\" content=\"https:\/\/resources.workable.com\/wp-content\/uploads\/2024\/02\/workable_thumb.png\" \/>\n\t<meta property=\"og:image:width\" content=\"1200\" \/>\n\t<meta property=\"og:image:height\" content=\"630\" \/>\n\t<meta property=\"og:image:type\" content=\"image\/png\" \/>\n<meta name=\"author\" content=\"Christina Pavlou\" \/>\n<meta name=\"twitter:card\" content=\"summary_large_image\" \/>\n<meta name=\"twitter:creator\" content=\"@workable\" \/>\n<meta name=\"twitter:site\" content=\"@workable\" \/>\n<meta name=\"twitter:label1\" content=\"Escrito por\" \/>\n\t<meta name=\"twitter:data1\" content=\"Christina Pavlou\" \/>\n<script type=\"application\/ld+json\" class=\"yoast-schema-graph\">{\"@context\":\"https:\\\/\\\/schema.org\",\"@graph\":[{\"@type\":\"Article\",\"@id\":\"https:\\\/\\\/resources.workable.com\\\/pt-br\\\/gerente-de-marketing-de-recrutamento-descricao-do-trabalho#article\",\"isPartOf\":{\"@id\":\"https:\\\/\\\/resources.workable.com\\\/pt-br\\\/gerente-de-marketing-de-recrutamento-descricao-do-trabalho\"},\"author\":{\"name\":\"Christina Pavlou\",\"@id\":\"https:\\\/\\\/resources.workable.com\\\/pt-br\\\/#\\\/schema\\\/person\\\/b23289d8d63331621eee9e69103cd603\"},\"headline\":\"Descri\u00e7\u00e3o do trabalho: Gerente de Marketing de Recrutamento&nbsp;(f\\\/m\\\/d)\",\"datePublished\":\"2020-01-08T11:14:12+00:00\",\"dateModified\":\"2020-02-06T13:18:32+00:00\",\"mainEntityOfPage\":{\"@id\":\"https:\\\/\\\/resources.workable.com\\\/pt-br\\\/gerente-de-marketing-de-recrutamento-descricao-do-trabalho\"},\"wordCount\":101,\"publisher\":{\"@id\":\"https:\\\/\\\/resources.workable.com\\\/pt-br\\\/#organization\"},\"articleSection\":[\"Descri\u00e7\u00f5es de cargo\",\"Descri\u00e7\u00f5es de vagas de Recursos Humanos (RH)\"],\"inLanguage\":\"pt-BR\"},{\"@type\":\"WebPage\",\"@id\":\"https:\\\/\\\/resources.workable.com\\\/pt-br\\\/gerente-de-marketing-de-recrutamento-descricao-do-trabalho\",\"url\":\"https:\\\/\\\/resources.workable.com\\\/pt-br\\\/gerente-de-marketing-de-recrutamento-descricao-do-trabalho\",\"name\":\"Modelo da descri\u00e7\u00e3o da vaga de Gerente de Marketing de Recrutamento | Workable\",\"isPartOf\":{\"@id\":\"https:\\\/\\\/resources.workable.com\\\/pt-br\\\/#website\"},\"datePublished\":\"2020-01-08T11:14:12+00:00\",\"dateModified\":\"2020-02-06T13:18:32+00:00\",\"description\":\"Use este modelo da descri\u00e7\u00e3o da vaga de Gerente de Marketing de Recrutamento para atrair e contratar candidatos qualificados. Fique \u00e0 vontade para adicionar ou modificar as atribui\u00e7\u00f5es e requisitos com base nas suas necessidades.\",\"breadcrumb\":{\"@id\":\"https:\\\/\\\/resources.workable.com\\\/pt-br\\\/gerente-de-marketing-de-recrutamento-descricao-do-trabalho#breadcrumb\"},\"inLanguage\":\"pt-BR\",\"potentialAction\":[{\"@type\":\"ReadAction\",\"target\":[\"https:\\\/\\\/resources.workable.com\\\/pt-br\\\/gerente-de-marketing-de-recrutamento-descricao-do-trabalho\"]}]},{\"@type\":\"BreadcrumbList\",\"@id\":\"https:\\\/\\\/resources.workable.com\\\/pt-br\\\/gerente-de-marketing-de-recrutamento-descricao-do-trabalho#breadcrumb\",\"itemListElement\":[{\"@type\":\"ListItem\",\"position\":1,\"name\":\"Home\",\"item\":\"https:\\\/\\\/resources.workable.com\\\/pt-br\\\/\"},{\"@type\":\"ListItem\",\"position\":2,\"name\":\"Descri\u00e7\u00e3o do trabalho: Gerente de Marketing de Recrutamento&nbsp;(f\\\/m\\\/d)\"}]},{\"@type\":\"WebSite\",\"@id\":\"https:\\\/\\\/resources.workable.com\\\/pt-br\\\/#website\",\"url\":\"https:\\\/\\\/resources.workable.com\\\/pt-br\\\/\",\"name\":\"Recruiting Resources: How to Recruit and Hire Better\",\"description\":\"\",\"publisher\":{\"@id\":\"https:\\\/\\\/resources.workable.com\\\/pt-br\\\/#organization\"},\"potentialAction\":[{\"@type\":\"SearchAction\",\"target\":{\"@type\":\"EntryPoint\",\"urlTemplate\":\"https:\\\/\\\/resources.workable.com\\\/pt-br\\\/?s={search_term_string}\"},\"query-input\":{\"@type\":\"PropertyValueSpecification\",\"valueRequired\":true,\"valueName\":\"search_term_string\"}}],\"inLanguage\":\"pt-BR\"},{\"@type\":\"Organization\",\"@id\":\"https:\\\/\\\/resources.workable.com\\\/pt-br\\\/#organization\",\"name\":\"Workable\",\"url\":\"https:\\\/\\\/resources.workable.com\\\/pt-br\\\/\",\"logo\":{\"@type\":\"ImageObject\",\"inLanguage\":\"pt-BR\",\"@id\":\"https:\\\/\\\/resources.workable.com\\\/pt-br\\\/#\\\/schema\\\/logo\\\/image\\\/\",\"url\":\"https:\\\/\\\/resources.workable.com\\\/wp-content\\\/uploads\\\/2017\\\/12\\\/logo-green.png\",\"contentUrl\":\"https:\\\/\\\/resources.workable.com\\\/wp-content\\\/uploads\\\/2017\\\/12\\\/logo-green.png\",\"width\":150,\"height\":25,\"caption\":\"Workable\"},\"image\":{\"@id\":\"https:\\\/\\\/resources.workable.com\\\/pt-br\\\/#\\\/schema\\\/logo\\\/image\\\/\"},\"sameAs\":[\"https:\\\/\\\/business.facebook.com\\\/workable\\\/\",\"https:\\\/\\\/x.com\\\/workable\",\"https:\\\/\\\/www.linkedin.com\\\/company\\\/workable-hr\\\/\"]},{\"@type\":\"Person\",\"@id\":\"https:\\\/\\\/resources.workable.com\\\/pt-br\\\/#\\\/schema\\\/person\\\/b23289d8d63331621eee9e69103cd603\",\"name\":\"Christina Pavlou\",\"image\":{\"@type\":\"ImageObject\",\"inLanguage\":\"pt-BR\",\"@id\":\"https:\\\/\\\/secure.gravatar.com\\\/avatar\\\/9ed48272d268bb7071cf243f8d2dcaeaa1f26feca5ecd3fbed59e0378447bc49?s=96&d=mm&r=pg\",\"url\":\"https:\\\/\\\/secure.gravatar.com\\\/avatar\\\/9ed48272d268bb7071cf243f8d2dcaeaa1f26feca5ecd3fbed59e0378447bc49?s=96&d=mm&r=pg\",\"contentUrl\":\"https:\\\/\\\/secure.gravatar.com\\\/avatar\\\/9ed48272d268bb7071cf243f8d2dcaeaa1f26feca5ecd3fbed59e0378447bc49?s=96&d=mm&r=pg\",\"caption\":\"Christina Pavlou\"},\"description\":\"Christina Pavlou was a writer at Workable for nearly four years, and previously a recruiter. She writes about diversity in the workplace and reports on the shape of things to come. You can find her on LinkedIn and Twitter.\",\"url\":\"https:\\\/\\\/resources.workable.com\\\/pt-br\\\/author\\\/christina\\\/\"}]}<\/script>\n<!-- \/ Yoast SEO Premium plugin. -->","yoast_head_json":{"title":"Modelo da descri\u00e7\u00e3o da vaga de Gerente de Marketing de Recrutamento | Workable","description":"Use este modelo da descri\u00e7\u00e3o da vaga de Gerente de Marketing de Recrutamento para atrair e contratar candidatos qualificados. Fique \u00e0 vontade para adicionar ou modificar as atribui\u00e7\u00f5es e requisitos com base nas suas necessidades.","robots":{"index":"index","follow":"follow","max-snippet":"max-snippet:-1","max-image-preview":"max-image-preview:large","max-video-preview":"max-video-preview:-1"},"canonical":"https:\/\/resources.workable.com\/pt-br\/gerente-de-marketing-de-recrutamento-descricao-do-trabalho\/","og_locale":"pt_BR","og_type":"article","og_title":"Descri\u00e7\u00e3o do trabalho: Gerente de Marketing de Recrutamento (f\/m\/d)","og_description":"Use este modelo da descri\u00e7\u00e3o da vaga de Gerente de Marketing de Recrutamento para atrair e contratar candidatos qualificados. Fique \u00e0 vontade para adicionar ou modificar as atribui\u00e7\u00f5es e requisitos com base nas suas necessidades.","og_url":"https:\/\/resources.workable.com\/pt-br\/gerente-de-marketing-de-recrutamento-descricao-do-trabalho","og_site_name":"Recruiting Resources: How to Recruit and Hire Better","article_publisher":"https:\/\/business.facebook.com\/workable\/","article_published_time":"2020-01-08T11:14:12+00:00","article_modified_time":"2020-02-06T13:18:32+00:00","og_image":[{"width":1200,"height":630,"url":"https:\/\/resources.workable.com\/wp-content\/uploads\/2024\/02\/workable_thumb.png","type":"image\/png"}],"author":"Christina Pavlou","twitter_card":"summary_large_image","twitter_creator":"@workable","twitter_site":"@workable","twitter_misc":{"Escrito por":"Christina Pavlou"},"schema":{"@context":"https:\/\/schema.org","@graph":[{"@type":"Article","@id":"https:\/\/resources.workable.com\/pt-br\/gerente-de-marketing-de-recrutamento-descricao-do-trabalho#article","isPartOf":{"@id":"https:\/\/resources.workable.com\/pt-br\/gerente-de-marketing-de-recrutamento-descricao-do-trabalho"},"author":{"name":"Christina Pavlou","@id":"https:\/\/resources.workable.com\/pt-br\/#\/schema\/person\/b23289d8d63331621eee9e69103cd603"},"headline":"Descri\u00e7\u00e3o do trabalho: Gerente de Marketing de Recrutamento&nbsp;(f\/m\/d)","datePublished":"2020-01-08T11:14:12+00:00","dateModified":"2020-02-06T13:18:32+00:00","mainEntityOfPage":{"@id":"https:\/\/resources.workable.com\/pt-br\/gerente-de-marketing-de-recrutamento-descricao-do-trabalho"},"wordCount":101,"publisher":{"@id":"https:\/\/resources.workable.com\/pt-br\/#organization"},"articleSection":["Descri\u00e7\u00f5es de cargo","Descri\u00e7\u00f5es de vagas de Recursos Humanos (RH)"],"inLanguage":"pt-BR"},{"@type":"WebPage","@id":"https:\/\/resources.workable.com\/pt-br\/gerente-de-marketing-de-recrutamento-descricao-do-trabalho","url":"https:\/\/resources.workable.com\/pt-br\/gerente-de-marketing-de-recrutamento-descricao-do-trabalho","name":"Modelo da descri\u00e7\u00e3o da vaga de Gerente de Marketing de Recrutamento | Workable","isPartOf":{"@id":"https:\/\/resources.workable.com\/pt-br\/#website"},"datePublished":"2020-01-08T11:14:12+00:00","dateModified":"2020-02-06T13:18:32+00:00","description":"Use este modelo da descri\u00e7\u00e3o da vaga de Gerente de Marketing de Recrutamento para atrair e contratar candidatos qualificados. Fique \u00e0 vontade para adicionar ou modificar as atribui\u00e7\u00f5es e requisitos com base nas suas necessidades.","breadcrumb":{"@id":"https:\/\/resources.workable.com\/pt-br\/gerente-de-marketing-de-recrutamento-descricao-do-trabalho#breadcrumb"},"inLanguage":"pt-BR","potentialAction":[{"@type":"ReadAction","target":["https:\/\/resources.workable.com\/pt-br\/gerente-de-marketing-de-recrutamento-descricao-do-trabalho"]}]},{"@type":"BreadcrumbList","@id":"https:\/\/resources.workable.com\/pt-br\/gerente-de-marketing-de-recrutamento-descricao-do-trabalho#breadcrumb","itemListElement":[{"@type":"ListItem","position":1,"name":"Home","item":"https:\/\/resources.workable.com\/pt-br\/"},{"@type":"ListItem","position":2,"name":"Descri\u00e7\u00e3o do trabalho: Gerente de Marketing de Recrutamento&nbsp;(f\/m\/d)"}]},{"@type":"WebSite","@id":"https:\/\/resources.workable.com\/pt-br\/#website","url":"https:\/\/resources.workable.com\/pt-br\/","name":"Recruiting Resources: How to Recruit and Hire Better","description":"","publisher":{"@id":"https:\/\/resources.workable.com\/pt-br\/#organization"},"potentialAction":[{"@type":"SearchAction","target":{"@type":"EntryPoint","urlTemplate":"https:\/\/resources.workable.com\/pt-br\/?s={search_term_string}"},"query-input":{"@type":"PropertyValueSpecification","valueRequired":true,"valueName":"search_term_string"}}],"inLanguage":"pt-BR"},{"@type":"Organization","@id":"https:\/\/resources.workable.com\/pt-br\/#organization","name":"Workable","url":"https:\/\/resources.workable.com\/pt-br\/","logo":{"@type":"ImageObject","inLanguage":"pt-BR","@id":"https:\/\/resources.workable.com\/pt-br\/#\/schema\/logo\/image\/","url":"https:\/\/resources.workable.com\/wp-content\/uploads\/2017\/12\/logo-green.png","contentUrl":"https:\/\/resources.workable.com\/wp-content\/uploads\/2017\/12\/logo-green.png","width":150,"height":25,"caption":"Workable"},"image":{"@id":"https:\/\/resources.workable.com\/pt-br\/#\/schema\/logo\/image\/"},"sameAs":["https:\/\/business.facebook.com\/workable\/","https:\/\/x.com\/workable","https:\/\/www.linkedin.com\/company\/workable-hr\/"]},{"@type":"Person","@id":"https:\/\/resources.workable.com\/pt-br\/#\/schema\/person\/b23289d8d63331621eee9e69103cd603","name":"Christina Pavlou","image":{"@type":"ImageObject","inLanguage":"pt-BR","@id":"https:\/\/secure.gravatar.com\/avatar\/9ed48272d268bb7071cf243f8d2dcaeaa1f26feca5ecd3fbed59e0378447bc49?s=96&d=mm&r=pg","url":"https:\/\/secure.gravatar.com\/avatar\/9ed48272d268bb7071cf243f8d2dcaeaa1f26feca5ecd3fbed59e0378447bc49?s=96&d=mm&r=pg","contentUrl":"https:\/\/secure.gravatar.com\/avatar\/9ed48272d268bb7071cf243f8d2dcaeaa1f26feca5ecd3fbed59e0378447bc49?s=96&d=mm&r=pg","caption":"Christina Pavlou"},"description":"Christina Pavlou was a writer at Workable for nearly four years, and previously a recruiter. She writes about diversity in the workplace and reports on the shape of things to come. You can find her on LinkedIn and Twitter.","url":"https:\/\/resources.workable.com\/pt-br\/author\/christina\/"}]}},"modified_by":"Zina Panagopoulou","custom_fields":{"brief":"Procuramos um Gerente de Marketing de Recrutamento para ajudar a promover a nossa empresa como excelente local para trabalhar. Voc\u00ea faz isso criando conte\u00fado envolvente e construindo relacionamentos com candidatos potenciais.\r\n\r\nAs responsabilidades de Gerente de Marketing de Recrutamento incluem o contato com comunidades on-line e offline para promover a nossa empresa e as vagas dispon\u00edveis, a prepara\u00e7\u00e3o das descri\u00e7\u00f5es de vaga espec\u00edficas e a promo\u00e7\u00e3o de feiras de trabalho para v\u00e1rios grupos de candidato (como rec\u00e9m formados.) Para ser bem-sucedido nessa fun\u00e7\u00e3o, voc\u00ea deve ter habilidades de comunica\u00e7\u00e3o excelentes e estar familiarizado com t\u00e9cnicas de recrutamento ou marketing.\r\n\r\nEm suma, voc\u00ea nos ajudar\u00e1 a estabelecer uma forte marca empregadora e a atrair os melhores talentos.","requirements":"<ul>\r\n \t<li>Experi\u00eancia profissional como Gerente de Marketing de Recrutamento ou fun\u00e7\u00e3o similar<\/li>\r\n \t<li>Boas habilidades de narrativa<\/li>\r\n \t<li>Excelentes habilidades de comunica\u00e7\u00e3o<\/li>\r\n \t<li>Criatividade<\/li>\r\n \t<li>Familiaridade com planejamento de eventos<\/li>\r\n \t<li>Bacharelado em Recursos Humanos, Marketing ou \u00e1rea relevante<\/li>\r\n<\/ul>","responsibilities":"<ul>\r\n \t<li>Coordenar atividades da promo\u00e7\u00e3o da marca do empregador<\/li>\r\n \t<li>Modelar o perfil do nosso candidato ideal para garantir que nossas estrat\u00e9gias de recrutamento se dirijam ao p\u00fablico certo<\/li>\r\n \t<li>Enriquecer a nossa p\u00e1gina de carreiras e contas de m\u00eddia social com multim\u00eddia, postagens e testemunhos dos funcion\u00e1rios<\/li>\r\n \t<li>Desenvolver conte\u00fado que ilustre a nossa vida no trabalho (por exemplo, postagens de blogues, v\u00eddeos e infogr\u00e1ficos)<\/li>\r\n \t<li>Identificar e promover os motivos principais pelos quais os funcion\u00e1rios ficam na nossa empresa para atrair poss\u00edveis candidatos<\/li>\r\n \t<li>Elaborar descri\u00e7\u00f5es de vagas de emprego que descrevam nossos benef\u00edcios e a cultura da empresa<\/li>\r\n \t<li>Compartilhar an\u00fancios de empregos em v\u00e1rios canais on-line (classificados de emprego, grupos de m\u00eddia social, comunidades de profissionais)<\/li>\r\n \t<li>Promover e participar em feiras de trabalho e outros eventos de carreira<\/li>\r\n<\/ul>","see_more":""},"_links":{"self":[{"href":"https:\/\/resources.workable.com\/pt-br\/wp-json\/wp\/v2\/posts\/63975","targetHints":{"allow":["GET"]}}],"collection":[{"href":"https:\/\/resources.workable.com\/pt-br\/wp-json\/wp\/v2\/posts"}],"about":[{"href":"https:\/\/resources.workable.com\/pt-br\/wp-json\/wp\/v2\/types\/post"}],"author":[{"embeddable":true,"href":"https:\/\/resources.workable.com\/pt-br\/wp-json\/wp\/v2\/users\/41"}],"replies":[{"embeddable":true,"href":"https:\/\/resources.workable.com\/pt-br\/wp-json\/wp\/v2\/comments?post=63975"}],"version-history":[{"count":0,"href":"https:\/\/resources.workable.com\/pt-br\/wp-json\/wp\/v2\/posts\/63975\/revisions"}],"wp:attachment":[{"href":"https:\/\/resources.workable.com\/pt-br\/wp-json\/wp\/v2\/media?parent=63975"}],"wp:term":[{"taxonomy":"category","embeddable":true,"href":"https:\/\/resources.workable.com\/pt-br\/wp-json\/wp\/v2\/categories?post=63975"},{"taxonomy":"post_tag","embeddable":true,"href":"https:\/\/resources.workable.com\/pt-br\/wp-json\/wp\/v2\/tags?post=63975"}],"curies":[{"name":"wp","href":"https:\/\/api.w.org\/{rel}","templated":true}]}}