{"id":63706,"date":"2020-01-08T11:14:04","date_gmt":"2020-01-08T11:14:04","guid":{"rendered":"https:\/\/resources.workable.com\/?p=63706"},"modified":"2020-02-06T13:19:32","modified_gmt":"2020-02-06T13:19:32","slug":"descricao-do-trabalho-vp-de-aquisicao-de-talentos-f-m-d","status":"publish","type":"post","link":"https:\/\/resources.workable.com\/pt-br\/vp-de-aquisicao-de-talentos-descricao-do-trabalho","title":{"rendered":"Descri\u00e7\u00e3o do trabalho: VP de Aquisi\u00e7\u00e3o de Talentos&nbsp;(f\/m\/d)"},"content":{"rendered":"<p>Use este modelo da <strong>descri\u00e7\u00e3o da vaga de VP de Aquisi\u00e7\u00e3o de Talentos<\/strong> para contratar profissionais s\u00eanior de RH. Modifique este modelo conforme como suas necessidades espec\u00edficas.<\/p>\n<h2>As responsabilidades do VP de Aquisi\u00e7\u00e3o de Talentos incluem:<\/h2>\n<ul>\n<li>Conceber e implantar estrat\u00e9gias de recrutamento para atrair, avaliar e contratar candidatos qualificados.<\/li>\n<li>Identificar e abordar proativamente como necessidades de contrata\u00e7\u00e3o<\/li>\n<li>Avaliar e refinar os procedimentos de busca e sele\u00e7\u00e3o de talentos.<\/li>\n<\/ul>\n<p><img loading=\"lazy\" decoding=\"async\" class=\"alignnone size-full wp-image-21645\" src=\"https:\/\/resources.workable.com\/wp-content\/uploads\/2017\/08\/vp-talent-acquisition-shutterstock_638045977.jpg\" alt=\"descri\u00e7\u00e3o da vaga de VP de Aquisi\u00e7\u00e3o de Talentos\" width=\"640\" height=\"230\" srcset=\"https:\/\/resources.workable.com\/wp-content\/uploads\/2017\/08\/vp-talent-acquisition-shutterstock_638045977.jpg 640w, https:\/\/resources.workable.com\/wp-content\/uploads\/2017\/08\/vp-talent-acquisition-shutterstock_638045977-200x72.jpg 200w, https:\/\/resources.workable.com\/wp-content\/uploads\/2017\/08\/vp-talent-acquisition-shutterstock_638045977-560x201.jpg 560w\" sizes=\"auto, (max-width: 640px) 100vw, 640px\" \/><\/p>\n","protected":false},"excerpt":{"rendered":"<p>Use este modelo da descri\u00e7\u00e3o da vaga de VP de Aquisi\u00e7\u00e3o de Talentos para contratar profissionais s\u00eanior de RH. Modifique este modelo conforme como suas necessidades espec\u00edficas. As responsabilidades do VP de Aquisi\u00e7\u00e3o de Talentos incluem: Conceber e implantar estrat\u00e9gias de recrutamento para atrair, avaliar e contratar candidatos qualificados. Identificar e abordar proativamente como necessidades [&hellip;]<\/p>\n","protected":false},"author":28,"featured_media":0,"comment_status":"closed","ping_status":"closed","sticky":false,"template":"","format":"standard","meta":{"_acf_changed":false,"_lmt_disableupdate":"no","_lmt_disable":"","_has_post_settings":[],"footnotes":""},"categories":[1048,1338],"tags":[],"class_list":["post-63706","post","type-post","status-publish","format-standard","hentry","category-descricoes-de-cargo","category-descricoes-de-vagas-de-recursos-humanos-rh"],"acf":[],"yoast_head":"<!-- This site is optimized with the Yoast SEO Premium plugin v27.4 (Yoast SEO v27.4) - https:\/\/yoast.com\/product\/yoast-seo-premium-wordpress\/ -->\n<title>Descri\u00e7\u00e3o do trabalho: VP de Aquisi\u00e7\u00e3o de Talentos (f\/m\/d) - Workable<\/title>\n<meta name=\"description\" content=\"Use este modelo da descri\u00e7\u00e3o da vaga de VP de Aquisi\u00e7\u00e3o de Talentos para contratar profissionais s\u00eanior de RH. Modifique este modelo conforme como suas necessidades espec\u00edficas.\" \/>\n<meta name=\"robots\" content=\"index, follow, max-snippet:-1, max-image-preview:large, max-video-preview:-1\" \/>\n<link rel=\"canonical\" href=\"https:\/\/resources.workable.com\/pt-br\/vp-de-aquisicao-de-talentos-descricao-do-trabalho\/\" \/>\n<meta property=\"og:locale\" content=\"pt_BR\" \/>\n<meta property=\"og:type\" content=\"article\" \/>\n<meta property=\"og:title\" content=\"Descri\u00e7\u00e3o do trabalho: VP de Aquisi\u00e7\u00e3o de Talentos (f\/m\/d)\" \/>\n<meta property=\"og:description\" content=\"Use este modelo da descri\u00e7\u00e3o da vaga de VP de Aquisi\u00e7\u00e3o de Talentos para contratar profissionais s\u00eanior de RH. Modifique este modelo conforme como suas necessidades espec\u00edficas.\" \/>\n<meta property=\"og:url\" content=\"https:\/\/resources.workable.com\/pt-br\/vp-de-aquisicao-de-talentos-descricao-do-trabalho\" \/>\n<meta property=\"og:site_name\" content=\"Recruiting Resources: How to Recruit and Hire Better\" \/>\n<meta property=\"article:publisher\" content=\"https:\/\/business.facebook.com\/workable\/\" \/>\n<meta property=\"article:published_time\" content=\"2020-01-08T11:14:04+00:00\" \/>\n<meta property=\"article:modified_time\" content=\"2020-02-06T13:19:32+00:00\" \/>\n<meta property=\"og:image\" content=\"https:\/\/resources.workable.com\/wp-content\/uploads\/2017\/08\/vp-talent-acquisition-shutterstock_638045977.jpg\" \/>\n<meta name=\"author\" content=\"Nikoletta Bika\" \/>\n<meta name=\"twitter:card\" content=\"summary_large_image\" \/>\n<meta name=\"twitter:creator\" content=\"@workable\" \/>\n<meta name=\"twitter:site\" content=\"@workable\" \/>\n<meta name=\"twitter:label1\" content=\"Escrito por\" \/>\n\t<meta name=\"twitter:data1\" content=\"Nikoletta Bika\" \/>\n<script type=\"application\/ld+json\" class=\"yoast-schema-graph\">{\"@context\":\"https:\\\/\\\/schema.org\",\"@graph\":[{\"@type\":\"Article\",\"@id\":\"https:\\\/\\\/resources.workable.com\\\/pt-br\\\/vp-de-aquisicao-de-talentos-descricao-do-trabalho#article\",\"isPartOf\":{\"@id\":\"https:\\\/\\\/resources.workable.com\\\/pt-br\\\/vp-de-aquisicao-de-talentos-descricao-do-trabalho\"},\"author\":{\"name\":\"Nikoletta Bika\",\"@id\":\"https:\\\/\\\/resources.workable.com\\\/pt-br\\\/#\\\/schema\\\/person\\\/bddaa2e41481e7c9ef2328432ea089e7\"},\"headline\":\"Descri\u00e7\u00e3o do trabalho: VP de Aquisi\u00e7\u00e3o de Talentos&nbsp;(f\\\/m\\\/d)\",\"datePublished\":\"2020-01-08T11:14:04+00:00\",\"dateModified\":\"2020-02-06T13:19:32+00:00\",\"mainEntityOfPage\":{\"@id\":\"https:\\\/\\\/resources.workable.com\\\/pt-br\\\/vp-de-aquisicao-de-talentos-descricao-do-trabalho\"},\"wordCount\":89,\"publisher\":{\"@id\":\"https:\\\/\\\/resources.workable.com\\\/pt-br\\\/#organization\"},\"image\":{\"@id\":\"https:\\\/\\\/resources.workable.com\\\/pt-br\\\/vp-de-aquisicao-de-talentos-descricao-do-trabalho#primaryimage\"},\"thumbnailUrl\":\"https:\\\/\\\/resources.workable.com\\\/wp-content\\\/uploads\\\/2017\\\/08\\\/vp-talent-acquisition-shutterstock_638045977.jpg\",\"articleSection\":[\"Descri\u00e7\u00f5es de cargo\",\"Descri\u00e7\u00f5es de vagas de Recursos Humanos (RH)\"],\"inLanguage\":\"pt-BR\"},{\"@type\":\"WebPage\",\"@id\":\"https:\\\/\\\/resources.workable.com\\\/pt-br\\\/vp-de-aquisicao-de-talentos-descricao-do-trabalho\",\"url\":\"https:\\\/\\\/resources.workable.com\\\/pt-br\\\/vp-de-aquisicao-de-talentos-descricao-do-trabalho\",\"name\":\"Descri\u00e7\u00e3o do trabalho: VP de Aquisi\u00e7\u00e3o de Talentos (f\\\/m\\\/d) - Workable\",\"isPartOf\":{\"@id\":\"https:\\\/\\\/resources.workable.com\\\/pt-br\\\/#website\"},\"primaryImageOfPage\":{\"@id\":\"https:\\\/\\\/resources.workable.com\\\/pt-br\\\/vp-de-aquisicao-de-talentos-descricao-do-trabalho#primaryimage\"},\"image\":{\"@id\":\"https:\\\/\\\/resources.workable.com\\\/pt-br\\\/vp-de-aquisicao-de-talentos-descricao-do-trabalho#primaryimage\"},\"thumbnailUrl\":\"https:\\\/\\\/resources.workable.com\\\/wp-content\\\/uploads\\\/2017\\\/08\\\/vp-talent-acquisition-shutterstock_638045977.jpg\",\"datePublished\":\"2020-01-08T11:14:04+00:00\",\"dateModified\":\"2020-02-06T13:19:32+00:00\",\"description\":\"Use este modelo da descri\u00e7\u00e3o da vaga de VP de Aquisi\u00e7\u00e3o de Talentos para contratar profissionais s\u00eanior de RH. Modifique este modelo conforme como suas necessidades espec\u00edficas.\",\"breadcrumb\":{\"@id\":\"https:\\\/\\\/resources.workable.com\\\/pt-br\\\/vp-de-aquisicao-de-talentos-descricao-do-trabalho#breadcrumb\"},\"inLanguage\":\"pt-BR\",\"potentialAction\":[{\"@type\":\"ReadAction\",\"target\":[\"https:\\\/\\\/resources.workable.com\\\/pt-br\\\/vp-de-aquisicao-de-talentos-descricao-do-trabalho\"]}]},{\"@type\":\"ImageObject\",\"inLanguage\":\"pt-BR\",\"@id\":\"https:\\\/\\\/resources.workable.com\\\/pt-br\\\/vp-de-aquisicao-de-talentos-descricao-do-trabalho#primaryimage\",\"url\":\"https:\\\/\\\/resources.workable.com\\\/wp-content\\\/uploads\\\/2017\\\/08\\\/vp-talent-acquisition-shutterstock_638045977.jpg\",\"contentUrl\":\"https:\\\/\\\/resources.workable.com\\\/wp-content\\\/uploads\\\/2017\\\/08\\\/vp-talent-acquisition-shutterstock_638045977.jpg\"},{\"@type\":\"BreadcrumbList\",\"@id\":\"https:\\\/\\\/resources.workable.com\\\/pt-br\\\/vp-de-aquisicao-de-talentos-descricao-do-trabalho#breadcrumb\",\"itemListElement\":[{\"@type\":\"ListItem\",\"position\":1,\"name\":\"Home\",\"item\":\"https:\\\/\\\/resources.workable.com\\\/pt-br\\\/\"},{\"@type\":\"ListItem\",\"position\":2,\"name\":\"Descri\u00e7\u00e3o do trabalho: VP de Aquisi\u00e7\u00e3o de Talentos&nbsp;(f\\\/m\\\/d)\"}]},{\"@type\":\"WebSite\",\"@id\":\"https:\\\/\\\/resources.workable.com\\\/pt-br\\\/#website\",\"url\":\"https:\\\/\\\/resources.workable.com\\\/pt-br\\\/\",\"name\":\"Recruiting Resources: How to Recruit and Hire Better\",\"description\":\"\",\"publisher\":{\"@id\":\"https:\\\/\\\/resources.workable.com\\\/pt-br\\\/#organization\"},\"potentialAction\":[{\"@type\":\"SearchAction\",\"target\":{\"@type\":\"EntryPoint\",\"urlTemplate\":\"https:\\\/\\\/resources.workable.com\\\/pt-br\\\/?s={search_term_string}\"},\"query-input\":{\"@type\":\"PropertyValueSpecification\",\"valueRequired\":true,\"valueName\":\"search_term_string\"}}],\"inLanguage\":\"pt-BR\"},{\"@type\":\"Organization\",\"@id\":\"https:\\\/\\\/resources.workable.com\\\/pt-br\\\/#organization\",\"name\":\"Workable\",\"url\":\"https:\\\/\\\/resources.workable.com\\\/pt-br\\\/\",\"logo\":{\"@type\":\"ImageObject\",\"inLanguage\":\"pt-BR\",\"@id\":\"https:\\\/\\\/resources.workable.com\\\/pt-br\\\/#\\\/schema\\\/logo\\\/image\\\/\",\"url\":\"https:\\\/\\\/resources.workable.com\\\/wp-content\\\/uploads\\\/2017\\\/12\\\/logo-green.png\",\"contentUrl\":\"https:\\\/\\\/resources.workable.com\\\/wp-content\\\/uploads\\\/2017\\\/12\\\/logo-green.png\",\"width\":150,\"height\":25,\"caption\":\"Workable\"},\"image\":{\"@id\":\"https:\\\/\\\/resources.workable.com\\\/pt-br\\\/#\\\/schema\\\/logo\\\/image\\\/\"},\"sameAs\":[\"https:\\\/\\\/business.facebook.com\\\/workable\\\/\",\"https:\\\/\\\/x.com\\\/workable\",\"https:\\\/\\\/www.linkedin.com\\\/company\\\/workable-hr\\\/\"]},{\"@type\":\"Person\",\"@id\":\"https:\\\/\\\/resources.workable.com\\\/pt-br\\\/#\\\/schema\\\/person\\\/bddaa2e41481e7c9ef2328432ea089e7\",\"name\":\"Nikoletta Bika\",\"image\":{\"@type\":\"ImageObject\",\"inLanguage\":\"pt-BR\",\"@id\":\"https:\\\/\\\/secure.gravatar.com\\\/avatar\\\/777bf31309608e9152307199dd8aa97ff19f24849526f1b2b50f11b9ea40fca3?s=96&d=mm&r=pg\",\"url\":\"https:\\\/\\\/secure.gravatar.com\\\/avatar\\\/777bf31309608e9152307199dd8aa97ff19f24849526f1b2b50f11b9ea40fca3?s=96&d=mm&r=pg\",\"contentUrl\":\"https:\\\/\\\/secure.gravatar.com\\\/avatar\\\/777bf31309608e9152307199dd8aa97ff19f24849526f1b2b50f11b9ea40fca3?s=96&d=mm&r=pg\",\"caption\":\"Nikoletta Bika\"},\"description\":\"Nikoletta Bika was a senior writer at Workable for nearly four and a half years. She holds an MSc in HR and has written extensively about all things HR and recruiting, with a particular interest in bias, data, technology, legal compliance, and the future of work. She hates meaningless jargon and dreams about space travel.\",\"sameAs\":[\"http:\\\/\\\/workable.com\"],\"url\":\"https:\\\/\\\/resources.workable.com\\\/pt-br\\\/author\\\/nikoletta-bika\\\/\"}]}<\/script>\n<!-- \/ Yoast SEO Premium plugin. -->","yoast_head_json":{"title":"Descri\u00e7\u00e3o do trabalho: VP de Aquisi\u00e7\u00e3o de Talentos (f\/m\/d) - Workable","description":"Use este modelo da descri\u00e7\u00e3o da vaga de VP de Aquisi\u00e7\u00e3o de Talentos para contratar profissionais s\u00eanior de RH. Modifique este modelo conforme como suas necessidades espec\u00edficas.","robots":{"index":"index","follow":"follow","max-snippet":"max-snippet:-1","max-image-preview":"max-image-preview:large","max-video-preview":"max-video-preview:-1"},"canonical":"https:\/\/resources.workable.com\/pt-br\/vp-de-aquisicao-de-talentos-descricao-do-trabalho\/","og_locale":"pt_BR","og_type":"article","og_title":"Descri\u00e7\u00e3o do trabalho: VP de Aquisi\u00e7\u00e3o de Talentos (f\/m\/d)","og_description":"Use este modelo da descri\u00e7\u00e3o da vaga de VP de Aquisi\u00e7\u00e3o de Talentos para contratar profissionais s\u00eanior de RH. Modifique este modelo conforme como suas necessidades espec\u00edficas.","og_url":"https:\/\/resources.workable.com\/pt-br\/vp-de-aquisicao-de-talentos-descricao-do-trabalho","og_site_name":"Recruiting Resources: How to Recruit and Hire Better","article_publisher":"https:\/\/business.facebook.com\/workable\/","article_published_time":"2020-01-08T11:14:04+00:00","article_modified_time":"2020-02-06T13:19:32+00:00","og_image":[{"url":"https:\/\/resources.workable.com\/wp-content\/uploads\/2017\/08\/vp-talent-acquisition-shutterstock_638045977.jpg","type":"","width":"","height":""}],"author":"Nikoletta Bika","twitter_card":"summary_large_image","twitter_creator":"@workable","twitter_site":"@workable","twitter_misc":{"Escrito por":"Nikoletta Bika"},"schema":{"@context":"https:\/\/schema.org","@graph":[{"@type":"Article","@id":"https:\/\/resources.workable.com\/pt-br\/vp-de-aquisicao-de-talentos-descricao-do-trabalho#article","isPartOf":{"@id":"https:\/\/resources.workable.com\/pt-br\/vp-de-aquisicao-de-talentos-descricao-do-trabalho"},"author":{"name":"Nikoletta Bika","@id":"https:\/\/resources.workable.com\/pt-br\/#\/schema\/person\/bddaa2e41481e7c9ef2328432ea089e7"},"headline":"Descri\u00e7\u00e3o do trabalho: VP de Aquisi\u00e7\u00e3o de Talentos&nbsp;(f\/m\/d)","datePublished":"2020-01-08T11:14:04+00:00","dateModified":"2020-02-06T13:19:32+00:00","mainEntityOfPage":{"@id":"https:\/\/resources.workable.com\/pt-br\/vp-de-aquisicao-de-talentos-descricao-do-trabalho"},"wordCount":89,"publisher":{"@id":"https:\/\/resources.workable.com\/pt-br\/#organization"},"image":{"@id":"https:\/\/resources.workable.com\/pt-br\/vp-de-aquisicao-de-talentos-descricao-do-trabalho#primaryimage"},"thumbnailUrl":"https:\/\/resources.workable.com\/wp-content\/uploads\/2017\/08\/vp-talent-acquisition-shutterstock_638045977.jpg","articleSection":["Descri\u00e7\u00f5es de cargo","Descri\u00e7\u00f5es de vagas de Recursos Humanos (RH)"],"inLanguage":"pt-BR"},{"@type":"WebPage","@id":"https:\/\/resources.workable.com\/pt-br\/vp-de-aquisicao-de-talentos-descricao-do-trabalho","url":"https:\/\/resources.workable.com\/pt-br\/vp-de-aquisicao-de-talentos-descricao-do-trabalho","name":"Descri\u00e7\u00e3o do trabalho: VP de Aquisi\u00e7\u00e3o de Talentos (f\/m\/d) - Workable","isPartOf":{"@id":"https:\/\/resources.workable.com\/pt-br\/#website"},"primaryImageOfPage":{"@id":"https:\/\/resources.workable.com\/pt-br\/vp-de-aquisicao-de-talentos-descricao-do-trabalho#primaryimage"},"image":{"@id":"https:\/\/resources.workable.com\/pt-br\/vp-de-aquisicao-de-talentos-descricao-do-trabalho#primaryimage"},"thumbnailUrl":"https:\/\/resources.workable.com\/wp-content\/uploads\/2017\/08\/vp-talent-acquisition-shutterstock_638045977.jpg","datePublished":"2020-01-08T11:14:04+00:00","dateModified":"2020-02-06T13:19:32+00:00","description":"Use este modelo da descri\u00e7\u00e3o da vaga de VP de Aquisi\u00e7\u00e3o de Talentos para contratar profissionais s\u00eanior de RH. Modifique este modelo conforme como suas necessidades espec\u00edficas.","breadcrumb":{"@id":"https:\/\/resources.workable.com\/pt-br\/vp-de-aquisicao-de-talentos-descricao-do-trabalho#breadcrumb"},"inLanguage":"pt-BR","potentialAction":[{"@type":"ReadAction","target":["https:\/\/resources.workable.com\/pt-br\/vp-de-aquisicao-de-talentos-descricao-do-trabalho"]}]},{"@type":"ImageObject","inLanguage":"pt-BR","@id":"https:\/\/resources.workable.com\/pt-br\/vp-de-aquisicao-de-talentos-descricao-do-trabalho#primaryimage","url":"https:\/\/resources.workable.com\/wp-content\/uploads\/2017\/08\/vp-talent-acquisition-shutterstock_638045977.jpg","contentUrl":"https:\/\/resources.workable.com\/wp-content\/uploads\/2017\/08\/vp-talent-acquisition-shutterstock_638045977.jpg"},{"@type":"BreadcrumbList","@id":"https:\/\/resources.workable.com\/pt-br\/vp-de-aquisicao-de-talentos-descricao-do-trabalho#breadcrumb","itemListElement":[{"@type":"ListItem","position":1,"name":"Home","item":"https:\/\/resources.workable.com\/pt-br\/"},{"@type":"ListItem","position":2,"name":"Descri\u00e7\u00e3o do trabalho: VP de Aquisi\u00e7\u00e3o de Talentos&nbsp;(f\/m\/d)"}]},{"@type":"WebSite","@id":"https:\/\/resources.workable.com\/pt-br\/#website","url":"https:\/\/resources.workable.com\/pt-br\/","name":"Recruiting Resources: How to Recruit and Hire Better","description":"","publisher":{"@id":"https:\/\/resources.workable.com\/pt-br\/#organization"},"potentialAction":[{"@type":"SearchAction","target":{"@type":"EntryPoint","urlTemplate":"https:\/\/resources.workable.com\/pt-br\/?s={search_term_string}"},"query-input":{"@type":"PropertyValueSpecification","valueRequired":true,"valueName":"search_term_string"}}],"inLanguage":"pt-BR"},{"@type":"Organization","@id":"https:\/\/resources.workable.com\/pt-br\/#organization","name":"Workable","url":"https:\/\/resources.workable.com\/pt-br\/","logo":{"@type":"ImageObject","inLanguage":"pt-BR","@id":"https:\/\/resources.workable.com\/pt-br\/#\/schema\/logo\/image\/","url":"https:\/\/resources.workable.com\/wp-content\/uploads\/2017\/12\/logo-green.png","contentUrl":"https:\/\/resources.workable.com\/wp-content\/uploads\/2017\/12\/logo-green.png","width":150,"height":25,"caption":"Workable"},"image":{"@id":"https:\/\/resources.workable.com\/pt-br\/#\/schema\/logo\/image\/"},"sameAs":["https:\/\/business.facebook.com\/workable\/","https:\/\/x.com\/workable","https:\/\/www.linkedin.com\/company\/workable-hr\/"]},{"@type":"Person","@id":"https:\/\/resources.workable.com\/pt-br\/#\/schema\/person\/bddaa2e41481e7c9ef2328432ea089e7","name":"Nikoletta Bika","image":{"@type":"ImageObject","inLanguage":"pt-BR","@id":"https:\/\/secure.gravatar.com\/avatar\/777bf31309608e9152307199dd8aa97ff19f24849526f1b2b50f11b9ea40fca3?s=96&d=mm&r=pg","url":"https:\/\/secure.gravatar.com\/avatar\/777bf31309608e9152307199dd8aa97ff19f24849526f1b2b50f11b9ea40fca3?s=96&d=mm&r=pg","contentUrl":"https:\/\/secure.gravatar.com\/avatar\/777bf31309608e9152307199dd8aa97ff19f24849526f1b2b50f11b9ea40fca3?s=96&d=mm&r=pg","caption":"Nikoletta Bika"},"description":"Nikoletta Bika was a senior writer at Workable for nearly four and a half years. She holds an MSc in HR and has written extensively about all things HR and recruiting, with a particular interest in bias, data, technology, legal compliance, and the future of work. She hates meaningless jargon and dreams about space travel.","sameAs":["http:\/\/workable.com"],"url":"https:\/\/resources.workable.com\/pt-br\/author\/nikoletta-bika\/"}]}},"modified_by":"Zina Panagopoulou","custom_fields":{"brief":"Procuramos um VP de Aquisi\u00e7\u00e3o de Talentos para elaborar e aplicar estrat\u00e9gias que nos ajudar\u00e3o a atrair e contratar funcion\u00e1rios qualificados.\r\n\r\nAs responsabilidades do VP de Aquisi\u00e7\u00e3o de Talentos incluem o gerenciamento de uma equipe de recrutadores e elabora\u00e7\u00e3o de estrat\u00e9gias de contrata\u00e7\u00e3o para v\u00e1rias fun\u00e7\u00f5es, para posi\u00e7\u00f5es do n\u00edvel de entrada ao n\u00edvel executivo. Voc\u00ea deve ser capaz de assegurar que forneceremos uma excelente experi\u00eancia para o candidato, al\u00e9m de atender os nossos objetivos nos neg\u00f3cios e preencher nossas vagas.\r\n\r\nEm suma, voc\u00ea criar\u00e1 uma forte marca de empregador para nossa empresa, para que possamos desenvolver fortes canais de talentos para as necessidades atuais e futuras de contrata\u00e7\u00e3o.","requirements":"<ul>\r\n \t<li>Experi\u00eancia profissional comprovada como VP de Aquisi\u00e7\u00e3o de Talentos ou posi\u00e7\u00e3o de RH de n\u00edvel s\u00eanior similar<\/li>\r\n \t<li>Experi\u00eancia pr\u00e1tica em sele\u00e7\u00e3o, entrevista e avalia\u00e7\u00e3o de candidato.<\/li>\r\n \t<li>Familiaridade com o software de Sistemas de Gerenciamento de Candidato e Recursos Humanos<\/li>\r\n \t<li>Bom conhecimento da legisla\u00e7\u00e3o trabalhista<\/li>\r\n \t<li>Excelentes habilidades de comunica\u00e7\u00e3o verbal e escrita<\/li>\r\n \t<li>Habilidades de gest\u00e3o de equipes<\/li>\r\n \t<li>Bacharelado\/mestrado em Recursos Humanos ou \u00e1rea relevante<\/li>\r\n \t<li>Certifica\u00e7\u00e3o adicional (por exemplo CIPD ou SPHR) \u00e9 uma vantagem<\/li>\r\n<\/ul>","responsibilities":"<ul>\r\n \t<li>Conceber e implantar estrat\u00e9gias de recrutamento para atrair, avaliar e contratar candidatos qualificados<\/li>\r\n \t<li>Identificar e abordar proativamente \u00e0s necessidades de contrata\u00e7\u00e3o<\/li>\r\n \t<li>Avaliar e refinar os procedimentos de busca e sele\u00e7\u00e3o de talentos<\/li>\r\n \t<li>Coordenar uma equipe de recrutadores e auxiliar, quando necess\u00e1rio<\/li>\r\n \t<li>Promover a diversidade no local de trabalho e assegurar que como estrat\u00e9gias de recrutamento atraiam candidatos com diversidade<\/li>\r\n \t<li>Supervisionar e melhorar a experi\u00eancia geral do candidato<\/li>\r\n \t<li>Manter canais de talentos com poss\u00edveis candidatos e ex-candidatos a futuras necessidades do pessoal<\/li>\r\n \t<li>Organizar eventos de recrutamento para estabelecer uma marca forte do empregador<\/li>\r\n \t<li>Participar no planejamento estrat\u00e9gico da nossa empresa no \u00e2mbito de desenvolvimento e envolvimento do funcion\u00e1rio<\/li>\r\n \t<li>Pesquisar e recomendar novas ferramentas de sele\u00e7\u00e3o de talentos e softwares de recrutamento (por exemplo, ATS)<\/li>\r\n \t<li>Assegurar a integra\u00e7\u00e3o e o treinamento adequados dos novos contratados<\/li>\r\n<\/ul>","see_more":""},"_links":{"self":[{"href":"https:\/\/resources.workable.com\/pt-br\/wp-json\/wp\/v2\/posts\/63706","targetHints":{"allow":["GET"]}}],"collection":[{"href":"https:\/\/resources.workable.com\/pt-br\/wp-json\/wp\/v2\/posts"}],"about":[{"href":"https:\/\/resources.workable.com\/pt-br\/wp-json\/wp\/v2\/types\/post"}],"author":[{"embeddable":true,"href":"https:\/\/resources.workable.com\/pt-br\/wp-json\/wp\/v2\/users\/28"}],"replies":[{"embeddable":true,"href":"https:\/\/resources.workable.com\/pt-br\/wp-json\/wp\/v2\/comments?post=63706"}],"version-history":[{"count":0,"href":"https:\/\/resources.workable.com\/pt-br\/wp-json\/wp\/v2\/posts\/63706\/revisions"}],"wp:attachment":[{"href":"https:\/\/resources.workable.com\/pt-br\/wp-json\/wp\/v2\/media?parent=63706"}],"wp:term":[{"taxonomy":"category","embeddable":true,"href":"https:\/\/resources.workable.com\/pt-br\/wp-json\/wp\/v2\/categories?post=63706"},{"taxonomy":"post_tag","embeddable":true,"href":"https:\/\/resources.workable.com\/pt-br\/wp-json\/wp\/v2\/tags?post=63706"}],"curies":[{"name":"wp","href":"https:\/\/api.w.org\/{rel}","templated":true}]}}