{"id":63705,"date":"2020-01-08T11:14:04","date_gmt":"2020-01-08T11:14:04","guid":{"rendered":"https:\/\/resources.workable.com\/?p=63705"},"modified":"2020-02-06T13:19:33","modified_gmt":"2020-02-06T13:19:33","slug":"descricao-do-trabalho-coordenador-de-aquisicao-de-talentos-f-m-d","status":"publish","type":"post","link":"https:\/\/resources.workable.com\/pt-br\/coordenador-de-aquisicao-de-talentos-descricao-do-trabalho","title":{"rendered":"Descri\u00e7\u00e3o do trabalho: Coordenador de Aquisi\u00e7\u00e3o de Talentos&nbsp;(f\/m\/d)"},"content":{"rendered":"<p>Publique o modelo da descri\u00e7\u00e3o da vaga de <strong>Coordenador de Aquisi\u00e7\u00e3o de Talentos<\/strong> em classificados de empregos on-line e p\u00e1ginas de carreiras para atrair os candidatos qualificados para as suas vagas. Para mais cargos de n\u00edvel s\u00eanior, consulte os nossos modelos de descri\u00e7\u00e3o da vaga de <a href=\"https:\/\/resources.workable.com\/talent-acquisition-manager-job-description\" target=\"_blank\" rel=\"noopener noreferrer\">Gerente de Aquisi\u00e7\u00e3o de Talentos<\/a> ou <a href=\"https:\/\/resources.workable.com\/talent-acquisition-specialist-job-description\" target=\"_blank\" rel=\"noopener noreferrer\">Especialista em Aquisi\u00e7\u00e3o de Talentos<\/a>.<\/p>\n<h2>As responsabilidades do Coordenador de Aquisi\u00e7\u00e3o de Talentos incluem:<\/h2>\n<ul>\n<li>Prepara\u00e7\u00e3o e atualiza\u00e7\u00e3o das descri\u00e7\u00f5es da vaga.<\/li>\n<li>Prepara\u00e7\u00e3o de cartas de oferta de emprego.<\/li>\n<li>Condu\u00e7\u00e3o de an\u00e1lises de remunera\u00e7\u00e3o e benef\u00edcios para v\u00e1rios cargos<\/li>\n<\/ul>\n<p><img loading=\"lazy\" decoding=\"async\" class=\"alignnone size-full wp-image-21657\" src=\"https:\/\/resources.workable.com\/wp-content\/uploads\/2017\/08\/talent-acquisition-coordinator-shutterstock_662652484.jpg\" alt=\"Descri\u00e7\u00e3o da vaga de Coordenador de Aquisi\u00e7\u00e3o de Talentos\" width=\"640\" height=\"230\" srcset=\"https:\/\/resources.workable.com\/wp-content\/uploads\/2017\/08\/talent-acquisition-coordinator-shutterstock_662652484.jpg 640w, https:\/\/resources.workable.com\/wp-content\/uploads\/2017\/08\/talent-acquisition-coordinator-shutterstock_662652484-200x72.jpg 200w, https:\/\/resources.workable.com\/wp-content\/uploads\/2017\/08\/talent-acquisition-coordinator-shutterstock_662652484-560x201.jpg 560w\" sizes=\"auto, (max-width: 640px) 100vw, 640px\" \/><\/p>\n","protected":false},"excerpt":{"rendered":"<p>Publique o modelo da descri\u00e7\u00e3o da vaga de Coordenador de Aquisi\u00e7\u00e3o de Talentos em classificados de empregos on-line e p\u00e1ginas de carreiras para atrair os candidatos qualificados para as suas vagas. Para mais cargos de n\u00edvel s\u00eanior, consulte os nossos modelos de descri\u00e7\u00e3o da vaga de Gerente de Aquisi\u00e7\u00e3o de Talentos ou Especialista em Aquisi\u00e7\u00e3o [&hellip;]<\/p>\n","protected":false},"author":28,"featured_media":0,"comment_status":"closed","ping_status":"closed","sticky":false,"template":"","format":"standard","meta":{"_acf_changed":false,"_lmt_disableupdate":"no","_lmt_disable":"","_has_post_settings":[],"footnotes":""},"categories":[1048,1338],"tags":[],"class_list":["post-63705","post","type-post","status-publish","format-standard","hentry","category-descricoes-de-cargo","category-descricoes-de-vagas-de-recursos-humanos-rh"],"acf":[],"yoast_head":"<!-- This site is optimized with the Yoast SEO Premium plugin v27.4 (Yoast SEO v27.4) - https:\/\/yoast.com\/product\/yoast-seo-premium-wordpress\/ -->\n<title>Descri\u00e7\u00e3o do trabalho: Coordenador de Aquisi\u00e7\u00e3o de Talentos (f\/m\/d) - Workable<\/title>\n<meta name=\"description\" content=\"Publique o modelo da descri\u00e7\u00e3o da vaga de Coordenador de Aquisi\u00e7\u00e3o de Talentos em classificados de empregos on-line e p\u00e1ginas de carreiras para atrair os candidatos qualificados para as suas vagas.\" \/>\n<meta name=\"robots\" content=\"index, follow, max-snippet:-1, max-image-preview:large, max-video-preview:-1\" \/>\n<link rel=\"canonical\" href=\"https:\/\/resources.workable.com\/pt-br\/coordenador-de-aquisicao-de-talentos-descricao-do-trabalho\/\" \/>\n<meta property=\"og:locale\" content=\"pt_BR\" \/>\n<meta property=\"og:type\" content=\"article\" \/>\n<meta property=\"og:title\" content=\"Descri\u00e7\u00e3o do trabalho: Coordenador de Aquisi\u00e7\u00e3o de Talentos (f\/m\/d)\" \/>\n<meta property=\"og:description\" content=\"Publique o modelo da descri\u00e7\u00e3o da vaga de Coordenador de Aquisi\u00e7\u00e3o de Talentos em classificados de empregos on-line e p\u00e1ginas de carreiras para atrair os candidatos qualificados para as suas vagas.\" \/>\n<meta property=\"og:url\" content=\"https:\/\/resources.workable.com\/pt-br\/coordenador-de-aquisicao-de-talentos-descricao-do-trabalho\" \/>\n<meta property=\"og:site_name\" content=\"Recruiting Resources: How to Recruit and Hire Better\" \/>\n<meta property=\"article:publisher\" content=\"https:\/\/business.facebook.com\/workable\/\" \/>\n<meta property=\"article:published_time\" content=\"2020-01-08T11:14:04+00:00\" \/>\n<meta property=\"article:modified_time\" content=\"2020-02-06T13:19:33+00:00\" \/>\n<meta property=\"og:image\" content=\"https:\/\/resources.workable.com\/wp-content\/uploads\/2017\/08\/talent-acquisition-coordinator-shutterstock_662652484.jpg\" \/>\n<meta name=\"author\" content=\"Nikoletta Bika\" \/>\n<meta name=\"twitter:card\" content=\"summary_large_image\" \/>\n<meta name=\"twitter:creator\" content=\"@workable\" \/>\n<meta name=\"twitter:site\" content=\"@workable\" \/>\n<meta name=\"twitter:label1\" content=\"Escrito por\" \/>\n\t<meta name=\"twitter:data1\" content=\"Nikoletta Bika\" \/>\n\t<meta name=\"twitter:label2\" content=\"Est. tempo de leitura\" \/>\n\t<meta name=\"twitter:data2\" content=\"1 minuto\" \/>\n<script type=\"application\/ld+json\" class=\"yoast-schema-graph\">{\"@context\":\"https:\\\/\\\/schema.org\",\"@graph\":[{\"@type\":\"Article\",\"@id\":\"https:\\\/\\\/resources.workable.com\\\/pt-br\\\/coordenador-de-aquisicao-de-talentos-descricao-do-trabalho#article\",\"isPartOf\":{\"@id\":\"https:\\\/\\\/resources.workable.com\\\/pt-br\\\/coordenador-de-aquisicao-de-talentos-descricao-do-trabalho\"},\"author\":{\"name\":\"Nikoletta Bika\",\"@id\":\"https:\\\/\\\/resources.workable.com\\\/pt-br\\\/#\\\/schema\\\/person\\\/bddaa2e41481e7c9ef2328432ea089e7\"},\"headline\":\"Descri\u00e7\u00e3o do trabalho: Coordenador de Aquisi\u00e7\u00e3o de Talentos&nbsp;(f\\\/m\\\/d)\",\"datePublished\":\"2020-01-08T11:14:04+00:00\",\"dateModified\":\"2020-02-06T13:19:33+00:00\",\"mainEntityOfPage\":{\"@id\":\"https:\\\/\\\/resources.workable.com\\\/pt-br\\\/coordenador-de-aquisicao-de-talentos-descricao-do-trabalho\"},\"wordCount\":121,\"publisher\":{\"@id\":\"https:\\\/\\\/resources.workable.com\\\/pt-br\\\/#organization\"},\"image\":{\"@id\":\"https:\\\/\\\/resources.workable.com\\\/pt-br\\\/coordenador-de-aquisicao-de-talentos-descricao-do-trabalho#primaryimage\"},\"thumbnailUrl\":\"https:\\\/\\\/resources.workable.com\\\/wp-content\\\/uploads\\\/2017\\\/08\\\/talent-acquisition-coordinator-shutterstock_662652484.jpg\",\"articleSection\":[\"Descri\u00e7\u00f5es de cargo\",\"Descri\u00e7\u00f5es de vagas de Recursos Humanos (RH)\"],\"inLanguage\":\"pt-BR\"},{\"@type\":\"WebPage\",\"@id\":\"https:\\\/\\\/resources.workable.com\\\/pt-br\\\/coordenador-de-aquisicao-de-talentos-descricao-do-trabalho\",\"url\":\"https:\\\/\\\/resources.workable.com\\\/pt-br\\\/coordenador-de-aquisicao-de-talentos-descricao-do-trabalho\",\"name\":\"Descri\u00e7\u00e3o do trabalho: Coordenador de Aquisi\u00e7\u00e3o de Talentos (f\\\/m\\\/d) - Workable\",\"isPartOf\":{\"@id\":\"https:\\\/\\\/resources.workable.com\\\/pt-br\\\/#website\"},\"primaryImageOfPage\":{\"@id\":\"https:\\\/\\\/resources.workable.com\\\/pt-br\\\/coordenador-de-aquisicao-de-talentos-descricao-do-trabalho#primaryimage\"},\"image\":{\"@id\":\"https:\\\/\\\/resources.workable.com\\\/pt-br\\\/coordenador-de-aquisicao-de-talentos-descricao-do-trabalho#primaryimage\"},\"thumbnailUrl\":\"https:\\\/\\\/resources.workable.com\\\/wp-content\\\/uploads\\\/2017\\\/08\\\/talent-acquisition-coordinator-shutterstock_662652484.jpg\",\"datePublished\":\"2020-01-08T11:14:04+00:00\",\"dateModified\":\"2020-02-06T13:19:33+00:00\",\"description\":\"Publique o modelo da descri\u00e7\u00e3o da vaga de Coordenador de Aquisi\u00e7\u00e3o de Talentos em classificados de empregos on-line e p\u00e1ginas de carreiras para atrair os candidatos qualificados para as suas vagas.\",\"breadcrumb\":{\"@id\":\"https:\\\/\\\/resources.workable.com\\\/pt-br\\\/coordenador-de-aquisicao-de-talentos-descricao-do-trabalho#breadcrumb\"},\"inLanguage\":\"pt-BR\",\"potentialAction\":[{\"@type\":\"ReadAction\",\"target\":[\"https:\\\/\\\/resources.workable.com\\\/pt-br\\\/coordenador-de-aquisicao-de-talentos-descricao-do-trabalho\"]}]},{\"@type\":\"ImageObject\",\"inLanguage\":\"pt-BR\",\"@id\":\"https:\\\/\\\/resources.workable.com\\\/pt-br\\\/coordenador-de-aquisicao-de-talentos-descricao-do-trabalho#primaryimage\",\"url\":\"https:\\\/\\\/resources.workable.com\\\/wp-content\\\/uploads\\\/2017\\\/08\\\/talent-acquisition-coordinator-shutterstock_662652484.jpg\",\"contentUrl\":\"https:\\\/\\\/resources.workable.com\\\/wp-content\\\/uploads\\\/2017\\\/08\\\/talent-acquisition-coordinator-shutterstock_662652484.jpg\"},{\"@type\":\"BreadcrumbList\",\"@id\":\"https:\\\/\\\/resources.workable.com\\\/pt-br\\\/coordenador-de-aquisicao-de-talentos-descricao-do-trabalho#breadcrumb\",\"itemListElement\":[{\"@type\":\"ListItem\",\"position\":1,\"name\":\"Home\",\"item\":\"https:\\\/\\\/resources.workable.com\\\/pt-br\\\/\"},{\"@type\":\"ListItem\",\"position\":2,\"name\":\"Descri\u00e7\u00e3o do trabalho: Coordenador de Aquisi\u00e7\u00e3o de Talentos&nbsp;(f\\\/m\\\/d)\"}]},{\"@type\":\"WebSite\",\"@id\":\"https:\\\/\\\/resources.workable.com\\\/pt-br\\\/#website\",\"url\":\"https:\\\/\\\/resources.workable.com\\\/pt-br\\\/\",\"name\":\"Recruiting Resources: How to Recruit and Hire Better\",\"description\":\"\",\"publisher\":{\"@id\":\"https:\\\/\\\/resources.workable.com\\\/pt-br\\\/#organization\"},\"potentialAction\":[{\"@type\":\"SearchAction\",\"target\":{\"@type\":\"EntryPoint\",\"urlTemplate\":\"https:\\\/\\\/resources.workable.com\\\/pt-br\\\/?s={search_term_string}\"},\"query-input\":{\"@type\":\"PropertyValueSpecification\",\"valueRequired\":true,\"valueName\":\"search_term_string\"}}],\"inLanguage\":\"pt-BR\"},{\"@type\":\"Organization\",\"@id\":\"https:\\\/\\\/resources.workable.com\\\/pt-br\\\/#organization\",\"name\":\"Workable\",\"url\":\"https:\\\/\\\/resources.workable.com\\\/pt-br\\\/\",\"logo\":{\"@type\":\"ImageObject\",\"inLanguage\":\"pt-BR\",\"@id\":\"https:\\\/\\\/resources.workable.com\\\/pt-br\\\/#\\\/schema\\\/logo\\\/image\\\/\",\"url\":\"https:\\\/\\\/resources.workable.com\\\/wp-content\\\/uploads\\\/2017\\\/12\\\/logo-green.png\",\"contentUrl\":\"https:\\\/\\\/resources.workable.com\\\/wp-content\\\/uploads\\\/2017\\\/12\\\/logo-green.png\",\"width\":150,\"height\":25,\"caption\":\"Workable\"},\"image\":{\"@id\":\"https:\\\/\\\/resources.workable.com\\\/pt-br\\\/#\\\/schema\\\/logo\\\/image\\\/\"},\"sameAs\":[\"https:\\\/\\\/business.facebook.com\\\/workable\\\/\",\"https:\\\/\\\/x.com\\\/workable\",\"https:\\\/\\\/www.linkedin.com\\\/company\\\/workable-hr\\\/\"]},{\"@type\":\"Person\",\"@id\":\"https:\\\/\\\/resources.workable.com\\\/pt-br\\\/#\\\/schema\\\/person\\\/bddaa2e41481e7c9ef2328432ea089e7\",\"name\":\"Nikoletta Bika\",\"image\":{\"@type\":\"ImageObject\",\"inLanguage\":\"pt-BR\",\"@id\":\"https:\\\/\\\/secure.gravatar.com\\\/avatar\\\/777bf31309608e9152307199dd8aa97ff19f24849526f1b2b50f11b9ea40fca3?s=96&d=mm&r=pg\",\"url\":\"https:\\\/\\\/secure.gravatar.com\\\/avatar\\\/777bf31309608e9152307199dd8aa97ff19f24849526f1b2b50f11b9ea40fca3?s=96&d=mm&r=pg\",\"contentUrl\":\"https:\\\/\\\/secure.gravatar.com\\\/avatar\\\/777bf31309608e9152307199dd8aa97ff19f24849526f1b2b50f11b9ea40fca3?s=96&d=mm&r=pg\",\"caption\":\"Nikoletta Bika\"},\"description\":\"Nikoletta Bika was a senior writer at Workable for nearly four and a half years. She holds an MSc in HR and has written extensively about all things HR and recruiting, with a particular interest in bias, data, technology, legal compliance, and the future of work. She hates meaningless jargon and dreams about space travel.\",\"sameAs\":[\"http:\\\/\\\/workable.com\"],\"url\":\"https:\\\/\\\/resources.workable.com\\\/pt-br\\\/author\\\/nikoletta-bika\\\/\"}]}<\/script>\n<!-- \/ Yoast SEO Premium plugin. -->","yoast_head_json":{"title":"Descri\u00e7\u00e3o do trabalho: Coordenador de Aquisi\u00e7\u00e3o de Talentos (f\/m\/d) - Workable","description":"Publique o modelo da descri\u00e7\u00e3o da vaga de Coordenador de Aquisi\u00e7\u00e3o de Talentos em classificados de empregos on-line e p\u00e1ginas de carreiras para atrair os candidatos qualificados para as suas vagas.","robots":{"index":"index","follow":"follow","max-snippet":"max-snippet:-1","max-image-preview":"max-image-preview:large","max-video-preview":"max-video-preview:-1"},"canonical":"https:\/\/resources.workable.com\/pt-br\/coordenador-de-aquisicao-de-talentos-descricao-do-trabalho\/","og_locale":"pt_BR","og_type":"article","og_title":"Descri\u00e7\u00e3o do trabalho: Coordenador de Aquisi\u00e7\u00e3o de Talentos (f\/m\/d)","og_description":"Publique o modelo da descri\u00e7\u00e3o da vaga de Coordenador de Aquisi\u00e7\u00e3o de Talentos em classificados de empregos on-line e p\u00e1ginas de carreiras para atrair os candidatos qualificados para as suas vagas.","og_url":"https:\/\/resources.workable.com\/pt-br\/coordenador-de-aquisicao-de-talentos-descricao-do-trabalho","og_site_name":"Recruiting Resources: How to Recruit and Hire Better","article_publisher":"https:\/\/business.facebook.com\/workable\/","article_published_time":"2020-01-08T11:14:04+00:00","article_modified_time":"2020-02-06T13:19:33+00:00","og_image":[{"url":"https:\/\/resources.workable.com\/wp-content\/uploads\/2017\/08\/talent-acquisition-coordinator-shutterstock_662652484.jpg","type":"","width":"","height":""}],"author":"Nikoletta Bika","twitter_card":"summary_large_image","twitter_creator":"@workable","twitter_site":"@workable","twitter_misc":{"Escrito por":"Nikoletta Bika","Est. tempo de leitura":"1 minuto"},"schema":{"@context":"https:\/\/schema.org","@graph":[{"@type":"Article","@id":"https:\/\/resources.workable.com\/pt-br\/coordenador-de-aquisicao-de-talentos-descricao-do-trabalho#article","isPartOf":{"@id":"https:\/\/resources.workable.com\/pt-br\/coordenador-de-aquisicao-de-talentos-descricao-do-trabalho"},"author":{"name":"Nikoletta Bika","@id":"https:\/\/resources.workable.com\/pt-br\/#\/schema\/person\/bddaa2e41481e7c9ef2328432ea089e7"},"headline":"Descri\u00e7\u00e3o do trabalho: Coordenador de Aquisi\u00e7\u00e3o de Talentos&nbsp;(f\/m\/d)","datePublished":"2020-01-08T11:14:04+00:00","dateModified":"2020-02-06T13:19:33+00:00","mainEntityOfPage":{"@id":"https:\/\/resources.workable.com\/pt-br\/coordenador-de-aquisicao-de-talentos-descricao-do-trabalho"},"wordCount":121,"publisher":{"@id":"https:\/\/resources.workable.com\/pt-br\/#organization"},"image":{"@id":"https:\/\/resources.workable.com\/pt-br\/coordenador-de-aquisicao-de-talentos-descricao-do-trabalho#primaryimage"},"thumbnailUrl":"https:\/\/resources.workable.com\/wp-content\/uploads\/2017\/08\/talent-acquisition-coordinator-shutterstock_662652484.jpg","articleSection":["Descri\u00e7\u00f5es de cargo","Descri\u00e7\u00f5es de vagas de Recursos Humanos (RH)"],"inLanguage":"pt-BR"},{"@type":"WebPage","@id":"https:\/\/resources.workable.com\/pt-br\/coordenador-de-aquisicao-de-talentos-descricao-do-trabalho","url":"https:\/\/resources.workable.com\/pt-br\/coordenador-de-aquisicao-de-talentos-descricao-do-trabalho","name":"Descri\u00e7\u00e3o do trabalho: Coordenador de Aquisi\u00e7\u00e3o de Talentos (f\/m\/d) - Workable","isPartOf":{"@id":"https:\/\/resources.workable.com\/pt-br\/#website"},"primaryImageOfPage":{"@id":"https:\/\/resources.workable.com\/pt-br\/coordenador-de-aquisicao-de-talentos-descricao-do-trabalho#primaryimage"},"image":{"@id":"https:\/\/resources.workable.com\/pt-br\/coordenador-de-aquisicao-de-talentos-descricao-do-trabalho#primaryimage"},"thumbnailUrl":"https:\/\/resources.workable.com\/wp-content\/uploads\/2017\/08\/talent-acquisition-coordinator-shutterstock_662652484.jpg","datePublished":"2020-01-08T11:14:04+00:00","dateModified":"2020-02-06T13:19:33+00:00","description":"Publique o modelo da descri\u00e7\u00e3o da vaga de Coordenador de Aquisi\u00e7\u00e3o de Talentos em classificados de empregos on-line e p\u00e1ginas de carreiras para atrair os candidatos qualificados para as suas vagas.","breadcrumb":{"@id":"https:\/\/resources.workable.com\/pt-br\/coordenador-de-aquisicao-de-talentos-descricao-do-trabalho#breadcrumb"},"inLanguage":"pt-BR","potentialAction":[{"@type":"ReadAction","target":["https:\/\/resources.workable.com\/pt-br\/coordenador-de-aquisicao-de-talentos-descricao-do-trabalho"]}]},{"@type":"ImageObject","inLanguage":"pt-BR","@id":"https:\/\/resources.workable.com\/pt-br\/coordenador-de-aquisicao-de-talentos-descricao-do-trabalho#primaryimage","url":"https:\/\/resources.workable.com\/wp-content\/uploads\/2017\/08\/talent-acquisition-coordinator-shutterstock_662652484.jpg","contentUrl":"https:\/\/resources.workable.com\/wp-content\/uploads\/2017\/08\/talent-acquisition-coordinator-shutterstock_662652484.jpg"},{"@type":"BreadcrumbList","@id":"https:\/\/resources.workable.com\/pt-br\/coordenador-de-aquisicao-de-talentos-descricao-do-trabalho#breadcrumb","itemListElement":[{"@type":"ListItem","position":1,"name":"Home","item":"https:\/\/resources.workable.com\/pt-br\/"},{"@type":"ListItem","position":2,"name":"Descri\u00e7\u00e3o do trabalho: Coordenador de Aquisi\u00e7\u00e3o de Talentos&nbsp;(f\/m\/d)"}]},{"@type":"WebSite","@id":"https:\/\/resources.workable.com\/pt-br\/#website","url":"https:\/\/resources.workable.com\/pt-br\/","name":"Recruiting Resources: How to Recruit and Hire Better","description":"","publisher":{"@id":"https:\/\/resources.workable.com\/pt-br\/#organization"},"potentialAction":[{"@type":"SearchAction","target":{"@type":"EntryPoint","urlTemplate":"https:\/\/resources.workable.com\/pt-br\/?s={search_term_string}"},"query-input":{"@type":"PropertyValueSpecification","valueRequired":true,"valueName":"search_term_string"}}],"inLanguage":"pt-BR"},{"@type":"Organization","@id":"https:\/\/resources.workable.com\/pt-br\/#organization","name":"Workable","url":"https:\/\/resources.workable.com\/pt-br\/","logo":{"@type":"ImageObject","inLanguage":"pt-BR","@id":"https:\/\/resources.workable.com\/pt-br\/#\/schema\/logo\/image\/","url":"https:\/\/resources.workable.com\/wp-content\/uploads\/2017\/12\/logo-green.png","contentUrl":"https:\/\/resources.workable.com\/wp-content\/uploads\/2017\/12\/logo-green.png","width":150,"height":25,"caption":"Workable"},"image":{"@id":"https:\/\/resources.workable.com\/pt-br\/#\/schema\/logo\/image\/"},"sameAs":["https:\/\/business.facebook.com\/workable\/","https:\/\/x.com\/workable","https:\/\/www.linkedin.com\/company\/workable-hr\/"]},{"@type":"Person","@id":"https:\/\/resources.workable.com\/pt-br\/#\/schema\/person\/bddaa2e41481e7c9ef2328432ea089e7","name":"Nikoletta Bika","image":{"@type":"ImageObject","inLanguage":"pt-BR","@id":"https:\/\/secure.gravatar.com\/avatar\/777bf31309608e9152307199dd8aa97ff19f24849526f1b2b50f11b9ea40fca3?s=96&d=mm&r=pg","url":"https:\/\/secure.gravatar.com\/avatar\/777bf31309608e9152307199dd8aa97ff19f24849526f1b2b50f11b9ea40fca3?s=96&d=mm&r=pg","contentUrl":"https:\/\/secure.gravatar.com\/avatar\/777bf31309608e9152307199dd8aa97ff19f24849526f1b2b50f11b9ea40fca3?s=96&d=mm&r=pg","caption":"Nikoletta Bika"},"description":"Nikoletta Bika was a senior writer at Workable for nearly four and a half years. She holds an MSc in HR and has written extensively about all things HR and recruiting, with a particular interest in bias, data, technology, legal compliance, and the future of work. She hates meaningless jargon and dreams about space travel.","sameAs":["http:\/\/workable.com"],"url":"https:\/\/resources.workable.com\/pt-br\/author\/nikoletta-bika\/"}]}},"modified_by":"Zina Panagopoulou","custom_fields":{"brief":"Procuramos um Coordenador de Aquisi\u00e7\u00e3o de Talentos para ajudar e melhorar como a nossa empresa atrai e seleciona novos funcion\u00e1rios.\r\n\r\nAs responsabilidades do Coordenador de Aquisi\u00e7\u00e3o de Talentos incluem a assist\u00eancia administrativa da nossa equipe de recrutamento, a elabora\u00e7\u00e3o de descri\u00e7\u00f5es de vagas de emprego e a manuten\u00e7\u00e3o das bases de dados com informa\u00e7\u00f5es do candidato. Se est\u00e1 familiarizado com estrat\u00e9gias de recrutamento, inclusive m\u00e9todos de busca de talentos, triagem e entrevistas, gostar\u00edamos de conhec\u00ea-lo.\r\n\r\nEm suma, voc\u00ea ajudar\u00e1 a manter nosso processo de contrata\u00e7\u00e3o tranquilo e garantir\u00e1 o recrutamento e a reten\u00e7\u00e3o de funcion\u00e1rios de alto desempenho.","requirements":"<ul>\r\n \t<li>Experi\u00eancia profissional como Coordenador de Aquisi\u00e7\u00e3o de Talentos, <a href=\"https:\/\/resources.workable.com\/hr-assistant-job-description\" target=\"_blank\" rel=\"noopener\">assistente de RH<\/a> ou fun\u00e7\u00e3o similar<\/li>\r\n \t<li>Familiaridade com Sistemas de Monitoramento do Candidato e banco de dados de curr\u00edculos<\/li>\r\n \t<li>Conhecimento b\u00e1sico da legisla\u00e7\u00e3o trabalhista<\/li>\r\n \t<li>Experi\u00eancia no uso de redes sociais profissionais (LinkedIn, principalmente)<\/li>\r\n \t<li>Excelentes habilidades organizacionais<\/li>\r\n \t<li>Bacharelado em Gest\u00e3o de Recursos Humanos, Psicologia Organizacional ou \u00e1rea relevante<\/li>\r\n<\/ul>","responsibilities":"<ul>\r\n \t<li>Elaborar e atualizar descri\u00e7\u00f5es de vagas de emprego<\/li>\r\n \t<li>Preparar cartas de oferta de emprego<\/li>\r\n \t<li>Conduzir an\u00e1lises de remunera\u00e7\u00e3o e benef\u00edcios para v\u00e1rios cargos<\/li>\r\n \t<li>Organizar os dados dos candidatos (por exemplo, curr\u00edculos, fun\u00e7\u00f5es e detalhes de contato) nas bases de dados internas<\/li>\r\n \t<li>Preparar pesquisas da experi\u00eancia do candidato e analisar o feedback<\/li>\r\n \t<li>Realizar verifica\u00e7\u00f5es de refer\u00eancia e de antecedentes<\/li>\r\n \t<li>Coordenar entrevistas e contatar os candidatos, quando necess\u00e1rio<\/li>\r\n \t<li>Preparar relat\u00f3rios com m\u00e9tricas de novos contratados (por exemplo, tempo de preenchimento, tempo de contrata\u00e7\u00e3o e origem do contratado)<\/li>\r\n \t<li>Organizar os processos de refer\u00eancia de nossos funcion\u00e1rios, inclusive os pedidos de refer\u00eancias e gest\u00e3o de b\u00f4nus<\/li>\r\n \t<li>Auxiliar na integra\u00e7\u00e3o do novo contratado (por exemplo, prepara\u00e7\u00e3o da documenta\u00e7\u00e3o necess\u00e1ria e programa\u00e7\u00e3o de treinamentos)<\/li>\r\n<\/ul>","see_more":""},"_links":{"self":[{"href":"https:\/\/resources.workable.com\/pt-br\/wp-json\/wp\/v2\/posts\/63705","targetHints":{"allow":["GET"]}}],"collection":[{"href":"https:\/\/resources.workable.com\/pt-br\/wp-json\/wp\/v2\/posts"}],"about":[{"href":"https:\/\/resources.workable.com\/pt-br\/wp-json\/wp\/v2\/types\/post"}],"author":[{"embeddable":true,"href":"https:\/\/resources.workable.com\/pt-br\/wp-json\/wp\/v2\/users\/28"}],"replies":[{"embeddable":true,"href":"https:\/\/resources.workable.com\/pt-br\/wp-json\/wp\/v2\/comments?post=63705"}],"version-history":[{"count":0,"href":"https:\/\/resources.workable.com\/pt-br\/wp-json\/wp\/v2\/posts\/63705\/revisions"}],"wp:attachment":[{"href":"https:\/\/resources.workable.com\/pt-br\/wp-json\/wp\/v2\/media?parent=63705"}],"wp:term":[{"taxonomy":"category","embeddable":true,"href":"https:\/\/resources.workable.com\/pt-br\/wp-json\/wp\/v2\/categories?post=63705"},{"taxonomy":"post_tag","embeddable":true,"href":"https:\/\/resources.workable.com\/pt-br\/wp-json\/wp\/v2\/tags?post=63705"}],"curies":[{"name":"wp","href":"https:\/\/api.w.org\/{rel}","templated":true}]}}