{"id":63695,"date":"2020-01-08T11:14:04","date_gmt":"2020-01-08T11:14:04","guid":{"rendered":"https:\/\/resources.workable.com\/?p=63695"},"modified":"2020-02-06T13:19:30","modified_gmt":"2020-02-06T13:19:30","slug":"descricao-do-trabalho-gerente-de-integracao-de-rh-f-m-d","status":"publish","type":"post","link":"https:\/\/resources.workable.com\/pt-br\/gerente-de-integracao-de-rh-descricao-do-trabalho","title":{"rendered":"Descri\u00e7\u00e3o do trabalho: Gerente de Integra\u00e7\u00e3o de RH&nbsp;(f\/m\/d)"},"content":{"rendered":"<p>Este \u00e9 um modelo da descri\u00e7\u00e3o da vaga de <strong>Gerente de Integra\u00e7\u00e3o de RH<\/strong> que voc\u00ea pode usar para contratar os profissionais de RH. Personalize este modelo com as atribui\u00e7\u00f5es da vaga espec\u00edficas da sua empresa.<\/p>\n<h2>As responsabilidades de Gerente de Integra\u00e7\u00e3o de RH incluem:<\/h2>\n<ul>\n<li>Organizar programas de orienta\u00e7\u00e3o (primeiro dia, primeira semana, primeiro m\u00eas e primeiro trimestre)<\/li>\n<li>Agir como consultor para novos funcion\u00e1rios<\/li>\n<li>Criar e atualizar o nosso manual do funcion\u00e1rio<\/li>\n<\/ul>\n<p><img loading=\"lazy\" decoding=\"async\" class=\"size-full wp-image-22669 alignnone\" src=\"https:\/\/resources.workable.com\/wp-content\/uploads\/2017\/08\/shutterstock_477919507.jpg\" alt=\"Descri\u00e7\u00e3o da vaga de Gerente de Integra\u00e7\u00e3o de RH\" width=\"640\" height=\"230\" srcset=\"https:\/\/resources.workable.com\/wp-content\/uploads\/2017\/08\/shutterstock_477919507.jpg 640w, https:\/\/resources.workable.com\/wp-content\/uploads\/2017\/08\/shutterstock_477919507-200x72.jpg 200w, https:\/\/resources.workable.com\/wp-content\/uploads\/2017\/08\/shutterstock_477919507-560x201.jpg 560w\" sizes=\"auto, (max-width: 640px) 100vw, 640px\" \/><\/p>\n","protected":false},"excerpt":{"rendered":"<p>Este \u00e9 um modelo da descri\u00e7\u00e3o da vaga de Gerente de Integra\u00e7\u00e3o de RH que voc\u00ea pode usar para contratar os profissionais de RH. Personalize este modelo com as atribui\u00e7\u00f5es da vaga espec\u00edficas da sua empresa. As responsabilidades de Gerente de Integra\u00e7\u00e3o de RH incluem: Organizar programas de orienta\u00e7\u00e3o (primeiro dia, primeira semana, primeiro m\u00eas [&hellip;]<\/p>\n","protected":false},"author":41,"featured_media":0,"comment_status":"closed","ping_status":"closed","sticky":false,"template":"","format":"standard","meta":{"_acf_changed":false,"_lmt_disableupdate":"no","_lmt_disable":"","_has_post_settings":[],"footnotes":""},"categories":[1048,1338],"tags":[],"class_list":["post-63695","post","type-post","status-publish","format-standard","hentry","category-descricoes-de-cargo","category-descricoes-de-vagas-de-recursos-humanos-rh"],"acf":[],"yoast_head":"<!-- This site is optimized with the Yoast SEO Premium plugin v27.4 (Yoast SEO v27.4) - https:\/\/yoast.com\/product\/yoast-seo-premium-wordpress\/ -->\n<title>Modelo da descri\u00e7\u00e3o da vaga de Gerente de Integra\u00e7\u00e3o de RH | Workable<\/title>\n<meta name=\"description\" content=\"Este \u00e9 um modelo da descri\u00e7\u00e3o da vaga de Gerente de Integra\u00e7\u00e3o de RH que voc\u00ea pode usar para contratar os profissionais de RH. Personalize este modelo com as atribui\u00e7\u00f5es espec\u00edficas da vaga.\" \/>\n<meta name=\"robots\" content=\"index, follow, max-snippet:-1, max-image-preview:large, max-video-preview:-1\" \/>\n<link rel=\"canonical\" href=\"https:\/\/resources.workable.com\/pt-br\/gerente-de-integracao-de-rh-descricao-do-trabalho\/\" \/>\n<meta property=\"og:locale\" content=\"pt_BR\" \/>\n<meta property=\"og:type\" content=\"article\" \/>\n<meta property=\"og:title\" content=\"Descri\u00e7\u00e3o do trabalho: Gerente de Integra\u00e7\u00e3o de RH (f\/m\/d)\" \/>\n<meta property=\"og:description\" content=\"Este \u00e9 um modelo da descri\u00e7\u00e3o da vaga de Gerente de Integra\u00e7\u00e3o de RH que voc\u00ea pode usar para contratar os profissionais de RH. Personalize este modelo com as atribui\u00e7\u00f5es espec\u00edficas da vaga.\" \/>\n<meta property=\"og:url\" content=\"https:\/\/resources.workable.com\/pt-br\/gerente-de-integracao-de-rh-descricao-do-trabalho\" \/>\n<meta property=\"og:site_name\" content=\"Recruiting Resources: How to Recruit and Hire Better\" \/>\n<meta property=\"article:publisher\" content=\"https:\/\/business.facebook.com\/workable\/\" \/>\n<meta property=\"article:published_time\" content=\"2020-01-08T11:14:04+00:00\" \/>\n<meta property=\"article:modified_time\" content=\"2020-02-06T13:19:30+00:00\" \/>\n<meta property=\"og:image\" content=\"https:\/\/resources.workable.com\/wp-content\/uploads\/2017\/08\/shutterstock_477919507.jpg\" \/>\n<meta name=\"author\" content=\"Christina Pavlou\" \/>\n<meta name=\"twitter:card\" content=\"summary_large_image\" \/>\n<meta name=\"twitter:creator\" content=\"@workable\" \/>\n<meta name=\"twitter:site\" content=\"@workable\" \/>\n<meta name=\"twitter:label1\" content=\"Escrito por\" \/>\n\t<meta name=\"twitter:data1\" content=\"Christina Pavlou\" \/>\n<script type=\"application\/ld+json\" class=\"yoast-schema-graph\">{\"@context\":\"https:\\\/\\\/schema.org\",\"@graph\":[{\"@type\":\"Article\",\"@id\":\"https:\\\/\\\/resources.workable.com\\\/pt-br\\\/gerente-de-integracao-de-rh-descricao-do-trabalho#article\",\"isPartOf\":{\"@id\":\"https:\\\/\\\/resources.workable.com\\\/pt-br\\\/gerente-de-integracao-de-rh-descricao-do-trabalho\"},\"author\":{\"name\":\"Christina Pavlou\",\"@id\":\"https:\\\/\\\/resources.workable.com\\\/pt-br\\\/#\\\/schema\\\/person\\\/b23289d8d63331621eee9e69103cd603\"},\"headline\":\"Descri\u00e7\u00e3o do trabalho: Gerente de Integra\u00e7\u00e3o de RH&nbsp;(f\\\/m\\\/d)\",\"datePublished\":\"2020-01-08T11:14:04+00:00\",\"dateModified\":\"2020-02-06T13:19:30+00:00\",\"mainEntityOfPage\":{\"@id\":\"https:\\\/\\\/resources.workable.com\\\/pt-br\\\/gerente-de-integracao-de-rh-descricao-do-trabalho\"},\"wordCount\":93,\"publisher\":{\"@id\":\"https:\\\/\\\/resources.workable.com\\\/pt-br\\\/#organization\"},\"image\":{\"@id\":\"https:\\\/\\\/resources.workable.com\\\/pt-br\\\/gerente-de-integracao-de-rh-descricao-do-trabalho#primaryimage\"},\"thumbnailUrl\":\"https:\\\/\\\/resources.workable.com\\\/wp-content\\\/uploads\\\/2017\\\/08\\\/shutterstock_477919507.jpg\",\"articleSection\":[\"Descri\u00e7\u00f5es de cargo\",\"Descri\u00e7\u00f5es de vagas de Recursos Humanos (RH)\"],\"inLanguage\":\"pt-BR\"},{\"@type\":\"WebPage\",\"@id\":\"https:\\\/\\\/resources.workable.com\\\/pt-br\\\/gerente-de-integracao-de-rh-descricao-do-trabalho\",\"url\":\"https:\\\/\\\/resources.workable.com\\\/pt-br\\\/gerente-de-integracao-de-rh-descricao-do-trabalho\",\"name\":\"Modelo da descri\u00e7\u00e3o da vaga de Gerente de Integra\u00e7\u00e3o de RH | Workable\",\"isPartOf\":{\"@id\":\"https:\\\/\\\/resources.workable.com\\\/pt-br\\\/#website\"},\"primaryImageOfPage\":{\"@id\":\"https:\\\/\\\/resources.workable.com\\\/pt-br\\\/gerente-de-integracao-de-rh-descricao-do-trabalho#primaryimage\"},\"image\":{\"@id\":\"https:\\\/\\\/resources.workable.com\\\/pt-br\\\/gerente-de-integracao-de-rh-descricao-do-trabalho#primaryimage\"},\"thumbnailUrl\":\"https:\\\/\\\/resources.workable.com\\\/wp-content\\\/uploads\\\/2017\\\/08\\\/shutterstock_477919507.jpg\",\"datePublished\":\"2020-01-08T11:14:04+00:00\",\"dateModified\":\"2020-02-06T13:19:30+00:00\",\"description\":\"Este \u00e9 um modelo da descri\u00e7\u00e3o da vaga de Gerente de Integra\u00e7\u00e3o de RH que voc\u00ea pode usar para contratar os profissionais de RH. Personalize este modelo com as atribui\u00e7\u00f5es espec\u00edficas da vaga.\",\"breadcrumb\":{\"@id\":\"https:\\\/\\\/resources.workable.com\\\/pt-br\\\/gerente-de-integracao-de-rh-descricao-do-trabalho#breadcrumb\"},\"inLanguage\":\"pt-BR\",\"potentialAction\":[{\"@type\":\"ReadAction\",\"target\":[\"https:\\\/\\\/resources.workable.com\\\/pt-br\\\/gerente-de-integracao-de-rh-descricao-do-trabalho\"]}]},{\"@type\":\"ImageObject\",\"inLanguage\":\"pt-BR\",\"@id\":\"https:\\\/\\\/resources.workable.com\\\/pt-br\\\/gerente-de-integracao-de-rh-descricao-do-trabalho#primaryimage\",\"url\":\"https:\\\/\\\/resources.workable.com\\\/wp-content\\\/uploads\\\/2017\\\/08\\\/shutterstock_477919507.jpg\",\"contentUrl\":\"https:\\\/\\\/resources.workable.com\\\/wp-content\\\/uploads\\\/2017\\\/08\\\/shutterstock_477919507.jpg\"},{\"@type\":\"BreadcrumbList\",\"@id\":\"https:\\\/\\\/resources.workable.com\\\/pt-br\\\/gerente-de-integracao-de-rh-descricao-do-trabalho#breadcrumb\",\"itemListElement\":[{\"@type\":\"ListItem\",\"position\":1,\"name\":\"Home\",\"item\":\"https:\\\/\\\/resources.workable.com\\\/pt-br\\\/\"},{\"@type\":\"ListItem\",\"position\":2,\"name\":\"Descri\u00e7\u00e3o do trabalho: Gerente de Integra\u00e7\u00e3o de RH&nbsp;(f\\\/m\\\/d)\"}]},{\"@type\":\"WebSite\",\"@id\":\"https:\\\/\\\/resources.workable.com\\\/pt-br\\\/#website\",\"url\":\"https:\\\/\\\/resources.workable.com\\\/pt-br\\\/\",\"name\":\"Recruiting Resources: How to Recruit and Hire Better\",\"description\":\"\",\"publisher\":{\"@id\":\"https:\\\/\\\/resources.workable.com\\\/pt-br\\\/#organization\"},\"potentialAction\":[{\"@type\":\"SearchAction\",\"target\":{\"@type\":\"EntryPoint\",\"urlTemplate\":\"https:\\\/\\\/resources.workable.com\\\/pt-br\\\/?s={search_term_string}\"},\"query-input\":{\"@type\":\"PropertyValueSpecification\",\"valueRequired\":true,\"valueName\":\"search_term_string\"}}],\"inLanguage\":\"pt-BR\"},{\"@type\":\"Organization\",\"@id\":\"https:\\\/\\\/resources.workable.com\\\/pt-br\\\/#organization\",\"name\":\"Workable\",\"url\":\"https:\\\/\\\/resources.workable.com\\\/pt-br\\\/\",\"logo\":{\"@type\":\"ImageObject\",\"inLanguage\":\"pt-BR\",\"@id\":\"https:\\\/\\\/resources.workable.com\\\/pt-br\\\/#\\\/schema\\\/logo\\\/image\\\/\",\"url\":\"https:\\\/\\\/resources.workable.com\\\/wp-content\\\/uploads\\\/2017\\\/12\\\/logo-green.png\",\"contentUrl\":\"https:\\\/\\\/resources.workable.com\\\/wp-content\\\/uploads\\\/2017\\\/12\\\/logo-green.png\",\"width\":150,\"height\":25,\"caption\":\"Workable\"},\"image\":{\"@id\":\"https:\\\/\\\/resources.workable.com\\\/pt-br\\\/#\\\/schema\\\/logo\\\/image\\\/\"},\"sameAs\":[\"https:\\\/\\\/business.facebook.com\\\/workable\\\/\",\"https:\\\/\\\/x.com\\\/workable\",\"https:\\\/\\\/www.linkedin.com\\\/company\\\/workable-hr\\\/\"]},{\"@type\":\"Person\",\"@id\":\"https:\\\/\\\/resources.workable.com\\\/pt-br\\\/#\\\/schema\\\/person\\\/b23289d8d63331621eee9e69103cd603\",\"name\":\"Christina Pavlou\",\"image\":{\"@type\":\"ImageObject\",\"inLanguage\":\"pt-BR\",\"@id\":\"https:\\\/\\\/secure.gravatar.com\\\/avatar\\\/9ed48272d268bb7071cf243f8d2dcaeaa1f26feca5ecd3fbed59e0378447bc49?s=96&d=mm&r=pg\",\"url\":\"https:\\\/\\\/secure.gravatar.com\\\/avatar\\\/9ed48272d268bb7071cf243f8d2dcaeaa1f26feca5ecd3fbed59e0378447bc49?s=96&d=mm&r=pg\",\"contentUrl\":\"https:\\\/\\\/secure.gravatar.com\\\/avatar\\\/9ed48272d268bb7071cf243f8d2dcaeaa1f26feca5ecd3fbed59e0378447bc49?s=96&d=mm&r=pg\",\"caption\":\"Christina Pavlou\"},\"description\":\"Christina Pavlou was a writer at Workable for nearly four years, and previously a recruiter. She writes about diversity in the workplace and reports on the shape of things to come. You can find her on LinkedIn and Twitter.\",\"url\":\"https:\\\/\\\/resources.workable.com\\\/pt-br\\\/author\\\/christina\\\/\"}]}<\/script>\n<!-- \/ Yoast SEO Premium plugin. -->","yoast_head_json":{"title":"Modelo da descri\u00e7\u00e3o da vaga de Gerente de Integra\u00e7\u00e3o de RH | Workable","description":"Este \u00e9 um modelo da descri\u00e7\u00e3o da vaga de Gerente de Integra\u00e7\u00e3o de RH que voc\u00ea pode usar para contratar os profissionais de RH. Personalize este modelo com as atribui\u00e7\u00f5es espec\u00edficas da vaga.","robots":{"index":"index","follow":"follow","max-snippet":"max-snippet:-1","max-image-preview":"max-image-preview:large","max-video-preview":"max-video-preview:-1"},"canonical":"https:\/\/resources.workable.com\/pt-br\/gerente-de-integracao-de-rh-descricao-do-trabalho\/","og_locale":"pt_BR","og_type":"article","og_title":"Descri\u00e7\u00e3o do trabalho: Gerente de Integra\u00e7\u00e3o de RH (f\/m\/d)","og_description":"Este \u00e9 um modelo da descri\u00e7\u00e3o da vaga de Gerente de Integra\u00e7\u00e3o de RH que voc\u00ea pode usar para contratar os profissionais de RH. Personalize este modelo com as atribui\u00e7\u00f5es espec\u00edficas da vaga.","og_url":"https:\/\/resources.workable.com\/pt-br\/gerente-de-integracao-de-rh-descricao-do-trabalho","og_site_name":"Recruiting Resources: How to Recruit and Hire Better","article_publisher":"https:\/\/business.facebook.com\/workable\/","article_published_time":"2020-01-08T11:14:04+00:00","article_modified_time":"2020-02-06T13:19:30+00:00","og_image":[{"url":"https:\/\/resources.workable.com\/wp-content\/uploads\/2017\/08\/shutterstock_477919507.jpg","type":"","width":"","height":""}],"author":"Christina Pavlou","twitter_card":"summary_large_image","twitter_creator":"@workable","twitter_site":"@workable","twitter_misc":{"Escrito por":"Christina Pavlou"},"schema":{"@context":"https:\/\/schema.org","@graph":[{"@type":"Article","@id":"https:\/\/resources.workable.com\/pt-br\/gerente-de-integracao-de-rh-descricao-do-trabalho#article","isPartOf":{"@id":"https:\/\/resources.workable.com\/pt-br\/gerente-de-integracao-de-rh-descricao-do-trabalho"},"author":{"name":"Christina Pavlou","@id":"https:\/\/resources.workable.com\/pt-br\/#\/schema\/person\/b23289d8d63331621eee9e69103cd603"},"headline":"Descri\u00e7\u00e3o do trabalho: Gerente de Integra\u00e7\u00e3o de RH&nbsp;(f\/m\/d)","datePublished":"2020-01-08T11:14:04+00:00","dateModified":"2020-02-06T13:19:30+00:00","mainEntityOfPage":{"@id":"https:\/\/resources.workable.com\/pt-br\/gerente-de-integracao-de-rh-descricao-do-trabalho"},"wordCount":93,"publisher":{"@id":"https:\/\/resources.workable.com\/pt-br\/#organization"},"image":{"@id":"https:\/\/resources.workable.com\/pt-br\/gerente-de-integracao-de-rh-descricao-do-trabalho#primaryimage"},"thumbnailUrl":"https:\/\/resources.workable.com\/wp-content\/uploads\/2017\/08\/shutterstock_477919507.jpg","articleSection":["Descri\u00e7\u00f5es de cargo","Descri\u00e7\u00f5es de vagas de Recursos Humanos (RH)"],"inLanguage":"pt-BR"},{"@type":"WebPage","@id":"https:\/\/resources.workable.com\/pt-br\/gerente-de-integracao-de-rh-descricao-do-trabalho","url":"https:\/\/resources.workable.com\/pt-br\/gerente-de-integracao-de-rh-descricao-do-trabalho","name":"Modelo da descri\u00e7\u00e3o da vaga de Gerente de Integra\u00e7\u00e3o de RH | Workable","isPartOf":{"@id":"https:\/\/resources.workable.com\/pt-br\/#website"},"primaryImageOfPage":{"@id":"https:\/\/resources.workable.com\/pt-br\/gerente-de-integracao-de-rh-descricao-do-trabalho#primaryimage"},"image":{"@id":"https:\/\/resources.workable.com\/pt-br\/gerente-de-integracao-de-rh-descricao-do-trabalho#primaryimage"},"thumbnailUrl":"https:\/\/resources.workable.com\/wp-content\/uploads\/2017\/08\/shutterstock_477919507.jpg","datePublished":"2020-01-08T11:14:04+00:00","dateModified":"2020-02-06T13:19:30+00:00","description":"Este \u00e9 um modelo da descri\u00e7\u00e3o da vaga de Gerente de Integra\u00e7\u00e3o de RH que voc\u00ea pode usar para contratar os profissionais de RH. Personalize este modelo com as atribui\u00e7\u00f5es espec\u00edficas da vaga.","breadcrumb":{"@id":"https:\/\/resources.workable.com\/pt-br\/gerente-de-integracao-de-rh-descricao-do-trabalho#breadcrumb"},"inLanguage":"pt-BR","potentialAction":[{"@type":"ReadAction","target":["https:\/\/resources.workable.com\/pt-br\/gerente-de-integracao-de-rh-descricao-do-trabalho"]}]},{"@type":"ImageObject","inLanguage":"pt-BR","@id":"https:\/\/resources.workable.com\/pt-br\/gerente-de-integracao-de-rh-descricao-do-trabalho#primaryimage","url":"https:\/\/resources.workable.com\/wp-content\/uploads\/2017\/08\/shutterstock_477919507.jpg","contentUrl":"https:\/\/resources.workable.com\/wp-content\/uploads\/2017\/08\/shutterstock_477919507.jpg"},{"@type":"BreadcrumbList","@id":"https:\/\/resources.workable.com\/pt-br\/gerente-de-integracao-de-rh-descricao-do-trabalho#breadcrumb","itemListElement":[{"@type":"ListItem","position":1,"name":"Home","item":"https:\/\/resources.workable.com\/pt-br\/"},{"@type":"ListItem","position":2,"name":"Descri\u00e7\u00e3o do trabalho: Gerente de Integra\u00e7\u00e3o de RH&nbsp;(f\/m\/d)"}]},{"@type":"WebSite","@id":"https:\/\/resources.workable.com\/pt-br\/#website","url":"https:\/\/resources.workable.com\/pt-br\/","name":"Recruiting Resources: How to Recruit and Hire Better","description":"","publisher":{"@id":"https:\/\/resources.workable.com\/pt-br\/#organization"},"potentialAction":[{"@type":"SearchAction","target":{"@type":"EntryPoint","urlTemplate":"https:\/\/resources.workable.com\/pt-br\/?s={search_term_string}"},"query-input":{"@type":"PropertyValueSpecification","valueRequired":true,"valueName":"search_term_string"}}],"inLanguage":"pt-BR"},{"@type":"Organization","@id":"https:\/\/resources.workable.com\/pt-br\/#organization","name":"Workable","url":"https:\/\/resources.workable.com\/pt-br\/","logo":{"@type":"ImageObject","inLanguage":"pt-BR","@id":"https:\/\/resources.workable.com\/pt-br\/#\/schema\/logo\/image\/","url":"https:\/\/resources.workable.com\/wp-content\/uploads\/2017\/12\/logo-green.png","contentUrl":"https:\/\/resources.workable.com\/wp-content\/uploads\/2017\/12\/logo-green.png","width":150,"height":25,"caption":"Workable"},"image":{"@id":"https:\/\/resources.workable.com\/pt-br\/#\/schema\/logo\/image\/"},"sameAs":["https:\/\/business.facebook.com\/workable\/","https:\/\/x.com\/workable","https:\/\/www.linkedin.com\/company\/workable-hr\/"]},{"@type":"Person","@id":"https:\/\/resources.workable.com\/pt-br\/#\/schema\/person\/b23289d8d63331621eee9e69103cd603","name":"Christina Pavlou","image":{"@type":"ImageObject","inLanguage":"pt-BR","@id":"https:\/\/secure.gravatar.com\/avatar\/9ed48272d268bb7071cf243f8d2dcaeaa1f26feca5ecd3fbed59e0378447bc49?s=96&d=mm&r=pg","url":"https:\/\/secure.gravatar.com\/avatar\/9ed48272d268bb7071cf243f8d2dcaeaa1f26feca5ecd3fbed59e0378447bc49?s=96&d=mm&r=pg","contentUrl":"https:\/\/secure.gravatar.com\/avatar\/9ed48272d268bb7071cf243f8d2dcaeaa1f26feca5ecd3fbed59e0378447bc49?s=96&d=mm&r=pg","caption":"Christina Pavlou"},"description":"Christina Pavlou was a writer at Workable for nearly four years, and previously a recruiter. She writes about diversity in the workplace and reports on the shape of things to come. You can find her on LinkedIn and Twitter.","url":"https:\/\/resources.workable.com\/pt-br\/author\/christina\/"}]}},"modified_by":"Zina Panagopoulou","custom_fields":{"brief":"Procuramos um gerente de integra\u00e7\u00e3o de RH para supervisionar os procedimentos da empresa antes e depois da sua contrata\u00e7\u00e3o de novos funcion\u00e1rios.\r\n\r\nAs responsabilidades do Gerente de Integra\u00e7\u00e3o de RH incluem programa\u00e7\u00e3o de treinamento dos novos contratados, cria\u00e7\u00e3o das pol\u00edticas da empresa e processamento dos documentos do emprego. Para ter sucesso nessa fun\u00e7\u00e3o, voc\u00ea deve poder ajudar os novos funcion\u00e1rios a se adaptarem ao seu ambiente de trabalho e garantir que nossos procedimentos de contrata\u00e7\u00e3o cumpram as leis trabalhistas.\r\n\r\nEm suma, voc\u00ea garantir\u00e1 que nossos contratados recebam calorosamente as boas-vindas e desfrutem de uma integra\u00e7\u00e3o tranquila nas suas novas fun\u00e7\u00f5es.","requirements":"<ul>\r\n \t<li>Experi\u00eancia profissional comprovada como Gerente de Integra\u00e7\u00e3o de RH ou <a href=\"https:\/\/resources.workable.com\/job-descriptions\/human-resources-job-descriptions\/\" target=\"_blank\" rel=\"noopener\">cargo de RH<\/a> relevante<\/li>\r\n \t<li>Experi\u00eancia com SIRH e ATS<\/li>\r\n \t<li>Bom conhecimento da legisla\u00e7\u00e3o trabalhista<\/li>\r\n \t<li>Familiaridade com documenta\u00e7\u00e3o de v\u00ednculo empregat\u00edcio, incluindo termos do acordo, contratos a termo certo e ato de confidencialidade<\/li>\r\n \t<li>Compreens\u00e3o do procedimento da folha de pagamento<\/li>\r\n \t<li>Excelentes habilidades de comunica\u00e7\u00e3o verbal e escrita<\/li>\r\n \t<li>Sigilo e \u00e9tica no trabalho<\/li>\r\n \t<li>Bacharelado em Gest\u00e3o de Recursos Humanos ou \u00e1rea similar<\/li>\r\n<\/ul>","responsibilities":"<ul>\r\n \t<li>Organizar programas de orienta\u00e7\u00e3o (primeiro dia, primeira semana, primeiro m\u00eas e primeiro trimestre)<\/li>\r\n \t<li>Agir como consultor para novos funcion\u00e1rios<\/li>\r\n \t<li>Criar e atualizar o nosso manual do funcion\u00e1rio<\/li>\r\n \t<li>Monitorar novas taxas de reten\u00e7\u00e3o e rotatividade de contrata\u00e7\u00e3o<\/li>\r\n \t<li>Programar e supervisionar sess\u00f5es de treinamento<\/li>\r\n \t<li>Apresentar os novos contratados aos funcion\u00e1rios atuais<\/li>\r\n \t<li>Adicionar as informa\u00e7\u00f5es de novos funcion\u00e1rios no sistema de folha de pagamento da empresa<\/li>\r\n \t<li>Comunicar-se com os novos contratados antes de sua data inicial para fornecer as informa\u00e7\u00f5es necess\u00e1rias (por exemplo, programa\u00e7\u00f5es de trabalho e detalhes do contrato)<\/li>\r\n \t<li>Processar a documenta\u00e7\u00e3o do v\u00ednculo empregat\u00edcio<\/li>\r\n \t<li>Coordenar os procedimentos de realoca\u00e7\u00e3o para estrangeiros<\/li>\r\n \t<li>Entrar em contato com equipes internas para criar contas corporativas de novos funcion\u00e1rios<\/li>\r\n \t<li>Coletar a avalia\u00e7\u00e3o da experi\u00eancia do candidato das novas contrata\u00e7\u00f5es<\/li>\r\n \t<li>Auxiliar funcion\u00e1rios existentes quando s\u00e3o transferidos para um novo departamento ou posi\u00e7\u00e3o<\/li>\r\n<\/ul>","see_more":""},"_links":{"self":[{"href":"https:\/\/resources.workable.com\/pt-br\/wp-json\/wp\/v2\/posts\/63695","targetHints":{"allow":["GET"]}}],"collection":[{"href":"https:\/\/resources.workable.com\/pt-br\/wp-json\/wp\/v2\/posts"}],"about":[{"href":"https:\/\/resources.workable.com\/pt-br\/wp-json\/wp\/v2\/types\/post"}],"author":[{"embeddable":true,"href":"https:\/\/resources.workable.com\/pt-br\/wp-json\/wp\/v2\/users\/41"}],"replies":[{"embeddable":true,"href":"https:\/\/resources.workable.com\/pt-br\/wp-json\/wp\/v2\/comments?post=63695"}],"version-history":[{"count":0,"href":"https:\/\/resources.workable.com\/pt-br\/wp-json\/wp\/v2\/posts\/63695\/revisions"}],"wp:attachment":[{"href":"https:\/\/resources.workable.com\/pt-br\/wp-json\/wp\/v2\/media?parent=63695"}],"wp:term":[{"taxonomy":"category","embeddable":true,"href":"https:\/\/resources.workable.com\/pt-br\/wp-json\/wp\/v2\/categories?post=63695"},{"taxonomy":"post_tag","embeddable":true,"href":"https:\/\/resources.workable.com\/pt-br\/wp-json\/wp\/v2\/tags?post=63695"}],"curies":[{"name":"wp","href":"https:\/\/api.w.org\/{rel}","templated":true}]}}