{"id":47231,"date":"2020-01-08T11:06:48","date_gmt":"2020-01-08T11:06:48","guid":{"rendered":"https:\/\/resources.workable.com\/?p=47231"},"modified":"2020-02-06T13:19:13","modified_gmt":"2020-02-06T13:19:13","slug":"descricao-do-trabalho-terapeuta-de-beleza-f-m-d","status":"publish","type":"post","link":"https:\/\/resources.workable.com\/pt-br\/terapeuta-de-beleza-descricao-do-trabalho","title":{"rendered":"Descri\u00e7\u00e3o do trabalho: Terapeuta de Beleza&nbsp;(f\/m\/d)"},"content":{"rendered":"<p>Use este modelo de descri\u00e7\u00e3o do cargo de Terapeuta de Beleza para contratar candidatos qualificados para o seu spa, sal\u00e3o de beleza ou cl\u00ednica de est\u00e9tica.<\/p>\n<h2>As responsabilidades do Terapeuta de Beleza incluem:<\/h2>\n<ul>\n<li>Oferecer manicure e pedicure<\/li>\n<li>Usar cera e eletr\u00f3lise para depila\u00e7\u00e3o facial e do corpo<\/li>\n<li>Oferecer v\u00e1rios tipos de massagens faciais e corporais, incluindo pedras quentes de reflexologia<\/li>\n<\/ul>\n<p><img loading=\"lazy\" decoding=\"async\" class=\"size-full wp-image-28076 alignnone\" src=\"https:\/\/resources.workable.com\/wp-content\/uploads\/2017\/11\/shutterstock_150093827.jpg\" alt=\"Descri\u00e7\u00e3o do cargo de Esteticista \" width=\"640\" height=\"230\" srcset=\"https:\/\/resources.workable.com\/wp-content\/uploads\/2017\/11\/shutterstock_150093827.jpg 640w, https:\/\/resources.workable.com\/wp-content\/uploads\/2017\/11\/shutterstock_150093827-200x72.jpg 200w, https:\/\/resources.workable.com\/wp-content\/uploads\/2017\/11\/shutterstock_150093827-560x201.jpg 560w\" sizes=\"auto, (max-width: 640px) 100vw, 640px\" \/><\/p>\n","protected":false},"excerpt":{"rendered":"<p>Use este modelo de descri\u00e7\u00e3o do cargo de Terapeuta de Beleza para contratar candidatos qualificados para o seu spa, sal\u00e3o de beleza ou cl\u00ednica de est\u00e9tica. As responsabilidades do Terapeuta de Beleza incluem: Oferecer manicure e pedicure Usar cera e eletr\u00f3lise para depila\u00e7\u00e3o facial e do corpo Oferecer v\u00e1rios tipos de massagens faciais e corporais, [&hellip;]<\/p>\n","protected":false},"author":41,"featured_media":0,"comment_status":"closed","ping_status":"closed","sticky":false,"template":"","format":"standard","meta":{"_acf_changed":false,"_lmt_disableupdate":"no","_lmt_disable":"","_has_post_settings":[],"footnotes":""},"categories":[1048,1255],"tags":[],"class_list":["post-47231","post","type-post","status-publish","format-standard","hentry","category-descricoes-de-cargo","category-descricoes-de-cargos-na-area-da-saude"],"acf":[],"yoast_head":"<!-- This site is optimized with the Yoast SEO Premium plugin v27.4 (Yoast SEO v27.4) - https:\/\/yoast.com\/product\/yoast-seo-premium-wordpress\/ -->\n<title>Modelo de descri\u00e7\u00e3o do cargo de Terapeuta de Beleza | Workable<\/title>\n<meta name=\"description\" content=\"Use este modelo de descri\u00e7\u00e3o do cargo de Terapeuta de Beleza para contratar candidatos qualificados para o seu spa, sal\u00e3o de beleza ou cl\u00ednica de est\u00e9tica.\" \/>\n<meta name=\"robots\" content=\"index, follow, max-snippet:-1, max-image-preview:large, max-video-preview:-1\" \/>\n<link rel=\"canonical\" href=\"https:\/\/resources.workable.com\/pt-br\/terapeuta-de-beleza-descricao-do-trabalho\/\" \/>\n<meta property=\"og:locale\" content=\"pt_BR\" \/>\n<meta property=\"og:type\" content=\"article\" \/>\n<meta property=\"og:title\" content=\"Descri\u00e7\u00e3o do trabalho: Terapeuta de Beleza (f\/m\/d)\" \/>\n<meta property=\"og:description\" content=\"Use este modelo de descri\u00e7\u00e3o do cargo de Terapeuta de Beleza para contratar candidatos qualificados para o seu spa, sal\u00e3o de beleza ou cl\u00ednica de est\u00e9tica.\" \/>\n<meta property=\"og:url\" content=\"https:\/\/resources.workable.com\/pt-br\/terapeuta-de-beleza-descricao-do-trabalho\" \/>\n<meta property=\"og:site_name\" content=\"Recruiting Resources: How to Recruit and Hire Better\" \/>\n<meta property=\"article:publisher\" content=\"https:\/\/business.facebook.com\/workable\/\" \/>\n<meta property=\"article:published_time\" content=\"2020-01-08T11:06:48+00:00\" \/>\n<meta property=\"article:modified_time\" content=\"2020-02-06T13:19:13+00:00\" \/>\n<meta property=\"og:image\" content=\"https:\/\/resources.workable.com\/wp-content\/uploads\/2017\/11\/shutterstock_150093827.jpg\" \/>\n<meta name=\"author\" content=\"Christina Pavlou\" \/>\n<meta name=\"twitter:card\" content=\"summary_large_image\" \/>\n<meta name=\"twitter:creator\" content=\"@workable\" \/>\n<meta name=\"twitter:site\" content=\"@workable\" \/>\n<meta name=\"twitter:label1\" content=\"Escrito por\" \/>\n\t<meta name=\"twitter:data1\" content=\"Christina Pavlou\" \/>\n<script type=\"application\/ld+json\" class=\"yoast-schema-graph\">{\"@context\":\"https:\\\/\\\/schema.org\",\"@graph\":[{\"@type\":\"Article\",\"@id\":\"https:\\\/\\\/resources.workable.com\\\/pt-br\\\/terapeuta-de-beleza-descricao-do-trabalho#article\",\"isPartOf\":{\"@id\":\"https:\\\/\\\/resources.workable.com\\\/pt-br\\\/terapeuta-de-beleza-descricao-do-trabalho\"},\"author\":{\"name\":\"Christina Pavlou\",\"@id\":\"https:\\\/\\\/resources.workable.com\\\/pt-br\\\/#\\\/schema\\\/person\\\/b23289d8d63331621eee9e69103cd603\"},\"headline\":\"Descri\u00e7\u00e3o do trabalho: Terapeuta de Beleza&nbsp;(f\\\/m\\\/d)\",\"datePublished\":\"2020-01-08T11:06:48+00:00\",\"dateModified\":\"2020-02-06T13:19:13+00:00\",\"mainEntityOfPage\":{\"@id\":\"https:\\\/\\\/resources.workable.com\\\/pt-br\\\/terapeuta-de-beleza-descricao-do-trabalho\"},\"wordCount\":77,\"publisher\":{\"@id\":\"https:\\\/\\\/resources.workable.com\\\/pt-br\\\/#organization\"},\"image\":{\"@id\":\"https:\\\/\\\/resources.workable.com\\\/pt-br\\\/terapeuta-de-beleza-descricao-do-trabalho#primaryimage\"},\"thumbnailUrl\":\"https:\\\/\\\/resources.workable.com\\\/wp-content\\\/uploads\\\/2017\\\/11\\\/shutterstock_150093827.jpg\",\"articleSection\":[\"Descri\u00e7\u00f5es de cargo\",\"Descri\u00e7\u00f5es de cargos na \u00e1rea da sa\u00fade\"],\"inLanguage\":\"pt-BR\"},{\"@type\":\"WebPage\",\"@id\":\"https:\\\/\\\/resources.workable.com\\\/pt-br\\\/terapeuta-de-beleza-descricao-do-trabalho\",\"url\":\"https:\\\/\\\/resources.workable.com\\\/pt-br\\\/terapeuta-de-beleza-descricao-do-trabalho\",\"name\":\"Modelo de descri\u00e7\u00e3o do cargo de Terapeuta de Beleza | Workable\",\"isPartOf\":{\"@id\":\"https:\\\/\\\/resources.workable.com\\\/pt-br\\\/#website\"},\"primaryImageOfPage\":{\"@id\":\"https:\\\/\\\/resources.workable.com\\\/pt-br\\\/terapeuta-de-beleza-descricao-do-trabalho#primaryimage\"},\"image\":{\"@id\":\"https:\\\/\\\/resources.workable.com\\\/pt-br\\\/terapeuta-de-beleza-descricao-do-trabalho#primaryimage\"},\"thumbnailUrl\":\"https:\\\/\\\/resources.workable.com\\\/wp-content\\\/uploads\\\/2017\\\/11\\\/shutterstock_150093827.jpg\",\"datePublished\":\"2020-01-08T11:06:48+00:00\",\"dateModified\":\"2020-02-06T13:19:13+00:00\",\"description\":\"Use este modelo de descri\u00e7\u00e3o do cargo de Terapeuta de Beleza para contratar candidatos qualificados para o seu spa, sal\u00e3o de beleza ou cl\u00ednica de est\u00e9tica.\",\"breadcrumb\":{\"@id\":\"https:\\\/\\\/resources.workable.com\\\/pt-br\\\/terapeuta-de-beleza-descricao-do-trabalho#breadcrumb\"},\"inLanguage\":\"pt-BR\",\"potentialAction\":[{\"@type\":\"ReadAction\",\"target\":[\"https:\\\/\\\/resources.workable.com\\\/pt-br\\\/terapeuta-de-beleza-descricao-do-trabalho\"]}]},{\"@type\":\"ImageObject\",\"inLanguage\":\"pt-BR\",\"@id\":\"https:\\\/\\\/resources.workable.com\\\/pt-br\\\/terapeuta-de-beleza-descricao-do-trabalho#primaryimage\",\"url\":\"https:\\\/\\\/resources.workable.com\\\/wp-content\\\/uploads\\\/2017\\\/11\\\/shutterstock_150093827.jpg\",\"contentUrl\":\"https:\\\/\\\/resources.workable.com\\\/wp-content\\\/uploads\\\/2017\\\/11\\\/shutterstock_150093827.jpg\"},{\"@type\":\"BreadcrumbList\",\"@id\":\"https:\\\/\\\/resources.workable.com\\\/pt-br\\\/terapeuta-de-beleza-descricao-do-trabalho#breadcrumb\",\"itemListElement\":[{\"@type\":\"ListItem\",\"position\":1,\"name\":\"Home\",\"item\":\"https:\\\/\\\/resources.workable.com\\\/pt-br\\\/\"},{\"@type\":\"ListItem\",\"position\":2,\"name\":\"Descri\u00e7\u00e3o do trabalho: Terapeuta de Beleza&nbsp;(f\\\/m\\\/d)\"}]},{\"@type\":\"WebSite\",\"@id\":\"https:\\\/\\\/resources.workable.com\\\/pt-br\\\/#website\",\"url\":\"https:\\\/\\\/resources.workable.com\\\/pt-br\\\/\",\"name\":\"Recruiting Resources: How to Recruit and Hire Better\",\"description\":\"\",\"publisher\":{\"@id\":\"https:\\\/\\\/resources.workable.com\\\/pt-br\\\/#organization\"},\"potentialAction\":[{\"@type\":\"SearchAction\",\"target\":{\"@type\":\"EntryPoint\",\"urlTemplate\":\"https:\\\/\\\/resources.workable.com\\\/pt-br\\\/?s={search_term_string}\"},\"query-input\":{\"@type\":\"PropertyValueSpecification\",\"valueRequired\":true,\"valueName\":\"search_term_string\"}}],\"inLanguage\":\"pt-BR\"},{\"@type\":\"Organization\",\"@id\":\"https:\\\/\\\/resources.workable.com\\\/pt-br\\\/#organization\",\"name\":\"Workable\",\"url\":\"https:\\\/\\\/resources.workable.com\\\/pt-br\\\/\",\"logo\":{\"@type\":\"ImageObject\",\"inLanguage\":\"pt-BR\",\"@id\":\"https:\\\/\\\/resources.workable.com\\\/pt-br\\\/#\\\/schema\\\/logo\\\/image\\\/\",\"url\":\"https:\\\/\\\/resources.workable.com\\\/wp-content\\\/uploads\\\/2017\\\/12\\\/logo-green.png\",\"contentUrl\":\"https:\\\/\\\/resources.workable.com\\\/wp-content\\\/uploads\\\/2017\\\/12\\\/logo-green.png\",\"width\":150,\"height\":25,\"caption\":\"Workable\"},\"image\":{\"@id\":\"https:\\\/\\\/resources.workable.com\\\/pt-br\\\/#\\\/schema\\\/logo\\\/image\\\/\"},\"sameAs\":[\"https:\\\/\\\/business.facebook.com\\\/workable\\\/\",\"https:\\\/\\\/x.com\\\/workable\",\"https:\\\/\\\/www.linkedin.com\\\/company\\\/workable-hr\\\/\"]},{\"@type\":\"Person\",\"@id\":\"https:\\\/\\\/resources.workable.com\\\/pt-br\\\/#\\\/schema\\\/person\\\/b23289d8d63331621eee9e69103cd603\",\"name\":\"Christina Pavlou\",\"image\":{\"@type\":\"ImageObject\",\"inLanguage\":\"pt-BR\",\"@id\":\"https:\\\/\\\/secure.gravatar.com\\\/avatar\\\/9ed48272d268bb7071cf243f8d2dcaeaa1f26feca5ecd3fbed59e0378447bc49?s=96&d=mm&r=pg\",\"url\":\"https:\\\/\\\/secure.gravatar.com\\\/avatar\\\/9ed48272d268bb7071cf243f8d2dcaeaa1f26feca5ecd3fbed59e0378447bc49?s=96&d=mm&r=pg\",\"contentUrl\":\"https:\\\/\\\/secure.gravatar.com\\\/avatar\\\/9ed48272d268bb7071cf243f8d2dcaeaa1f26feca5ecd3fbed59e0378447bc49?s=96&d=mm&r=pg\",\"caption\":\"Christina Pavlou\"},\"description\":\"Christina Pavlou was a writer at Workable for nearly four years, and previously a recruiter. She writes about diversity in the workplace and reports on the shape of things to come. You can find her on LinkedIn and Twitter.\",\"url\":\"https:\\\/\\\/resources.workable.com\\\/pt-br\\\/author\\\/christina\\\/\"}]}<\/script>\n<!-- \/ Yoast SEO Premium plugin. -->","yoast_head_json":{"title":"Modelo de descri\u00e7\u00e3o do cargo de Terapeuta de Beleza | Workable","description":"Use este modelo de descri\u00e7\u00e3o do cargo de Terapeuta de Beleza para contratar candidatos qualificados para o seu spa, sal\u00e3o de beleza ou cl\u00ednica de est\u00e9tica.","robots":{"index":"index","follow":"follow","max-snippet":"max-snippet:-1","max-image-preview":"max-image-preview:large","max-video-preview":"max-video-preview:-1"},"canonical":"https:\/\/resources.workable.com\/pt-br\/terapeuta-de-beleza-descricao-do-trabalho\/","og_locale":"pt_BR","og_type":"article","og_title":"Descri\u00e7\u00e3o do trabalho: Terapeuta de Beleza (f\/m\/d)","og_description":"Use este modelo de descri\u00e7\u00e3o do cargo de Terapeuta de Beleza para contratar candidatos qualificados para o seu spa, sal\u00e3o de beleza ou cl\u00ednica de est\u00e9tica.","og_url":"https:\/\/resources.workable.com\/pt-br\/terapeuta-de-beleza-descricao-do-trabalho","og_site_name":"Recruiting Resources: How to Recruit and Hire Better","article_publisher":"https:\/\/business.facebook.com\/workable\/","article_published_time":"2020-01-08T11:06:48+00:00","article_modified_time":"2020-02-06T13:19:13+00:00","og_image":[{"url":"https:\/\/resources.workable.com\/wp-content\/uploads\/2017\/11\/shutterstock_150093827.jpg","type":"","width":"","height":""}],"author":"Christina Pavlou","twitter_card":"summary_large_image","twitter_creator":"@workable","twitter_site":"@workable","twitter_misc":{"Escrito por":"Christina Pavlou"},"schema":{"@context":"https:\/\/schema.org","@graph":[{"@type":"Article","@id":"https:\/\/resources.workable.com\/pt-br\/terapeuta-de-beleza-descricao-do-trabalho#article","isPartOf":{"@id":"https:\/\/resources.workable.com\/pt-br\/terapeuta-de-beleza-descricao-do-trabalho"},"author":{"name":"Christina Pavlou","@id":"https:\/\/resources.workable.com\/pt-br\/#\/schema\/person\/b23289d8d63331621eee9e69103cd603"},"headline":"Descri\u00e7\u00e3o do trabalho: Terapeuta de Beleza&nbsp;(f\/m\/d)","datePublished":"2020-01-08T11:06:48+00:00","dateModified":"2020-02-06T13:19:13+00:00","mainEntityOfPage":{"@id":"https:\/\/resources.workable.com\/pt-br\/terapeuta-de-beleza-descricao-do-trabalho"},"wordCount":77,"publisher":{"@id":"https:\/\/resources.workable.com\/pt-br\/#organization"},"image":{"@id":"https:\/\/resources.workable.com\/pt-br\/terapeuta-de-beleza-descricao-do-trabalho#primaryimage"},"thumbnailUrl":"https:\/\/resources.workable.com\/wp-content\/uploads\/2017\/11\/shutterstock_150093827.jpg","articleSection":["Descri\u00e7\u00f5es de cargo","Descri\u00e7\u00f5es de cargos na \u00e1rea da sa\u00fade"],"inLanguage":"pt-BR"},{"@type":"WebPage","@id":"https:\/\/resources.workable.com\/pt-br\/terapeuta-de-beleza-descricao-do-trabalho","url":"https:\/\/resources.workable.com\/pt-br\/terapeuta-de-beleza-descricao-do-trabalho","name":"Modelo de descri\u00e7\u00e3o do cargo de Terapeuta de Beleza | Workable","isPartOf":{"@id":"https:\/\/resources.workable.com\/pt-br\/#website"},"primaryImageOfPage":{"@id":"https:\/\/resources.workable.com\/pt-br\/terapeuta-de-beleza-descricao-do-trabalho#primaryimage"},"image":{"@id":"https:\/\/resources.workable.com\/pt-br\/terapeuta-de-beleza-descricao-do-trabalho#primaryimage"},"thumbnailUrl":"https:\/\/resources.workable.com\/wp-content\/uploads\/2017\/11\/shutterstock_150093827.jpg","datePublished":"2020-01-08T11:06:48+00:00","dateModified":"2020-02-06T13:19:13+00:00","description":"Use este modelo de descri\u00e7\u00e3o do cargo de Terapeuta de Beleza para contratar candidatos qualificados para o seu spa, sal\u00e3o de beleza ou cl\u00ednica de est\u00e9tica.","breadcrumb":{"@id":"https:\/\/resources.workable.com\/pt-br\/terapeuta-de-beleza-descricao-do-trabalho#breadcrumb"},"inLanguage":"pt-BR","potentialAction":[{"@type":"ReadAction","target":["https:\/\/resources.workable.com\/pt-br\/terapeuta-de-beleza-descricao-do-trabalho"]}]},{"@type":"ImageObject","inLanguage":"pt-BR","@id":"https:\/\/resources.workable.com\/pt-br\/terapeuta-de-beleza-descricao-do-trabalho#primaryimage","url":"https:\/\/resources.workable.com\/wp-content\/uploads\/2017\/11\/shutterstock_150093827.jpg","contentUrl":"https:\/\/resources.workable.com\/wp-content\/uploads\/2017\/11\/shutterstock_150093827.jpg"},{"@type":"BreadcrumbList","@id":"https:\/\/resources.workable.com\/pt-br\/terapeuta-de-beleza-descricao-do-trabalho#breadcrumb","itemListElement":[{"@type":"ListItem","position":1,"name":"Home","item":"https:\/\/resources.workable.com\/pt-br\/"},{"@type":"ListItem","position":2,"name":"Descri\u00e7\u00e3o do trabalho: Terapeuta de Beleza&nbsp;(f\/m\/d)"}]},{"@type":"WebSite","@id":"https:\/\/resources.workable.com\/pt-br\/#website","url":"https:\/\/resources.workable.com\/pt-br\/","name":"Recruiting Resources: How to Recruit and Hire Better","description":"","publisher":{"@id":"https:\/\/resources.workable.com\/pt-br\/#organization"},"potentialAction":[{"@type":"SearchAction","target":{"@type":"EntryPoint","urlTemplate":"https:\/\/resources.workable.com\/pt-br\/?s={search_term_string}"},"query-input":{"@type":"PropertyValueSpecification","valueRequired":true,"valueName":"search_term_string"}}],"inLanguage":"pt-BR"},{"@type":"Organization","@id":"https:\/\/resources.workable.com\/pt-br\/#organization","name":"Workable","url":"https:\/\/resources.workable.com\/pt-br\/","logo":{"@type":"ImageObject","inLanguage":"pt-BR","@id":"https:\/\/resources.workable.com\/pt-br\/#\/schema\/logo\/image\/","url":"https:\/\/resources.workable.com\/wp-content\/uploads\/2017\/12\/logo-green.png","contentUrl":"https:\/\/resources.workable.com\/wp-content\/uploads\/2017\/12\/logo-green.png","width":150,"height":25,"caption":"Workable"},"image":{"@id":"https:\/\/resources.workable.com\/pt-br\/#\/schema\/logo\/image\/"},"sameAs":["https:\/\/business.facebook.com\/workable\/","https:\/\/x.com\/workable","https:\/\/www.linkedin.com\/company\/workable-hr\/"]},{"@type":"Person","@id":"https:\/\/resources.workable.com\/pt-br\/#\/schema\/person\/b23289d8d63331621eee9e69103cd603","name":"Christina Pavlou","image":{"@type":"ImageObject","inLanguage":"pt-BR","@id":"https:\/\/secure.gravatar.com\/avatar\/9ed48272d268bb7071cf243f8d2dcaeaa1f26feca5ecd3fbed59e0378447bc49?s=96&d=mm&r=pg","url":"https:\/\/secure.gravatar.com\/avatar\/9ed48272d268bb7071cf243f8d2dcaeaa1f26feca5ecd3fbed59e0378447bc49?s=96&d=mm&r=pg","contentUrl":"https:\/\/secure.gravatar.com\/avatar\/9ed48272d268bb7071cf243f8d2dcaeaa1f26feca5ecd3fbed59e0378447bc49?s=96&d=mm&r=pg","caption":"Christina Pavlou"},"description":"Christina Pavlou was a writer at Workable for nearly four years, and previously a recruiter. She writes about diversity in the workplace and reports on the shape of things to come. You can find her on LinkedIn and Twitter.","url":"https:\/\/resources.workable.com\/pt-br\/author\/christina\/"}]}},"modified_by":"Christina Pavlou","custom_fields":{"brief":"Estamos \u00e0 procura de um Terapeuta de Beleza para oferecer v\u00e1rios tratamentos faciais e corporais para os clientes.\r\n\r\nAs responsabilidades do Terapeuta de Beleza incluem examinar a pele, fazer massagens e usar t\u00e9cnicas de depila\u00e7\u00e3o tempor\u00e1ria ou definitiva. Para ter sucesso nesta fun\u00e7\u00e3o, voc\u00ea deve ter experi\u00eancia em tratamentos est\u00e9ticos e bom conhecimento de produtos para cuidar da pele e do corpo.\r\n\r\nVoc\u00ea aumentar\u00e1 a satisfa\u00e7\u00e3o do cliente e refor\u00e7ar\u00e1 a reputa\u00e7\u00e3o da nossa empresa por meio da presta\u00e7\u00e3o de servi\u00e7os profissionais de est\u00e9tica.","requirements":"<ul>\r\n \t<li>Experi\u00eancia profissional comprovada como Terapeuta de Beleza, <a href=\"https:\/\/resources.workable.com\/spa-therapist-job-description\" target=\"_blank\" rel=\"noopener\">Terapeuta de Spa<\/a> ou fun\u00e7\u00e3o semelhante<\/li>\r\n \t<li>Experi\u00eancia pr\u00e1tica com massagens, t\u00e9cnicas de depila\u00e7\u00e3o e tratamentos faciais<\/li>\r\n \t<li>Atualizado em tend\u00eancias dos cosm\u00e9ticos e produtos para maquiagem<\/li>\r\n \t<li>Excelentes habilidades de atendimento ao cliente<\/li>\r\n \t<li>Ensino m\u00e9dio completo<\/li>\r\n \t<li>Gradua\u00e7\u00e3o em est\u00e9tica, reflexologia ou \u00e1rea correspondente \u00e9 uma vantagem<\/li>\r\n<\/ul>","responsibilities":"<ul>\r\n \t<li>Usar cera e eletr\u00f3lise para depila\u00e7\u00e3o facial e do corpo<\/li>\r\n \t<li>Oferecer manicure e pedicure<\/li>\r\n \t<li>Oferecer v\u00e1rios tipos de massagens faciais e corporais, incluindo pedras quentes de reflexologia<\/li>\r\n \t<li>Exame de pele (face e corpo)<\/li>\r\n \t<li>Gerenciar a agenda<\/li>\r\n \t<li>Receber calorosamente os clientes que chegarem<\/li>\r\n \t<li>Atualizar os registros dos clientes com informa\u00e7\u00f5es de contato e tratamentos realizados<\/li>\r\n \t<li>Dar orienta\u00e7\u00e3o sobre produtos e t\u00e9cnicas de maquiagem baseados nas necessidades dos clientes<\/li>\r\n \t<li>Vender produtos de beleza e tratamentos adicionais, quando apropriado<\/li>\r\n \t<li>Garantir que todos os locais estejam limpos e os equipamentos sejam esterilizados antes do uso<\/li>\r\n<\/ul>","see_more":""},"_links":{"self":[{"href":"https:\/\/resources.workable.com\/pt-br\/wp-json\/wp\/v2\/posts\/47231","targetHints":{"allow":["GET"]}}],"collection":[{"href":"https:\/\/resources.workable.com\/pt-br\/wp-json\/wp\/v2\/posts"}],"about":[{"href":"https:\/\/resources.workable.com\/pt-br\/wp-json\/wp\/v2\/types\/post"}],"author":[{"embeddable":true,"href":"https:\/\/resources.workable.com\/pt-br\/wp-json\/wp\/v2\/users\/41"}],"replies":[{"embeddable":true,"href":"https:\/\/resources.workable.com\/pt-br\/wp-json\/wp\/v2\/comments?post=47231"}],"version-history":[{"count":0,"href":"https:\/\/resources.workable.com\/pt-br\/wp-json\/wp\/v2\/posts\/47231\/revisions"}],"wp:attachment":[{"href":"https:\/\/resources.workable.com\/pt-br\/wp-json\/wp\/v2\/media?parent=47231"}],"wp:term":[{"taxonomy":"category","embeddable":true,"href":"https:\/\/resources.workable.com\/pt-br\/wp-json\/wp\/v2\/categories?post=47231"},{"taxonomy":"post_tag","embeddable":true,"href":"https:\/\/resources.workable.com\/pt-br\/wp-json\/wp\/v2\/tags?post=47231"}],"curies":[{"name":"wp","href":"https:\/\/api.w.org\/{rel}","templated":true}]}}