{"id":47113,"date":"2020-01-08T11:06:46","date_gmt":"2020-01-08T11:06:46","guid":{"rendered":"https:\/\/resources.workable.com\/?p=47113"},"modified":"2020-02-06T13:20:19","modified_gmt":"2020-02-06T13:20:19","slug":"descricao-do-trabalho-gerente-de-administracao-hospitalar-f-m-d","status":"publish","type":"post","link":"https:\/\/resources.workable.com\/pt-br\/gerente-de-administracao-de-hospitalar-descricao-do-trabalho","title":{"rendered":"Descri\u00e7\u00e3o do trabalho: Gerente de Administra\u00e7\u00e3o Hospitalar&nbsp;(f\/m\/d)"},"content":{"rendered":"<p>Use este modelo de descri\u00e7\u00e3o de cargo de <strong>Gerente de Administra\u00e7\u00e3o Hospitalar<\/strong> para atrair e contratar profissionais qualificados para as suas vagas em aberto. Este modelo \u00e9 f\u00e1cil de ser personalizado para se adequar \u00e0s responsabilidades espec\u00edficas da sua vaga.<\/p>\n<h2>As responsabilidades do Gerente de Administra\u00e7\u00e3o Hospitalar incluem:<\/h2>\n<ul>\n<li>Supervisionar diariamente as opera\u00e7\u00f5es administrativas<\/li>\n<li>Monitorar as despesas e sugerir solu\u00e7\u00f5es com boa rela\u00e7\u00e3o custo-benef\u00edcio<\/li>\n<li>Criar or\u00e7amentos trimestrais e anuais<\/li>\n<\/ul>\n<p><img loading=\"lazy\" decoding=\"async\" class=\"size-full wp-image-10008 alignnone\" src=\"https:\/\/resources.workable.com\/wp-content\/uploads\/2017\/04\/shutterstock_443045398.jpg\" alt=\"Descri\u00e7\u00e3o do cargo de Gerente de Administra\u00e7\u00e3o Hospitalar\" width=\"640\" height=\"230\" srcset=\"https:\/\/resources.workable.com\/wp-content\/uploads\/2017\/04\/shutterstock_443045398.jpg 640w, https:\/\/resources.workable.com\/wp-content\/uploads\/2017\/04\/shutterstock_443045398-200x72.jpg 200w, https:\/\/resources.workable.com\/wp-content\/uploads\/2017\/04\/shutterstock_443045398-560x201.jpg 560w\" sizes=\"auto, (max-width: 640px) 100vw, 640px\" \/><\/p>\n","protected":false},"excerpt":{"rendered":"<p>Use este modelo de descri\u00e7\u00e3o de cargo de Gerente de Administra\u00e7\u00e3o Hospitalar para atrair e contratar profissionais qualificados para as suas vagas em aberto. Este modelo \u00e9 f\u00e1cil de ser personalizado para se adequar \u00e0s responsabilidades espec\u00edficas da sua vaga. As responsabilidades do Gerente de Administra\u00e7\u00e3o Hospitalar incluem: Supervisionar diariamente as opera\u00e7\u00f5es administrativas Monitorar as [&hellip;]<\/p>\n","protected":false},"author":41,"featured_media":0,"comment_status":"closed","ping_status":"closed","sticky":false,"template":"","format":"standard","meta":{"_acf_changed":false,"_lmt_disableupdate":"no","_lmt_disable":"","_has_post_settings":[],"footnotes":""},"categories":[1048,1255],"tags":[],"class_list":["post-47113","post","type-post","status-publish","format-standard","hentry","category-descricoes-de-cargo","category-descricoes-de-cargos-na-area-da-saude"],"acf":[],"yoast_head":"<!-- This site is optimized with the Yoast SEO Premium plugin v27.4 (Yoast SEO v27.4) - https:\/\/yoast.com\/product\/yoast-seo-premium-wordpress\/ -->\n<title>Modelo de descri\u00e7\u00e3o do cargo de Gerente de Administra\u00e7\u00e3o Hospitalar | Workable<\/title>\n<meta name=\"description\" content=\"Use este modelo de descri\u00e7\u00e3o de cargo de Gerente de Administra\u00e7\u00e3o Hospitalar para atrair e contratar profissionais qualificados para as suas vagas em aberto.\" \/>\n<meta name=\"robots\" content=\"index, follow, max-snippet:-1, max-image-preview:large, max-video-preview:-1\" \/>\n<link rel=\"canonical\" href=\"https:\/\/resources.workable.com\/pt-br\/gerente-de-administracao-de-hospitalar-descricao-do-trabalho\/\" \/>\n<meta property=\"og:locale\" content=\"pt_BR\" \/>\n<meta property=\"og:type\" content=\"article\" \/>\n<meta property=\"og:title\" content=\"Descri\u00e7\u00e3o do trabalho: Gerente de Administra\u00e7\u00e3o Hospitalar (f\/m\/d)\" \/>\n<meta property=\"og:description\" content=\"Use este modelo de descri\u00e7\u00e3o de cargo de Gerente de Administra\u00e7\u00e3o Hospitalar para atrair e contratar profissionais qualificados para as suas vagas em aberto.\" \/>\n<meta property=\"og:url\" content=\"https:\/\/resources.workable.com\/pt-br\/gerente-de-administracao-de-hospitalar-descricao-do-trabalho\" \/>\n<meta property=\"og:site_name\" content=\"Recruiting Resources: How to Recruit and Hire Better\" \/>\n<meta property=\"article:publisher\" content=\"https:\/\/business.facebook.com\/workable\/\" \/>\n<meta property=\"article:published_time\" content=\"2020-01-08T11:06:46+00:00\" \/>\n<meta property=\"article:modified_time\" content=\"2020-02-06T13:20:19+00:00\" \/>\n<meta property=\"og:image\" content=\"https:\/\/resources.workable.com\/wp-content\/uploads\/2017\/04\/shutterstock_443045398.jpg\" \/>\n<meta name=\"author\" content=\"Christina Pavlou\" \/>\n<meta name=\"twitter:card\" content=\"summary_large_image\" \/>\n<meta name=\"twitter:creator\" content=\"@workable\" \/>\n<meta name=\"twitter:site\" content=\"@workable\" \/>\n<meta name=\"twitter:label1\" content=\"Escrito por\" \/>\n\t<meta name=\"twitter:data1\" content=\"Christina Pavlou\" \/>\n<script type=\"application\/ld+json\" class=\"yoast-schema-graph\">{\"@context\":\"https:\\\/\\\/schema.org\",\"@graph\":[{\"@type\":\"Article\",\"@id\":\"https:\\\/\\\/resources.workable.com\\\/pt-br\\\/gerente-de-administracao-de-hospitalar-descricao-do-trabalho#article\",\"isPartOf\":{\"@id\":\"https:\\\/\\\/resources.workable.com\\\/pt-br\\\/gerente-de-administracao-de-hospitalar-descricao-do-trabalho\"},\"author\":{\"name\":\"Christina Pavlou\",\"@id\":\"https:\\\/\\\/resources.workable.com\\\/pt-br\\\/#\\\/schema\\\/person\\\/b23289d8d63331621eee9e69103cd603\"},\"headline\":\"Descri\u00e7\u00e3o do trabalho: Gerente de Administra\u00e7\u00e3o Hospitalar&nbsp;(f\\\/m\\\/d)\",\"datePublished\":\"2020-01-08T11:06:46+00:00\",\"dateModified\":\"2020-02-06T13:20:19+00:00\",\"mainEntityOfPage\":{\"@id\":\"https:\\\/\\\/resources.workable.com\\\/pt-br\\\/gerente-de-administracao-de-hospitalar-descricao-do-trabalho\"},\"wordCount\":89,\"publisher\":{\"@id\":\"https:\\\/\\\/resources.workable.com\\\/pt-br\\\/#organization\"},\"image\":{\"@id\":\"https:\\\/\\\/resources.workable.com\\\/pt-br\\\/gerente-de-administracao-de-hospitalar-descricao-do-trabalho#primaryimage\"},\"thumbnailUrl\":\"https:\\\/\\\/resources.workable.com\\\/wp-content\\\/uploads\\\/2017\\\/04\\\/shutterstock_443045398.jpg\",\"articleSection\":[\"Descri\u00e7\u00f5es de cargo\",\"Descri\u00e7\u00f5es de cargos na \u00e1rea da sa\u00fade\"],\"inLanguage\":\"pt-BR\"},{\"@type\":\"WebPage\",\"@id\":\"https:\\\/\\\/resources.workable.com\\\/pt-br\\\/gerente-de-administracao-de-hospitalar-descricao-do-trabalho\",\"url\":\"https:\\\/\\\/resources.workable.com\\\/pt-br\\\/gerente-de-administracao-de-hospitalar-descricao-do-trabalho\",\"name\":\"Modelo de descri\u00e7\u00e3o do cargo de Gerente de Administra\u00e7\u00e3o Hospitalar | Workable\",\"isPartOf\":{\"@id\":\"https:\\\/\\\/resources.workable.com\\\/pt-br\\\/#website\"},\"primaryImageOfPage\":{\"@id\":\"https:\\\/\\\/resources.workable.com\\\/pt-br\\\/gerente-de-administracao-de-hospitalar-descricao-do-trabalho#primaryimage\"},\"image\":{\"@id\":\"https:\\\/\\\/resources.workable.com\\\/pt-br\\\/gerente-de-administracao-de-hospitalar-descricao-do-trabalho#primaryimage\"},\"thumbnailUrl\":\"https:\\\/\\\/resources.workable.com\\\/wp-content\\\/uploads\\\/2017\\\/04\\\/shutterstock_443045398.jpg\",\"datePublished\":\"2020-01-08T11:06:46+00:00\",\"dateModified\":\"2020-02-06T13:20:19+00:00\",\"description\":\"Use este modelo de descri\u00e7\u00e3o de cargo de Gerente de Administra\u00e7\u00e3o Hospitalar para atrair e contratar profissionais qualificados para as suas vagas em aberto.\",\"breadcrumb\":{\"@id\":\"https:\\\/\\\/resources.workable.com\\\/pt-br\\\/gerente-de-administracao-de-hospitalar-descricao-do-trabalho#breadcrumb\"},\"inLanguage\":\"pt-BR\",\"potentialAction\":[{\"@type\":\"ReadAction\",\"target\":[\"https:\\\/\\\/resources.workable.com\\\/pt-br\\\/gerente-de-administracao-de-hospitalar-descricao-do-trabalho\"]}]},{\"@type\":\"ImageObject\",\"inLanguage\":\"pt-BR\",\"@id\":\"https:\\\/\\\/resources.workable.com\\\/pt-br\\\/gerente-de-administracao-de-hospitalar-descricao-do-trabalho#primaryimage\",\"url\":\"https:\\\/\\\/resources.workable.com\\\/wp-content\\\/uploads\\\/2017\\\/04\\\/shutterstock_443045398.jpg\",\"contentUrl\":\"https:\\\/\\\/resources.workable.com\\\/wp-content\\\/uploads\\\/2017\\\/04\\\/shutterstock_443045398.jpg\"},{\"@type\":\"BreadcrumbList\",\"@id\":\"https:\\\/\\\/resources.workable.com\\\/pt-br\\\/gerente-de-administracao-de-hospitalar-descricao-do-trabalho#breadcrumb\",\"itemListElement\":[{\"@type\":\"ListItem\",\"position\":1,\"name\":\"Home\",\"item\":\"https:\\\/\\\/resources.workable.com\\\/pt-br\\\/\"},{\"@type\":\"ListItem\",\"position\":2,\"name\":\"Descri\u00e7\u00e3o do trabalho: Gerente de Administra\u00e7\u00e3o Hospitalar&nbsp;(f\\\/m\\\/d)\"}]},{\"@type\":\"WebSite\",\"@id\":\"https:\\\/\\\/resources.workable.com\\\/pt-br\\\/#website\",\"url\":\"https:\\\/\\\/resources.workable.com\\\/pt-br\\\/\",\"name\":\"Recruiting Resources: How to Recruit and Hire Better\",\"description\":\"\",\"publisher\":{\"@id\":\"https:\\\/\\\/resources.workable.com\\\/pt-br\\\/#organization\"},\"potentialAction\":[{\"@type\":\"SearchAction\",\"target\":{\"@type\":\"EntryPoint\",\"urlTemplate\":\"https:\\\/\\\/resources.workable.com\\\/pt-br\\\/?s={search_term_string}\"},\"query-input\":{\"@type\":\"PropertyValueSpecification\",\"valueRequired\":true,\"valueName\":\"search_term_string\"}}],\"inLanguage\":\"pt-BR\"},{\"@type\":\"Organization\",\"@id\":\"https:\\\/\\\/resources.workable.com\\\/pt-br\\\/#organization\",\"name\":\"Workable\",\"url\":\"https:\\\/\\\/resources.workable.com\\\/pt-br\\\/\",\"logo\":{\"@type\":\"ImageObject\",\"inLanguage\":\"pt-BR\",\"@id\":\"https:\\\/\\\/resources.workable.com\\\/pt-br\\\/#\\\/schema\\\/logo\\\/image\\\/\",\"url\":\"https:\\\/\\\/resources.workable.com\\\/wp-content\\\/uploads\\\/2017\\\/12\\\/logo-green.png\",\"contentUrl\":\"https:\\\/\\\/resources.workable.com\\\/wp-content\\\/uploads\\\/2017\\\/12\\\/logo-green.png\",\"width\":150,\"height\":25,\"caption\":\"Workable\"},\"image\":{\"@id\":\"https:\\\/\\\/resources.workable.com\\\/pt-br\\\/#\\\/schema\\\/logo\\\/image\\\/\"},\"sameAs\":[\"https:\\\/\\\/business.facebook.com\\\/workable\\\/\",\"https:\\\/\\\/x.com\\\/workable\",\"https:\\\/\\\/www.linkedin.com\\\/company\\\/workable-hr\\\/\"]},{\"@type\":\"Person\",\"@id\":\"https:\\\/\\\/resources.workable.com\\\/pt-br\\\/#\\\/schema\\\/person\\\/b23289d8d63331621eee9e69103cd603\",\"name\":\"Christina Pavlou\",\"image\":{\"@type\":\"ImageObject\",\"inLanguage\":\"pt-BR\",\"@id\":\"https:\\\/\\\/secure.gravatar.com\\\/avatar\\\/9ed48272d268bb7071cf243f8d2dcaeaa1f26feca5ecd3fbed59e0378447bc49?s=96&d=mm&r=pg\",\"url\":\"https:\\\/\\\/secure.gravatar.com\\\/avatar\\\/9ed48272d268bb7071cf243f8d2dcaeaa1f26feca5ecd3fbed59e0378447bc49?s=96&d=mm&r=pg\",\"contentUrl\":\"https:\\\/\\\/secure.gravatar.com\\\/avatar\\\/9ed48272d268bb7071cf243f8d2dcaeaa1f26feca5ecd3fbed59e0378447bc49?s=96&d=mm&r=pg\",\"caption\":\"Christina Pavlou\"},\"description\":\"Christina Pavlou was a writer at Workable for nearly four years, and previously a recruiter. She writes about diversity in the workplace and reports on the shape of things to come. You can find her on LinkedIn and Twitter.\",\"url\":\"https:\\\/\\\/resources.workable.com\\\/pt-br\\\/author\\\/christina\\\/\"}]}<\/script>\n<!-- \/ Yoast SEO Premium plugin. -->","yoast_head_json":{"title":"Modelo de descri\u00e7\u00e3o do cargo de Gerente de Administra\u00e7\u00e3o Hospitalar | Workable","description":"Use este modelo de descri\u00e7\u00e3o de cargo de Gerente de Administra\u00e7\u00e3o Hospitalar para atrair e contratar profissionais qualificados para as suas vagas em aberto.","robots":{"index":"index","follow":"follow","max-snippet":"max-snippet:-1","max-image-preview":"max-image-preview:large","max-video-preview":"max-video-preview:-1"},"canonical":"https:\/\/resources.workable.com\/pt-br\/gerente-de-administracao-de-hospitalar-descricao-do-trabalho\/","og_locale":"pt_BR","og_type":"article","og_title":"Descri\u00e7\u00e3o do trabalho: Gerente de Administra\u00e7\u00e3o Hospitalar (f\/m\/d)","og_description":"Use este modelo de descri\u00e7\u00e3o de cargo de Gerente de Administra\u00e7\u00e3o Hospitalar para atrair e contratar profissionais qualificados para as suas vagas em aberto.","og_url":"https:\/\/resources.workable.com\/pt-br\/gerente-de-administracao-de-hospitalar-descricao-do-trabalho","og_site_name":"Recruiting Resources: How to Recruit and Hire Better","article_publisher":"https:\/\/business.facebook.com\/workable\/","article_published_time":"2020-01-08T11:06:46+00:00","article_modified_time":"2020-02-06T13:20:19+00:00","og_image":[{"url":"https:\/\/resources.workable.com\/wp-content\/uploads\/2017\/04\/shutterstock_443045398.jpg","type":"","width":"","height":""}],"author":"Christina Pavlou","twitter_card":"summary_large_image","twitter_creator":"@workable","twitter_site":"@workable","twitter_misc":{"Escrito por":"Christina Pavlou"},"schema":{"@context":"https:\/\/schema.org","@graph":[{"@type":"Article","@id":"https:\/\/resources.workable.com\/pt-br\/gerente-de-administracao-de-hospitalar-descricao-do-trabalho#article","isPartOf":{"@id":"https:\/\/resources.workable.com\/pt-br\/gerente-de-administracao-de-hospitalar-descricao-do-trabalho"},"author":{"name":"Christina Pavlou","@id":"https:\/\/resources.workable.com\/pt-br\/#\/schema\/person\/b23289d8d63331621eee9e69103cd603"},"headline":"Descri\u00e7\u00e3o do trabalho: Gerente de Administra\u00e7\u00e3o Hospitalar&nbsp;(f\/m\/d)","datePublished":"2020-01-08T11:06:46+00:00","dateModified":"2020-02-06T13:20:19+00:00","mainEntityOfPage":{"@id":"https:\/\/resources.workable.com\/pt-br\/gerente-de-administracao-de-hospitalar-descricao-do-trabalho"},"wordCount":89,"publisher":{"@id":"https:\/\/resources.workable.com\/pt-br\/#organization"},"image":{"@id":"https:\/\/resources.workable.com\/pt-br\/gerente-de-administracao-de-hospitalar-descricao-do-trabalho#primaryimage"},"thumbnailUrl":"https:\/\/resources.workable.com\/wp-content\/uploads\/2017\/04\/shutterstock_443045398.jpg","articleSection":["Descri\u00e7\u00f5es de cargo","Descri\u00e7\u00f5es de cargos na \u00e1rea da sa\u00fade"],"inLanguage":"pt-BR"},{"@type":"WebPage","@id":"https:\/\/resources.workable.com\/pt-br\/gerente-de-administracao-de-hospitalar-descricao-do-trabalho","url":"https:\/\/resources.workable.com\/pt-br\/gerente-de-administracao-de-hospitalar-descricao-do-trabalho","name":"Modelo de descri\u00e7\u00e3o do cargo de Gerente de Administra\u00e7\u00e3o Hospitalar | Workable","isPartOf":{"@id":"https:\/\/resources.workable.com\/pt-br\/#website"},"primaryImageOfPage":{"@id":"https:\/\/resources.workable.com\/pt-br\/gerente-de-administracao-de-hospitalar-descricao-do-trabalho#primaryimage"},"image":{"@id":"https:\/\/resources.workable.com\/pt-br\/gerente-de-administracao-de-hospitalar-descricao-do-trabalho#primaryimage"},"thumbnailUrl":"https:\/\/resources.workable.com\/wp-content\/uploads\/2017\/04\/shutterstock_443045398.jpg","datePublished":"2020-01-08T11:06:46+00:00","dateModified":"2020-02-06T13:20:19+00:00","description":"Use este modelo de descri\u00e7\u00e3o de cargo de Gerente de Administra\u00e7\u00e3o Hospitalar para atrair e contratar profissionais qualificados para as suas vagas em aberto.","breadcrumb":{"@id":"https:\/\/resources.workable.com\/pt-br\/gerente-de-administracao-de-hospitalar-descricao-do-trabalho#breadcrumb"},"inLanguage":"pt-BR","potentialAction":[{"@type":"ReadAction","target":["https:\/\/resources.workable.com\/pt-br\/gerente-de-administracao-de-hospitalar-descricao-do-trabalho"]}]},{"@type":"ImageObject","inLanguage":"pt-BR","@id":"https:\/\/resources.workable.com\/pt-br\/gerente-de-administracao-de-hospitalar-descricao-do-trabalho#primaryimage","url":"https:\/\/resources.workable.com\/wp-content\/uploads\/2017\/04\/shutterstock_443045398.jpg","contentUrl":"https:\/\/resources.workable.com\/wp-content\/uploads\/2017\/04\/shutterstock_443045398.jpg"},{"@type":"BreadcrumbList","@id":"https:\/\/resources.workable.com\/pt-br\/gerente-de-administracao-de-hospitalar-descricao-do-trabalho#breadcrumb","itemListElement":[{"@type":"ListItem","position":1,"name":"Home","item":"https:\/\/resources.workable.com\/pt-br\/"},{"@type":"ListItem","position":2,"name":"Descri\u00e7\u00e3o do trabalho: Gerente de Administra\u00e7\u00e3o Hospitalar&nbsp;(f\/m\/d)"}]},{"@type":"WebSite","@id":"https:\/\/resources.workable.com\/pt-br\/#website","url":"https:\/\/resources.workable.com\/pt-br\/","name":"Recruiting Resources: How to Recruit and Hire Better","description":"","publisher":{"@id":"https:\/\/resources.workable.com\/pt-br\/#organization"},"potentialAction":[{"@type":"SearchAction","target":{"@type":"EntryPoint","urlTemplate":"https:\/\/resources.workable.com\/pt-br\/?s={search_term_string}"},"query-input":{"@type":"PropertyValueSpecification","valueRequired":true,"valueName":"search_term_string"}}],"inLanguage":"pt-BR"},{"@type":"Organization","@id":"https:\/\/resources.workable.com\/pt-br\/#organization","name":"Workable","url":"https:\/\/resources.workable.com\/pt-br\/","logo":{"@type":"ImageObject","inLanguage":"pt-BR","@id":"https:\/\/resources.workable.com\/pt-br\/#\/schema\/logo\/image\/","url":"https:\/\/resources.workable.com\/wp-content\/uploads\/2017\/12\/logo-green.png","contentUrl":"https:\/\/resources.workable.com\/wp-content\/uploads\/2017\/12\/logo-green.png","width":150,"height":25,"caption":"Workable"},"image":{"@id":"https:\/\/resources.workable.com\/pt-br\/#\/schema\/logo\/image\/"},"sameAs":["https:\/\/business.facebook.com\/workable\/","https:\/\/x.com\/workable","https:\/\/www.linkedin.com\/company\/workable-hr\/"]},{"@type":"Person","@id":"https:\/\/resources.workable.com\/pt-br\/#\/schema\/person\/b23289d8d63331621eee9e69103cd603","name":"Christina Pavlou","image":{"@type":"ImageObject","inLanguage":"pt-BR","@id":"https:\/\/secure.gravatar.com\/avatar\/9ed48272d268bb7071cf243f8d2dcaeaa1f26feca5ecd3fbed59e0378447bc49?s=96&d=mm&r=pg","url":"https:\/\/secure.gravatar.com\/avatar\/9ed48272d268bb7071cf243f8d2dcaeaa1f26feca5ecd3fbed59e0378447bc49?s=96&d=mm&r=pg","contentUrl":"https:\/\/secure.gravatar.com\/avatar\/9ed48272d268bb7071cf243f8d2dcaeaa1f26feca5ecd3fbed59e0378447bc49?s=96&d=mm&r=pg","caption":"Christina Pavlou"},"description":"Christina Pavlou was a writer at Workable for nearly four years, and previously a recruiter. She writes about diversity in the workplace and reports on the shape of things to come. You can find her on LinkedIn and Twitter.","url":"https:\/\/resources.workable.com\/pt-br\/author\/christina\/"}]}},"modified_by":"Zina Panagopoulou","custom_fields":{"brief":"Estamos \u00e0 procura de um Gerente de Administra\u00e7\u00e3o Hospitalar experiente para administrar nossa unidade m\u00e9dica.\r\n\r\nPara ter sucesso nesta fun\u00e7\u00e3o, o profissional deve ter profundo conhecimento de todos os procedimentos administrativos hospitalares, da cria\u00e7\u00e3o de escalas de plant\u00e3o e comunica\u00e7\u00e3o com os m\u00e9dicos \u00e0 cria\u00e7\u00e3o do or\u00e7amento e manuten\u00e7\u00e3o de suprimentos no estoque. O profissional dever\u00e1 usar suas habilidades de organiza\u00e7\u00e3o e lideran\u00e7a para supervisionar funcion\u00e1rios e garantir a conformidade com as pol\u00edticas e com os regulamentos.\r\n\r\nO profissional tamb\u00e9m ser\u00e1 respons\u00e1vel por garantir que as opera\u00e7\u00f5es do hospital sejam executadas sem problemas.","requirements":"<ul>\r\n \t<li>Experi\u00eancia comprovada de trabalho como Gerente de Administra\u00e7\u00e3o Hospitalar, <a href=\"https:\/\/resources.workable.com\/medical-office-manager-job-description\" target=\"_blank\" rel=\"noopener\">Gerente de Consult\u00f3rio M\u00e9dico<\/a> ou fun\u00e7\u00e3o semelhante<\/li>\r\n \t<li>Conhecimento da terminologia m\u00e9dica e do setor hospitalar<\/li>\r\n \t<li>Experi\u00eancia pr\u00e1tica com sistemas de bancos de dados e MS Excel<\/li>\r\n \t<li>Conhecimento s\u00f3lido dos procedimentos e regulamentos da \u00e1rea da sa\u00fade<\/li>\r\n \t<li>Conhecimento b\u00e1sico de contabilidade<\/li>\r\n \t<li>Familiaridade com transcri\u00e7\u00f5es m\u00e9dicas<\/li>\r\n \t<li>Excelentes habilidades organizacional e de gerenciamento de tempo<\/li>\r\n \t<li>Capacidade de supervisionar e treinar membros da equipe<\/li>\r\n \t<li>Aptid\u00e3o para resolver problemas<\/li>\r\n \t<li>Bacharelado em administra\u00e7\u00e3o na \u00e1rea da sa\u00fade, administra\u00e7\u00e3o de empresas ou \u00e1rea correlata<\/li>\r\n<\/ul>","responsibilities":"<ul>\r\n \t<li>Supervisionar diariamente as opera\u00e7\u00f5es administrativas<\/li>\r\n \t<li>Monitorar os gastos e sugerir alternativas com boa rela\u00e7\u00e3o custo-benef\u00edcio<\/li>\r\n \t<li>Criar or\u00e7amentos trimestrais e anuais<\/li>\r\n \t<li>Desenvolver e implementar pol\u00edticas efetivas para todos os procedimentos operacionais<\/li>\r\n \t<li>Preparar escalas de trabalho<\/li>\r\n \t<li>Manter organizados os registros m\u00e9dicos e de funcion\u00e1rios<\/li>\r\n \t<li>Monitorar o desempenho administrativo da equipe de profissionais<\/li>\r\n \t<li>Treinar novos funcion\u00e1rios<\/li>\r\n \t<li>Garantir a compra e o armazenamento de suprimentos m\u00e9dicos e materiais de escrit\u00f3rio<\/li>\r\n \t<li>Esclarecer d\u00favidas dos m\u00e9dicos, enfermeiros e da equipe de profissionais de sa\u00fade<\/li>\r\n \t<li>Resolver poss\u00edveis problemas com os pacientes<\/li>\r\n \t<li>Manter-se atualizado sobre os regulamentos da \u00e1rea da sa\u00fade<\/li>\r\n<\/ul>","see_more":""},"_links":{"self":[{"href":"https:\/\/resources.workable.com\/pt-br\/wp-json\/wp\/v2\/posts\/47113","targetHints":{"allow":["GET"]}}],"collection":[{"href":"https:\/\/resources.workable.com\/pt-br\/wp-json\/wp\/v2\/posts"}],"about":[{"href":"https:\/\/resources.workable.com\/pt-br\/wp-json\/wp\/v2\/types\/post"}],"author":[{"embeddable":true,"href":"https:\/\/resources.workable.com\/pt-br\/wp-json\/wp\/v2\/users\/41"}],"replies":[{"embeddable":true,"href":"https:\/\/resources.workable.com\/pt-br\/wp-json\/wp\/v2\/comments?post=47113"}],"version-history":[{"count":0,"href":"https:\/\/resources.workable.com\/pt-br\/wp-json\/wp\/v2\/posts\/47113\/revisions"}],"wp:attachment":[{"href":"https:\/\/resources.workable.com\/pt-br\/wp-json\/wp\/v2\/media?parent=47113"}],"wp:term":[{"taxonomy":"category","embeddable":true,"href":"https:\/\/resources.workable.com\/pt-br\/wp-json\/wp\/v2\/categories?post=47113"},{"taxonomy":"post_tag","embeddable":true,"href":"https:\/\/resources.workable.com\/pt-br\/wp-json\/wp\/v2\/tags?post=47113"}],"curies":[{"name":"wp","href":"https:\/\/api.w.org\/{rel}","templated":true}]}}