{"id":42598,"date":"2020-01-08T11:05:25","date_gmt":"2020-01-08T11:05:25","guid":{"rendered":"https:\/\/resources.workable.com\/?p=42598"},"modified":"2020-02-06T13:20:10","modified_gmt":"2020-02-06T13:20:10","slug":"descricao-do-trabalho-planejador-estrategico-f-m-d","status":"publish","type":"post","link":"https:\/\/resources.workable.com\/pt-br\/planejador-estrategico-descricao-do-trabalho","title":{"rendered":"Descri\u00e7\u00e3o do trabalho: Planejador Estrat\u00e9gico&nbsp;(f\/m\/d)"},"content":{"rendered":"<p>Este modelo de descri\u00e7\u00e3o da vaga de <strong>planejador estrat\u00e9gico<\/strong> \u00e9 otimizado para postagem em classificados de emprego ou p\u00e1ginas de carreiras on-line e \u00e9 f\u00e1cil de ser personalizado para a sua empresa.<\/p>\n<h2>Responsabilidades do Planejador Estrat\u00e9gico incluem:<\/h2>\n<ul>\n<li>Moldagem da estrat\u00e9gia geral de neg\u00f3cios da empresa<\/li>\n<li>Desenvolvimento de planos estrat\u00e9gicos e avalia\u00e7\u00e3o do desempenho da empresa<\/li>\n<li>Realiza\u00e7\u00e3o de pesquisas e an\u00e1lise de dados para informar as decis\u00f5es de neg\u00f3cios<\/li>\n<\/ul>\n<p><img loading=\"lazy\" decoding=\"async\" class=\"alignnone size-full wp-image-16438\" src=\"https:\/\/resources.workable.com\/wp-content\/uploads\/2017\/06\/strategic-planner-shutterstock_336871001.jpg\" alt=\"descri\u00e7\u00e3o da vaga de planejador estrat\u00e9gico\" width=\"640\" height=\"230\" srcset=\"https:\/\/resources.workable.com\/wp-content\/uploads\/2017\/06\/strategic-planner-shutterstock_336871001.jpg 640w, https:\/\/resources.workable.com\/wp-content\/uploads\/2017\/06\/strategic-planner-shutterstock_336871001-200x72.jpg 200w, https:\/\/resources.workable.com\/wp-content\/uploads\/2017\/06\/strategic-planner-shutterstock_336871001-560x201.jpg 560w\" sizes=\"auto, (max-width: 640px) 100vw, 640px\" \/><\/p>\n","protected":false},"excerpt":{"rendered":"<p>Este modelo de descri\u00e7\u00e3o da vaga de planejador estrat\u00e9gico \u00e9 otimizado para postagem em classificados de emprego ou p\u00e1ginas de carreiras on-line e \u00e9 f\u00e1cil de ser personalizado para a sua empresa. Responsabilidades do Planejador Estrat\u00e9gico incluem: Moldagem da estrat\u00e9gia geral de neg\u00f3cios da empresa Desenvolvimento de planos estrat\u00e9gicos e avalia\u00e7\u00e3o do desempenho da empresa [&hellip;]<\/p>\n","protected":false},"author":28,"featured_media":0,"comment_status":"closed","ping_status":"closed","sticky":false,"template":"","format":"standard","meta":{"_acf_changed":false,"_lmt_disableupdate":"no","_lmt_disable":"","_has_post_settings":[],"footnotes":""},"categories":[1048,1197],"tags":[],"class_list":["post-42598","post","type-post","status-publish","format-standard","hentry","category-descricoes-de-cargo","category-descricoes-de-vaga-administrativa"],"acf":[],"yoast_head":"<!-- This site is optimized with the Yoast SEO Premium plugin v27.4 (Yoast SEO v27.4) - https:\/\/yoast.com\/product\/yoast-seo-premium-wordpress\/ -->\n<title>Descri\u00e7\u00e3o do trabalho: Planejador Estrat\u00e9gico (f\/m\/d) - Workable<\/title>\n<meta name=\"description\" content=\"Este modelo de descri\u00e7\u00e3o da vaga de planejador estrat\u00e9gico \u00e9 otimizado para postagem em classificados de emprego ou p\u00e1ginas de carreiras on-line e \u00e9 f\u00e1cil de ser personalizado para a sua empresa.\" \/>\n<meta name=\"robots\" content=\"index, follow, max-snippet:-1, max-image-preview:large, max-video-preview:-1\" \/>\n<link rel=\"canonical\" href=\"https:\/\/resources.workable.com\/pt-br\/planejador-estrategico-descricao-do-trabalho\/\" \/>\n<meta property=\"og:locale\" content=\"pt_BR\" \/>\n<meta property=\"og:type\" content=\"article\" \/>\n<meta property=\"og:title\" content=\"Descri\u00e7\u00e3o do trabalho: Planejador Estrat\u00e9gico (f\/m\/d)\" \/>\n<meta property=\"og:description\" content=\"Este modelo de descri\u00e7\u00e3o da vaga de planejador estrat\u00e9gico \u00e9 otimizado para postagem em classificados de emprego ou p\u00e1ginas de carreiras on-line e \u00e9 f\u00e1cil de ser personalizado para a sua empresa.\" \/>\n<meta property=\"og:url\" content=\"https:\/\/resources.workable.com\/pt-br\/planejador-estrategico-descricao-do-trabalho\" \/>\n<meta property=\"og:site_name\" content=\"Recruiting Resources: How to Recruit and Hire Better\" \/>\n<meta property=\"article:publisher\" content=\"https:\/\/business.facebook.com\/workable\/\" \/>\n<meta property=\"article:published_time\" content=\"2020-01-08T11:05:25+00:00\" \/>\n<meta property=\"article:modified_time\" content=\"2020-02-06T13:20:10+00:00\" \/>\n<meta property=\"og:image\" content=\"https:\/\/resources.workable.com\/wp-content\/uploads\/2017\/06\/strategic-planner-shutterstock_336871001.jpg\" \/>\n<meta name=\"author\" content=\"Nikoletta Bika\" \/>\n<meta name=\"twitter:card\" content=\"summary_large_image\" \/>\n<meta name=\"twitter:creator\" content=\"@workable\" \/>\n<meta name=\"twitter:site\" content=\"@workable\" \/>\n<meta name=\"twitter:label1\" content=\"Escrito por\" \/>\n\t<meta name=\"twitter:data1\" content=\"Nikoletta Bika\" \/>\n<script type=\"application\/ld+json\" class=\"yoast-schema-graph\">{\"@context\":\"https:\\\/\\\/schema.org\",\"@graph\":[{\"@type\":\"Article\",\"@id\":\"https:\\\/\\\/resources.workable.com\\\/pt-br\\\/planejador-estrategico-descricao-do-trabalho#article\",\"isPartOf\":{\"@id\":\"https:\\\/\\\/resources.workable.com\\\/pt-br\\\/planejador-estrategico-descricao-do-trabalho\"},\"author\":{\"name\":\"Nikoletta Bika\",\"@id\":\"https:\\\/\\\/resources.workable.com\\\/pt-br\\\/#\\\/schema\\\/person\\\/bddaa2e41481e7c9ef2328432ea089e7\"},\"headline\":\"Descri\u00e7\u00e3o do trabalho: Planejador Estrat\u00e9gico&nbsp;(f\\\/m\\\/d)\",\"datePublished\":\"2020-01-08T11:05:25+00:00\",\"dateModified\":\"2020-02-06T13:20:10+00:00\",\"mainEntityOfPage\":{\"@id\":\"https:\\\/\\\/resources.workable.com\\\/pt-br\\\/planejador-estrategico-descricao-do-trabalho\"},\"wordCount\":89,\"publisher\":{\"@id\":\"https:\\\/\\\/resources.workable.com\\\/pt-br\\\/#organization\"},\"image\":{\"@id\":\"https:\\\/\\\/resources.workable.com\\\/pt-br\\\/planejador-estrategico-descricao-do-trabalho#primaryimage\"},\"thumbnailUrl\":\"https:\\\/\\\/resources.workable.com\\\/wp-content\\\/uploads\\\/2017\\\/06\\\/strategic-planner-shutterstock_336871001.jpg\",\"articleSection\":[\"Descri\u00e7\u00f5es de cargo\",\"Descri\u00e7\u00f5es de vaga administrativa\"],\"inLanguage\":\"pt-BR\"},{\"@type\":\"WebPage\",\"@id\":\"https:\\\/\\\/resources.workable.com\\\/pt-br\\\/planejador-estrategico-descricao-do-trabalho\",\"url\":\"https:\\\/\\\/resources.workable.com\\\/pt-br\\\/planejador-estrategico-descricao-do-trabalho\",\"name\":\"Descri\u00e7\u00e3o do trabalho: Planejador Estrat\u00e9gico (f\\\/m\\\/d) - Workable\",\"isPartOf\":{\"@id\":\"https:\\\/\\\/resources.workable.com\\\/pt-br\\\/#website\"},\"primaryImageOfPage\":{\"@id\":\"https:\\\/\\\/resources.workable.com\\\/pt-br\\\/planejador-estrategico-descricao-do-trabalho#primaryimage\"},\"image\":{\"@id\":\"https:\\\/\\\/resources.workable.com\\\/pt-br\\\/planejador-estrategico-descricao-do-trabalho#primaryimage\"},\"thumbnailUrl\":\"https:\\\/\\\/resources.workable.com\\\/wp-content\\\/uploads\\\/2017\\\/06\\\/strategic-planner-shutterstock_336871001.jpg\",\"datePublished\":\"2020-01-08T11:05:25+00:00\",\"dateModified\":\"2020-02-06T13:20:10+00:00\",\"description\":\"Este modelo de descri\u00e7\u00e3o da vaga de planejador estrat\u00e9gico \u00e9 otimizado para postagem em classificados de emprego ou p\u00e1ginas de carreiras on-line e \u00e9 f\u00e1cil de ser personalizado para a sua empresa.\",\"breadcrumb\":{\"@id\":\"https:\\\/\\\/resources.workable.com\\\/pt-br\\\/planejador-estrategico-descricao-do-trabalho#breadcrumb\"},\"inLanguage\":\"pt-BR\",\"potentialAction\":[{\"@type\":\"ReadAction\",\"target\":[\"https:\\\/\\\/resources.workable.com\\\/pt-br\\\/planejador-estrategico-descricao-do-trabalho\"]}]},{\"@type\":\"ImageObject\",\"inLanguage\":\"pt-BR\",\"@id\":\"https:\\\/\\\/resources.workable.com\\\/pt-br\\\/planejador-estrategico-descricao-do-trabalho#primaryimage\",\"url\":\"https:\\\/\\\/resources.workable.com\\\/wp-content\\\/uploads\\\/2017\\\/06\\\/strategic-planner-shutterstock_336871001.jpg\",\"contentUrl\":\"https:\\\/\\\/resources.workable.com\\\/wp-content\\\/uploads\\\/2017\\\/06\\\/strategic-planner-shutterstock_336871001.jpg\"},{\"@type\":\"BreadcrumbList\",\"@id\":\"https:\\\/\\\/resources.workable.com\\\/pt-br\\\/planejador-estrategico-descricao-do-trabalho#breadcrumb\",\"itemListElement\":[{\"@type\":\"ListItem\",\"position\":1,\"name\":\"Home\",\"item\":\"https:\\\/\\\/resources.workable.com\\\/pt-br\\\/\"},{\"@type\":\"ListItem\",\"position\":2,\"name\":\"Descri\u00e7\u00e3o do trabalho: Planejador Estrat\u00e9gico&nbsp;(f\\\/m\\\/d)\"}]},{\"@type\":\"WebSite\",\"@id\":\"https:\\\/\\\/resources.workable.com\\\/pt-br\\\/#website\",\"url\":\"https:\\\/\\\/resources.workable.com\\\/pt-br\\\/\",\"name\":\"Recruiting Resources: How to Recruit and Hire Better\",\"description\":\"\",\"publisher\":{\"@id\":\"https:\\\/\\\/resources.workable.com\\\/pt-br\\\/#organization\"},\"potentialAction\":[{\"@type\":\"SearchAction\",\"target\":{\"@type\":\"EntryPoint\",\"urlTemplate\":\"https:\\\/\\\/resources.workable.com\\\/pt-br\\\/?s={search_term_string}\"},\"query-input\":{\"@type\":\"PropertyValueSpecification\",\"valueRequired\":true,\"valueName\":\"search_term_string\"}}],\"inLanguage\":\"pt-BR\"},{\"@type\":\"Organization\",\"@id\":\"https:\\\/\\\/resources.workable.com\\\/pt-br\\\/#organization\",\"name\":\"Workable\",\"url\":\"https:\\\/\\\/resources.workable.com\\\/pt-br\\\/\",\"logo\":{\"@type\":\"ImageObject\",\"inLanguage\":\"pt-BR\",\"@id\":\"https:\\\/\\\/resources.workable.com\\\/pt-br\\\/#\\\/schema\\\/logo\\\/image\\\/\",\"url\":\"https:\\\/\\\/resources.workable.com\\\/wp-content\\\/uploads\\\/2017\\\/12\\\/logo-green.png\",\"contentUrl\":\"https:\\\/\\\/resources.workable.com\\\/wp-content\\\/uploads\\\/2017\\\/12\\\/logo-green.png\",\"width\":150,\"height\":25,\"caption\":\"Workable\"},\"image\":{\"@id\":\"https:\\\/\\\/resources.workable.com\\\/pt-br\\\/#\\\/schema\\\/logo\\\/image\\\/\"},\"sameAs\":[\"https:\\\/\\\/business.facebook.com\\\/workable\\\/\",\"https:\\\/\\\/x.com\\\/workable\",\"https:\\\/\\\/www.linkedin.com\\\/company\\\/workable-hr\\\/\"]},{\"@type\":\"Person\",\"@id\":\"https:\\\/\\\/resources.workable.com\\\/pt-br\\\/#\\\/schema\\\/person\\\/bddaa2e41481e7c9ef2328432ea089e7\",\"name\":\"Nikoletta Bika\",\"image\":{\"@type\":\"ImageObject\",\"inLanguage\":\"pt-BR\",\"@id\":\"https:\\\/\\\/secure.gravatar.com\\\/avatar\\\/777bf31309608e9152307199dd8aa97ff19f24849526f1b2b50f11b9ea40fca3?s=96&d=mm&r=pg\",\"url\":\"https:\\\/\\\/secure.gravatar.com\\\/avatar\\\/777bf31309608e9152307199dd8aa97ff19f24849526f1b2b50f11b9ea40fca3?s=96&d=mm&r=pg\",\"contentUrl\":\"https:\\\/\\\/secure.gravatar.com\\\/avatar\\\/777bf31309608e9152307199dd8aa97ff19f24849526f1b2b50f11b9ea40fca3?s=96&d=mm&r=pg\",\"caption\":\"Nikoletta Bika\"},\"description\":\"Nikoletta Bika was a senior writer at Workable for nearly four and a half years. She holds an MSc in HR and has written extensively about all things HR and recruiting, with a particular interest in bias, data, technology, legal compliance, and the future of work. She hates meaningless jargon and dreams about space travel.\",\"sameAs\":[\"http:\\\/\\\/workable.com\"],\"url\":\"https:\\\/\\\/resources.workable.com\\\/pt-br\\\/author\\\/nikoletta-bika\\\/\"}]}<\/script>\n<!-- \/ Yoast SEO Premium plugin. -->","yoast_head_json":{"title":"Descri\u00e7\u00e3o do trabalho: Planejador Estrat\u00e9gico (f\/m\/d) - Workable","description":"Este modelo de descri\u00e7\u00e3o da vaga de planejador estrat\u00e9gico \u00e9 otimizado para postagem em classificados de emprego ou p\u00e1ginas de carreiras on-line e \u00e9 f\u00e1cil de ser personalizado para a sua empresa.","robots":{"index":"index","follow":"follow","max-snippet":"max-snippet:-1","max-image-preview":"max-image-preview:large","max-video-preview":"max-video-preview:-1"},"canonical":"https:\/\/resources.workable.com\/pt-br\/planejador-estrategico-descricao-do-trabalho\/","og_locale":"pt_BR","og_type":"article","og_title":"Descri\u00e7\u00e3o do trabalho: Planejador Estrat\u00e9gico (f\/m\/d)","og_description":"Este modelo de descri\u00e7\u00e3o da vaga de planejador estrat\u00e9gico \u00e9 otimizado para postagem em classificados de emprego ou p\u00e1ginas de carreiras on-line e \u00e9 f\u00e1cil de ser personalizado para a sua empresa.","og_url":"https:\/\/resources.workable.com\/pt-br\/planejador-estrategico-descricao-do-trabalho","og_site_name":"Recruiting Resources: How to Recruit and Hire Better","article_publisher":"https:\/\/business.facebook.com\/workable\/","article_published_time":"2020-01-08T11:05:25+00:00","article_modified_time":"2020-02-06T13:20:10+00:00","og_image":[{"url":"https:\/\/resources.workable.com\/wp-content\/uploads\/2017\/06\/strategic-planner-shutterstock_336871001.jpg","type":"","width":"","height":""}],"author":"Nikoletta Bika","twitter_card":"summary_large_image","twitter_creator":"@workable","twitter_site":"@workable","twitter_misc":{"Escrito por":"Nikoletta Bika"},"schema":{"@context":"https:\/\/schema.org","@graph":[{"@type":"Article","@id":"https:\/\/resources.workable.com\/pt-br\/planejador-estrategico-descricao-do-trabalho#article","isPartOf":{"@id":"https:\/\/resources.workable.com\/pt-br\/planejador-estrategico-descricao-do-trabalho"},"author":{"name":"Nikoletta Bika","@id":"https:\/\/resources.workable.com\/pt-br\/#\/schema\/person\/bddaa2e41481e7c9ef2328432ea089e7"},"headline":"Descri\u00e7\u00e3o do trabalho: Planejador Estrat\u00e9gico&nbsp;(f\/m\/d)","datePublished":"2020-01-08T11:05:25+00:00","dateModified":"2020-02-06T13:20:10+00:00","mainEntityOfPage":{"@id":"https:\/\/resources.workable.com\/pt-br\/planejador-estrategico-descricao-do-trabalho"},"wordCount":89,"publisher":{"@id":"https:\/\/resources.workable.com\/pt-br\/#organization"},"image":{"@id":"https:\/\/resources.workable.com\/pt-br\/planejador-estrategico-descricao-do-trabalho#primaryimage"},"thumbnailUrl":"https:\/\/resources.workable.com\/wp-content\/uploads\/2017\/06\/strategic-planner-shutterstock_336871001.jpg","articleSection":["Descri\u00e7\u00f5es de cargo","Descri\u00e7\u00f5es de vaga administrativa"],"inLanguage":"pt-BR"},{"@type":"WebPage","@id":"https:\/\/resources.workable.com\/pt-br\/planejador-estrategico-descricao-do-trabalho","url":"https:\/\/resources.workable.com\/pt-br\/planejador-estrategico-descricao-do-trabalho","name":"Descri\u00e7\u00e3o do trabalho: Planejador Estrat\u00e9gico (f\/m\/d) - Workable","isPartOf":{"@id":"https:\/\/resources.workable.com\/pt-br\/#website"},"primaryImageOfPage":{"@id":"https:\/\/resources.workable.com\/pt-br\/planejador-estrategico-descricao-do-trabalho#primaryimage"},"image":{"@id":"https:\/\/resources.workable.com\/pt-br\/planejador-estrategico-descricao-do-trabalho#primaryimage"},"thumbnailUrl":"https:\/\/resources.workable.com\/wp-content\/uploads\/2017\/06\/strategic-planner-shutterstock_336871001.jpg","datePublished":"2020-01-08T11:05:25+00:00","dateModified":"2020-02-06T13:20:10+00:00","description":"Este modelo de descri\u00e7\u00e3o da vaga de planejador estrat\u00e9gico \u00e9 otimizado para postagem em classificados de emprego ou p\u00e1ginas de carreiras on-line e \u00e9 f\u00e1cil de ser personalizado para a sua empresa.","breadcrumb":{"@id":"https:\/\/resources.workable.com\/pt-br\/planejador-estrategico-descricao-do-trabalho#breadcrumb"},"inLanguage":"pt-BR","potentialAction":[{"@type":"ReadAction","target":["https:\/\/resources.workable.com\/pt-br\/planejador-estrategico-descricao-do-trabalho"]}]},{"@type":"ImageObject","inLanguage":"pt-BR","@id":"https:\/\/resources.workable.com\/pt-br\/planejador-estrategico-descricao-do-trabalho#primaryimage","url":"https:\/\/resources.workable.com\/wp-content\/uploads\/2017\/06\/strategic-planner-shutterstock_336871001.jpg","contentUrl":"https:\/\/resources.workable.com\/wp-content\/uploads\/2017\/06\/strategic-planner-shutterstock_336871001.jpg"},{"@type":"BreadcrumbList","@id":"https:\/\/resources.workable.com\/pt-br\/planejador-estrategico-descricao-do-trabalho#breadcrumb","itemListElement":[{"@type":"ListItem","position":1,"name":"Home","item":"https:\/\/resources.workable.com\/pt-br\/"},{"@type":"ListItem","position":2,"name":"Descri\u00e7\u00e3o do trabalho: Planejador Estrat\u00e9gico&nbsp;(f\/m\/d)"}]},{"@type":"WebSite","@id":"https:\/\/resources.workable.com\/pt-br\/#website","url":"https:\/\/resources.workable.com\/pt-br\/","name":"Recruiting Resources: How to Recruit and Hire Better","description":"","publisher":{"@id":"https:\/\/resources.workable.com\/pt-br\/#organization"},"potentialAction":[{"@type":"SearchAction","target":{"@type":"EntryPoint","urlTemplate":"https:\/\/resources.workable.com\/pt-br\/?s={search_term_string}"},"query-input":{"@type":"PropertyValueSpecification","valueRequired":true,"valueName":"search_term_string"}}],"inLanguage":"pt-BR"},{"@type":"Organization","@id":"https:\/\/resources.workable.com\/pt-br\/#organization","name":"Workable","url":"https:\/\/resources.workable.com\/pt-br\/","logo":{"@type":"ImageObject","inLanguage":"pt-BR","@id":"https:\/\/resources.workable.com\/pt-br\/#\/schema\/logo\/image\/","url":"https:\/\/resources.workable.com\/wp-content\/uploads\/2017\/12\/logo-green.png","contentUrl":"https:\/\/resources.workable.com\/wp-content\/uploads\/2017\/12\/logo-green.png","width":150,"height":25,"caption":"Workable"},"image":{"@id":"https:\/\/resources.workable.com\/pt-br\/#\/schema\/logo\/image\/"},"sameAs":["https:\/\/business.facebook.com\/workable\/","https:\/\/x.com\/workable","https:\/\/www.linkedin.com\/company\/workable-hr\/"]},{"@type":"Person","@id":"https:\/\/resources.workable.com\/pt-br\/#\/schema\/person\/bddaa2e41481e7c9ef2328432ea089e7","name":"Nikoletta Bika","image":{"@type":"ImageObject","inLanguage":"pt-BR","@id":"https:\/\/secure.gravatar.com\/avatar\/777bf31309608e9152307199dd8aa97ff19f24849526f1b2b50f11b9ea40fca3?s=96&d=mm&r=pg","url":"https:\/\/secure.gravatar.com\/avatar\/777bf31309608e9152307199dd8aa97ff19f24849526f1b2b50f11b9ea40fca3?s=96&d=mm&r=pg","contentUrl":"https:\/\/secure.gravatar.com\/avatar\/777bf31309608e9152307199dd8aa97ff19f24849526f1b2b50f11b9ea40fca3?s=96&d=mm&r=pg","caption":"Nikoletta Bika"},"description":"Nikoletta Bika was a senior writer at Workable for nearly four and a half years. She holds an MSc in HR and has written extensively about all things HR and recruiting, with a particular interest in bias, data, technology, legal compliance, and the future of work. She hates meaningless jargon and dreams about space travel.","sameAs":["http:\/\/workable.com"],"url":"https:\/\/resources.workable.com\/pt-br\/author\/nikoletta-bika\/"}]}},"modified_by":"Zina Panagopoulou","custom_fields":{"brief":"Estamos \u00e0 procura de um Planejador Estrat\u00e9gico para definir a dire\u00e7\u00e3o da nossa empresa e desenvolver planos para atingir nossos objetivos de neg\u00f3cios. Voc\u00ea nos ajudar\u00e1 a manter nossa vantagem competitiva e alocar recursos de forma adequada.\r\n\r\nO pensamento estrat\u00e9gico \u00e9 a habilidade mais importante nessa fun\u00e7\u00e3o. Voc\u00ea tamb\u00e9m deve ser anal\u00edtico com fortes habilidades organizacionais. Se voc\u00ea tamb\u00e9m tem experi\u00eancia em pesquisa de mercado e opera\u00e7\u00f5es comerciais, gostar\u00edamos de conhec\u00ea-lo.\r\n\r\nPor fim, voc\u00ea ajudar\u00e1 nossa empresa a se adaptar \u00e0s mudan\u00e7as e crescer.","requirements":"<ul>\r\n \t<li>Experi\u00eancia comprovada como planejador estrat\u00e9gico ou<a href=\"https:\/\/resources.workable.com\/business-consultant-job-description\" target=\"_blank\" rel=\"noopener noreferrer\">consultor de neg\u00f3cios<\/a><\/li>\r\n \t<li>Compreens\u00e3o de pesquisa de mercado e an\u00e1lise de dados<\/li>\r\n \t<li>Conhecimento de opera\u00e7\u00f5es e procedimentos de neg\u00f3cios<\/li>\r\n \t<li>Habilidade de pensamento estrat\u00e9gico comprov\u00e1vel<\/li>\r\n \t<li>Mente anal\u00edtica com habilidades de resolu\u00e7\u00e3o de problemas<\/li>\r\n \t<li>Habilidades organizacional e de lideran\u00e7a<\/li>\r\n \t<li>Excelentes habilidades de comunica\u00e7\u00e3o<\/li>\r\n \t<li>Bacharel em administra\u00e7\u00e3o de empresas, marketing, finan\u00e7as ou uma \u00e1rea relevante; mestrado \u00e9 uma vantagem<\/li>\r\n<\/ul>","responsibilities":"<ul>\r\n \t<li>Compreender e moldar a estrat\u00e9gia e miss\u00e3o da empresa<\/li>\r\n \t<li>Desenvolver planos para materializar a estrat\u00e9gia e analisar propostas de neg\u00f3cios<\/li>\r\n \t<li>Pesquisar a concorr\u00eancia para identificar amea\u00e7as e oportunidades<\/li>\r\n \t<li>Avaliar o desempenho operacional e estrat\u00e9gico da empresa<\/li>\r\n \t<li>Alinhar processos, planejamento de recursos e metas do departamento com a estrat\u00e9gia geral<\/li>\r\n \t<li>Prestar suporte e percep\u00e7\u00f5es sobre mudan\u00e7as organizacionais significativas (por exemplo, mudan\u00e7a no foco estrat\u00e9gico, fus\u00f5es e aquisi\u00e7\u00f5es)<\/li>\r\n \t<li>Educar os executivos seniores na tomada de decis\u00f5es eficazes<\/li>\r\n \t<li>Fazer previs\u00f5es e modelos anal\u00edticos<\/li>\r\n \t<li>Monitorar e analisar as tend\u00eancias do setor e as mudan\u00e7as do mercado<\/li>\r\n<\/ul>","see_more":""},"_links":{"self":[{"href":"https:\/\/resources.workable.com\/pt-br\/wp-json\/wp\/v2\/posts\/42598","targetHints":{"allow":["GET"]}}],"collection":[{"href":"https:\/\/resources.workable.com\/pt-br\/wp-json\/wp\/v2\/posts"}],"about":[{"href":"https:\/\/resources.workable.com\/pt-br\/wp-json\/wp\/v2\/types\/post"}],"author":[{"embeddable":true,"href":"https:\/\/resources.workable.com\/pt-br\/wp-json\/wp\/v2\/users\/28"}],"replies":[{"embeddable":true,"href":"https:\/\/resources.workable.com\/pt-br\/wp-json\/wp\/v2\/comments?post=42598"}],"version-history":[{"count":0,"href":"https:\/\/resources.workable.com\/pt-br\/wp-json\/wp\/v2\/posts\/42598\/revisions"}],"wp:attachment":[{"href":"https:\/\/resources.workable.com\/pt-br\/wp-json\/wp\/v2\/media?parent=42598"}],"wp:term":[{"taxonomy":"category","embeddable":true,"href":"https:\/\/resources.workable.com\/pt-br\/wp-json\/wp\/v2\/categories?post=42598"},{"taxonomy":"post_tag","embeddable":true,"href":"https:\/\/resources.workable.com\/pt-br\/wp-json\/wp\/v2\/tags?post=42598"}],"curies":[{"name":"wp","href":"https:\/\/api.w.org\/{rel}","templated":true}]}}