{"id":56149,"date":"2020-01-08T11:10:09","date_gmt":"2020-01-08T11:10:09","guid":{"rendered":"https:\/\/resources.workable.com\/?p=56149"},"modified":"2020-02-06T13:16:40","modified_gmt":"2020-02-06T13:16:40","slug":"descriptif-de-poste-adjoint-au-charge-de-compte-f-h-autre","status":"publish","type":"post","link":"https:\/\/resources.workable.com\/fr\/adjoint-au-charge-de-compte-descriptif-de-poste","title":{"rendered":"Descriptif de poste: Adjoint au charg\u00e9 de compte&nbsp;(f\/h\/autre)"},"content":{"rendered":"<p>Le pr\u00e9sent mod\u00e8le de fiche de poste d&rsquo;Adjoint au charg\u00e9 de compte a \u00e9t\u00e9 optimis\u00e9 \u00e0 des fins de publication sur des sites d&rsquo;annonces ou des pages d&#8217;emploi en ligne, ainsi que pour \u00eatre ais\u00e9ment personnalis\u00e9 en fonction des besoins de votre entreprise.<\/p>\n<h2>Les fonctions de l&rsquo;Adjoint au charg\u00e9 de compte\u00a0incluent:<\/h2>\n<ul>\n<li>Aider \u00e0 planifier et r\u00e9aliser les projets des clients du d\u00e9but \u00e0 la fin<\/li>\n<li>Suivre l&rsquo;\u00e9tat d&rsquo;avancement et les budgets et pr\u00e9senter des rapports<\/li>\n<li>Effectuer des recherches pour informer les strat\u00e9gies clients<\/li>\n<\/ul>\n<p><img loading=\"lazy\" decoding=\"async\" class=\"alignnone size-full wp-image-8936\" src=\"https:\/\/resources.workable.com\/wp-content\/uploads\/2017\/03\/assistant-account-executive-shutterstock_445947175.jpg\" alt=\"Fiche de poste d'Adjoint au charg\u00e9 de compte\" width=\"640\" height=\"230\" srcset=\"https:\/\/resources.workable.com\/wp-content\/uploads\/2017\/03\/assistant-account-executive-shutterstock_445947175.jpg 640w, https:\/\/resources.workable.com\/wp-content\/uploads\/2017\/03\/assistant-account-executive-shutterstock_445947175-200x72.jpg 200w, https:\/\/resources.workable.com\/wp-content\/uploads\/2017\/03\/assistant-account-executive-shutterstock_445947175-560x201.jpg 560w\" sizes=\"auto, (max-width: 640px) 100vw, 640px\" \/><\/p>\n","protected":false},"excerpt":{"rendered":"<p>Le pr\u00e9sent mod\u00e8le de fiche de poste d&rsquo;Adjoint au charg\u00e9 de compte a \u00e9t\u00e9 optimis\u00e9 \u00e0 des fins de publication sur des sites d&rsquo;annonces ou des pages d&#8217;emploi en ligne, ainsi que pour \u00eatre ais\u00e9ment personnalis\u00e9 en fonction des besoins de votre entreprise. Les fonctions de l&rsquo;Adjoint au charg\u00e9 de compte\u00a0incluent: Aider \u00e0 planifier et [&hellip;]<\/p>\n","protected":false},"author":28,"featured_media":0,"comment_status":"closed","ping_status":"closed","sticky":false,"template":"","format":"standard","meta":{"_acf_changed":false,"_lmt_disableupdate":"no","_lmt_disable":"","_has_post_settings":[],"footnotes":""},"categories":[1041,1324],"tags":[],"class_list":["post-56149","post","type-post","status-publish","format-standard","hentry","category-descriptifs-de-postes","category-descriptifs-de-postes-de-vente"],"acf":[],"yoast_head":"<!-- This site is optimized with the Yoast SEO Premium plugin v27.4 (Yoast SEO v27.4) - https:\/\/yoast.com\/product\/yoast-seo-premium-wordpress\/ -->\n<title>Descriptif de poste: Adjoint au charg\u00e9 de compte (f\/h\/autre) - Workable<\/title>\n<meta name=\"description\" content=\"Le pr\u00e9sent mod\u00e8le de fiche de poste d&#039;Adjoint au charg\u00e9 de compte est pr\u00eat \u00e0 \u00eatre adapt\u00e9 et publi\u00e9 sur des sites d&#039;annonces ou des pages d&#039;emploi en ligne.\" \/>\n<meta name=\"robots\" content=\"index, follow, max-snippet:-1, max-image-preview:large, max-video-preview:-1\" \/>\n<link rel=\"canonical\" href=\"https:\/\/resources.workable.com\/fr\/adjoint-au-charge-de-compte-descriptif-de-poste\/\" \/>\n<meta property=\"og:locale\" content=\"fr_FR\" \/>\n<meta property=\"og:type\" content=\"article\" \/>\n<meta property=\"og:title\" content=\"Descriptif de poste: Adjoint au charg\u00e9 de compte (f\/h\/autre)\" \/>\n<meta property=\"og:description\" content=\"Le pr\u00e9sent mod\u00e8le de fiche de poste d&#039;Adjoint au charg\u00e9 de compte est pr\u00eat \u00e0 \u00eatre adapt\u00e9 et publi\u00e9 sur des sites d&#039;annonces ou des pages d&#039;emploi en ligne.\" \/>\n<meta property=\"og:url\" content=\"https:\/\/resources.workable.com\/fr\/adjoint-au-charge-de-compte-descriptif-de-poste\" \/>\n<meta property=\"og:site_name\" content=\"Recruiting Resources: How to Recruit and Hire Better\" \/>\n<meta property=\"article:publisher\" content=\"https:\/\/business.facebook.com\/workable\/\" \/>\n<meta property=\"article:published_time\" content=\"2020-01-08T11:10:09+00:00\" \/>\n<meta property=\"article:modified_time\" content=\"2020-02-06T13:16:40+00:00\" \/>\n<meta property=\"og:image\" content=\"https:\/\/resources.workable.com\/wp-content\/uploads\/2017\/03\/assistant-account-executive-shutterstock_445947175.jpg\" \/>\n<meta name=\"author\" content=\"Nikoletta Bika\" \/>\n<meta name=\"twitter:card\" content=\"summary_large_image\" \/>\n<meta name=\"twitter:creator\" content=\"@workable\" \/>\n<meta name=\"twitter:site\" content=\"@workable\" \/>\n<meta name=\"twitter:label1\" content=\"\u00c9crit par\" \/>\n\t<meta name=\"twitter:data1\" content=\"Nikoletta Bika\" \/>\n<script type=\"application\/ld+json\" class=\"yoast-schema-graph\">{\"@context\":\"https:\\\/\\\/schema.org\",\"@graph\":[{\"@type\":\"Article\",\"@id\":\"https:\\\/\\\/resources.workable.com\\\/fr\\\/adjoint-au-charge-de-compte-descriptif-de-poste#article\",\"isPartOf\":{\"@id\":\"https:\\\/\\\/resources.workable.com\\\/fr\\\/adjoint-au-charge-de-compte-descriptif-de-poste\"},\"author\":{\"name\":\"Nikoletta Bika\",\"@id\":\"https:\\\/\\\/resources.workable.com\\\/fr\\\/#\\\/schema\\\/person\\\/bddaa2e41481e7c9ef2328432ea089e7\"},\"headline\":\"Descriptif de poste: Adjoint au charg\u00e9 de compte&nbsp;(f\\\/h\\\/autre)\",\"datePublished\":\"2020-01-08T11:10:09+00:00\",\"dateModified\":\"2020-02-06T13:16:40+00:00\",\"mainEntityOfPage\":{\"@id\":\"https:\\\/\\\/resources.workable.com\\\/fr\\\/adjoint-au-charge-de-compte-descriptif-de-poste\"},\"wordCount\":105,\"publisher\":{\"@id\":\"https:\\\/\\\/resources.workable.com\\\/fr\\\/#organization\"},\"image\":{\"@id\":\"https:\\\/\\\/resources.workable.com\\\/fr\\\/adjoint-au-charge-de-compte-descriptif-de-poste#primaryimage\"},\"thumbnailUrl\":\"https:\\\/\\\/resources.workable.com\\\/wp-content\\\/uploads\\\/2017\\\/03\\\/assistant-account-executive-shutterstock_445947175.jpg\",\"articleSection\":[\"Descriptifs de postes\",\"Descriptifs de postes de vente\"],\"inLanguage\":\"fr-FR\"},{\"@type\":\"WebPage\",\"@id\":\"https:\\\/\\\/resources.workable.com\\\/fr\\\/adjoint-au-charge-de-compte-descriptif-de-poste\",\"url\":\"https:\\\/\\\/resources.workable.com\\\/fr\\\/adjoint-au-charge-de-compte-descriptif-de-poste\",\"name\":\"Descriptif de poste: Adjoint au charg\u00e9 de compte (f\\\/h\\\/autre) - Workable\",\"isPartOf\":{\"@id\":\"https:\\\/\\\/resources.workable.com\\\/fr\\\/#website\"},\"primaryImageOfPage\":{\"@id\":\"https:\\\/\\\/resources.workable.com\\\/fr\\\/adjoint-au-charge-de-compte-descriptif-de-poste#primaryimage\"},\"image\":{\"@id\":\"https:\\\/\\\/resources.workable.com\\\/fr\\\/adjoint-au-charge-de-compte-descriptif-de-poste#primaryimage\"},\"thumbnailUrl\":\"https:\\\/\\\/resources.workable.com\\\/wp-content\\\/uploads\\\/2017\\\/03\\\/assistant-account-executive-shutterstock_445947175.jpg\",\"datePublished\":\"2020-01-08T11:10:09+00:00\",\"dateModified\":\"2020-02-06T13:16:40+00:00\",\"description\":\"Le pr\u00e9sent mod\u00e8le de fiche de poste d'Adjoint au charg\u00e9 de compte est pr\u00eat \u00e0 \u00eatre adapt\u00e9 et publi\u00e9 sur des sites d'annonces ou des pages d'emploi en ligne.\",\"breadcrumb\":{\"@id\":\"https:\\\/\\\/resources.workable.com\\\/fr\\\/adjoint-au-charge-de-compte-descriptif-de-poste#breadcrumb\"},\"inLanguage\":\"fr-FR\",\"potentialAction\":[{\"@type\":\"ReadAction\",\"target\":[\"https:\\\/\\\/resources.workable.com\\\/fr\\\/adjoint-au-charge-de-compte-descriptif-de-poste\"]}]},{\"@type\":\"ImageObject\",\"inLanguage\":\"fr-FR\",\"@id\":\"https:\\\/\\\/resources.workable.com\\\/fr\\\/adjoint-au-charge-de-compte-descriptif-de-poste#primaryimage\",\"url\":\"https:\\\/\\\/resources.workable.com\\\/wp-content\\\/uploads\\\/2017\\\/03\\\/assistant-account-executive-shutterstock_445947175.jpg\",\"contentUrl\":\"https:\\\/\\\/resources.workable.com\\\/wp-content\\\/uploads\\\/2017\\\/03\\\/assistant-account-executive-shutterstock_445947175.jpg\"},{\"@type\":\"BreadcrumbList\",\"@id\":\"https:\\\/\\\/resources.workable.com\\\/fr\\\/adjoint-au-charge-de-compte-descriptif-de-poste#breadcrumb\",\"itemListElement\":[{\"@type\":\"ListItem\",\"position\":1,\"name\":\"Home\",\"item\":\"https:\\\/\\\/resources.workable.com\\\/fr\\\/\"},{\"@type\":\"ListItem\",\"position\":2,\"name\":\"Descriptif de poste: Adjoint au charg\u00e9 de compte&nbsp;(f\\\/h\\\/autre)\"}]},{\"@type\":\"WebSite\",\"@id\":\"https:\\\/\\\/resources.workable.com\\\/fr\\\/#website\",\"url\":\"https:\\\/\\\/resources.workable.com\\\/fr\\\/\",\"name\":\"Recruiting Resources: How to Recruit and Hire Better\",\"description\":\"\",\"publisher\":{\"@id\":\"https:\\\/\\\/resources.workable.com\\\/fr\\\/#organization\"},\"potentialAction\":[{\"@type\":\"SearchAction\",\"target\":{\"@type\":\"EntryPoint\",\"urlTemplate\":\"https:\\\/\\\/resources.workable.com\\\/fr\\\/?s={search_term_string}\"},\"query-input\":{\"@type\":\"PropertyValueSpecification\",\"valueRequired\":true,\"valueName\":\"search_term_string\"}}],\"inLanguage\":\"fr-FR\"},{\"@type\":\"Organization\",\"@id\":\"https:\\\/\\\/resources.workable.com\\\/fr\\\/#organization\",\"name\":\"Workable\",\"url\":\"https:\\\/\\\/resources.workable.com\\\/fr\\\/\",\"logo\":{\"@type\":\"ImageObject\",\"inLanguage\":\"fr-FR\",\"@id\":\"https:\\\/\\\/resources.workable.com\\\/fr\\\/#\\\/schema\\\/logo\\\/image\\\/\",\"url\":\"https:\\\/\\\/resources.workable.com\\\/wp-content\\\/uploads\\\/2017\\\/12\\\/logo-green.png\",\"contentUrl\":\"https:\\\/\\\/resources.workable.com\\\/wp-content\\\/uploads\\\/2017\\\/12\\\/logo-green.png\",\"width\":150,\"height\":25,\"caption\":\"Workable\"},\"image\":{\"@id\":\"https:\\\/\\\/resources.workable.com\\\/fr\\\/#\\\/schema\\\/logo\\\/image\\\/\"},\"sameAs\":[\"https:\\\/\\\/business.facebook.com\\\/workable\\\/\",\"https:\\\/\\\/x.com\\\/workable\",\"https:\\\/\\\/www.linkedin.com\\\/company\\\/workable-hr\\\/\"]},{\"@type\":\"Person\",\"@id\":\"https:\\\/\\\/resources.workable.com\\\/fr\\\/#\\\/schema\\\/person\\\/bddaa2e41481e7c9ef2328432ea089e7\",\"name\":\"Nikoletta Bika\",\"image\":{\"@type\":\"ImageObject\",\"inLanguage\":\"fr-FR\",\"@id\":\"https:\\\/\\\/secure.gravatar.com\\\/avatar\\\/777bf31309608e9152307199dd8aa97ff19f24849526f1b2b50f11b9ea40fca3?s=96&d=mm&r=pg\",\"url\":\"https:\\\/\\\/secure.gravatar.com\\\/avatar\\\/777bf31309608e9152307199dd8aa97ff19f24849526f1b2b50f11b9ea40fca3?s=96&d=mm&r=pg\",\"contentUrl\":\"https:\\\/\\\/secure.gravatar.com\\\/avatar\\\/777bf31309608e9152307199dd8aa97ff19f24849526f1b2b50f11b9ea40fca3?s=96&d=mm&r=pg\",\"caption\":\"Nikoletta Bika\"},\"description\":\"Nikoletta Bika was a senior writer at Workable for nearly four and a half years. She holds an MSc in HR and has written extensively about all things HR and recruiting, with a particular interest in bias, data, technology, legal compliance, and the future of work. She hates meaningless jargon and dreams about space travel.\",\"sameAs\":[\"http:\\\/\\\/workable.com\"],\"url\":\"https:\\\/\\\/resources.workable.com\\\/fr\\\/author\\\/nikoletta-bika\\\/\"}]}<\/script>\n<!-- \/ Yoast SEO Premium plugin. -->","yoast_head_json":{"title":"Descriptif de poste: Adjoint au charg\u00e9 de compte (f\/h\/autre) - Workable","description":"Le pr\u00e9sent mod\u00e8le de fiche de poste d'Adjoint au charg\u00e9 de compte est pr\u00eat \u00e0 \u00eatre adapt\u00e9 et publi\u00e9 sur des sites d'annonces ou des pages d'emploi en ligne.","robots":{"index":"index","follow":"follow","max-snippet":"max-snippet:-1","max-image-preview":"max-image-preview:large","max-video-preview":"max-video-preview:-1"},"canonical":"https:\/\/resources.workable.com\/fr\/adjoint-au-charge-de-compte-descriptif-de-poste\/","og_locale":"fr_FR","og_type":"article","og_title":"Descriptif de poste: Adjoint au charg\u00e9 de compte (f\/h\/autre)","og_description":"Le pr\u00e9sent mod\u00e8le de fiche de poste d'Adjoint au charg\u00e9 de compte est pr\u00eat \u00e0 \u00eatre adapt\u00e9 et publi\u00e9 sur des sites d'annonces ou des pages d'emploi en ligne.","og_url":"https:\/\/resources.workable.com\/fr\/adjoint-au-charge-de-compte-descriptif-de-poste","og_site_name":"Recruiting Resources: How to Recruit and Hire Better","article_publisher":"https:\/\/business.facebook.com\/workable\/","article_published_time":"2020-01-08T11:10:09+00:00","article_modified_time":"2020-02-06T13:16:40+00:00","og_image":[{"url":"https:\/\/resources.workable.com\/wp-content\/uploads\/2017\/03\/assistant-account-executive-shutterstock_445947175.jpg","type":"","width":"","height":""}],"author":"Nikoletta Bika","twitter_card":"summary_large_image","twitter_creator":"@workable","twitter_site":"@workable","twitter_misc":{"\u00c9crit par":"Nikoletta Bika"},"schema":{"@context":"https:\/\/schema.org","@graph":[{"@type":"Article","@id":"https:\/\/resources.workable.com\/fr\/adjoint-au-charge-de-compte-descriptif-de-poste#article","isPartOf":{"@id":"https:\/\/resources.workable.com\/fr\/adjoint-au-charge-de-compte-descriptif-de-poste"},"author":{"name":"Nikoletta Bika","@id":"https:\/\/resources.workable.com\/fr\/#\/schema\/person\/bddaa2e41481e7c9ef2328432ea089e7"},"headline":"Descriptif de poste: Adjoint au charg\u00e9 de compte&nbsp;(f\/h\/autre)","datePublished":"2020-01-08T11:10:09+00:00","dateModified":"2020-02-06T13:16:40+00:00","mainEntityOfPage":{"@id":"https:\/\/resources.workable.com\/fr\/adjoint-au-charge-de-compte-descriptif-de-poste"},"wordCount":105,"publisher":{"@id":"https:\/\/resources.workable.com\/fr\/#organization"},"image":{"@id":"https:\/\/resources.workable.com\/fr\/adjoint-au-charge-de-compte-descriptif-de-poste#primaryimage"},"thumbnailUrl":"https:\/\/resources.workable.com\/wp-content\/uploads\/2017\/03\/assistant-account-executive-shutterstock_445947175.jpg","articleSection":["Descriptifs de postes","Descriptifs de postes de vente"],"inLanguage":"fr-FR"},{"@type":"WebPage","@id":"https:\/\/resources.workable.com\/fr\/adjoint-au-charge-de-compte-descriptif-de-poste","url":"https:\/\/resources.workable.com\/fr\/adjoint-au-charge-de-compte-descriptif-de-poste","name":"Descriptif de poste: Adjoint au charg\u00e9 de compte (f\/h\/autre) - Workable","isPartOf":{"@id":"https:\/\/resources.workable.com\/fr\/#website"},"primaryImageOfPage":{"@id":"https:\/\/resources.workable.com\/fr\/adjoint-au-charge-de-compte-descriptif-de-poste#primaryimage"},"image":{"@id":"https:\/\/resources.workable.com\/fr\/adjoint-au-charge-de-compte-descriptif-de-poste#primaryimage"},"thumbnailUrl":"https:\/\/resources.workable.com\/wp-content\/uploads\/2017\/03\/assistant-account-executive-shutterstock_445947175.jpg","datePublished":"2020-01-08T11:10:09+00:00","dateModified":"2020-02-06T13:16:40+00:00","description":"Le pr\u00e9sent mod\u00e8le de fiche de poste d'Adjoint au charg\u00e9 de compte est pr\u00eat \u00e0 \u00eatre adapt\u00e9 et publi\u00e9 sur des sites d'annonces ou des pages d'emploi en ligne.","breadcrumb":{"@id":"https:\/\/resources.workable.com\/fr\/adjoint-au-charge-de-compte-descriptif-de-poste#breadcrumb"},"inLanguage":"fr-FR","potentialAction":[{"@type":"ReadAction","target":["https:\/\/resources.workable.com\/fr\/adjoint-au-charge-de-compte-descriptif-de-poste"]}]},{"@type":"ImageObject","inLanguage":"fr-FR","@id":"https:\/\/resources.workable.com\/fr\/adjoint-au-charge-de-compte-descriptif-de-poste#primaryimage","url":"https:\/\/resources.workable.com\/wp-content\/uploads\/2017\/03\/assistant-account-executive-shutterstock_445947175.jpg","contentUrl":"https:\/\/resources.workable.com\/wp-content\/uploads\/2017\/03\/assistant-account-executive-shutterstock_445947175.jpg"},{"@type":"BreadcrumbList","@id":"https:\/\/resources.workable.com\/fr\/adjoint-au-charge-de-compte-descriptif-de-poste#breadcrumb","itemListElement":[{"@type":"ListItem","position":1,"name":"Home","item":"https:\/\/resources.workable.com\/fr\/"},{"@type":"ListItem","position":2,"name":"Descriptif de poste: Adjoint au charg\u00e9 de compte&nbsp;(f\/h\/autre)"}]},{"@type":"WebSite","@id":"https:\/\/resources.workable.com\/fr\/#website","url":"https:\/\/resources.workable.com\/fr\/","name":"Recruiting Resources: How to Recruit and Hire Better","description":"","publisher":{"@id":"https:\/\/resources.workable.com\/fr\/#organization"},"potentialAction":[{"@type":"SearchAction","target":{"@type":"EntryPoint","urlTemplate":"https:\/\/resources.workable.com\/fr\/?s={search_term_string}"},"query-input":{"@type":"PropertyValueSpecification","valueRequired":true,"valueName":"search_term_string"}}],"inLanguage":"fr-FR"},{"@type":"Organization","@id":"https:\/\/resources.workable.com\/fr\/#organization","name":"Workable","url":"https:\/\/resources.workable.com\/fr\/","logo":{"@type":"ImageObject","inLanguage":"fr-FR","@id":"https:\/\/resources.workable.com\/fr\/#\/schema\/logo\/image\/","url":"https:\/\/resources.workable.com\/wp-content\/uploads\/2017\/12\/logo-green.png","contentUrl":"https:\/\/resources.workable.com\/wp-content\/uploads\/2017\/12\/logo-green.png","width":150,"height":25,"caption":"Workable"},"image":{"@id":"https:\/\/resources.workable.com\/fr\/#\/schema\/logo\/image\/"},"sameAs":["https:\/\/business.facebook.com\/workable\/","https:\/\/x.com\/workable","https:\/\/www.linkedin.com\/company\/workable-hr\/"]},{"@type":"Person","@id":"https:\/\/resources.workable.com\/fr\/#\/schema\/person\/bddaa2e41481e7c9ef2328432ea089e7","name":"Nikoletta Bika","image":{"@type":"ImageObject","inLanguage":"fr-FR","@id":"https:\/\/secure.gravatar.com\/avatar\/777bf31309608e9152307199dd8aa97ff19f24849526f1b2b50f11b9ea40fca3?s=96&d=mm&r=pg","url":"https:\/\/secure.gravatar.com\/avatar\/777bf31309608e9152307199dd8aa97ff19f24849526f1b2b50f11b9ea40fca3?s=96&d=mm&r=pg","contentUrl":"https:\/\/secure.gravatar.com\/avatar\/777bf31309608e9152307199dd8aa97ff19f24849526f1b2b50f11b9ea40fca3?s=96&d=mm&r=pg","caption":"Nikoletta Bika"},"description":"Nikoletta Bika was a senior writer at Workable for nearly four and a half years. She holds an MSc in HR and has written extensively about all things HR and recruiting, with a particular interest in bias, data, technology, legal compliance, and the future of work. She hates meaningless jargon and dreams about space travel.","sameAs":["http:\/\/workable.com"],"url":"https:\/\/resources.workable.com\/fr\/author\/nikoletta-bika\/"}]}},"modified_by":null,"custom_fields":{"brief":"Nous recherchons un Adjoint au charg\u00e9 de compte pour assister nos <a href=\"https:\/\/resources.workable.com\/account-executive-job-description\" target=\"_blank\" rel=\"noopener\">charg\u00e9(e)s de compte<\/a> dans la gestion des comptes clients. Vous aiderez \u00e0 planifier et ex\u00e9cuter des projets de mani\u00e8re \u00e0 r\u00e9pondre aux besoins des clients.\r\n\r\n\u00c0 ce poste, vous devrez \u00eatre bien organis\u00e9(e) et flexible. Une attention port\u00e9e aux d\u00e9tails et des talents de communication sont tous deux essentiels. Si vous poss\u00e9dez \u00e9galement une exp\u00e9rience en gestion de projets et service de comptes, nous souhaiterions vous rencontrer.\r\n\r\nVotre objectif sera de veiller \u00e0 ce que nous fournissions un excellent service \u00e0 nos clients.","requirements":"<ul>\r\n \t<li>Exp\u00e9rience professionnelle av\u00e9r\u00e9e d'Adjoint au charg\u00e9 de compte, <a href=\"https:\/\/resources.workable.com\/account-coordinator-job-description\" target=\"_blank\" rel=\"noopener\">Coordinateur de comptes<\/a> ou \u00e0 un poste similaire<\/li>\r\n \t<li>Exp\u00e9rience en gestion de projet\u00a0; des ant\u00e9c\u00e9dents en publicit\u00e9 et en marketing sur les r\u00e9seaux sociaux sont un avantage<\/li>\r\n \t<li>Connaissance des m\u00e9thodes de recherche<\/li>\r\n \t<li>Ma\u00eetrise de MS Office<\/li>\r\n \t<li>Excellentes comp\u00e9tences de communication orale et \u00e9crite<\/li>\r\n \t<li>Attention port\u00e9e aux d\u00e9tails<\/li>\r\n \t<li>Excellentes comp\u00e9tences organisationnelles<\/li>\r\n \t<li>Aptitude \u00e0 travailler sous la pression<\/li>\r\n \t<li>Licence en marketing, communication, affaires ou un domaine y aff\u00e9rent<\/li>\r\n<\/ul>","responsibilities":"<ul>\r\n \t<li>D\u00e9velopper des supports de vente (par\u00a0ex. propositions, diapositives, analyses)<\/li>\r\n \t<li>Apporter son concours lors de pr\u00e9sentations aux clients<\/li>\r\n \t<li>Effectuer des recherches pour informer les strat\u00e9gies clients<\/li>\r\n \t<li>Aider \u00e0 planifier des projets du d\u00e9but \u00e0 la fin (estimations, budgets, calendriers)<\/li>\r\n \t<li>Assurer la coordination avec les \u00e9quipes internes et les vendeurs pour mettre en \u0153uvre des projets<\/li>\r\n \t<li>Suivre l'\u00e9tat d'avancement des projets, les calendriers et les d\u00e9penses<\/li>\r\n \t<li>Pr\u00e9senter r\u00e9guli\u00e8rement des rapports d'\u00e9tat<\/li>\r\n \t<li>R\u00e9pondre aux demandes des clients<\/li>\r\n \t<li>Tenir \u00e0 jour les donn\u00e9es et les registres<\/li>\r\n<\/ul>","see_more":""},"_links":{"self":[{"href":"https:\/\/resources.workable.com\/fr\/wp-json\/wp\/v2\/posts\/56149","targetHints":{"allow":["GET"]}}],"collection":[{"href":"https:\/\/resources.workable.com\/fr\/wp-json\/wp\/v2\/posts"}],"about":[{"href":"https:\/\/resources.workable.com\/fr\/wp-json\/wp\/v2\/types\/post"}],"author":[{"embeddable":true,"href":"https:\/\/resources.workable.com\/fr\/wp-json\/wp\/v2\/users\/28"}],"replies":[{"embeddable":true,"href":"https:\/\/resources.workable.com\/fr\/wp-json\/wp\/v2\/comments?post=56149"}],"version-history":[{"count":0,"href":"https:\/\/resources.workable.com\/fr\/wp-json\/wp\/v2\/posts\/56149\/revisions"}],"wp:attachment":[{"href":"https:\/\/resources.workable.com\/fr\/wp-json\/wp\/v2\/media?parent=56149"}],"wp:term":[{"taxonomy":"category","embeddable":true,"href":"https:\/\/resources.workable.com\/fr\/wp-json\/wp\/v2\/categories?post=56149"},{"taxonomy":"post_tag","embeddable":true,"href":"https:\/\/resources.workable.com\/fr\/wp-json\/wp\/v2\/tags?post=56149"}],"curies":[{"name":"wp","href":"https:\/\/api.w.org\/{rel}","templated":true}]}}