{"id":54315,"date":"2020-01-08T11:09:31","date_gmt":"2020-01-08T11:09:31","guid":{"rendered":"https:\/\/resources.workable.com\/?p=54315"},"modified":"2020-02-06T13:17:43","modified_gmt":"2020-02-06T13:17:43","slug":"descriptif-de-poste-editeur-de-photos-f-h-autre","status":"publish","type":"post","link":"https:\/\/resources.workable.com\/fr\/editeur-de-photos-descriptif-de-poste","title":{"rendered":"Descriptif de poste: \u00c9diteur de photos&nbsp;(f\/h\/autre)"},"content":{"rendered":"<p>Le pr\u00e9sent mod\u00e8le de fiche de poste d&rsquo;\u00e9diteur de photos a \u00e9t\u00e9 optimis\u00e9 \u00e0 des fins de publication sur des sites d&rsquo;annonces ou des pages d&#8217;emploi en ligne, ainsi que pour \u00eatre ais\u00e9ment personnalis\u00e9 en fonction des besoins de votre entreprise.<\/p>\n<h2>Responsabilit\u00e9s de l&rsquo;\u00e9diteur de photos:<\/h2>\n<ul>\n<li>Se coordonner avec le r\u00e9dacteur et les membres de l&rsquo;\u00e9quipe pour identifier les besoins photographiques<\/li>\n<li>Assigner les projets aux photographes et respecter les d\u00e9lais<\/li>\n<li>R\u00e9viser les photos, \u00e9diter et faire les changements n\u00e9cessaires<\/li>\n<\/ul>\n<p><img loading=\"lazy\" decoding=\"async\" class=\"size-full wp-image-5470 aligncenter\" src=\"https:\/\/resources.workable.com\/wp-content\/uploads\/2016\/06\/photo-editor.jpg\" alt=\"Fiche de poste d'\u00e9diteur de photos\" width=\"640\" height=\"230\" srcset=\"https:\/\/resources.workable.com\/wp-content\/uploads\/2016\/06\/photo-editor.jpg 640w, https:\/\/resources.workable.com\/wp-content\/uploads\/2016\/06\/photo-editor-200x72.jpg 200w, https:\/\/resources.workable.com\/wp-content\/uploads\/2016\/06\/photo-editor-560x201.jpg 560w\" sizes=\"auto, (max-width: 640px) 100vw, 640px\" \/><\/p>\n<h2><\/h2>\n<p>&nbsp;<\/p>\n","protected":false},"excerpt":{"rendered":"<p>Le pr\u00e9sent mod\u00e8le de fiche de poste d&rsquo;\u00e9diteur de photos a \u00e9t\u00e9 optimis\u00e9 \u00e0 des fins de publication sur des sites d&rsquo;annonces ou des pages d&#8217;emploi en ligne, ainsi que pour \u00eatre ais\u00e9ment personnalis\u00e9 en fonction des besoins de votre entreprise. Responsabilit\u00e9s de l&rsquo;\u00e9diteur de photos: Se coordonner avec le r\u00e9dacteur et les membres de [&hellip;]<\/p>\n","protected":false},"author":41,"featured_media":0,"comment_status":"closed","ping_status":"closed","sticky":false,"template":"","format":"standard","meta":{"_acf_changed":false,"_lmt_disableupdate":"no","_lmt_disable":"","_has_post_settings":[],"footnotes":""},"categories":[1041,1313],"tags":[],"class_list":["post-54315","post","type-post","status-publish","format-standard","hentry","category-descriptifs-de-postes","category-descriptifs-de-postes-dans-les-medias"],"acf":[],"yoast_head":"<!-- This site is optimized with the Yoast SEO Premium plugin v27.4 (Yoast SEO v27.4) - https:\/\/yoast.com\/product\/yoast-seo-premium-wordpress\/ -->\n<title>Mod\u00e8le de fiche de poste d&#039;\u00e9diteur photo | Workable<\/title>\n<meta name=\"description\" content=\"Le pr\u00e9sent mod\u00e8le de fiche de poste d&#039;\u00e9diteur photo a \u00e9t\u00e9 optimis\u00e9 \u00e0 des fins de publication sur des sites d&#039;annonces ou des pages d&#039;emploi en ligne, ainsi que pour \u00eatre ais\u00e9ment personnalis\u00e9 en fonction des besoins de votre entreprise.\" \/>\n<meta name=\"robots\" content=\"index, follow, max-snippet:-1, max-image-preview:large, max-video-preview:-1\" \/>\n<link rel=\"canonical\" href=\"https:\/\/resources.workable.com\/fr\/editeur-de-photos-descriptif-de-poste\/\" \/>\n<meta property=\"og:locale\" content=\"fr_FR\" \/>\n<meta property=\"og:type\" content=\"article\" \/>\n<meta property=\"og:title\" content=\"Descriptif de poste: \u00c9diteur de photos (f\/h\/autre)\" \/>\n<meta property=\"og:description\" content=\"Le pr\u00e9sent mod\u00e8le de fiche de poste d&#039;\u00e9diteur photo a \u00e9t\u00e9 optimis\u00e9 \u00e0 des fins de publication sur des sites d&#039;annonces ou des pages d&#039;emploi en ligne, ainsi que pour \u00eatre ais\u00e9ment personnalis\u00e9 en fonction des besoins de votre entreprise.\" \/>\n<meta property=\"og:url\" content=\"https:\/\/resources.workable.com\/fr\/editeur-de-photos-descriptif-de-poste\" \/>\n<meta property=\"og:site_name\" content=\"Recruiting Resources: How to Recruit and Hire Better\" \/>\n<meta property=\"article:publisher\" content=\"https:\/\/business.facebook.com\/workable\/\" \/>\n<meta property=\"article:published_time\" content=\"2020-01-08T11:09:31+00:00\" \/>\n<meta property=\"article:modified_time\" content=\"2020-02-06T13:17:43+00:00\" \/>\n<meta property=\"og:image\" content=\"https:\/\/resources.workable.com\/wp-content\/uploads\/2016\/06\/photo-editor.jpg\" \/>\n<meta name=\"author\" content=\"Christina Pavlou\" \/>\n<meta name=\"twitter:card\" content=\"summary_large_image\" \/>\n<meta name=\"twitter:creator\" content=\"@workable\" \/>\n<meta name=\"twitter:site\" content=\"@workable\" \/>\n<meta name=\"twitter:label1\" content=\"\u00c9crit par\" \/>\n\t<meta name=\"twitter:data1\" content=\"Christina Pavlou\" \/>\n<script type=\"application\/ld+json\" class=\"yoast-schema-graph\">{\"@context\":\"https:\\\/\\\/schema.org\",\"@graph\":[{\"@type\":\"Article\",\"@id\":\"https:\\\/\\\/resources.workable.com\\\/fr\\\/editeur-de-photos-descriptif-de-poste#article\",\"isPartOf\":{\"@id\":\"https:\\\/\\\/resources.workable.com\\\/fr\\\/editeur-de-photos-descriptif-de-poste\"},\"author\":{\"name\":\"Christina Pavlou\",\"@id\":\"https:\\\/\\\/resources.workable.com\\\/fr\\\/#\\\/schema\\\/person\\\/b23289d8d63331621eee9e69103cd603\"},\"headline\":\"Descriptif de poste: \u00c9diteur de photos&nbsp;(f\\\/h\\\/autre)\",\"datePublished\":\"2020-01-08T11:09:31+00:00\",\"dateModified\":\"2020-02-06T13:17:43+00:00\",\"mainEntityOfPage\":{\"@id\":\"https:\\\/\\\/resources.workable.com\\\/fr\\\/editeur-de-photos-descriptif-de-poste\"},\"wordCount\":101,\"publisher\":{\"@id\":\"https:\\\/\\\/resources.workable.com\\\/fr\\\/#organization\"},\"image\":{\"@id\":\"https:\\\/\\\/resources.workable.com\\\/fr\\\/editeur-de-photos-descriptif-de-poste#primaryimage\"},\"thumbnailUrl\":\"https:\\\/\\\/resources.workable.com\\\/wp-content\\\/uploads\\\/2016\\\/06\\\/photo-editor.jpg\",\"articleSection\":[\"Descriptifs de postes\",\"Descriptifs de postes dans les m\u00e9dias\"],\"inLanguage\":\"fr-FR\"},{\"@type\":\"WebPage\",\"@id\":\"https:\\\/\\\/resources.workable.com\\\/fr\\\/editeur-de-photos-descriptif-de-poste\",\"url\":\"https:\\\/\\\/resources.workable.com\\\/fr\\\/editeur-de-photos-descriptif-de-poste\",\"name\":\"Mod\u00e8le de fiche de poste d'\u00e9diteur photo | Workable\",\"isPartOf\":{\"@id\":\"https:\\\/\\\/resources.workable.com\\\/fr\\\/#website\"},\"primaryImageOfPage\":{\"@id\":\"https:\\\/\\\/resources.workable.com\\\/fr\\\/editeur-de-photos-descriptif-de-poste#primaryimage\"},\"image\":{\"@id\":\"https:\\\/\\\/resources.workable.com\\\/fr\\\/editeur-de-photos-descriptif-de-poste#primaryimage\"},\"thumbnailUrl\":\"https:\\\/\\\/resources.workable.com\\\/wp-content\\\/uploads\\\/2016\\\/06\\\/photo-editor.jpg\",\"datePublished\":\"2020-01-08T11:09:31+00:00\",\"dateModified\":\"2020-02-06T13:17:43+00:00\",\"description\":\"Le pr\u00e9sent mod\u00e8le de fiche de poste d'\u00e9diteur photo a \u00e9t\u00e9 optimis\u00e9 \u00e0 des fins de publication sur des sites d'annonces ou des pages d'emploi en ligne, ainsi que pour \u00eatre ais\u00e9ment personnalis\u00e9 en fonction des besoins de votre entreprise.\",\"breadcrumb\":{\"@id\":\"https:\\\/\\\/resources.workable.com\\\/fr\\\/editeur-de-photos-descriptif-de-poste#breadcrumb\"},\"inLanguage\":\"fr-FR\",\"potentialAction\":[{\"@type\":\"ReadAction\",\"target\":[\"https:\\\/\\\/resources.workable.com\\\/fr\\\/editeur-de-photos-descriptif-de-poste\"]}]},{\"@type\":\"ImageObject\",\"inLanguage\":\"fr-FR\",\"@id\":\"https:\\\/\\\/resources.workable.com\\\/fr\\\/editeur-de-photos-descriptif-de-poste#primaryimage\",\"url\":\"https:\\\/\\\/resources.workable.com\\\/wp-content\\\/uploads\\\/2016\\\/06\\\/photo-editor.jpg\",\"contentUrl\":\"https:\\\/\\\/resources.workable.com\\\/wp-content\\\/uploads\\\/2016\\\/06\\\/photo-editor.jpg\"},{\"@type\":\"BreadcrumbList\",\"@id\":\"https:\\\/\\\/resources.workable.com\\\/fr\\\/editeur-de-photos-descriptif-de-poste#breadcrumb\",\"itemListElement\":[{\"@type\":\"ListItem\",\"position\":1,\"name\":\"Home\",\"item\":\"https:\\\/\\\/resources.workable.com\\\/fr\\\/\"},{\"@type\":\"ListItem\",\"position\":2,\"name\":\"Descriptif de poste: \u00c9diteur de photos&nbsp;(f\\\/h\\\/autre)\"}]},{\"@type\":\"WebSite\",\"@id\":\"https:\\\/\\\/resources.workable.com\\\/fr\\\/#website\",\"url\":\"https:\\\/\\\/resources.workable.com\\\/fr\\\/\",\"name\":\"Recruiting Resources: How to Recruit and Hire Better\",\"description\":\"\",\"publisher\":{\"@id\":\"https:\\\/\\\/resources.workable.com\\\/fr\\\/#organization\"},\"potentialAction\":[{\"@type\":\"SearchAction\",\"target\":{\"@type\":\"EntryPoint\",\"urlTemplate\":\"https:\\\/\\\/resources.workable.com\\\/fr\\\/?s={search_term_string}\"},\"query-input\":{\"@type\":\"PropertyValueSpecification\",\"valueRequired\":true,\"valueName\":\"search_term_string\"}}],\"inLanguage\":\"fr-FR\"},{\"@type\":\"Organization\",\"@id\":\"https:\\\/\\\/resources.workable.com\\\/fr\\\/#organization\",\"name\":\"Workable\",\"url\":\"https:\\\/\\\/resources.workable.com\\\/fr\\\/\",\"logo\":{\"@type\":\"ImageObject\",\"inLanguage\":\"fr-FR\",\"@id\":\"https:\\\/\\\/resources.workable.com\\\/fr\\\/#\\\/schema\\\/logo\\\/image\\\/\",\"url\":\"https:\\\/\\\/resources.workable.com\\\/wp-content\\\/uploads\\\/2017\\\/12\\\/logo-green.png\",\"contentUrl\":\"https:\\\/\\\/resources.workable.com\\\/wp-content\\\/uploads\\\/2017\\\/12\\\/logo-green.png\",\"width\":150,\"height\":25,\"caption\":\"Workable\"},\"image\":{\"@id\":\"https:\\\/\\\/resources.workable.com\\\/fr\\\/#\\\/schema\\\/logo\\\/image\\\/\"},\"sameAs\":[\"https:\\\/\\\/business.facebook.com\\\/workable\\\/\",\"https:\\\/\\\/x.com\\\/workable\",\"https:\\\/\\\/www.linkedin.com\\\/company\\\/workable-hr\\\/\"]},{\"@type\":\"Person\",\"@id\":\"https:\\\/\\\/resources.workable.com\\\/fr\\\/#\\\/schema\\\/person\\\/b23289d8d63331621eee9e69103cd603\",\"name\":\"Christina Pavlou\",\"image\":{\"@type\":\"ImageObject\",\"inLanguage\":\"fr-FR\",\"@id\":\"https:\\\/\\\/secure.gravatar.com\\\/avatar\\\/9ed48272d268bb7071cf243f8d2dcaeaa1f26feca5ecd3fbed59e0378447bc49?s=96&d=mm&r=pg\",\"url\":\"https:\\\/\\\/secure.gravatar.com\\\/avatar\\\/9ed48272d268bb7071cf243f8d2dcaeaa1f26feca5ecd3fbed59e0378447bc49?s=96&d=mm&r=pg\",\"contentUrl\":\"https:\\\/\\\/secure.gravatar.com\\\/avatar\\\/9ed48272d268bb7071cf243f8d2dcaeaa1f26feca5ecd3fbed59e0378447bc49?s=96&d=mm&r=pg\",\"caption\":\"Christina Pavlou\"},\"description\":\"Christina Pavlou was a writer at Workable for nearly four years, and previously a recruiter. She writes about diversity in the workplace and reports on the shape of things to come. You can find her on LinkedIn and Twitter.\",\"url\":\"https:\\\/\\\/resources.workable.com\\\/fr\\\/author\\\/christina\\\/\"}]}<\/script>\n<!-- \/ Yoast SEO Premium plugin. -->","yoast_head_json":{"title":"Mod\u00e8le de fiche de poste d'\u00e9diteur photo | Workable","description":"Le pr\u00e9sent mod\u00e8le de fiche de poste d'\u00e9diteur photo a \u00e9t\u00e9 optimis\u00e9 \u00e0 des fins de publication sur des sites d'annonces ou des pages d'emploi en ligne, ainsi que pour \u00eatre ais\u00e9ment personnalis\u00e9 en fonction des besoins de votre entreprise.","robots":{"index":"index","follow":"follow","max-snippet":"max-snippet:-1","max-image-preview":"max-image-preview:large","max-video-preview":"max-video-preview:-1"},"canonical":"https:\/\/resources.workable.com\/fr\/editeur-de-photos-descriptif-de-poste\/","og_locale":"fr_FR","og_type":"article","og_title":"Descriptif de poste: \u00c9diteur de photos (f\/h\/autre)","og_description":"Le pr\u00e9sent mod\u00e8le de fiche de poste d'\u00e9diteur photo a \u00e9t\u00e9 optimis\u00e9 \u00e0 des fins de publication sur des sites d'annonces ou des pages d'emploi en ligne, ainsi que pour \u00eatre ais\u00e9ment personnalis\u00e9 en fonction des besoins de votre entreprise.","og_url":"https:\/\/resources.workable.com\/fr\/editeur-de-photos-descriptif-de-poste","og_site_name":"Recruiting Resources: How to Recruit and Hire Better","article_publisher":"https:\/\/business.facebook.com\/workable\/","article_published_time":"2020-01-08T11:09:31+00:00","article_modified_time":"2020-02-06T13:17:43+00:00","og_image":[{"url":"https:\/\/resources.workable.com\/wp-content\/uploads\/2016\/06\/photo-editor.jpg","type":"","width":"","height":""}],"author":"Christina Pavlou","twitter_card":"summary_large_image","twitter_creator":"@workable","twitter_site":"@workable","twitter_misc":{"\u00c9crit par":"Christina Pavlou"},"schema":{"@context":"https:\/\/schema.org","@graph":[{"@type":"Article","@id":"https:\/\/resources.workable.com\/fr\/editeur-de-photos-descriptif-de-poste#article","isPartOf":{"@id":"https:\/\/resources.workable.com\/fr\/editeur-de-photos-descriptif-de-poste"},"author":{"name":"Christina Pavlou","@id":"https:\/\/resources.workable.com\/fr\/#\/schema\/person\/b23289d8d63331621eee9e69103cd603"},"headline":"Descriptif de poste: \u00c9diteur de photos&nbsp;(f\/h\/autre)","datePublished":"2020-01-08T11:09:31+00:00","dateModified":"2020-02-06T13:17:43+00:00","mainEntityOfPage":{"@id":"https:\/\/resources.workable.com\/fr\/editeur-de-photos-descriptif-de-poste"},"wordCount":101,"publisher":{"@id":"https:\/\/resources.workable.com\/fr\/#organization"},"image":{"@id":"https:\/\/resources.workable.com\/fr\/editeur-de-photos-descriptif-de-poste#primaryimage"},"thumbnailUrl":"https:\/\/resources.workable.com\/wp-content\/uploads\/2016\/06\/photo-editor.jpg","articleSection":["Descriptifs de postes","Descriptifs de postes dans les m\u00e9dias"],"inLanguage":"fr-FR"},{"@type":"WebPage","@id":"https:\/\/resources.workable.com\/fr\/editeur-de-photos-descriptif-de-poste","url":"https:\/\/resources.workable.com\/fr\/editeur-de-photos-descriptif-de-poste","name":"Mod\u00e8le de fiche de poste d'\u00e9diteur photo | Workable","isPartOf":{"@id":"https:\/\/resources.workable.com\/fr\/#website"},"primaryImageOfPage":{"@id":"https:\/\/resources.workable.com\/fr\/editeur-de-photos-descriptif-de-poste#primaryimage"},"image":{"@id":"https:\/\/resources.workable.com\/fr\/editeur-de-photos-descriptif-de-poste#primaryimage"},"thumbnailUrl":"https:\/\/resources.workable.com\/wp-content\/uploads\/2016\/06\/photo-editor.jpg","datePublished":"2020-01-08T11:09:31+00:00","dateModified":"2020-02-06T13:17:43+00:00","description":"Le pr\u00e9sent mod\u00e8le de fiche de poste d'\u00e9diteur photo a \u00e9t\u00e9 optimis\u00e9 \u00e0 des fins de publication sur des sites d'annonces ou des pages d'emploi en ligne, ainsi que pour \u00eatre ais\u00e9ment personnalis\u00e9 en fonction des besoins de votre entreprise.","breadcrumb":{"@id":"https:\/\/resources.workable.com\/fr\/editeur-de-photos-descriptif-de-poste#breadcrumb"},"inLanguage":"fr-FR","potentialAction":[{"@type":"ReadAction","target":["https:\/\/resources.workable.com\/fr\/editeur-de-photos-descriptif-de-poste"]}]},{"@type":"ImageObject","inLanguage":"fr-FR","@id":"https:\/\/resources.workable.com\/fr\/editeur-de-photos-descriptif-de-poste#primaryimage","url":"https:\/\/resources.workable.com\/wp-content\/uploads\/2016\/06\/photo-editor.jpg","contentUrl":"https:\/\/resources.workable.com\/wp-content\/uploads\/2016\/06\/photo-editor.jpg"},{"@type":"BreadcrumbList","@id":"https:\/\/resources.workable.com\/fr\/editeur-de-photos-descriptif-de-poste#breadcrumb","itemListElement":[{"@type":"ListItem","position":1,"name":"Home","item":"https:\/\/resources.workable.com\/fr\/"},{"@type":"ListItem","position":2,"name":"Descriptif de poste: \u00c9diteur de photos&nbsp;(f\/h\/autre)"}]},{"@type":"WebSite","@id":"https:\/\/resources.workable.com\/fr\/#website","url":"https:\/\/resources.workable.com\/fr\/","name":"Recruiting Resources: How to Recruit and Hire Better","description":"","publisher":{"@id":"https:\/\/resources.workable.com\/fr\/#organization"},"potentialAction":[{"@type":"SearchAction","target":{"@type":"EntryPoint","urlTemplate":"https:\/\/resources.workable.com\/fr\/?s={search_term_string}"},"query-input":{"@type":"PropertyValueSpecification","valueRequired":true,"valueName":"search_term_string"}}],"inLanguage":"fr-FR"},{"@type":"Organization","@id":"https:\/\/resources.workable.com\/fr\/#organization","name":"Workable","url":"https:\/\/resources.workable.com\/fr\/","logo":{"@type":"ImageObject","inLanguage":"fr-FR","@id":"https:\/\/resources.workable.com\/fr\/#\/schema\/logo\/image\/","url":"https:\/\/resources.workable.com\/wp-content\/uploads\/2017\/12\/logo-green.png","contentUrl":"https:\/\/resources.workable.com\/wp-content\/uploads\/2017\/12\/logo-green.png","width":150,"height":25,"caption":"Workable"},"image":{"@id":"https:\/\/resources.workable.com\/fr\/#\/schema\/logo\/image\/"},"sameAs":["https:\/\/business.facebook.com\/workable\/","https:\/\/x.com\/workable","https:\/\/www.linkedin.com\/company\/workable-hr\/"]},{"@type":"Person","@id":"https:\/\/resources.workable.com\/fr\/#\/schema\/person\/b23289d8d63331621eee9e69103cd603","name":"Christina Pavlou","image":{"@type":"ImageObject","inLanguage":"fr-FR","@id":"https:\/\/secure.gravatar.com\/avatar\/9ed48272d268bb7071cf243f8d2dcaeaa1f26feca5ecd3fbed59e0378447bc49?s=96&d=mm&r=pg","url":"https:\/\/secure.gravatar.com\/avatar\/9ed48272d268bb7071cf243f8d2dcaeaa1f26feca5ecd3fbed59e0378447bc49?s=96&d=mm&r=pg","contentUrl":"https:\/\/secure.gravatar.com\/avatar\/9ed48272d268bb7071cf243f8d2dcaeaa1f26feca5ecd3fbed59e0378447bc49?s=96&d=mm&r=pg","caption":"Christina Pavlou"},"description":"Christina Pavlou was a writer at Workable for nearly four years, and previously a recruiter. She writes about diversity in the workplace and reports on the shape of things to come. You can find her on LinkedIn and Twitter.","url":"https:\/\/resources.workable.com\/fr\/author\/christina\/"}]}},"modified_by":null,"custom_fields":{"brief":"Nous recherchons un \u00e9diteur photo de talent pour coordonner les t\u00e2ches en s\u00e9lectionnant, \u00e9ditant et positionnant les photos dans les publications imprim\u00e9es et num\u00e9riques.\r\n\r\nLe (la) candidat(e) retenu(e) devra collaborer avec les \u00e9diteurs et les photographes pour d\u00e9cider quelles photos seront publi\u00e9es et veiller \u00e0 ce que les d\u00e9lais soient respect\u00e9s.\r\n\r\nVous devrez pouvoir cr\u00e9er des contenus photos pour agr\u00e9menter les textes de mani\u00e8re cr\u00e9ative.\r\n<h2><\/h2>","requirements":"<ul>\r\n \t<li>Exp\u00e9rience pratique av\u00e9r\u00e9e en tant qu'\u00e9diteur photo<\/li>\r\n \t<li>Solide exp\u00e9rience de la technologie num\u00e9rique et de l'\u00e9dition de packages logiciels d'\u00e9dition de photos (p.\u00a0ex. Photoshop, Pixlr et Affinity Photo)<\/li>\r\n \t<li>Fortes comp\u00e9tences de r\u00e9daction\/d'\u00e9dition\/de v\u00e9rification et un excellent portefeuille<\/li>\r\n \t<li>Tr\u00e8s bonnes connaissances de l'imagerie informatis\u00e9e, des techniques photographiques, de la gestion de studio et de la composition chromatique<\/li>\r\n \t<li>Esprit cr\u00e9atif, attention port\u00e9e aux d\u00e9tails et comp\u00e9tences de narration<\/li>\r\n \t<li>Comp\u00e9tences de gestion du temps et de leadership<\/li>\r\n \t<li>Licence en photographie, arts visuels, m\u00e9dias num\u00e9riques ou domaine connexe<\/li>\r\n<\/ul>","responsibilities":"<ul>\r\n \t<li>Se coordonner avec l'\u00e9diteur et les membres de l'\u00e9quipe pour identifier les besoins photographiques<\/li>\r\n \t<li>Assigner les projets aux photographes et respecter les d\u00e9lais<\/li>\r\n \t<li>R\u00e9viser les photos, \u00e9diter et faire les changements n\u00e9cessaires<\/li>\r\n \t<li>D\u00e9cider quelles images publier<\/li>\r\n \t<li>S'assurer que tous les travaux sont tir\u00e9s et \u00e9dit\u00e9s \u00e0 temps pour la publication<\/li>\r\n \t<li>Traiter les photos de fa\u00e7on \u00e0 obtenir la meilleure qualit\u00e9 en utilisant les outils ad\u00e9quats<\/li>\r\n \t<li>Veiller \u00e0 ce que l'ensemble du mat\u00e9riel photo soit utilis\u00e9 correctement et commander les fournitures selon ce qui est n\u00e9cessaire<\/li>\r\n \t<li>Se mettre en rapport avec les r\u00e9dacteurs, les photographes et les publicitaires et conseiller sur de futurs projets<\/li>\r\n \t<li>Rester au fait des nouvelles technologies d'\u00e9dition d'images<\/li>\r\n<\/ul>","see_more":""},"_links":{"self":[{"href":"https:\/\/resources.workable.com\/fr\/wp-json\/wp\/v2\/posts\/54315","targetHints":{"allow":["GET"]}}],"collection":[{"href":"https:\/\/resources.workable.com\/fr\/wp-json\/wp\/v2\/posts"}],"about":[{"href":"https:\/\/resources.workable.com\/fr\/wp-json\/wp\/v2\/types\/post"}],"author":[{"embeddable":true,"href":"https:\/\/resources.workable.com\/fr\/wp-json\/wp\/v2\/users\/41"}],"replies":[{"embeddable":true,"href":"https:\/\/resources.workable.com\/fr\/wp-json\/wp\/v2\/comments?post=54315"}],"version-history":[{"count":0,"href":"https:\/\/resources.workable.com\/fr\/wp-json\/wp\/v2\/posts\/54315\/revisions"}],"wp:attachment":[{"href":"https:\/\/resources.workable.com\/fr\/wp-json\/wp\/v2\/media?parent=54315"}],"wp:term":[{"taxonomy":"category","embeddable":true,"href":"https:\/\/resources.workable.com\/fr\/wp-json\/wp\/v2\/categories?post=54315"},{"taxonomy":"post_tag","embeddable":true,"href":"https:\/\/resources.workable.com\/fr\/wp-json\/wp\/v2\/tags?post=54315"}],"curies":[{"name":"wp","href":"https:\/\/api.w.org\/{rel}","templated":true}]}}