{"id":54179,"date":"2020-01-08T11:09:28","date_gmt":"2020-01-08T11:09:28","guid":{"rendered":"https:\/\/resources.workable.com\/?p=54179"},"modified":"2020-02-06T13:18:46","modified_gmt":"2020-02-06T13:18:46","slug":"descriptif-de-poste-redacteur-en-chef-f-h-autre","status":"publish","type":"post","link":"https:\/\/resources.workable.com\/fr\/redacteur-en-chef-descriptif-de-poste","title":{"rendered":"Descriptif de poste: R\u00e9dacteur en chef&nbsp;(f\/h\/autre)"},"content":{"rendered":"<p>Le pr\u00e9sent mod\u00e8le de fiche de poste de r\u00e9dacteur<span style=\"color: #000000;\">\u00a0<\/span>en chef a \u00e9t\u00e9 optimis\u00e9 \u00e0 des fins de publication sur des sites d&rsquo;annonces ou des pages d&#8217;emploi en ligne, ainsi que pour \u00eatre ais\u00e9ment personnalis\u00e9 en fonction des besoins de votre entreprise.<\/p>\n<h2>Les responsabilit\u00e9s du r\u00e9dacteur en chef incluent:<\/h2>\n<ul>\n<li><span style=\"font-weight: 400;\">Planifier et g\u00e9rer toutes les op\u00e9rations journali\u00e8res<\/span><\/li>\n<li><span style=\"font-weight: 400;\">Embaucher, coacher et superviser le personnel<\/span><\/li>\n<li><span style=\"font-weight: 400;\">Collaborer avec le r\u00e9dacteur en chef pour d\u00e9terminer le contenu et les th\u00e8mes de chaque \u00e9dition<\/span><\/li>\n<\/ul>\n<p><img loading=\"lazy\" decoding=\"async\" class=\"size-large wp-image-4524 aligncenter\" src=\"https:\/\/resources.workable.com\/wp-content\/uploads\/2016\/04\/managing-editor-640x230.jpg\" alt=\"Fiche de poste de r\u00e9dacteur en chef\" width=\"640\" height=\"230\" srcset=\"https:\/\/resources.workable.com\/wp-content\/uploads\/2016\/04\/managing-editor.jpg 640w, https:\/\/resources.workable.com\/wp-content\/uploads\/2016\/04\/managing-editor-200x72.jpg 200w, https:\/\/resources.workable.com\/wp-content\/uploads\/2016\/04\/managing-editor-560x201.jpg 560w\" sizes=\"auto, (max-width: 640px) 100vw, 640px\" \/><\/p>\n","protected":false},"excerpt":{"rendered":"<p>Le pr\u00e9sent mod\u00e8le de fiche de poste de r\u00e9dacteur\u00a0en chef a \u00e9t\u00e9 optimis\u00e9 \u00e0 des fins de publication sur des sites d&rsquo;annonces ou des pages d&#8217;emploi en ligne, ainsi que pour \u00eatre ais\u00e9ment personnalis\u00e9 en fonction des besoins de votre entreprise. Les responsabilit\u00e9s du r\u00e9dacteur en chef incluent: Planifier et g\u00e9rer toutes les op\u00e9rations journali\u00e8res [&hellip;]<\/p>\n","protected":false},"author":28,"featured_media":0,"comment_status":"closed","ping_status":"closed","sticky":false,"template":"","format":"standard","meta":{"_acf_changed":false,"_lmt_disableupdate":"no","_lmt_disable":"","_has_post_settings":[],"footnotes":""},"categories":[1041,1313],"tags":[1312],"class_list":["post-54179","post","type-post","status-publish","format-standard","hentry","category-descriptifs-de-postes","category-descriptifs-de-postes-dans-les-medias","tag-sample-media-fr"],"acf":[],"yoast_head":"<!-- This site is optimized with the Yoast SEO Premium plugin v27.4 (Yoast SEO v27.4) - https:\/\/yoast.com\/product\/yoast-seo-premium-wordpress\/ -->\n<title>Mod\u00e8le de fiche de poste de r\u00e9dacteur en chef | Workable<\/title>\n<meta name=\"description\" content=\"Le pr\u00e9sent mod\u00e8le de fiche de poste de r\u00e9dacteur en chef a \u00e9t\u00e9 optimis\u00e9 \u00e0 des fins de publication sur des sites d&#039;annonces ou des pages d&#039;emploi en ligne, ainsi que pour \u00eatre ais\u00e9ment personnalis\u00e9 en fonction des besoins de votre entreprise.\" \/>\n<meta name=\"robots\" content=\"index, follow, max-snippet:-1, max-image-preview:large, max-video-preview:-1\" \/>\n<link rel=\"canonical\" href=\"https:\/\/resources.workable.com\/fr\/redacteur-en-chef-descriptif-de-poste\/\" \/>\n<meta property=\"og:locale\" content=\"fr_FR\" \/>\n<meta property=\"og:type\" content=\"article\" \/>\n<meta property=\"og:title\" content=\"Descriptif de poste: R\u00e9dacteur en chef (f\/h\/autre)\" \/>\n<meta property=\"og:description\" content=\"Le pr\u00e9sent mod\u00e8le de fiche de poste de r\u00e9dacteur en chef a \u00e9t\u00e9 optimis\u00e9 \u00e0 des fins de publication sur des sites d&#039;annonces ou des pages d&#039;emploi en ligne, ainsi que pour \u00eatre ais\u00e9ment personnalis\u00e9 en fonction des besoins de votre entreprise.\" \/>\n<meta property=\"og:url\" content=\"https:\/\/resources.workable.com\/fr\/redacteur-en-chef-descriptif-de-poste\" \/>\n<meta property=\"og:site_name\" content=\"Recruiting Resources: How to Recruit and Hire Better\" \/>\n<meta property=\"article:publisher\" content=\"https:\/\/business.facebook.com\/workable\/\" \/>\n<meta property=\"article:published_time\" content=\"2020-01-08T11:09:28+00:00\" \/>\n<meta property=\"article:modified_time\" content=\"2020-02-06T13:18:46+00:00\" \/>\n<meta property=\"og:image\" content=\"https:\/\/resources.workable.com\/wp-content\/uploads\/2016\/04\/managing-editor-640x230.jpg\" \/>\n<meta name=\"author\" content=\"Nikoletta Bika\" \/>\n<meta name=\"twitter:card\" content=\"summary_large_image\" \/>\n<meta name=\"twitter:creator\" content=\"@workable\" \/>\n<meta name=\"twitter:site\" content=\"@workable\" \/>\n<meta name=\"twitter:label1\" content=\"\u00c9crit par\" \/>\n\t<meta name=\"twitter:data1\" content=\"Nikoletta Bika\" \/>\n<script type=\"application\/ld+json\" class=\"yoast-schema-graph\">{\"@context\":\"https:\\\/\\\/schema.org\",\"@graph\":[{\"@type\":\"Article\",\"@id\":\"https:\\\/\\\/resources.workable.com\\\/fr\\\/redacteur-en-chef-descriptif-de-poste#article\",\"isPartOf\":{\"@id\":\"https:\\\/\\\/resources.workable.com\\\/fr\\\/redacteur-en-chef-descriptif-de-poste\"},\"author\":{\"name\":\"Nikoletta Bika\",\"@id\":\"https:\\\/\\\/resources.workable.com\\\/fr\\\/#\\\/schema\\\/person\\\/bddaa2e41481e7c9ef2328432ea089e7\"},\"headline\":\"Descriptif de poste: R\u00e9dacteur en chef&nbsp;(f\\\/h\\\/autre)\",\"datePublished\":\"2020-01-08T11:09:28+00:00\",\"dateModified\":\"2020-02-06T13:18:46+00:00\",\"mainEntityOfPage\":{\"@id\":\"https:\\\/\\\/resources.workable.com\\\/fr\\\/redacteur-en-chef-descriptif-de-poste\"},\"wordCount\":101,\"publisher\":{\"@id\":\"https:\\\/\\\/resources.workable.com\\\/fr\\\/#organization\"},\"image\":{\"@id\":\"https:\\\/\\\/resources.workable.com\\\/fr\\\/redacteur-en-chef-descriptif-de-poste#primaryimage\"},\"thumbnailUrl\":\"https:\\\/\\\/resources.workable.com\\\/wp-content\\\/uploads\\\/2016\\\/04\\\/managing-editor-640x230.jpg\",\"keywords\":[\"sample-media\"],\"articleSection\":[\"Descriptifs de postes\",\"Descriptifs de postes dans les m\u00e9dias\"],\"inLanguage\":\"fr-FR\"},{\"@type\":\"WebPage\",\"@id\":\"https:\\\/\\\/resources.workable.com\\\/fr\\\/redacteur-en-chef-descriptif-de-poste\",\"url\":\"https:\\\/\\\/resources.workable.com\\\/fr\\\/redacteur-en-chef-descriptif-de-poste\",\"name\":\"Mod\u00e8le de fiche de poste de r\u00e9dacteur en chef | Workable\",\"isPartOf\":{\"@id\":\"https:\\\/\\\/resources.workable.com\\\/fr\\\/#website\"},\"primaryImageOfPage\":{\"@id\":\"https:\\\/\\\/resources.workable.com\\\/fr\\\/redacteur-en-chef-descriptif-de-poste#primaryimage\"},\"image\":{\"@id\":\"https:\\\/\\\/resources.workable.com\\\/fr\\\/redacteur-en-chef-descriptif-de-poste#primaryimage\"},\"thumbnailUrl\":\"https:\\\/\\\/resources.workable.com\\\/wp-content\\\/uploads\\\/2016\\\/04\\\/managing-editor-640x230.jpg\",\"datePublished\":\"2020-01-08T11:09:28+00:00\",\"dateModified\":\"2020-02-06T13:18:46+00:00\",\"description\":\"Le pr\u00e9sent mod\u00e8le de fiche de poste de r\u00e9dacteur en chef a \u00e9t\u00e9 optimis\u00e9 \u00e0 des fins de publication sur des sites d'annonces ou des pages d'emploi en ligne, ainsi que pour \u00eatre ais\u00e9ment personnalis\u00e9 en fonction des besoins de votre entreprise.\",\"breadcrumb\":{\"@id\":\"https:\\\/\\\/resources.workable.com\\\/fr\\\/redacteur-en-chef-descriptif-de-poste#breadcrumb\"},\"inLanguage\":\"fr-FR\",\"potentialAction\":[{\"@type\":\"ReadAction\",\"target\":[\"https:\\\/\\\/resources.workable.com\\\/fr\\\/redacteur-en-chef-descriptif-de-poste\"]}]},{\"@type\":\"ImageObject\",\"inLanguage\":\"fr-FR\",\"@id\":\"https:\\\/\\\/resources.workable.com\\\/fr\\\/redacteur-en-chef-descriptif-de-poste#primaryimage\",\"url\":\"https:\\\/\\\/resources.workable.com\\\/wp-content\\\/uploads\\\/2016\\\/04\\\/managing-editor-640x230.jpg\",\"contentUrl\":\"https:\\\/\\\/resources.workable.com\\\/wp-content\\\/uploads\\\/2016\\\/04\\\/managing-editor-640x230.jpg\"},{\"@type\":\"BreadcrumbList\",\"@id\":\"https:\\\/\\\/resources.workable.com\\\/fr\\\/redacteur-en-chef-descriptif-de-poste#breadcrumb\",\"itemListElement\":[{\"@type\":\"ListItem\",\"position\":1,\"name\":\"Home\",\"item\":\"https:\\\/\\\/resources.workable.com\\\/fr\\\/\"},{\"@type\":\"ListItem\",\"position\":2,\"name\":\"Descriptif de poste: R\u00e9dacteur en chef&nbsp;(f\\\/h\\\/autre)\"}]},{\"@type\":\"WebSite\",\"@id\":\"https:\\\/\\\/resources.workable.com\\\/fr\\\/#website\",\"url\":\"https:\\\/\\\/resources.workable.com\\\/fr\\\/\",\"name\":\"Recruiting Resources: How to Recruit and Hire Better\",\"description\":\"\",\"publisher\":{\"@id\":\"https:\\\/\\\/resources.workable.com\\\/fr\\\/#organization\"},\"potentialAction\":[{\"@type\":\"SearchAction\",\"target\":{\"@type\":\"EntryPoint\",\"urlTemplate\":\"https:\\\/\\\/resources.workable.com\\\/fr\\\/?s={search_term_string}\"},\"query-input\":{\"@type\":\"PropertyValueSpecification\",\"valueRequired\":true,\"valueName\":\"search_term_string\"}}],\"inLanguage\":\"fr-FR\"},{\"@type\":\"Organization\",\"@id\":\"https:\\\/\\\/resources.workable.com\\\/fr\\\/#organization\",\"name\":\"Workable\",\"url\":\"https:\\\/\\\/resources.workable.com\\\/fr\\\/\",\"logo\":{\"@type\":\"ImageObject\",\"inLanguage\":\"fr-FR\",\"@id\":\"https:\\\/\\\/resources.workable.com\\\/fr\\\/#\\\/schema\\\/logo\\\/image\\\/\",\"url\":\"https:\\\/\\\/resources.workable.com\\\/wp-content\\\/uploads\\\/2017\\\/12\\\/logo-green.png\",\"contentUrl\":\"https:\\\/\\\/resources.workable.com\\\/wp-content\\\/uploads\\\/2017\\\/12\\\/logo-green.png\",\"width\":150,\"height\":25,\"caption\":\"Workable\"},\"image\":{\"@id\":\"https:\\\/\\\/resources.workable.com\\\/fr\\\/#\\\/schema\\\/logo\\\/image\\\/\"},\"sameAs\":[\"https:\\\/\\\/business.facebook.com\\\/workable\\\/\",\"https:\\\/\\\/x.com\\\/workable\",\"https:\\\/\\\/www.linkedin.com\\\/company\\\/workable-hr\\\/\"]},{\"@type\":\"Person\",\"@id\":\"https:\\\/\\\/resources.workable.com\\\/fr\\\/#\\\/schema\\\/person\\\/bddaa2e41481e7c9ef2328432ea089e7\",\"name\":\"Nikoletta Bika\",\"image\":{\"@type\":\"ImageObject\",\"inLanguage\":\"fr-FR\",\"@id\":\"https:\\\/\\\/secure.gravatar.com\\\/avatar\\\/777bf31309608e9152307199dd8aa97ff19f24849526f1b2b50f11b9ea40fca3?s=96&d=mm&r=pg\",\"url\":\"https:\\\/\\\/secure.gravatar.com\\\/avatar\\\/777bf31309608e9152307199dd8aa97ff19f24849526f1b2b50f11b9ea40fca3?s=96&d=mm&r=pg\",\"contentUrl\":\"https:\\\/\\\/secure.gravatar.com\\\/avatar\\\/777bf31309608e9152307199dd8aa97ff19f24849526f1b2b50f11b9ea40fca3?s=96&d=mm&r=pg\",\"caption\":\"Nikoletta Bika\"},\"description\":\"Nikoletta Bika was a senior writer at Workable for nearly four and a half years. She holds an MSc in HR and has written extensively about all things HR and recruiting, with a particular interest in bias, data, technology, legal compliance, and the future of work. She hates meaningless jargon and dreams about space travel.\",\"sameAs\":[\"http:\\\/\\\/workable.com\"],\"url\":\"https:\\\/\\\/resources.workable.com\\\/fr\\\/author\\\/nikoletta-bika\\\/\"}]}<\/script>\n<!-- \/ Yoast SEO Premium plugin. -->","yoast_head_json":{"title":"Mod\u00e8le de fiche de poste de r\u00e9dacteur en chef | Workable","description":"Le pr\u00e9sent mod\u00e8le de fiche de poste de r\u00e9dacteur en chef a \u00e9t\u00e9 optimis\u00e9 \u00e0 des fins de publication sur des sites d'annonces ou des pages d'emploi en ligne, ainsi que pour \u00eatre ais\u00e9ment personnalis\u00e9 en fonction des besoins de votre entreprise.","robots":{"index":"index","follow":"follow","max-snippet":"max-snippet:-1","max-image-preview":"max-image-preview:large","max-video-preview":"max-video-preview:-1"},"canonical":"https:\/\/resources.workable.com\/fr\/redacteur-en-chef-descriptif-de-poste\/","og_locale":"fr_FR","og_type":"article","og_title":"Descriptif de poste: R\u00e9dacteur en chef (f\/h\/autre)","og_description":"Le pr\u00e9sent mod\u00e8le de fiche de poste de r\u00e9dacteur en chef a \u00e9t\u00e9 optimis\u00e9 \u00e0 des fins de publication sur des sites d'annonces ou des pages d'emploi en ligne, ainsi que pour \u00eatre ais\u00e9ment personnalis\u00e9 en fonction des besoins de votre entreprise.","og_url":"https:\/\/resources.workable.com\/fr\/redacteur-en-chef-descriptif-de-poste","og_site_name":"Recruiting Resources: How to Recruit and Hire Better","article_publisher":"https:\/\/business.facebook.com\/workable\/","article_published_time":"2020-01-08T11:09:28+00:00","article_modified_time":"2020-02-06T13:18:46+00:00","og_image":[{"url":"https:\/\/resources.workable.com\/wp-content\/uploads\/2016\/04\/managing-editor-640x230.jpg","type":"","width":"","height":""}],"author":"Nikoletta Bika","twitter_card":"summary_large_image","twitter_creator":"@workable","twitter_site":"@workable","twitter_misc":{"\u00c9crit par":"Nikoletta Bika"},"schema":{"@context":"https:\/\/schema.org","@graph":[{"@type":"Article","@id":"https:\/\/resources.workable.com\/fr\/redacteur-en-chef-descriptif-de-poste#article","isPartOf":{"@id":"https:\/\/resources.workable.com\/fr\/redacteur-en-chef-descriptif-de-poste"},"author":{"name":"Nikoletta Bika","@id":"https:\/\/resources.workable.com\/fr\/#\/schema\/person\/bddaa2e41481e7c9ef2328432ea089e7"},"headline":"Descriptif de poste: R\u00e9dacteur en chef&nbsp;(f\/h\/autre)","datePublished":"2020-01-08T11:09:28+00:00","dateModified":"2020-02-06T13:18:46+00:00","mainEntityOfPage":{"@id":"https:\/\/resources.workable.com\/fr\/redacteur-en-chef-descriptif-de-poste"},"wordCount":101,"publisher":{"@id":"https:\/\/resources.workable.com\/fr\/#organization"},"image":{"@id":"https:\/\/resources.workable.com\/fr\/redacteur-en-chef-descriptif-de-poste#primaryimage"},"thumbnailUrl":"https:\/\/resources.workable.com\/wp-content\/uploads\/2016\/04\/managing-editor-640x230.jpg","keywords":["sample-media"],"articleSection":["Descriptifs de postes","Descriptifs de postes dans les m\u00e9dias"],"inLanguage":"fr-FR"},{"@type":"WebPage","@id":"https:\/\/resources.workable.com\/fr\/redacteur-en-chef-descriptif-de-poste","url":"https:\/\/resources.workable.com\/fr\/redacteur-en-chef-descriptif-de-poste","name":"Mod\u00e8le de fiche de poste de r\u00e9dacteur en chef | Workable","isPartOf":{"@id":"https:\/\/resources.workable.com\/fr\/#website"},"primaryImageOfPage":{"@id":"https:\/\/resources.workable.com\/fr\/redacteur-en-chef-descriptif-de-poste#primaryimage"},"image":{"@id":"https:\/\/resources.workable.com\/fr\/redacteur-en-chef-descriptif-de-poste#primaryimage"},"thumbnailUrl":"https:\/\/resources.workable.com\/wp-content\/uploads\/2016\/04\/managing-editor-640x230.jpg","datePublished":"2020-01-08T11:09:28+00:00","dateModified":"2020-02-06T13:18:46+00:00","description":"Le pr\u00e9sent mod\u00e8le de fiche de poste de r\u00e9dacteur en chef a \u00e9t\u00e9 optimis\u00e9 \u00e0 des fins de publication sur des sites d'annonces ou des pages d'emploi en ligne, ainsi que pour \u00eatre ais\u00e9ment personnalis\u00e9 en fonction des besoins de votre entreprise.","breadcrumb":{"@id":"https:\/\/resources.workable.com\/fr\/redacteur-en-chef-descriptif-de-poste#breadcrumb"},"inLanguage":"fr-FR","potentialAction":[{"@type":"ReadAction","target":["https:\/\/resources.workable.com\/fr\/redacteur-en-chef-descriptif-de-poste"]}]},{"@type":"ImageObject","inLanguage":"fr-FR","@id":"https:\/\/resources.workable.com\/fr\/redacteur-en-chef-descriptif-de-poste#primaryimage","url":"https:\/\/resources.workable.com\/wp-content\/uploads\/2016\/04\/managing-editor-640x230.jpg","contentUrl":"https:\/\/resources.workable.com\/wp-content\/uploads\/2016\/04\/managing-editor-640x230.jpg"},{"@type":"BreadcrumbList","@id":"https:\/\/resources.workable.com\/fr\/redacteur-en-chef-descriptif-de-poste#breadcrumb","itemListElement":[{"@type":"ListItem","position":1,"name":"Home","item":"https:\/\/resources.workable.com\/fr\/"},{"@type":"ListItem","position":2,"name":"Descriptif de poste: R\u00e9dacteur en chef&nbsp;(f\/h\/autre)"}]},{"@type":"WebSite","@id":"https:\/\/resources.workable.com\/fr\/#website","url":"https:\/\/resources.workable.com\/fr\/","name":"Recruiting Resources: How to Recruit and Hire Better","description":"","publisher":{"@id":"https:\/\/resources.workable.com\/fr\/#organization"},"potentialAction":[{"@type":"SearchAction","target":{"@type":"EntryPoint","urlTemplate":"https:\/\/resources.workable.com\/fr\/?s={search_term_string}"},"query-input":{"@type":"PropertyValueSpecification","valueRequired":true,"valueName":"search_term_string"}}],"inLanguage":"fr-FR"},{"@type":"Organization","@id":"https:\/\/resources.workable.com\/fr\/#organization","name":"Workable","url":"https:\/\/resources.workable.com\/fr\/","logo":{"@type":"ImageObject","inLanguage":"fr-FR","@id":"https:\/\/resources.workable.com\/fr\/#\/schema\/logo\/image\/","url":"https:\/\/resources.workable.com\/wp-content\/uploads\/2017\/12\/logo-green.png","contentUrl":"https:\/\/resources.workable.com\/wp-content\/uploads\/2017\/12\/logo-green.png","width":150,"height":25,"caption":"Workable"},"image":{"@id":"https:\/\/resources.workable.com\/fr\/#\/schema\/logo\/image\/"},"sameAs":["https:\/\/business.facebook.com\/workable\/","https:\/\/x.com\/workable","https:\/\/www.linkedin.com\/company\/workable-hr\/"]},{"@type":"Person","@id":"https:\/\/resources.workable.com\/fr\/#\/schema\/person\/bddaa2e41481e7c9ef2328432ea089e7","name":"Nikoletta Bika","image":{"@type":"ImageObject","inLanguage":"fr-FR","@id":"https:\/\/secure.gravatar.com\/avatar\/777bf31309608e9152307199dd8aa97ff19f24849526f1b2b50f11b9ea40fca3?s=96&d=mm&r=pg","url":"https:\/\/secure.gravatar.com\/avatar\/777bf31309608e9152307199dd8aa97ff19f24849526f1b2b50f11b9ea40fca3?s=96&d=mm&r=pg","contentUrl":"https:\/\/secure.gravatar.com\/avatar\/777bf31309608e9152307199dd8aa97ff19f24849526f1b2b50f11b9ea40fca3?s=96&d=mm&r=pg","caption":"Nikoletta Bika"},"description":"Nikoletta Bika was a senior writer at Workable for nearly four and a half years. She holds an MSc in HR and has written extensively about all things HR and recruiting, with a particular interest in bias, data, technology, legal compliance, and the future of work. She hates meaningless jargon and dreams about space travel.","sameAs":["http:\/\/workable.com"],"url":"https:\/\/resources.workable.com\/fr\/author\/nikoletta-bika\/"}]}},"modified_by":"Zina Panagopoulou","custom_fields":{"brief":"<span style=\"font-weight: 400;\">Nous recherchons un r\u00e9dacteur en chef de talent pour superviser les op\u00e9rations de publication quotidiennes de notre soci\u00e9t\u00e9. Vous rel\u00e8verez uniquement du directeur de la r\u00e9dacteur et superviserez les r\u00e9dacteurs, les \u00e9diteurs et les autres membres du personnel.<\/span> <span style=\"font-weight: 400;\">Un r\u00e9dacteur en chef combine le caract\u00e8re innovant d'un r\u00e9dacteur avec l'accent pratique d'un directeur des op\u00e9rations. Vous sugg\u00e9rerez des id\u00e9es d'articles et les suivrez tout au long du processus, jusqu'\u00e0 la publication. Nous souhaitons trouver d'excellentes comp\u00e9tences d'organisation et de leadership, ainsi qu'une aptitude unique \u00e0 r\u00e9soudre les probl\u00e8mes.<\/span>","requirements":"<ul>\r\n \t<li><span style=\"font-weight: 400;\">Exp\u00e9rience av\u00e9r\u00e9e de r\u00e9dacteur en chef ou d'un poste similaire<\/span><\/li>\r\n \t<li>Aptitudes exceptionnelles \u00e0 r\u00e9diger et \u00e9diter<\/li>\r\n \t<li>Ma\u00eetrise de l'anglais<\/li>\r\n \t<li><span style=\"font-weight: 400;\">Connaissance pratique de plateformes en ligne comme Wordpress et concepts de SEO<\/span><\/li>\r\n \t<li>Aptitudes \u00e0 planifier et coordonner les personnes et les op\u00e9rations<\/li>\r\n \t<li><span style=\"font-weight: 400;\">Excellentes capacit\u00e9s organisationnelles et de direction<\/span><\/li>\r\n \t<li><span style=\"font-weight: 400;\">Excellent sens de la communication et des relations personnelles<\/span><\/li>\r\n \t<li><span style=\"font-weight: 400;\">Fiabilit\u00e9 et efficacit\u00e9<\/span><\/li>\r\n \t<li><span style=\"font-weight: 400;\">Attention port\u00e9e aux d\u00e9tails<\/span><\/li>\r\n \t<li><span style=\"font-weight: 400;\">Licence en journalisme ou domaine \u00e9quivalent<\/span><\/li>\r\n<\/ul>","responsibilities":"<ul>\r\n \t<li><span style=\"font-weight: 400;\">Planifier et g\u00e9rer toutes les op\u00e9rations journali\u00e8res<\/span><\/li>\r\n \t<li><span style=\"font-weight: 400;\">Embaucher, coacher et superviser le personnel<\/span><\/li>\r\n \t<li><span style=\"font-weight: 400;\">Collaborer avec l'\u00e9diteur en chef pour d\u00e9terminer le contenu et les th\u00e8mes de chaque \u00e9dition<\/span><\/li>\r\n \t<li><span style=\"font-weight: 400;\">Coordonner les publications \u00e9ditoriales et les r\u00e9unions<\/span><\/li>\r\n \t<li><span style=\"font-weight: 400;\">Planifier et approuver les t\u00e2ches des journalistes et des \u00e9diteurs<\/span><\/li>\r\n \t<li><span style=\"font-weight: 400;\">Contr\u00f4ler le calendrier et appliquer les \u00e9ch\u00e9ances (pour les r\u00e9dacteurs, les photographes, les designers, etc.)<\/span><\/li>\r\n \t<li><span style=\"font-weight: 400;\">Superviser les proc\u00e9dures de v\u00e9rification et \u00e9diter une copie si n\u00e9cessaire<\/span><\/li>\r\n \t<li><span style=\"font-weight: 400;\">Aider \u00e0 \u00e9valuer la copie finalis\u00e9e pour en v\u00e9rifier la conformit\u00e9 avec les politiques, le style et le ton<\/span><\/li>\r\n \t<li><span style=\"font-weight: 400;\">R\u00e9soudre les probl\u00e8mes au fur et \u00e0 mesure de leur survenance<\/span><\/li>\r\n \t<li><span style=\"font-weight: 400;\">Participer aux \u00e9v\u00e9nements pour le compte de la soci\u00e9t\u00e9 ou de l'\u00e9diteur en chef<\/span><\/li>\r\n<\/ul>","see_more":""},"_links":{"self":[{"href":"https:\/\/resources.workable.com\/fr\/wp-json\/wp\/v2\/posts\/54179","targetHints":{"allow":["GET"]}}],"collection":[{"href":"https:\/\/resources.workable.com\/fr\/wp-json\/wp\/v2\/posts"}],"about":[{"href":"https:\/\/resources.workable.com\/fr\/wp-json\/wp\/v2\/types\/post"}],"author":[{"embeddable":true,"href":"https:\/\/resources.workable.com\/fr\/wp-json\/wp\/v2\/users\/28"}],"replies":[{"embeddable":true,"href":"https:\/\/resources.workable.com\/fr\/wp-json\/wp\/v2\/comments?post=54179"}],"version-history":[{"count":0,"href":"https:\/\/resources.workable.com\/fr\/wp-json\/wp\/v2\/posts\/54179\/revisions"}],"wp:attachment":[{"href":"https:\/\/resources.workable.com\/fr\/wp-json\/wp\/v2\/media?parent=54179"}],"wp:term":[{"taxonomy":"category","embeddable":true,"href":"https:\/\/resources.workable.com\/fr\/wp-json\/wp\/v2\/categories?post=54179"},{"taxonomy":"post_tag","embeddable":true,"href":"https:\/\/resources.workable.com\/fr\/wp-json\/wp\/v2\/tags?post=54179"}],"curies":[{"name":"wp","href":"https:\/\/api.w.org\/{rel}","templated":true}]}}