{"id":53551,"date":"2020-01-08T11:09:11","date_gmt":"2020-01-08T11:09:11","guid":{"rendered":"https:\/\/resources.workable.com\/?p=53551"},"modified":"2020-02-06T13:15:52","modified_gmt":"2020-02-06T13:15:52","slug":"descriptif-de-poste-communications-marketing-f-h-autre","status":"publish","type":"post","link":"https:\/\/resources.workable.com\/fr\/communications-marketing-descriptif-de-poste","title":{"rendered":"Descriptif de poste: Communications marketing&nbsp;(f\/h\/autre)"},"content":{"rendered":"<p>Utilisez ce mod\u00e8le de fiche de poste de Sp\u00e9cialiste des communications marketing pour attirer des candidat(e)s qualifi\u00e9(e)s. Ce mod\u00e8le peut \u00eatre adapt\u00e9 facilement pour r\u00e9pondre aux exigences sp\u00e9cifiques de votre poste.<\/p>\n<h2>Responsabilit\u00e9s du Sp\u00e9cialiste des communications marketing:<\/h2>\n<ul>\n<li>Promouvoir nos produits et nos services lors d&rsquo;\u00e9v\u00e9nements<\/li>\n<li>Coordonner la conception des mat\u00e9riels promotionnels et les distribuer sur les canaux en ligne et hors ligne<\/li>\n<li>Faire la promotion de notre soci\u00e9t\u00e9 et de ses produits et services sur diff\u00e9rents m\u00e9dias<\/li>\n<\/ul>\n<p><img loading=\"lazy\" decoding=\"async\" class=\"size-full wp-image-53559 alignnone\" src=\"https:\/\/resources.workable.com\/wp-content\/uploads\/2017\/08\/shutterstock_582957205.jpg\" alt=\"Fiche de poste de Sp\u00e9cialiste des communications marketing\" width=\"640\" height=\"230\" srcset=\"https:\/\/resources.workable.com\/wp-content\/uploads\/2017\/08\/shutterstock_582957205.jpg 640w, https:\/\/resources.workable.com\/wp-content\/uploads\/2017\/08\/shutterstock_582957205-200x72.jpg 200w, https:\/\/resources.workable.com\/wp-content\/uploads\/2017\/08\/shutterstock_582957205-560x201.jpg 560w\" sizes=\"auto, (max-width: 640px) 100vw, 640px\" \/><\/p>\n","protected":false},"excerpt":{"rendered":"<p>Utilisez ce mod\u00e8le de fiche de poste de Sp\u00e9cialiste des communications marketing pour attirer des candidat(e)s qualifi\u00e9(e)s. Ce mod\u00e8le peut \u00eatre adapt\u00e9 facilement pour r\u00e9pondre aux exigences sp\u00e9cifiques de votre poste. Responsabilit\u00e9s du Sp\u00e9cialiste des communications marketing: Promouvoir nos produits et nos services lors d&rsquo;\u00e9v\u00e9nements Coordonner la conception des mat\u00e9riels promotionnels et les distribuer sur [&hellip;]<\/p>\n","protected":false},"author":41,"featured_media":0,"comment_status":"closed","ping_status":"closed","sticky":false,"template":"","format":"standard","meta":{"_acf_changed":false,"_lmt_disableupdate":"no","_lmt_disable":"","_has_post_settings":[],"footnotes":""},"categories":[1041,1303],"tags":[],"class_list":["post-53551","post","type-post","status-publish","format-standard","hentry","category-descriptifs-de-postes","category-descriptifs-de-postes-de-marketing"],"acf":[],"yoast_head":"<!-- This site is optimized with the Yoast SEO Premium plugin v27.4 (Yoast SEO v27.4) - https:\/\/yoast.com\/product\/yoast-seo-premium-wordpress\/ -->\n<title>Mod\u00e8le de fiche de poste de Sp\u00e9cialiste des communications marketing | Workable<\/title>\n<meta name=\"description\" content=\"Utilisez ce mod\u00e8le de fiche de poste de Sp\u00e9cialiste des communications marketing pour attirer des candidat(e)s qualifi\u00e9(e)s. N&#039;h\u00e9sitez pas \u00e0 le personnaliser pour l&#039;adapter \u00e0 vos besoins.\" \/>\n<meta name=\"robots\" content=\"index, follow, max-snippet:-1, max-image-preview:large, max-video-preview:-1\" \/>\n<link rel=\"canonical\" href=\"https:\/\/resources.workable.com\/fr\/communications-marketing-descriptif-de-poste\/\" \/>\n<meta property=\"og:locale\" content=\"fr_FR\" \/>\n<meta property=\"og:type\" content=\"article\" \/>\n<meta property=\"og:title\" content=\"Descriptif de poste: Communications marketing (f\/h\/autre)\" \/>\n<meta property=\"og:description\" content=\"Utilisez ce mod\u00e8le de fiche de poste de Sp\u00e9cialiste des communications marketing pour attirer des candidat(e)s qualifi\u00e9(e)s. N&#039;h\u00e9sitez pas \u00e0 le personnaliser pour l&#039;adapter \u00e0 vos besoins.\" \/>\n<meta property=\"og:url\" content=\"https:\/\/resources.workable.com\/fr\/communications-marketing-descriptif-de-poste\" \/>\n<meta property=\"og:site_name\" content=\"Recruiting Resources: How to Recruit and Hire Better\" \/>\n<meta property=\"article:publisher\" content=\"https:\/\/business.facebook.com\/workable\/\" \/>\n<meta property=\"article:published_time\" content=\"2020-01-08T11:09:11+00:00\" \/>\n<meta property=\"article:modified_time\" content=\"2020-02-06T13:15:52+00:00\" \/>\n<meta property=\"og:image\" content=\"https:\/\/resources.workable.com\/wp-content\/uploads\/2017\/08\/shutterstock_582957205.jpg\" \/>\n<meta name=\"author\" content=\"Christina Pavlou\" \/>\n<meta name=\"twitter:card\" content=\"summary_large_image\" \/>\n<meta name=\"twitter:creator\" content=\"@workable\" \/>\n<meta name=\"twitter:site\" content=\"@workable\" \/>\n<meta name=\"twitter:label1\" content=\"\u00c9crit par\" \/>\n\t<meta name=\"twitter:data1\" content=\"Christina Pavlou\" \/>\n<script type=\"application\/ld+json\" class=\"yoast-schema-graph\">{\"@context\":\"https:\\\/\\\/schema.org\",\"@graph\":[{\"@type\":\"Article\",\"@id\":\"https:\\\/\\\/resources.workable.com\\\/fr\\\/communications-marketing-descriptif-de-poste#article\",\"isPartOf\":{\"@id\":\"https:\\\/\\\/resources.workable.com\\\/fr\\\/communications-marketing-descriptif-de-poste\"},\"author\":{\"name\":\"Christina Pavlou\",\"@id\":\"https:\\\/\\\/resources.workable.com\\\/fr\\\/#\\\/schema\\\/person\\\/b23289d8d63331621eee9e69103cd603\"},\"headline\":\"Descriptif de poste: Communications marketing&nbsp;(f\\\/h\\\/autre)\",\"datePublished\":\"2020-01-08T11:09:11+00:00\",\"dateModified\":\"2020-02-06T13:15:52+00:00\",\"mainEntityOfPage\":{\"@id\":\"https:\\\/\\\/resources.workable.com\\\/fr\\\/communications-marketing-descriptif-de-poste\"},\"wordCount\":102,\"publisher\":{\"@id\":\"https:\\\/\\\/resources.workable.com\\\/fr\\\/#organization\"},\"image\":{\"@id\":\"https:\\\/\\\/resources.workable.com\\\/fr\\\/communications-marketing-descriptif-de-poste#primaryimage\"},\"thumbnailUrl\":\"https:\\\/\\\/resources.workable.com\\\/wp-content\\\/uploads\\\/2017\\\/08\\\/shutterstock_582957205.jpg\",\"articleSection\":[\"Descriptifs de postes\",\"Descriptifs de postes de marketing\"],\"inLanguage\":\"fr-FR\"},{\"@type\":\"WebPage\",\"@id\":\"https:\\\/\\\/resources.workable.com\\\/fr\\\/communications-marketing-descriptif-de-poste\",\"url\":\"https:\\\/\\\/resources.workable.com\\\/fr\\\/communications-marketing-descriptif-de-poste\",\"name\":\"Mod\u00e8le de fiche de poste de Sp\u00e9cialiste des communications marketing | Workable\",\"isPartOf\":{\"@id\":\"https:\\\/\\\/resources.workable.com\\\/fr\\\/#website\"},\"primaryImageOfPage\":{\"@id\":\"https:\\\/\\\/resources.workable.com\\\/fr\\\/communications-marketing-descriptif-de-poste#primaryimage\"},\"image\":{\"@id\":\"https:\\\/\\\/resources.workable.com\\\/fr\\\/communications-marketing-descriptif-de-poste#primaryimage\"},\"thumbnailUrl\":\"https:\\\/\\\/resources.workable.com\\\/wp-content\\\/uploads\\\/2017\\\/08\\\/shutterstock_582957205.jpg\",\"datePublished\":\"2020-01-08T11:09:11+00:00\",\"dateModified\":\"2020-02-06T13:15:52+00:00\",\"description\":\"Utilisez ce mod\u00e8le de fiche de poste de Sp\u00e9cialiste des communications marketing pour attirer des candidat(e)s qualifi\u00e9(e)s. N'h\u00e9sitez pas \u00e0 le personnaliser pour l'adapter \u00e0 vos besoins.\",\"breadcrumb\":{\"@id\":\"https:\\\/\\\/resources.workable.com\\\/fr\\\/communications-marketing-descriptif-de-poste#breadcrumb\"},\"inLanguage\":\"fr-FR\",\"potentialAction\":[{\"@type\":\"ReadAction\",\"target\":[\"https:\\\/\\\/resources.workable.com\\\/fr\\\/communications-marketing-descriptif-de-poste\"]}]},{\"@type\":\"ImageObject\",\"inLanguage\":\"fr-FR\",\"@id\":\"https:\\\/\\\/resources.workable.com\\\/fr\\\/communications-marketing-descriptif-de-poste#primaryimage\",\"url\":\"https:\\\/\\\/resources.workable.com\\\/wp-content\\\/uploads\\\/2017\\\/08\\\/shutterstock_582957205.jpg\",\"contentUrl\":\"https:\\\/\\\/resources.workable.com\\\/wp-content\\\/uploads\\\/2017\\\/08\\\/shutterstock_582957205.jpg\"},{\"@type\":\"BreadcrumbList\",\"@id\":\"https:\\\/\\\/resources.workable.com\\\/fr\\\/communications-marketing-descriptif-de-poste#breadcrumb\",\"itemListElement\":[{\"@type\":\"ListItem\",\"position\":1,\"name\":\"Home\",\"item\":\"https:\\\/\\\/resources.workable.com\\\/fr\\\/\"},{\"@type\":\"ListItem\",\"position\":2,\"name\":\"Descriptif de poste: Communications marketing&nbsp;(f\\\/h\\\/autre)\"}]},{\"@type\":\"WebSite\",\"@id\":\"https:\\\/\\\/resources.workable.com\\\/fr\\\/#website\",\"url\":\"https:\\\/\\\/resources.workable.com\\\/fr\\\/\",\"name\":\"Recruiting Resources: How to Recruit and Hire Better\",\"description\":\"\",\"publisher\":{\"@id\":\"https:\\\/\\\/resources.workable.com\\\/fr\\\/#organization\"},\"potentialAction\":[{\"@type\":\"SearchAction\",\"target\":{\"@type\":\"EntryPoint\",\"urlTemplate\":\"https:\\\/\\\/resources.workable.com\\\/fr\\\/?s={search_term_string}\"},\"query-input\":{\"@type\":\"PropertyValueSpecification\",\"valueRequired\":true,\"valueName\":\"search_term_string\"}}],\"inLanguage\":\"fr-FR\"},{\"@type\":\"Organization\",\"@id\":\"https:\\\/\\\/resources.workable.com\\\/fr\\\/#organization\",\"name\":\"Workable\",\"url\":\"https:\\\/\\\/resources.workable.com\\\/fr\\\/\",\"logo\":{\"@type\":\"ImageObject\",\"inLanguage\":\"fr-FR\",\"@id\":\"https:\\\/\\\/resources.workable.com\\\/fr\\\/#\\\/schema\\\/logo\\\/image\\\/\",\"url\":\"https:\\\/\\\/resources.workable.com\\\/wp-content\\\/uploads\\\/2017\\\/12\\\/logo-green.png\",\"contentUrl\":\"https:\\\/\\\/resources.workable.com\\\/wp-content\\\/uploads\\\/2017\\\/12\\\/logo-green.png\",\"width\":150,\"height\":25,\"caption\":\"Workable\"},\"image\":{\"@id\":\"https:\\\/\\\/resources.workable.com\\\/fr\\\/#\\\/schema\\\/logo\\\/image\\\/\"},\"sameAs\":[\"https:\\\/\\\/business.facebook.com\\\/workable\\\/\",\"https:\\\/\\\/x.com\\\/workable\",\"https:\\\/\\\/www.linkedin.com\\\/company\\\/workable-hr\\\/\"]},{\"@type\":\"Person\",\"@id\":\"https:\\\/\\\/resources.workable.com\\\/fr\\\/#\\\/schema\\\/person\\\/b23289d8d63331621eee9e69103cd603\",\"name\":\"Christina Pavlou\",\"image\":{\"@type\":\"ImageObject\",\"inLanguage\":\"fr-FR\",\"@id\":\"https:\\\/\\\/secure.gravatar.com\\\/avatar\\\/9ed48272d268bb7071cf243f8d2dcaeaa1f26feca5ecd3fbed59e0378447bc49?s=96&d=mm&r=pg\",\"url\":\"https:\\\/\\\/secure.gravatar.com\\\/avatar\\\/9ed48272d268bb7071cf243f8d2dcaeaa1f26feca5ecd3fbed59e0378447bc49?s=96&d=mm&r=pg\",\"contentUrl\":\"https:\\\/\\\/secure.gravatar.com\\\/avatar\\\/9ed48272d268bb7071cf243f8d2dcaeaa1f26feca5ecd3fbed59e0378447bc49?s=96&d=mm&r=pg\",\"caption\":\"Christina Pavlou\"},\"description\":\"Christina Pavlou was a writer at Workable for nearly four years, and previously a recruiter. She writes about diversity in the workplace and reports on the shape of things to come. You can find her on LinkedIn and Twitter.\",\"url\":\"https:\\\/\\\/resources.workable.com\\\/fr\\\/author\\\/christina\\\/\"}]}<\/script>\n<!-- \/ Yoast SEO Premium plugin. -->","yoast_head_json":{"title":"Mod\u00e8le de fiche de poste de Sp\u00e9cialiste des communications marketing | Workable","description":"Utilisez ce mod\u00e8le de fiche de poste de Sp\u00e9cialiste des communications marketing pour attirer des candidat(e)s qualifi\u00e9(e)s. N'h\u00e9sitez pas \u00e0 le personnaliser pour l'adapter \u00e0 vos besoins.","robots":{"index":"index","follow":"follow","max-snippet":"max-snippet:-1","max-image-preview":"max-image-preview:large","max-video-preview":"max-video-preview:-1"},"canonical":"https:\/\/resources.workable.com\/fr\/communications-marketing-descriptif-de-poste\/","og_locale":"fr_FR","og_type":"article","og_title":"Descriptif de poste: Communications marketing (f\/h\/autre)","og_description":"Utilisez ce mod\u00e8le de fiche de poste de Sp\u00e9cialiste des communications marketing pour attirer des candidat(e)s qualifi\u00e9(e)s. N'h\u00e9sitez pas \u00e0 le personnaliser pour l'adapter \u00e0 vos besoins.","og_url":"https:\/\/resources.workable.com\/fr\/communications-marketing-descriptif-de-poste","og_site_name":"Recruiting Resources: How to Recruit and Hire Better","article_publisher":"https:\/\/business.facebook.com\/workable\/","article_published_time":"2020-01-08T11:09:11+00:00","article_modified_time":"2020-02-06T13:15:52+00:00","og_image":[{"url":"https:\/\/resources.workable.com\/wp-content\/uploads\/2017\/08\/shutterstock_582957205.jpg","type":"","width":"","height":""}],"author":"Christina Pavlou","twitter_card":"summary_large_image","twitter_creator":"@workable","twitter_site":"@workable","twitter_misc":{"\u00c9crit par":"Christina Pavlou"},"schema":{"@context":"https:\/\/schema.org","@graph":[{"@type":"Article","@id":"https:\/\/resources.workable.com\/fr\/communications-marketing-descriptif-de-poste#article","isPartOf":{"@id":"https:\/\/resources.workable.com\/fr\/communications-marketing-descriptif-de-poste"},"author":{"name":"Christina Pavlou","@id":"https:\/\/resources.workable.com\/fr\/#\/schema\/person\/b23289d8d63331621eee9e69103cd603"},"headline":"Descriptif de poste: Communications marketing&nbsp;(f\/h\/autre)","datePublished":"2020-01-08T11:09:11+00:00","dateModified":"2020-02-06T13:15:52+00:00","mainEntityOfPage":{"@id":"https:\/\/resources.workable.com\/fr\/communications-marketing-descriptif-de-poste"},"wordCount":102,"publisher":{"@id":"https:\/\/resources.workable.com\/fr\/#organization"},"image":{"@id":"https:\/\/resources.workable.com\/fr\/communications-marketing-descriptif-de-poste#primaryimage"},"thumbnailUrl":"https:\/\/resources.workable.com\/wp-content\/uploads\/2017\/08\/shutterstock_582957205.jpg","articleSection":["Descriptifs de postes","Descriptifs de postes de marketing"],"inLanguage":"fr-FR"},{"@type":"WebPage","@id":"https:\/\/resources.workable.com\/fr\/communications-marketing-descriptif-de-poste","url":"https:\/\/resources.workable.com\/fr\/communications-marketing-descriptif-de-poste","name":"Mod\u00e8le de fiche de poste de Sp\u00e9cialiste des communications marketing | Workable","isPartOf":{"@id":"https:\/\/resources.workable.com\/fr\/#website"},"primaryImageOfPage":{"@id":"https:\/\/resources.workable.com\/fr\/communications-marketing-descriptif-de-poste#primaryimage"},"image":{"@id":"https:\/\/resources.workable.com\/fr\/communications-marketing-descriptif-de-poste#primaryimage"},"thumbnailUrl":"https:\/\/resources.workable.com\/wp-content\/uploads\/2017\/08\/shutterstock_582957205.jpg","datePublished":"2020-01-08T11:09:11+00:00","dateModified":"2020-02-06T13:15:52+00:00","description":"Utilisez ce mod\u00e8le de fiche de poste de Sp\u00e9cialiste des communications marketing pour attirer des candidat(e)s qualifi\u00e9(e)s. N'h\u00e9sitez pas \u00e0 le personnaliser pour l'adapter \u00e0 vos besoins.","breadcrumb":{"@id":"https:\/\/resources.workable.com\/fr\/communications-marketing-descriptif-de-poste#breadcrumb"},"inLanguage":"fr-FR","potentialAction":[{"@type":"ReadAction","target":["https:\/\/resources.workable.com\/fr\/communications-marketing-descriptif-de-poste"]}]},{"@type":"ImageObject","inLanguage":"fr-FR","@id":"https:\/\/resources.workable.com\/fr\/communications-marketing-descriptif-de-poste#primaryimage","url":"https:\/\/resources.workable.com\/wp-content\/uploads\/2017\/08\/shutterstock_582957205.jpg","contentUrl":"https:\/\/resources.workable.com\/wp-content\/uploads\/2017\/08\/shutterstock_582957205.jpg"},{"@type":"BreadcrumbList","@id":"https:\/\/resources.workable.com\/fr\/communications-marketing-descriptif-de-poste#breadcrumb","itemListElement":[{"@type":"ListItem","position":1,"name":"Home","item":"https:\/\/resources.workable.com\/fr\/"},{"@type":"ListItem","position":2,"name":"Descriptif de poste: Communications marketing&nbsp;(f\/h\/autre)"}]},{"@type":"WebSite","@id":"https:\/\/resources.workable.com\/fr\/#website","url":"https:\/\/resources.workable.com\/fr\/","name":"Recruiting Resources: How to Recruit and Hire Better","description":"","publisher":{"@id":"https:\/\/resources.workable.com\/fr\/#organization"},"potentialAction":[{"@type":"SearchAction","target":{"@type":"EntryPoint","urlTemplate":"https:\/\/resources.workable.com\/fr\/?s={search_term_string}"},"query-input":{"@type":"PropertyValueSpecification","valueRequired":true,"valueName":"search_term_string"}}],"inLanguage":"fr-FR"},{"@type":"Organization","@id":"https:\/\/resources.workable.com\/fr\/#organization","name":"Workable","url":"https:\/\/resources.workable.com\/fr\/","logo":{"@type":"ImageObject","inLanguage":"fr-FR","@id":"https:\/\/resources.workable.com\/fr\/#\/schema\/logo\/image\/","url":"https:\/\/resources.workable.com\/wp-content\/uploads\/2017\/12\/logo-green.png","contentUrl":"https:\/\/resources.workable.com\/wp-content\/uploads\/2017\/12\/logo-green.png","width":150,"height":25,"caption":"Workable"},"image":{"@id":"https:\/\/resources.workable.com\/fr\/#\/schema\/logo\/image\/"},"sameAs":["https:\/\/business.facebook.com\/workable\/","https:\/\/x.com\/workable","https:\/\/www.linkedin.com\/company\/workable-hr\/"]},{"@type":"Person","@id":"https:\/\/resources.workable.com\/fr\/#\/schema\/person\/b23289d8d63331621eee9e69103cd603","name":"Christina Pavlou","image":{"@type":"ImageObject","inLanguage":"fr-FR","@id":"https:\/\/secure.gravatar.com\/avatar\/9ed48272d268bb7071cf243f8d2dcaeaa1f26feca5ecd3fbed59e0378447bc49?s=96&d=mm&r=pg","url":"https:\/\/secure.gravatar.com\/avatar\/9ed48272d268bb7071cf243f8d2dcaeaa1f26feca5ecd3fbed59e0378447bc49?s=96&d=mm&r=pg","contentUrl":"https:\/\/secure.gravatar.com\/avatar\/9ed48272d268bb7071cf243f8d2dcaeaa1f26feca5ecd3fbed59e0378447bc49?s=96&d=mm&r=pg","caption":"Christina Pavlou"},"description":"Christina Pavlou was a writer at Workable for nearly four years, and previously a recruiter. She writes about diversity in the workplace and reports on the shape of things to come. You can find her on LinkedIn and Twitter.","url":"https:\/\/resources.workable.com\/fr\/author\/christina\/"}]}},"modified_by":null,"custom_fields":{"brief":"Nous recherchons un Sp\u00e9cialiste des communications marketing qui sera charg\u00e9(e) de diriger notre communication en ligne et hors ligne avec les clients et de renforcer la notori\u00e9t\u00e9 de la marque.\r\n\r\nLes responsabilit\u00e9s du Sp\u00e9cialiste des communications marketing comprennent la distribution de mat\u00e9riels promotionnels, la r\u00e9ponse aux demandes des clients et aux commentaires sur les r\u00e9seaux sociaux et l'\u00e9tablissement de r\u00e9seaux lors d'\u00e9v\u00e9nements de marketing. Si vous savez identifier et b\u00e2tir des relations de long terme avec des publics cibles, nous aimerions vous rencontrer.\r\n\r\nEnfin, vous serez la voix de notre soci\u00e9t\u00e9 pour impressionner nos clients et en attirer de nouveaux.","requirements":"<ul>\r\n \t<li>Exp\u00e9rience professionnelle av\u00e9r\u00e9e de Sp\u00e9cialiste des communications marketing ou un <a href=\"https:\/\/resources.workable.com\/job-descriptions\/marketing-job-descriptions\/\" target=\"_blank\" rel=\"noopener\">poste similaire<\/a><\/li>\r\n \t<li>Bonne connaissance du B2B et des campagnes de publicit\u00e9 en B2C<\/li>\r\n \t<li>Connaissance pratique des outils de gestion de contenu web, comme WordPress<\/li>\r\n \t<li>Ma\u00eetrise de MS Office<\/li>\r\n \t<li>Connaissance du r\u00e9f\u00e9rencement et de Google Analytics<\/li>\r\n \t<li>Exp\u00e9rience des campagnes de marketing sur les m\u00e9dias sociaux<\/li>\r\n \t<li>Excellentes comp\u00e9tences de communication orale et \u00e9crite<\/li>\r\n \t<li>Bonnes comp\u00e9tences de pr\u00e9sentation<\/li>\r\n \t<li>Licence de marketing, relations publiques, communications ou discipline correspondante<\/li>\r\n<\/ul>","responsibilities":"<ul>\r\n \t<li>Promouvoir nos produits et nos services lors d'\u00e9v\u00e9nements<\/li>\r\n \t<li>Coordonner la conception des mat\u00e9riels promotionnels et les distribuer sur les canaux en ligne et hors ligne<\/li>\r\n \t<li>Faire la promotion de notre soci\u00e9t\u00e9 et de ses produits et services sur diff\u00e9rents m\u00e9dias<\/li>\r\n \t<li>Planifier des interviews et des conf\u00e9rences de presse<\/li>\r\n \t<li>Produire une copie de marketing de notre site web<\/li>\r\n \t<li>R\u00e9diger et envoyer des bulletins d'information r\u00e9guliers contenant les derni\u00e8res informations relatives \u00e0 notre soci\u00e9t\u00e9<\/li>\r\n \t<li>Suivre le retour sur investissement des campagnes de marketing<\/li>\r\n \t<li>Rejoindre les groupes sur les m\u00e9dias sociaux et les plateformes professionnelles pour parler de sujets relatifs au secteur<\/li>\r\n \t<li>Superviser les sites web et les pages de m\u00e9dias sociaux de la soci\u00e9t\u00e9 et r\u00e9pondre aux demandes des clients<\/li>\r\n \t<li>\u00c9tablir des liens avec les sp\u00e9cialistes du secteur et les clients potentiels pour renforcer la notori\u00e9t\u00e9 de notre marque<\/li>\r\n \t<li>Collecter les r\u00e9actions des consommateurs pour en informer les \u00e9quipes de ventes et de produits<\/li>\r\n<\/ul>","see_more":""},"_links":{"self":[{"href":"https:\/\/resources.workable.com\/fr\/wp-json\/wp\/v2\/posts\/53551","targetHints":{"allow":["GET"]}}],"collection":[{"href":"https:\/\/resources.workable.com\/fr\/wp-json\/wp\/v2\/posts"}],"about":[{"href":"https:\/\/resources.workable.com\/fr\/wp-json\/wp\/v2\/types\/post"}],"author":[{"embeddable":true,"href":"https:\/\/resources.workable.com\/fr\/wp-json\/wp\/v2\/users\/41"}],"replies":[{"embeddable":true,"href":"https:\/\/resources.workable.com\/fr\/wp-json\/wp\/v2\/comments?post=53551"}],"version-history":[{"count":0,"href":"https:\/\/resources.workable.com\/fr\/wp-json\/wp\/v2\/posts\/53551\/revisions"}],"wp:attachment":[{"href":"https:\/\/resources.workable.com\/fr\/wp-json\/wp\/v2\/media?parent=53551"}],"wp:term":[{"taxonomy":"category","embeddable":true,"href":"https:\/\/resources.workable.com\/fr\/wp-json\/wp\/v2\/categories?post=53551"},{"taxonomy":"post_tag","embeddable":true,"href":"https:\/\/resources.workable.com\/fr\/wp-json\/wp\/v2\/tags?post=53551"}],"curies":[{"name":"wp","href":"https:\/\/api.w.org\/{rel}","templated":true}]}}