{"id":53187,"date":"2020-01-08T11:09:02","date_gmt":"2020-01-08T11:09:02","guid":{"rendered":"https:\/\/resources.workable.com\/?p=53187"},"modified":"2020-02-06T13:17:43","modified_gmt":"2020-02-06T13:17:43","slug":"fiche-de-poste-de-specialiste-des-medias-numeriques-f-h-autre","status":"publish","type":"post","link":"https:\/\/resources.workable.com\/fr\/fiche-de-poste-de-specialiste-des-medias-numeriques-descriptif-de-poste","title":{"rendered":"Fiche de poste de sp\u00e9cialiste des m\u00e9dias num\u00e9riques&nbsp;(f\/h\/autre)"},"content":{"rendered":"<p>Ce mod\u00e8le de fiche de poste de sp\u00e9cialiste des m\u00e9dias num\u00e9riques r\u00e9pertorie les comp\u00e9tences de base que vous devez rechercher chez les candidat(e)s et est facile \u00e0 personnaliser.<img loading=\"lazy\" decoding=\"async\" class=\"aligncenter size-full wp-image-53190\" src=\"https:\/\/resources.workable.com\/wp-content\/uploads\/2016\/08\/shutterstock_535519351.jpg\" alt=\"Fiche de poste de sp\u00e9cialiste des m\u00e9dias num\u00e9riques\" width=\"640\" height=\"230\" srcset=\"https:\/\/resources.workable.com\/wp-content\/uploads\/2016\/08\/shutterstock_535519351.jpg 640w, https:\/\/resources.workable.com\/wp-content\/uploads\/2016\/08\/shutterstock_535519351-200x72.jpg 200w, https:\/\/resources.workable.com\/wp-content\/uploads\/2016\/08\/shutterstock_535519351-560x201.jpg 560w\" sizes=\"auto, (max-width: 640px) 100vw, 640px\" \/><\/p>\n","protected":false},"excerpt":{"rendered":"<p>Ce mod\u00e8le de fiche de poste de sp\u00e9cialiste des m\u00e9dias num\u00e9riques r\u00e9pertorie les comp\u00e9tences de base que vous devez rechercher chez les candidat(e)s et est facile \u00e0 personnaliser.<\/p>\n","protected":false},"author":41,"featured_media":0,"comment_status":"closed","ping_status":"closed","sticky":false,"template":"","format":"standard","meta":{"_acf_changed":false,"_lmt_disableupdate":"no","_lmt_disable":"","_has_post_settings":[],"footnotes":""},"categories":[1041,1303],"tags":[],"class_list":["post-53187","post","type-post","status-publish","format-standard","hentry","category-descriptifs-de-postes","category-descriptifs-de-postes-de-marketing"],"acf":[],"yoast_head":"<!-- This site is optimized with the Yoast SEO Premium plugin v27.4 (Yoast SEO v27.4) - https:\/\/yoast.com\/product\/yoast-seo-premium-wordpress\/ -->\n<title>Mod\u00e8le de fiche de poste de sp\u00e9cialiste des m\u00e9dias num\u00e9riques | Workable<\/title>\n<meta name=\"description\" content=\"Ce mod\u00e8le de fiche de poste de sp\u00e9cialiste des m\u00e9dias num\u00e9riques r\u00e9pertorie les comp\u00e9tences de base que vous devez rechercher chez les candidats. Ce mod\u00e8le est facile \u00e0 personnaliser.\" \/>\n<meta name=\"robots\" content=\"index, follow, max-snippet:-1, max-image-preview:large, max-video-preview:-1\" \/>\n<link rel=\"canonical\" href=\"https:\/\/resources.workable.com\/fr\/fiche-de-poste-de-specialiste-des-medias-numeriques-descriptif-de-poste\/\" \/>\n<meta property=\"og:locale\" content=\"fr_FR\" \/>\n<meta property=\"og:type\" content=\"article\" \/>\n<meta property=\"og:title\" content=\"Fiche de poste de sp\u00e9cialiste des m\u00e9dias num\u00e9riques (f\/h\/autre)\" \/>\n<meta property=\"og:description\" content=\"Ce mod\u00e8le de fiche de poste de sp\u00e9cialiste des m\u00e9dias num\u00e9riques r\u00e9pertorie les comp\u00e9tences de base que vous devez rechercher chez les candidats. Ce mod\u00e8le est facile \u00e0 personnaliser.\" \/>\n<meta property=\"og:url\" content=\"https:\/\/resources.workable.com\/fr\/fiche-de-poste-de-specialiste-des-medias-numeriques-descriptif-de-poste\" \/>\n<meta property=\"og:site_name\" content=\"Recruiting Resources: How to Recruit and Hire Better\" \/>\n<meta property=\"article:publisher\" content=\"https:\/\/business.facebook.com\/workable\/\" \/>\n<meta property=\"article:published_time\" content=\"2020-01-08T11:09:02+00:00\" \/>\n<meta property=\"article:modified_time\" content=\"2020-02-06T13:17:43+00:00\" \/>\n<meta property=\"og:image\" content=\"https:\/\/resources.workable.com\/wp-content\/uploads\/2016\/08\/shutterstock_535519351.jpg\" \/>\n<meta name=\"author\" content=\"Christina Pavlou\" \/>\n<meta name=\"twitter:card\" content=\"summary_large_image\" \/>\n<meta name=\"twitter:creator\" content=\"@workable\" \/>\n<meta name=\"twitter:site\" content=\"@workable\" \/>\n<meta name=\"twitter:label1\" content=\"\u00c9crit par\" \/>\n\t<meta name=\"twitter:data1\" content=\"Christina Pavlou\" \/>\n<script type=\"application\/ld+json\" class=\"yoast-schema-graph\">{\"@context\":\"https:\\\/\\\/schema.org\",\"@graph\":[{\"@type\":\"Article\",\"@id\":\"https:\\\/\\\/resources.workable.com\\\/fr\\\/fiche-de-poste-de-specialiste-des-medias-numeriques-descriptif-de-poste#article\",\"isPartOf\":{\"@id\":\"https:\\\/\\\/resources.workable.com\\\/fr\\\/fiche-de-poste-de-specialiste-des-medias-numeriques-descriptif-de-poste\"},\"author\":{\"name\":\"Christina Pavlou\",\"@id\":\"https:\\\/\\\/resources.workable.com\\\/fr\\\/#\\\/schema\\\/person\\\/b23289d8d63331621eee9e69103cd603\"},\"headline\":\"Fiche de poste de sp\u00e9cialiste des m\u00e9dias num\u00e9riques&nbsp;(f\\\/h\\\/autre)\",\"datePublished\":\"2020-01-08T11:09:02+00:00\",\"dateModified\":\"2020-02-06T13:17:43+00:00\",\"mainEntityOfPage\":{\"@id\":\"https:\\\/\\\/resources.workable.com\\\/fr\\\/fiche-de-poste-de-specialiste-des-medias-numeriques-descriptif-de-poste\"},\"wordCount\":49,\"publisher\":{\"@id\":\"https:\\\/\\\/resources.workable.com\\\/fr\\\/#organization\"},\"image\":{\"@id\":\"https:\\\/\\\/resources.workable.com\\\/fr\\\/fiche-de-poste-de-specialiste-des-medias-numeriques-descriptif-de-poste#primaryimage\"},\"thumbnailUrl\":\"https:\\\/\\\/resources.workable.com\\\/wp-content\\\/uploads\\\/2016\\\/08\\\/shutterstock_535519351.jpg\",\"articleSection\":[\"Descriptifs de postes\",\"Descriptifs de postes de marketing\"],\"inLanguage\":\"fr-FR\"},{\"@type\":\"WebPage\",\"@id\":\"https:\\\/\\\/resources.workable.com\\\/fr\\\/fiche-de-poste-de-specialiste-des-medias-numeriques-descriptif-de-poste\",\"url\":\"https:\\\/\\\/resources.workable.com\\\/fr\\\/fiche-de-poste-de-specialiste-des-medias-numeriques-descriptif-de-poste\",\"name\":\"Mod\u00e8le de fiche de poste de sp\u00e9cialiste des m\u00e9dias num\u00e9riques | Workable\",\"isPartOf\":{\"@id\":\"https:\\\/\\\/resources.workable.com\\\/fr\\\/#website\"},\"primaryImageOfPage\":{\"@id\":\"https:\\\/\\\/resources.workable.com\\\/fr\\\/fiche-de-poste-de-specialiste-des-medias-numeriques-descriptif-de-poste#primaryimage\"},\"image\":{\"@id\":\"https:\\\/\\\/resources.workable.com\\\/fr\\\/fiche-de-poste-de-specialiste-des-medias-numeriques-descriptif-de-poste#primaryimage\"},\"thumbnailUrl\":\"https:\\\/\\\/resources.workable.com\\\/wp-content\\\/uploads\\\/2016\\\/08\\\/shutterstock_535519351.jpg\",\"datePublished\":\"2020-01-08T11:09:02+00:00\",\"dateModified\":\"2020-02-06T13:17:43+00:00\",\"description\":\"Ce mod\u00e8le de fiche de poste de sp\u00e9cialiste des m\u00e9dias num\u00e9riques r\u00e9pertorie les comp\u00e9tences de base que vous devez rechercher chez les candidats. Ce mod\u00e8le est facile \u00e0 personnaliser.\",\"breadcrumb\":{\"@id\":\"https:\\\/\\\/resources.workable.com\\\/fr\\\/fiche-de-poste-de-specialiste-des-medias-numeriques-descriptif-de-poste#breadcrumb\"},\"inLanguage\":\"fr-FR\",\"potentialAction\":[{\"@type\":\"ReadAction\",\"target\":[\"https:\\\/\\\/resources.workable.com\\\/fr\\\/fiche-de-poste-de-specialiste-des-medias-numeriques-descriptif-de-poste\"]}]},{\"@type\":\"ImageObject\",\"inLanguage\":\"fr-FR\",\"@id\":\"https:\\\/\\\/resources.workable.com\\\/fr\\\/fiche-de-poste-de-specialiste-des-medias-numeriques-descriptif-de-poste#primaryimage\",\"url\":\"https:\\\/\\\/resources.workable.com\\\/wp-content\\\/uploads\\\/2016\\\/08\\\/shutterstock_535519351.jpg\",\"contentUrl\":\"https:\\\/\\\/resources.workable.com\\\/wp-content\\\/uploads\\\/2016\\\/08\\\/shutterstock_535519351.jpg\"},{\"@type\":\"BreadcrumbList\",\"@id\":\"https:\\\/\\\/resources.workable.com\\\/fr\\\/fiche-de-poste-de-specialiste-des-medias-numeriques-descriptif-de-poste#breadcrumb\",\"itemListElement\":[{\"@type\":\"ListItem\",\"position\":1,\"name\":\"Home\",\"item\":\"https:\\\/\\\/resources.workable.com\\\/fr\\\/\"},{\"@type\":\"ListItem\",\"position\":2,\"name\":\"Fiche de poste de sp\u00e9cialiste des m\u00e9dias num\u00e9riques&nbsp;(f\\\/h\\\/autre)\"}]},{\"@type\":\"WebSite\",\"@id\":\"https:\\\/\\\/resources.workable.com\\\/fr\\\/#website\",\"url\":\"https:\\\/\\\/resources.workable.com\\\/fr\\\/\",\"name\":\"Recruiting Resources: How to Recruit and Hire Better\",\"description\":\"\",\"publisher\":{\"@id\":\"https:\\\/\\\/resources.workable.com\\\/fr\\\/#organization\"},\"potentialAction\":[{\"@type\":\"SearchAction\",\"target\":{\"@type\":\"EntryPoint\",\"urlTemplate\":\"https:\\\/\\\/resources.workable.com\\\/fr\\\/?s={search_term_string}\"},\"query-input\":{\"@type\":\"PropertyValueSpecification\",\"valueRequired\":true,\"valueName\":\"search_term_string\"}}],\"inLanguage\":\"fr-FR\"},{\"@type\":\"Organization\",\"@id\":\"https:\\\/\\\/resources.workable.com\\\/fr\\\/#organization\",\"name\":\"Workable\",\"url\":\"https:\\\/\\\/resources.workable.com\\\/fr\\\/\",\"logo\":{\"@type\":\"ImageObject\",\"inLanguage\":\"fr-FR\",\"@id\":\"https:\\\/\\\/resources.workable.com\\\/fr\\\/#\\\/schema\\\/logo\\\/image\\\/\",\"url\":\"https:\\\/\\\/resources.workable.com\\\/wp-content\\\/uploads\\\/2017\\\/12\\\/logo-green.png\",\"contentUrl\":\"https:\\\/\\\/resources.workable.com\\\/wp-content\\\/uploads\\\/2017\\\/12\\\/logo-green.png\",\"width\":150,\"height\":25,\"caption\":\"Workable\"},\"image\":{\"@id\":\"https:\\\/\\\/resources.workable.com\\\/fr\\\/#\\\/schema\\\/logo\\\/image\\\/\"},\"sameAs\":[\"https:\\\/\\\/business.facebook.com\\\/workable\\\/\",\"https:\\\/\\\/x.com\\\/workable\",\"https:\\\/\\\/www.linkedin.com\\\/company\\\/workable-hr\\\/\"]},{\"@type\":\"Person\",\"@id\":\"https:\\\/\\\/resources.workable.com\\\/fr\\\/#\\\/schema\\\/person\\\/b23289d8d63331621eee9e69103cd603\",\"name\":\"Christina Pavlou\",\"image\":{\"@type\":\"ImageObject\",\"inLanguage\":\"fr-FR\",\"@id\":\"https:\\\/\\\/secure.gravatar.com\\\/avatar\\\/9ed48272d268bb7071cf243f8d2dcaeaa1f26feca5ecd3fbed59e0378447bc49?s=96&d=mm&r=pg\",\"url\":\"https:\\\/\\\/secure.gravatar.com\\\/avatar\\\/9ed48272d268bb7071cf243f8d2dcaeaa1f26feca5ecd3fbed59e0378447bc49?s=96&d=mm&r=pg\",\"contentUrl\":\"https:\\\/\\\/secure.gravatar.com\\\/avatar\\\/9ed48272d268bb7071cf243f8d2dcaeaa1f26feca5ecd3fbed59e0378447bc49?s=96&d=mm&r=pg\",\"caption\":\"Christina Pavlou\"},\"description\":\"Christina Pavlou was a writer at Workable for nearly four years, and previously a recruiter. She writes about diversity in the workplace and reports on the shape of things to come. You can find her on LinkedIn and Twitter.\",\"url\":\"https:\\\/\\\/resources.workable.com\\\/fr\\\/author\\\/christina\\\/\"}]}<\/script>\n<!-- \/ Yoast SEO Premium plugin. -->","yoast_head_json":{"title":"Mod\u00e8le de fiche de poste de sp\u00e9cialiste des m\u00e9dias num\u00e9riques | Workable","description":"Ce mod\u00e8le de fiche de poste de sp\u00e9cialiste des m\u00e9dias num\u00e9riques r\u00e9pertorie les comp\u00e9tences de base que vous devez rechercher chez les candidats. Ce mod\u00e8le est facile \u00e0 personnaliser.","robots":{"index":"index","follow":"follow","max-snippet":"max-snippet:-1","max-image-preview":"max-image-preview:large","max-video-preview":"max-video-preview:-1"},"canonical":"https:\/\/resources.workable.com\/fr\/fiche-de-poste-de-specialiste-des-medias-numeriques-descriptif-de-poste\/","og_locale":"fr_FR","og_type":"article","og_title":"Fiche de poste de sp\u00e9cialiste des m\u00e9dias num\u00e9riques (f\/h\/autre)","og_description":"Ce mod\u00e8le de fiche de poste de sp\u00e9cialiste des m\u00e9dias num\u00e9riques r\u00e9pertorie les comp\u00e9tences de base que vous devez rechercher chez les candidats. Ce mod\u00e8le est facile \u00e0 personnaliser.","og_url":"https:\/\/resources.workable.com\/fr\/fiche-de-poste-de-specialiste-des-medias-numeriques-descriptif-de-poste","og_site_name":"Recruiting Resources: How to Recruit and Hire Better","article_publisher":"https:\/\/business.facebook.com\/workable\/","article_published_time":"2020-01-08T11:09:02+00:00","article_modified_time":"2020-02-06T13:17:43+00:00","og_image":[{"url":"https:\/\/resources.workable.com\/wp-content\/uploads\/2016\/08\/shutterstock_535519351.jpg","type":"","width":"","height":""}],"author":"Christina Pavlou","twitter_card":"summary_large_image","twitter_creator":"@workable","twitter_site":"@workable","twitter_misc":{"\u00c9crit par":"Christina Pavlou"},"schema":{"@context":"https:\/\/schema.org","@graph":[{"@type":"Article","@id":"https:\/\/resources.workable.com\/fr\/fiche-de-poste-de-specialiste-des-medias-numeriques-descriptif-de-poste#article","isPartOf":{"@id":"https:\/\/resources.workable.com\/fr\/fiche-de-poste-de-specialiste-des-medias-numeriques-descriptif-de-poste"},"author":{"name":"Christina Pavlou","@id":"https:\/\/resources.workable.com\/fr\/#\/schema\/person\/b23289d8d63331621eee9e69103cd603"},"headline":"Fiche de poste de sp\u00e9cialiste des m\u00e9dias num\u00e9riques&nbsp;(f\/h\/autre)","datePublished":"2020-01-08T11:09:02+00:00","dateModified":"2020-02-06T13:17:43+00:00","mainEntityOfPage":{"@id":"https:\/\/resources.workable.com\/fr\/fiche-de-poste-de-specialiste-des-medias-numeriques-descriptif-de-poste"},"wordCount":49,"publisher":{"@id":"https:\/\/resources.workable.com\/fr\/#organization"},"image":{"@id":"https:\/\/resources.workable.com\/fr\/fiche-de-poste-de-specialiste-des-medias-numeriques-descriptif-de-poste#primaryimage"},"thumbnailUrl":"https:\/\/resources.workable.com\/wp-content\/uploads\/2016\/08\/shutterstock_535519351.jpg","articleSection":["Descriptifs de postes","Descriptifs de postes de marketing"],"inLanguage":"fr-FR"},{"@type":"WebPage","@id":"https:\/\/resources.workable.com\/fr\/fiche-de-poste-de-specialiste-des-medias-numeriques-descriptif-de-poste","url":"https:\/\/resources.workable.com\/fr\/fiche-de-poste-de-specialiste-des-medias-numeriques-descriptif-de-poste","name":"Mod\u00e8le de fiche de poste de sp\u00e9cialiste des m\u00e9dias num\u00e9riques | Workable","isPartOf":{"@id":"https:\/\/resources.workable.com\/fr\/#website"},"primaryImageOfPage":{"@id":"https:\/\/resources.workable.com\/fr\/fiche-de-poste-de-specialiste-des-medias-numeriques-descriptif-de-poste#primaryimage"},"image":{"@id":"https:\/\/resources.workable.com\/fr\/fiche-de-poste-de-specialiste-des-medias-numeriques-descriptif-de-poste#primaryimage"},"thumbnailUrl":"https:\/\/resources.workable.com\/wp-content\/uploads\/2016\/08\/shutterstock_535519351.jpg","datePublished":"2020-01-08T11:09:02+00:00","dateModified":"2020-02-06T13:17:43+00:00","description":"Ce mod\u00e8le de fiche de poste de sp\u00e9cialiste des m\u00e9dias num\u00e9riques r\u00e9pertorie les comp\u00e9tences de base que vous devez rechercher chez les candidats. Ce mod\u00e8le est facile \u00e0 personnaliser.","breadcrumb":{"@id":"https:\/\/resources.workable.com\/fr\/fiche-de-poste-de-specialiste-des-medias-numeriques-descriptif-de-poste#breadcrumb"},"inLanguage":"fr-FR","potentialAction":[{"@type":"ReadAction","target":["https:\/\/resources.workable.com\/fr\/fiche-de-poste-de-specialiste-des-medias-numeriques-descriptif-de-poste"]}]},{"@type":"ImageObject","inLanguage":"fr-FR","@id":"https:\/\/resources.workable.com\/fr\/fiche-de-poste-de-specialiste-des-medias-numeriques-descriptif-de-poste#primaryimage","url":"https:\/\/resources.workable.com\/wp-content\/uploads\/2016\/08\/shutterstock_535519351.jpg","contentUrl":"https:\/\/resources.workable.com\/wp-content\/uploads\/2016\/08\/shutterstock_535519351.jpg"},{"@type":"BreadcrumbList","@id":"https:\/\/resources.workable.com\/fr\/fiche-de-poste-de-specialiste-des-medias-numeriques-descriptif-de-poste#breadcrumb","itemListElement":[{"@type":"ListItem","position":1,"name":"Home","item":"https:\/\/resources.workable.com\/fr\/"},{"@type":"ListItem","position":2,"name":"Fiche de poste de sp\u00e9cialiste des m\u00e9dias num\u00e9riques&nbsp;(f\/h\/autre)"}]},{"@type":"WebSite","@id":"https:\/\/resources.workable.com\/fr\/#website","url":"https:\/\/resources.workable.com\/fr\/","name":"Recruiting Resources: How to Recruit and Hire Better","description":"","publisher":{"@id":"https:\/\/resources.workable.com\/fr\/#organization"},"potentialAction":[{"@type":"SearchAction","target":{"@type":"EntryPoint","urlTemplate":"https:\/\/resources.workable.com\/fr\/?s={search_term_string}"},"query-input":{"@type":"PropertyValueSpecification","valueRequired":true,"valueName":"search_term_string"}}],"inLanguage":"fr-FR"},{"@type":"Organization","@id":"https:\/\/resources.workable.com\/fr\/#organization","name":"Workable","url":"https:\/\/resources.workable.com\/fr\/","logo":{"@type":"ImageObject","inLanguage":"fr-FR","@id":"https:\/\/resources.workable.com\/fr\/#\/schema\/logo\/image\/","url":"https:\/\/resources.workable.com\/wp-content\/uploads\/2017\/12\/logo-green.png","contentUrl":"https:\/\/resources.workable.com\/wp-content\/uploads\/2017\/12\/logo-green.png","width":150,"height":25,"caption":"Workable"},"image":{"@id":"https:\/\/resources.workable.com\/fr\/#\/schema\/logo\/image\/"},"sameAs":["https:\/\/business.facebook.com\/workable\/","https:\/\/x.com\/workable","https:\/\/www.linkedin.com\/company\/workable-hr\/"]},{"@type":"Person","@id":"https:\/\/resources.workable.com\/fr\/#\/schema\/person\/b23289d8d63331621eee9e69103cd603","name":"Christina Pavlou","image":{"@type":"ImageObject","inLanguage":"fr-FR","@id":"https:\/\/secure.gravatar.com\/avatar\/9ed48272d268bb7071cf243f8d2dcaeaa1f26feca5ecd3fbed59e0378447bc49?s=96&d=mm&r=pg","url":"https:\/\/secure.gravatar.com\/avatar\/9ed48272d268bb7071cf243f8d2dcaeaa1f26feca5ecd3fbed59e0378447bc49?s=96&d=mm&r=pg","contentUrl":"https:\/\/secure.gravatar.com\/avatar\/9ed48272d268bb7071cf243f8d2dcaeaa1f26feca5ecd3fbed59e0378447bc49?s=96&d=mm&r=pg","caption":"Christina Pavlou"},"description":"Christina Pavlou was a writer at Workable for nearly four years, and previously a recruiter. She writes about diversity in the workplace and reports on the shape of things to come. You can find her on LinkedIn and Twitter.","url":"https:\/\/resources.workable.com\/fr\/author\/christina\/"}]}},"modified_by":null,"custom_fields":{"brief":"Nous recherchons un(e) sp\u00e9cialiste des m\u00e9dias num\u00e9riques qualifi\u00e9(e) pour rejoindre notre \u00e9quipe. Vous serez charg\u00e9(e) de diriger nos efforts de marketing en utilisant de nouveaux m\u00e9dias et des outils num\u00e9riques.\r\n\r\nSi vous savez comment utiliser de mani\u00e8re cr\u00e9ative diff\u00e9rents outils de marketing en ligne, comme des sites web, des podcasts et des blogs, ce poste est fait pour vous. Vous travaillerez avec diff\u00e9rentes \u00e9quipes pour coordonner nos activit\u00e9s de marketing, de publicit\u00e9 et de promotion.\r\n\r\nEnfin, vous serez charg\u00e9(e) de promouvoir notre soci\u00e9t\u00e9 et de renforcer l'engagement des clients.","requirements":"<ul>\r\n \t<li>Exp\u00e9rience av\u00e9r\u00e9e de sp\u00e9cialiste des m\u00e9dias num\u00e9riques ou de directeur du marketing num\u00e9rique<\/li>\r\n \t<li>Bonnes connaissances de Photoshop, Final Cut Pro, Premiere Pro, Audacity ou d'un autre logiciel d'\u00e9dition m\u00e9dia<\/li>\r\n \t<li>Connaissance pratique des principes de la communication visuelle<\/li>\r\n \t<li>Bonne connaissance des syst\u00e8mes de conception sur le web et de gestion de contenu<\/li>\r\n \t<li>Excellentes capacit\u00e9s analytiques et de gestion de projets<\/li>\r\n \t<li>Capacit\u00e9 \u00e0 g\u00e9rer plusieurs t\u00e2ches simultan\u00e9ment et \u00e0 travailler avec des d\u00e9lais serr\u00e9s<\/li>\r\n \t<li>Excellentes comp\u00e9tences de communication orale et \u00e9crite<\/li>\r\n \t<li>Licence en marketing, m\u00e9dias num\u00e9riques ou un domaine \u00e9quivalent<\/li>\r\n \t<li>Une qualification suppl\u00e9mentaire en conception ou en animation sur le web sera un plus<\/li>\r\n<\/ul>","responsibilities":"<ul>\r\n \t<li>Concevoir des campagnes dans les m\u00e9dias num\u00e9riques align\u00e9es sur les objectifs commerciaux<\/li>\r\n \t<li>Coordonner la cr\u00e9ation de contenus num\u00e9riques (p.\u00a0ex. sites web, blogs, communiqu\u00e9s de presse et podcasts)<\/li>\r\n \t<li>G\u00e9rer des projets num\u00e9riques de bout en bout<\/li>\r\n \t<li>\u00c9tablir notre pr\u00e9sence sur le web pour renforcer la notori\u00e9t\u00e9 de notre marque<\/li>\r\n \t<li>Maintenir une forte pr\u00e9sence en ligne de la soci\u00e9t\u00e9 dans les m\u00e9dias sociaux<\/li>\r\n \t<li>Travailler avec les \u00e9quipes de marketing, de vente et de d\u00e9veloppement de produits pour assurer la coh\u00e9rence de la marque<\/li>\r\n \t<li>Sugg\u00e9rer et mettre en \u0153uvre des m\u00e9thodes de marketing direct pour augmenter la profitabilit\u00e9<\/li>\r\n \t<li>Surveiller le retour sur investissement et les ICP<\/li>\r\n \t<li>Se tenir au fait des nouvelles tendances en mati\u00e8re de m\u00e9dias num\u00e9riques<\/li>\r\n<\/ul>","see_more":"<ul>\r\n \t<li><em>Identifier et recruter des sp\u00e9cialistes social media et num\u00e9rique \u00e0 l'aide des <a href=\"https:\/\/resources.workable.com\/hire-social-media-specialist-boolean-search-strings\">aide-m\u00e9moire de recherche bool\u00e9enne<\/a> de Workable.<\/em><\/li>\r\n<\/ul>"},"_links":{"self":[{"href":"https:\/\/resources.workable.com\/fr\/wp-json\/wp\/v2\/posts\/53187","targetHints":{"allow":["GET"]}}],"collection":[{"href":"https:\/\/resources.workable.com\/fr\/wp-json\/wp\/v2\/posts"}],"about":[{"href":"https:\/\/resources.workable.com\/fr\/wp-json\/wp\/v2\/types\/post"}],"author":[{"embeddable":true,"href":"https:\/\/resources.workable.com\/fr\/wp-json\/wp\/v2\/users\/41"}],"replies":[{"embeddable":true,"href":"https:\/\/resources.workable.com\/fr\/wp-json\/wp\/v2\/comments?post=53187"}],"version-history":[{"count":0,"href":"https:\/\/resources.workable.com\/fr\/wp-json\/wp\/v2\/posts\/53187\/revisions"}],"wp:attachment":[{"href":"https:\/\/resources.workable.com\/fr\/wp-json\/wp\/v2\/media?parent=53187"}],"wp:term":[{"taxonomy":"category","embeddable":true,"href":"https:\/\/resources.workable.com\/fr\/wp-json\/wp\/v2\/categories?post=53187"},{"taxonomy":"post_tag","embeddable":true,"href":"https:\/\/resources.workable.com\/fr\/wp-json\/wp\/v2\/tags?post=53187"}],"curies":[{"name":"wp","href":"https:\/\/api.w.org\/{rel}","templated":true}]}}