{"id":50666,"date":"2020-01-08T11:08:15","date_gmt":"2020-01-08T11:08:15","guid":{"rendered":"https:\/\/resources.workable.com\/?p=50666"},"modified":"2021-04-07T14:50:31","modified_gmt":"2021-04-07T14:50:31","slug":"descriptif-de-poste-responsable-logistique-f-h-autre","status":"publish","type":"post","link":"https:\/\/resources.workable.com\/fr\/responsable-logistique-descriptif-de-poste","title":{"rendered":"Descriptif de poste: Responsable logistique&nbsp;(f\/h\/autre)"},"content":{"rendered":"<p>Le pr\u00e9sent mod\u00e8le de fiche de poste de responsable logistique\u00a0a \u00e9t\u00e9 optimis\u00e9 \u00e0 des fins de publication sur des sites d&rsquo;annonces ou des pages d&#8217;emploi en ligne, ainsi que pour \u00eatre ais\u00e9ment personnalis\u00e9 en fonction des besoins de votre entreprise.<\/p>\n<h2>Les responsabilit\u00e9s du responsable logistique incluent\u00a0:<\/h2>\n<ul>\n<li>Planifier et g\u00e9rer la logistique, l&rsquo;entrep\u00f4t, le transport et le service \u00e0 la client\u00e8le<\/li>\n<li>Diriger, optimiser et coordonner le cycle de commande complet<\/li>\n<li>Assurer la liaison et n\u00e9gocier avec les fournisseurs, les fabricants, les d\u00e9taillants et les consommateurs<\/li>\n<\/ul>\n<p><img loading=\"lazy\" decoding=\"async\" src=\"https:\/\/resources.workable.com\/wp-content\/uploads\/2013\/07\/logistics-manager-shutterstock_457810873.jpg\" alt=\"fiche de poste de responsable logistique\" width=\"640\" height=\"230\" \/><\/p>\n<p><strong><em>Vous pr\u00e9voyez d&#8217;embaucher un(e) responsable logistique\u00a0? Inscrivez-vous <a href=\"https:\/\/www.workable.com\/post-jobs-for-free\/customize?wid=533&amp;utm_page=logistics-manager-job-description&amp;utm_program=ad-unit-right&amp;utm_tracking=job-descriptions-logistics-job-descriptions\">pour r\u00e9aliser un essai gratuit d&rsquo;une dur\u00e9e de 15\u00a0jours avec Workable<\/a> pour publier une annonce pour ce poste, et embaucher mieux et plus rapidement.<\/em><\/strong><\/p>\n","protected":false},"excerpt":{"rendered":"<p>Le pr\u00e9sent mod\u00e8le de fiche de poste de responsable logistique\u00a0a \u00e9t\u00e9 optimis\u00e9 \u00e0 des fins de publication sur des sites d&rsquo;annonces ou des pages d&#8217;emploi en ligne, ainsi que pour \u00eatre ais\u00e9ment personnalis\u00e9 en fonction des besoins de votre entreprise. Les responsabilit\u00e9s du responsable logistique incluent\u00a0: Planifier et g\u00e9rer la logistique, l&rsquo;entrep\u00f4t, le transport et [&hellip;]<\/p>\n","protected":false},"author":7,"featured_media":0,"comment_status":"closed","ping_status":"closed","sticky":false,"template":"","format":"standard","meta":{"_acf_changed":false,"_lmt_disableupdate":"no","_lmt_disable":"","_has_post_settings":[],"footnotes":""},"categories":[1041,1292],"tags":[75],"class_list":["post-50666","post","type-post","status-publish","format-standard","hentry","category-descriptifs-de-postes","category-descriptifs-de-postes-logistique","tag-sample-logistics"],"acf":[],"yoast_head":"<!-- This site is optimized with the Yoast SEO Premium plugin v27.4 (Yoast SEO v27.4) - https:\/\/yoast.com\/product\/yoast-seo-premium-wordpress\/ -->\n<title>Mod\u00e8le de fiche de poste de responsable logistique | Workable<\/title>\n<meta name=\"description\" content=\"Le pr\u00e9sent mod\u00e8le de fiche de poste de responsable logistique a \u00e9t\u00e9 optimis\u00e9 \u00e0 des fins de publication sur des sites d&#039;annonces ou des pages d&#039;emploi en ligne, ainsi que pour \u00eatre ais\u00e9ment personnalis\u00e9 en fonction des besoins de votre entreprise.\" \/>\n<meta name=\"robots\" content=\"index, follow, max-snippet:-1, max-image-preview:large, max-video-preview:-1\" \/>\n<link rel=\"canonical\" href=\"https:\/\/resources.workable.com\/fr\/responsable-logistique-descriptif-de-poste\/\" \/>\n<meta property=\"og:locale\" content=\"fr_FR\" \/>\n<meta property=\"og:type\" content=\"article\" \/>\n<meta property=\"og:title\" content=\"Descriptif de poste: Responsable logistique (f\/h\/autre)\" \/>\n<meta property=\"og:description\" content=\"Le pr\u00e9sent mod\u00e8le de fiche de poste de responsable logistique a \u00e9t\u00e9 optimis\u00e9 \u00e0 des fins de publication sur des sites d&#039;annonces ou des pages d&#039;emploi en ligne, ainsi que pour \u00eatre ais\u00e9ment personnalis\u00e9 en fonction des besoins de votre entreprise.\" \/>\n<meta property=\"og:url\" content=\"https:\/\/resources.workable.com\/fr\/responsable-logistique-descriptif-de-poste\" \/>\n<meta property=\"og:site_name\" content=\"Recruiting Resources: How to Recruit and Hire Better\" \/>\n<meta property=\"article:publisher\" content=\"https:\/\/business.facebook.com\/workable\/\" \/>\n<meta property=\"article:published_time\" content=\"2020-01-08T11:08:15+00:00\" \/>\n<meta property=\"article:modified_time\" content=\"2021-04-07T14:50:31+00:00\" \/>\n<meta property=\"og:image\" content=\"https:\/\/resources.workable.com\/wp-content\/uploads\/2013\/07\/logistics-manager-shutterstock_457810873.jpg\" \/>\n<meta name=\"author\" content=\"Eleni Kourmentza\" \/>\n<meta name=\"twitter:card\" content=\"summary_large_image\" \/>\n<meta name=\"twitter:creator\" content=\"@workable\" \/>\n<meta name=\"twitter:site\" content=\"@workable\" \/>\n<meta name=\"twitter:label1\" content=\"\u00c9crit par\" \/>\n\t<meta name=\"twitter:data1\" content=\"Eleni Kourmentza\" \/>\n\t<meta name=\"twitter:label2\" content=\"Dur\u00e9e de lecture estim\u00e9e\" \/>\n\t<meta name=\"twitter:data2\" content=\"1 minute\" \/>\n<script type=\"application\/ld+json\" class=\"yoast-schema-graph\">{\"@context\":\"https:\\\/\\\/schema.org\",\"@graph\":[{\"@type\":\"Article\",\"@id\":\"https:\\\/\\\/resources.workable.com\\\/fr\\\/responsable-logistique-descriptif-de-poste#article\",\"isPartOf\":{\"@id\":\"https:\\\/\\\/resources.workable.com\\\/fr\\\/responsable-logistique-descriptif-de-poste\"},\"author\":{\"name\":\"Eleni Kourmentza\",\"@id\":\"https:\\\/\\\/resources.workable.com\\\/fr\\\/#\\\/schema\\\/person\\\/246aec99718ddcb172f71f699e088a88\"},\"headline\":\"Descriptif de poste: Responsable logistique&nbsp;(f\\\/h\\\/autre)\",\"datePublished\":\"2020-01-08T11:08:15+00:00\",\"dateModified\":\"2021-04-07T14:50:31+00:00\",\"mainEntityOfPage\":{\"@id\":\"https:\\\/\\\/resources.workable.com\\\/fr\\\/responsable-logistique-descriptif-de-poste\"},\"wordCount\":140,\"publisher\":{\"@id\":\"https:\\\/\\\/resources.workable.com\\\/fr\\\/#organization\"},\"image\":{\"@id\":\"https:\\\/\\\/resources.workable.com\\\/fr\\\/responsable-logistique-descriptif-de-poste#primaryimage\"},\"thumbnailUrl\":\"https:\\\/\\\/resources.workable.com\\\/wp-content\\\/uploads\\\/2013\\\/07\\\/logistics-manager-shutterstock_457810873.jpg\",\"keywords\":[\"sample-logistics\"],\"articleSection\":[\"Descriptifs de postes\",\"Descriptifs de postes Logistique\"],\"inLanguage\":\"fr-FR\"},{\"@type\":\"WebPage\",\"@id\":\"https:\\\/\\\/resources.workable.com\\\/fr\\\/responsable-logistique-descriptif-de-poste\",\"url\":\"https:\\\/\\\/resources.workable.com\\\/fr\\\/responsable-logistique-descriptif-de-poste\",\"name\":\"Mod\u00e8le de fiche de poste de responsable logistique | Workable\",\"isPartOf\":{\"@id\":\"https:\\\/\\\/resources.workable.com\\\/fr\\\/#website\"},\"primaryImageOfPage\":{\"@id\":\"https:\\\/\\\/resources.workable.com\\\/fr\\\/responsable-logistique-descriptif-de-poste#primaryimage\"},\"image\":{\"@id\":\"https:\\\/\\\/resources.workable.com\\\/fr\\\/responsable-logistique-descriptif-de-poste#primaryimage\"},\"thumbnailUrl\":\"https:\\\/\\\/resources.workable.com\\\/wp-content\\\/uploads\\\/2013\\\/07\\\/logistics-manager-shutterstock_457810873.jpg\",\"datePublished\":\"2020-01-08T11:08:15+00:00\",\"dateModified\":\"2021-04-07T14:50:31+00:00\",\"description\":\"Le pr\u00e9sent mod\u00e8le de fiche de poste de responsable logistique a \u00e9t\u00e9 optimis\u00e9 \u00e0 des fins de publication sur des sites d'annonces ou des pages d'emploi en ligne, ainsi que pour \u00eatre ais\u00e9ment personnalis\u00e9 en fonction des besoins de votre entreprise.\",\"breadcrumb\":{\"@id\":\"https:\\\/\\\/resources.workable.com\\\/fr\\\/responsable-logistique-descriptif-de-poste#breadcrumb\"},\"inLanguage\":\"fr-FR\",\"potentialAction\":[{\"@type\":\"ReadAction\",\"target\":[\"https:\\\/\\\/resources.workable.com\\\/fr\\\/responsable-logistique-descriptif-de-poste\"]}]},{\"@type\":\"ImageObject\",\"inLanguage\":\"fr-FR\",\"@id\":\"https:\\\/\\\/resources.workable.com\\\/fr\\\/responsable-logistique-descriptif-de-poste#primaryimage\",\"url\":\"https:\\\/\\\/resources.workable.com\\\/wp-content\\\/uploads\\\/2013\\\/07\\\/logistics-manager-shutterstock_457810873.jpg\",\"contentUrl\":\"https:\\\/\\\/resources.workable.com\\\/wp-content\\\/uploads\\\/2013\\\/07\\\/logistics-manager-shutterstock_457810873.jpg\"},{\"@type\":\"BreadcrumbList\",\"@id\":\"https:\\\/\\\/resources.workable.com\\\/fr\\\/responsable-logistique-descriptif-de-poste#breadcrumb\",\"itemListElement\":[{\"@type\":\"ListItem\",\"position\":1,\"name\":\"Home\",\"item\":\"https:\\\/\\\/resources.workable.com\\\/fr\\\/\"},{\"@type\":\"ListItem\",\"position\":2,\"name\":\"Descriptif de poste: Responsable logistique&nbsp;(f\\\/h\\\/autre)\"}]},{\"@type\":\"WebSite\",\"@id\":\"https:\\\/\\\/resources.workable.com\\\/fr\\\/#website\",\"url\":\"https:\\\/\\\/resources.workable.com\\\/fr\\\/\",\"name\":\"Recruiting Resources: How to Recruit and Hire Better\",\"description\":\"\",\"publisher\":{\"@id\":\"https:\\\/\\\/resources.workable.com\\\/fr\\\/#organization\"},\"potentialAction\":[{\"@type\":\"SearchAction\",\"target\":{\"@type\":\"EntryPoint\",\"urlTemplate\":\"https:\\\/\\\/resources.workable.com\\\/fr\\\/?s={search_term_string}\"},\"query-input\":{\"@type\":\"PropertyValueSpecification\",\"valueRequired\":true,\"valueName\":\"search_term_string\"}}],\"inLanguage\":\"fr-FR\"},{\"@type\":\"Organization\",\"@id\":\"https:\\\/\\\/resources.workable.com\\\/fr\\\/#organization\",\"name\":\"Workable\",\"url\":\"https:\\\/\\\/resources.workable.com\\\/fr\\\/\",\"logo\":{\"@type\":\"ImageObject\",\"inLanguage\":\"fr-FR\",\"@id\":\"https:\\\/\\\/resources.workable.com\\\/fr\\\/#\\\/schema\\\/logo\\\/image\\\/\",\"url\":\"https:\\\/\\\/resources.workable.com\\\/wp-content\\\/uploads\\\/2017\\\/12\\\/logo-green.png\",\"contentUrl\":\"https:\\\/\\\/resources.workable.com\\\/wp-content\\\/uploads\\\/2017\\\/12\\\/logo-green.png\",\"width\":150,\"height\":25,\"caption\":\"Workable\"},\"image\":{\"@id\":\"https:\\\/\\\/resources.workable.com\\\/fr\\\/#\\\/schema\\\/logo\\\/image\\\/\"},\"sameAs\":[\"https:\\\/\\\/business.facebook.com\\\/workable\\\/\",\"https:\\\/\\\/x.com\\\/workable\",\"https:\\\/\\\/www.linkedin.com\\\/company\\\/workable-hr\\\/\"]},{\"@type\":\"Person\",\"@id\":\"https:\\\/\\\/resources.workable.com\\\/fr\\\/#\\\/schema\\\/person\\\/246aec99718ddcb172f71f699e088a88\",\"name\":\"Eleni Kourmentza\",\"image\":{\"@type\":\"ImageObject\",\"inLanguage\":\"fr-FR\",\"@id\":\"https:\\\/\\\/secure.gravatar.com\\\/avatar\\\/9941ca019d8b6c20633797a6b788bfc4b438c79e45a22797c9abfc4bfd997e7d?s=96&d=mm&r=pg\",\"url\":\"https:\\\/\\\/secure.gravatar.com\\\/avatar\\\/9941ca019d8b6c20633797a6b788bfc4b438c79e45a22797c9abfc4bfd997e7d?s=96&d=mm&r=pg\",\"contentUrl\":\"https:\\\/\\\/secure.gravatar.com\\\/avatar\\\/9941ca019d8b6c20633797a6b788bfc4b438c79e45a22797c9abfc4bfd997e7d?s=96&d=mm&r=pg\",\"caption\":\"Eleni Kourmentza\"},\"description\":\"Eleni Kourmentza, ex-People Ops Manager at Workable, excelled in recruitment, lifecycle management, HR admin, culture nurturing, and employer branding.\",\"sameAs\":[\"http:\\\/\\\/workable.com\"],\"url\":\"https:\\\/\\\/resources.workable.com\\\/fr\\\/author\\\/eleni\\\/\"}]}<\/script>\n<!-- \/ Yoast SEO Premium plugin. -->","yoast_head_json":{"title":"Mod\u00e8le de fiche de poste de responsable logistique | Workable","description":"Le pr\u00e9sent mod\u00e8le de fiche de poste de responsable logistique a \u00e9t\u00e9 optimis\u00e9 \u00e0 des fins de publication sur des sites d'annonces ou des pages d'emploi en ligne, ainsi que pour \u00eatre ais\u00e9ment personnalis\u00e9 en fonction des besoins de votre entreprise.","robots":{"index":"index","follow":"follow","max-snippet":"max-snippet:-1","max-image-preview":"max-image-preview:large","max-video-preview":"max-video-preview:-1"},"canonical":"https:\/\/resources.workable.com\/fr\/responsable-logistique-descriptif-de-poste\/","og_locale":"fr_FR","og_type":"article","og_title":"Descriptif de poste: Responsable logistique (f\/h\/autre)","og_description":"Le pr\u00e9sent mod\u00e8le de fiche de poste de responsable logistique a \u00e9t\u00e9 optimis\u00e9 \u00e0 des fins de publication sur des sites d'annonces ou des pages d'emploi en ligne, ainsi que pour \u00eatre ais\u00e9ment personnalis\u00e9 en fonction des besoins de votre entreprise.","og_url":"https:\/\/resources.workable.com\/fr\/responsable-logistique-descriptif-de-poste","og_site_name":"Recruiting Resources: How to Recruit and Hire Better","article_publisher":"https:\/\/business.facebook.com\/workable\/","article_published_time":"2020-01-08T11:08:15+00:00","article_modified_time":"2021-04-07T14:50:31+00:00","og_image":[{"url":"https:\/\/resources.workable.com\/wp-content\/uploads\/2013\/07\/logistics-manager-shutterstock_457810873.jpg","type":"","width":"","height":""}],"author":"Eleni Kourmentza","twitter_card":"summary_large_image","twitter_creator":"@workable","twitter_site":"@workable","twitter_misc":{"\u00c9crit par":"Eleni Kourmentza","Dur\u00e9e de lecture estim\u00e9e":"1 minute"},"schema":{"@context":"https:\/\/schema.org","@graph":[{"@type":"Article","@id":"https:\/\/resources.workable.com\/fr\/responsable-logistique-descriptif-de-poste#article","isPartOf":{"@id":"https:\/\/resources.workable.com\/fr\/responsable-logistique-descriptif-de-poste"},"author":{"name":"Eleni Kourmentza","@id":"https:\/\/resources.workable.com\/fr\/#\/schema\/person\/246aec99718ddcb172f71f699e088a88"},"headline":"Descriptif de poste: Responsable logistique&nbsp;(f\/h\/autre)","datePublished":"2020-01-08T11:08:15+00:00","dateModified":"2021-04-07T14:50:31+00:00","mainEntityOfPage":{"@id":"https:\/\/resources.workable.com\/fr\/responsable-logistique-descriptif-de-poste"},"wordCount":140,"publisher":{"@id":"https:\/\/resources.workable.com\/fr\/#organization"},"image":{"@id":"https:\/\/resources.workable.com\/fr\/responsable-logistique-descriptif-de-poste#primaryimage"},"thumbnailUrl":"https:\/\/resources.workable.com\/wp-content\/uploads\/2013\/07\/logistics-manager-shutterstock_457810873.jpg","keywords":["sample-logistics"],"articleSection":["Descriptifs de postes","Descriptifs de postes Logistique"],"inLanguage":"fr-FR"},{"@type":"WebPage","@id":"https:\/\/resources.workable.com\/fr\/responsable-logistique-descriptif-de-poste","url":"https:\/\/resources.workable.com\/fr\/responsable-logistique-descriptif-de-poste","name":"Mod\u00e8le de fiche de poste de responsable logistique | Workable","isPartOf":{"@id":"https:\/\/resources.workable.com\/fr\/#website"},"primaryImageOfPage":{"@id":"https:\/\/resources.workable.com\/fr\/responsable-logistique-descriptif-de-poste#primaryimage"},"image":{"@id":"https:\/\/resources.workable.com\/fr\/responsable-logistique-descriptif-de-poste#primaryimage"},"thumbnailUrl":"https:\/\/resources.workable.com\/wp-content\/uploads\/2013\/07\/logistics-manager-shutterstock_457810873.jpg","datePublished":"2020-01-08T11:08:15+00:00","dateModified":"2021-04-07T14:50:31+00:00","description":"Le pr\u00e9sent mod\u00e8le de fiche de poste de responsable logistique a \u00e9t\u00e9 optimis\u00e9 \u00e0 des fins de publication sur des sites d'annonces ou des pages d'emploi en ligne, ainsi que pour \u00eatre ais\u00e9ment personnalis\u00e9 en fonction des besoins de votre entreprise.","breadcrumb":{"@id":"https:\/\/resources.workable.com\/fr\/responsable-logistique-descriptif-de-poste#breadcrumb"},"inLanguage":"fr-FR","potentialAction":[{"@type":"ReadAction","target":["https:\/\/resources.workable.com\/fr\/responsable-logistique-descriptif-de-poste"]}]},{"@type":"ImageObject","inLanguage":"fr-FR","@id":"https:\/\/resources.workable.com\/fr\/responsable-logistique-descriptif-de-poste#primaryimage","url":"https:\/\/resources.workable.com\/wp-content\/uploads\/2013\/07\/logistics-manager-shutterstock_457810873.jpg","contentUrl":"https:\/\/resources.workable.com\/wp-content\/uploads\/2013\/07\/logistics-manager-shutterstock_457810873.jpg"},{"@type":"BreadcrumbList","@id":"https:\/\/resources.workable.com\/fr\/responsable-logistique-descriptif-de-poste#breadcrumb","itemListElement":[{"@type":"ListItem","position":1,"name":"Home","item":"https:\/\/resources.workable.com\/fr\/"},{"@type":"ListItem","position":2,"name":"Descriptif de poste: Responsable logistique&nbsp;(f\/h\/autre)"}]},{"@type":"WebSite","@id":"https:\/\/resources.workable.com\/fr\/#website","url":"https:\/\/resources.workable.com\/fr\/","name":"Recruiting Resources: How to Recruit and Hire Better","description":"","publisher":{"@id":"https:\/\/resources.workable.com\/fr\/#organization"},"potentialAction":[{"@type":"SearchAction","target":{"@type":"EntryPoint","urlTemplate":"https:\/\/resources.workable.com\/fr\/?s={search_term_string}"},"query-input":{"@type":"PropertyValueSpecification","valueRequired":true,"valueName":"search_term_string"}}],"inLanguage":"fr-FR"},{"@type":"Organization","@id":"https:\/\/resources.workable.com\/fr\/#organization","name":"Workable","url":"https:\/\/resources.workable.com\/fr\/","logo":{"@type":"ImageObject","inLanguage":"fr-FR","@id":"https:\/\/resources.workable.com\/fr\/#\/schema\/logo\/image\/","url":"https:\/\/resources.workable.com\/wp-content\/uploads\/2017\/12\/logo-green.png","contentUrl":"https:\/\/resources.workable.com\/wp-content\/uploads\/2017\/12\/logo-green.png","width":150,"height":25,"caption":"Workable"},"image":{"@id":"https:\/\/resources.workable.com\/fr\/#\/schema\/logo\/image\/"},"sameAs":["https:\/\/business.facebook.com\/workable\/","https:\/\/x.com\/workable","https:\/\/www.linkedin.com\/company\/workable-hr\/"]},{"@type":"Person","@id":"https:\/\/resources.workable.com\/fr\/#\/schema\/person\/246aec99718ddcb172f71f699e088a88","name":"Eleni Kourmentza","image":{"@type":"ImageObject","inLanguage":"fr-FR","@id":"https:\/\/secure.gravatar.com\/avatar\/9941ca019d8b6c20633797a6b788bfc4b438c79e45a22797c9abfc4bfd997e7d?s=96&d=mm&r=pg","url":"https:\/\/secure.gravatar.com\/avatar\/9941ca019d8b6c20633797a6b788bfc4b438c79e45a22797c9abfc4bfd997e7d?s=96&d=mm&r=pg","contentUrl":"https:\/\/secure.gravatar.com\/avatar\/9941ca019d8b6c20633797a6b788bfc4b438c79e45a22797c9abfc4bfd997e7d?s=96&d=mm&r=pg","caption":"Eleni Kourmentza"},"description":"Eleni Kourmentza, ex-People Ops Manager at Workable, excelled in recruitment, lifecycle management, HR admin, culture nurturing, and employer branding.","sameAs":["http:\/\/workable.com"],"url":"https:\/\/resources.workable.com\/fr\/author\/eleni\/"}]}},"modified_by":"Keith MacKenzie","custom_fields":{"brief":"<p dir=\"ltr\">Nous recherchons un(e) responsable logistique au d\u00e9tail ax\u00e9(e) sur les r\u00e9sultats. Il ou elle sera charg\u00e9(e) de la gestion de l'ensemble du magasin. Les responsabilit\u00e9s du ou de la responsable logistique incluent l'organisation et le suivi du stockage et de la distribution des marchandises.<\/p>\r\nL'objectif est de g\u00e9rer l'ensemble du cycle de commande afin d'am\u00e9liorer le d\u00e9veloppement des activit\u00e9s et d'assurer la durabilit\u00e9 et la satisfaction de la client\u00e8le.","requirements":"<ul>\r\n \t<li>Exp\u00e9rience av\u00e9r\u00e9e en tant que responsable logistique<\/li>\r\n \t<li>Exp\u00e9rience av\u00e9r\u00e9e et r\u00e9ussie en distribution et en gestion logistique<\/li>\r\n \t<li>Capacit\u00e9 d\u00e9montrable \u00e0 diriger et \u00e0 g\u00e9rer le personnel<\/li>\r\n \t<li>Ma\u00eetrise des logiciels de logistique standard<\/li>\r\n \t<li>Excellentes capacit\u00e9s d'analyse, de r\u00e9solution de probl\u00e8mes et d'organisation<\/li>\r\n \t<li>Capacit\u00e9 \u00e0 travailler de mani\u00e8re autonome et \u00e0 g\u00e9rer plusieurs projets<\/li>\r\n \t<li>Licence en administration des affaires, logistique ou cha\u00eene d'approvisionnement<\/li>\r\n<\/ul>","responsibilities":"<ul>\r\n \t<li>Planifier et g\u00e9rer de mani\u00e8re strat\u00e9gique la logistique, l'entreposage, le transport et le service \u00e0 la client\u00e8le<\/li>\r\n \t<li>Diriger, optimiser et coordonner le cycle de commande complet<\/li>\r\n \t<li>Assurer la liaison et n\u00e9gocier avec les fournisseurs, les fabricants, les d\u00e9taillants et les consommateurs<\/li>\r\n \t<li>Assurer le suivi de la qualit\u00e9, de la quantit\u00e9, des niveaux de stock, des d\u00e9lais de livraison, des co\u00fbts de transport et de l'efficacit\u00e9<\/li>\r\n \t<li>Organiser l'entrep\u00f4t, cataloguer les marchandises, planifier les itin\u00e9raires et traiter les envois<\/li>\r\n \t<li>R\u00e9soudre les probl\u00e8mes ou les r\u00e9clamations pouvant survenir<\/li>\r\n \t<li>Superviser, encadrer et former le personnel des entrep\u00f4ts<\/li>\r\n \t<li>Atteindre les objectifs en termes de co\u00fbts, de productivit\u00e9, de pr\u00e9cision et de rapidit\u00e9<\/li>\r\n \t<li>Maintenir les m\u00e9triques et analyser les donn\u00e9es pour \u00e9valuer les performances et mettre en \u0153uvre les am\u00e9liorations<\/li>\r\n \t<li>Se conformer aux lois, aux r\u00e8glements et aux exigences ISO<\/li>\r\n<\/ul>","see_more":"<h2>Ressources additionnelles\u00a0:<\/h2>\r\n<h3>Les intitul\u00e9s de postes similaires incluent\u00a0:<\/h3>\r\n<ul>\r\n \t<li><a href=\"https:\/\/resources.workable.com\/logistics-coordinator-job-description\">Coordonnateur\/coordonnatrice logistique<\/a><\/li>\r\n \t<li><a href=\"https:\/\/resources.workable.com\/materials-manager-job-description\">Gestionnaire des mat\u00e9riaux<\/a><\/li>\r\n \t<li><a href=\"https:\/\/resources.workable.com\/order-picker-job-description\">Pr\u00e9parateur\/pr\u00e9paratrice de commandes<\/a><\/li>\r\n \t<li><a href=\"https:\/\/resources.workable.com\/procurement-manager-job-description\">Gestionnaire de l'approvisionnement<\/a><\/li>\r\n \t<li><a href=\"https:\/\/resources.workable.com\/purchasing-manager-job-description\">Directeur\/trice des achats<\/a><\/li>\r\n \t<li><a href=\"https:\/\/resources.workable.com\/shipping-manager-job-description\">Responsable exp\u00e9ditions<\/a><\/li>\r\n \t<li><a href=\"https:\/\/resources.workable.com\/supply-chain-analyst-job-description\">Analyste de la cha\u00eene d'approvisionnement<\/a><\/li>\r\n \t<li><a href=\"https:\/\/resources.workable.com\/transportation-manager-job-description\">Directeur\/trice de transport<\/a><\/li>\r\n<\/ul>"},"_links":{"self":[{"href":"https:\/\/resources.workable.com\/fr\/wp-json\/wp\/v2\/posts\/50666","targetHints":{"allow":["GET"]}}],"collection":[{"href":"https:\/\/resources.workable.com\/fr\/wp-json\/wp\/v2\/posts"}],"about":[{"href":"https:\/\/resources.workable.com\/fr\/wp-json\/wp\/v2\/types\/post"}],"author":[{"embeddable":true,"href":"https:\/\/resources.workable.com\/fr\/wp-json\/wp\/v2\/users\/7"}],"replies":[{"embeddable":true,"href":"https:\/\/resources.workable.com\/fr\/wp-json\/wp\/v2\/comments?post=50666"}],"version-history":[{"count":0,"href":"https:\/\/resources.workable.com\/fr\/wp-json\/wp\/v2\/posts\/50666\/revisions"}],"wp:attachment":[{"href":"https:\/\/resources.workable.com\/fr\/wp-json\/wp\/v2\/media?parent=50666"}],"wp:term":[{"taxonomy":"category","embeddable":true,"href":"https:\/\/resources.workable.com\/fr\/wp-json\/wp\/v2\/categories?post=50666"},{"taxonomy":"post_tag","embeddable":true,"href":"https:\/\/resources.workable.com\/fr\/wp-json\/wp\/v2\/tags?post=50666"}],"curies":[{"name":"wp","href":"https:\/\/api.w.org\/{rel}","templated":true}]}}