{"id":50356,"date":"2020-01-08T11:08:01","date_gmt":"2020-01-08T11:08:01","guid":{"rendered":"https:\/\/resources.workable.com\/?p=50356"},"modified":"2020-02-06T13:15:24","modified_gmt":"2020-02-06T13:15:24","slug":"descriptif-de-poste-responsable-diversite-et-inclusion-f-h-autre","status":"publish","type":"post","link":"https:\/\/resources.workable.com\/fr\/responsable-diversite-et-inclusion-descriptif-de-poste","title":{"rendered":"Descriptif de poste: Responsable diversit\u00e9 et inclusion&nbsp;(f\/h\/autre)"},"content":{"rendered":"<p>Utilisez ce mod\u00e8le de descriptif de poste de Responsable diversit\u00e9 et inclusion pour attirer et embaucher des professionnels RH qualifi\u00e9s.<\/p>\n<h2>Le\/la responsable diversit\u00e9 et inclusion est notamment en charge de:<\/h2>\n<ul>\n<li>Concevoir des politiques d&rsquo;entreprise qui renforcent la diversit\u00e9 sur le lieu de travail, luttent contre tous les types de harc\u00e8lement et prot\u00e8gent les minorit\u00e9s et les femmes<\/li>\n<li>Former les responsables de l&#8217;embauche et le personnel RH \u00e0 la mani\u00e8re de choisir, diriger, \u00e9valuer et conserver des employ\u00e9s aux caract\u00e9ristiques diverses<\/li>\n<li>R\u00e9viser et mettre \u00e0 jour nos descriptions de poste pour assurer que n&rsquo;utilisons pas de langage discriminatoire<\/li>\n<\/ul>\n<p><img loading=\"lazy\" decoding=\"async\" class=\"size-full wp-image-30907 alignnone\" src=\"https:\/\/resources.workable.com\/wp-content\/uploads\/2018\/03\/shutterstock_708284185.jpg\" alt=\"Descriptif de poste de Responsable diversit\u00e9 et inclusion\" width=\"640\" height=\"230\" srcset=\"https:\/\/resources.workable.com\/wp-content\/uploads\/2018\/03\/shutterstock_708284185.jpg 640w, https:\/\/resources.workable.com\/wp-content\/uploads\/2018\/03\/shutterstock_708284185-200x72.jpg 200w, https:\/\/resources.workable.com\/wp-content\/uploads\/2018\/03\/shutterstock_708284185-560x201.jpg 560w\" sizes=\"auto, (max-width: 640px) 100vw, 640px\" \/><\/p>\n","protected":false},"excerpt":{"rendered":"<p>Utilisez ce mod\u00e8le de descriptif de poste de Responsable diversit\u00e9 et inclusion pour attirer et embaucher des professionnels RH qualifi\u00e9s. Le\/la responsable diversit\u00e9 et inclusion est notamment en charge de: Concevoir des politiques d&rsquo;entreprise qui renforcent la diversit\u00e9 sur le lieu de travail, luttent contre tous les types de harc\u00e8lement et prot\u00e8gent les minorit\u00e9s et [&hellip;]<\/p>\n","protected":false},"author":41,"featured_media":0,"comment_status":"closed","ping_status":"closed","sticky":false,"template":"","format":"standard","meta":{"_acf_changed":false,"_lmt_disableupdate":"no","_lmt_disable":"","_has_post_settings":[],"footnotes":""},"categories":[1041,1283],"tags":[],"class_list":["post-50356","post","type-post","status-publish","format-standard","hentry","category-descriptifs-de-postes","category-descriptifs-de-postes-dans-les-ressources-humaines-rh"],"acf":[],"yoast_head":"<!-- This site is optimized with the Yoast SEO Premium plugin v27.4 (Yoast SEO v27.4) - https:\/\/yoast.com\/product\/yoast-seo-premium-wordpress\/ -->\n<title>Mod\u00e8le de descriptif de poste de Responsable diversit\u00e9 et inclusion | Workable<\/title>\n<meta name=\"description\" content=\"Utilisez ce mod\u00e8le de descriptif de poste de Responsable diversit\u00e9 et inclusion pour attirer et embaucher des professionnels RH qualifi\u00e9s.\" \/>\n<meta name=\"robots\" content=\"index, follow, max-snippet:-1, max-image-preview:large, max-video-preview:-1\" \/>\n<link rel=\"canonical\" href=\"https:\/\/resources.workable.com\/fr\/responsable-diversite-et-inclusion-descriptif-de-poste\/\" \/>\n<meta property=\"og:locale\" content=\"fr_FR\" \/>\n<meta property=\"og:type\" content=\"article\" \/>\n<meta property=\"og:title\" content=\"Descriptif de poste: Responsable diversit\u00e9 et inclusion (f\/h\/autre)\" \/>\n<meta property=\"og:description\" content=\"Utilisez ce mod\u00e8le de descriptif de poste de Responsable diversit\u00e9 et inclusion pour attirer et embaucher des professionnels RH qualifi\u00e9s.\" \/>\n<meta property=\"og:url\" content=\"https:\/\/resources.workable.com\/fr\/responsable-diversite-et-inclusion-descriptif-de-poste\" \/>\n<meta property=\"og:site_name\" content=\"Recruiting Resources: How to Recruit and Hire Better\" \/>\n<meta property=\"article:publisher\" content=\"https:\/\/business.facebook.com\/workable\/\" \/>\n<meta property=\"article:published_time\" content=\"2020-01-08T11:08:01+00:00\" \/>\n<meta property=\"article:modified_time\" content=\"2020-02-06T13:15:24+00:00\" \/>\n<meta property=\"og:image\" content=\"https:\/\/resources.workable.com\/wp-content\/uploads\/2018\/03\/shutterstock_708284185.jpg\" \/>\n<meta name=\"author\" content=\"Christina Pavlou\" \/>\n<meta name=\"twitter:card\" content=\"summary_large_image\" \/>\n<meta name=\"twitter:creator\" content=\"@workable\" \/>\n<meta name=\"twitter:site\" content=\"@workable\" \/>\n<meta name=\"twitter:label1\" content=\"\u00c9crit par\" \/>\n\t<meta name=\"twitter:data1\" content=\"Christina Pavlou\" \/>\n\t<meta name=\"twitter:label2\" content=\"Dur\u00e9e de lecture estim\u00e9e\" \/>\n\t<meta name=\"twitter:data2\" content=\"1 minute\" \/>\n<script type=\"application\/ld+json\" class=\"yoast-schema-graph\">{\"@context\":\"https:\\\/\\\/schema.org\",\"@graph\":[{\"@type\":\"Article\",\"@id\":\"https:\\\/\\\/resources.workable.com\\\/fr\\\/responsable-diversite-et-inclusion-descriptif-de-poste#article\",\"isPartOf\":{\"@id\":\"https:\\\/\\\/resources.workable.com\\\/fr\\\/responsable-diversite-et-inclusion-descriptif-de-poste\"},\"author\":{\"name\":\"Christina Pavlou\",\"@id\":\"https:\\\/\\\/resources.workable.com\\\/fr\\\/#\\\/schema\\\/person\\\/b23289d8d63331621eee9e69103cd603\"},\"headline\":\"Descriptif de poste: Responsable diversit\u00e9 et inclusion&nbsp;(f\\\/h\\\/autre)\",\"datePublished\":\"2020-01-08T11:08:01+00:00\",\"dateModified\":\"2020-02-06T13:15:24+00:00\",\"mainEntityOfPage\":{\"@id\":\"https:\\\/\\\/resources.workable.com\\\/fr\\\/responsable-diversite-et-inclusion-descriptif-de-poste\"},\"wordCount\":118,\"publisher\":{\"@id\":\"https:\\\/\\\/resources.workable.com\\\/fr\\\/#organization\"},\"image\":{\"@id\":\"https:\\\/\\\/resources.workable.com\\\/fr\\\/responsable-diversite-et-inclusion-descriptif-de-poste#primaryimage\"},\"thumbnailUrl\":\"https:\\\/\\\/resources.workable.com\\\/wp-content\\\/uploads\\\/2018\\\/03\\\/shutterstock_708284185.jpg\",\"articleSection\":[\"Descriptifs de postes\",\"Descriptifs de postes dans les Ressources humaines (RH)\"],\"inLanguage\":\"fr-FR\"},{\"@type\":\"WebPage\",\"@id\":\"https:\\\/\\\/resources.workable.com\\\/fr\\\/responsable-diversite-et-inclusion-descriptif-de-poste\",\"url\":\"https:\\\/\\\/resources.workable.com\\\/fr\\\/responsable-diversite-et-inclusion-descriptif-de-poste\",\"name\":\"Mod\u00e8le de descriptif de poste de Responsable diversit\u00e9 et inclusion | Workable\",\"isPartOf\":{\"@id\":\"https:\\\/\\\/resources.workable.com\\\/fr\\\/#website\"},\"primaryImageOfPage\":{\"@id\":\"https:\\\/\\\/resources.workable.com\\\/fr\\\/responsable-diversite-et-inclusion-descriptif-de-poste#primaryimage\"},\"image\":{\"@id\":\"https:\\\/\\\/resources.workable.com\\\/fr\\\/responsable-diversite-et-inclusion-descriptif-de-poste#primaryimage\"},\"thumbnailUrl\":\"https:\\\/\\\/resources.workable.com\\\/wp-content\\\/uploads\\\/2018\\\/03\\\/shutterstock_708284185.jpg\",\"datePublished\":\"2020-01-08T11:08:01+00:00\",\"dateModified\":\"2020-02-06T13:15:24+00:00\",\"description\":\"Utilisez ce mod\u00e8le de descriptif de poste de Responsable diversit\u00e9 et inclusion pour attirer et embaucher des professionnels RH qualifi\u00e9s.\",\"breadcrumb\":{\"@id\":\"https:\\\/\\\/resources.workable.com\\\/fr\\\/responsable-diversite-et-inclusion-descriptif-de-poste#breadcrumb\"},\"inLanguage\":\"fr-FR\",\"potentialAction\":[{\"@type\":\"ReadAction\",\"target\":[\"https:\\\/\\\/resources.workable.com\\\/fr\\\/responsable-diversite-et-inclusion-descriptif-de-poste\"]}]},{\"@type\":\"ImageObject\",\"inLanguage\":\"fr-FR\",\"@id\":\"https:\\\/\\\/resources.workable.com\\\/fr\\\/responsable-diversite-et-inclusion-descriptif-de-poste#primaryimage\",\"url\":\"https:\\\/\\\/resources.workable.com\\\/wp-content\\\/uploads\\\/2018\\\/03\\\/shutterstock_708284185.jpg\",\"contentUrl\":\"https:\\\/\\\/resources.workable.com\\\/wp-content\\\/uploads\\\/2018\\\/03\\\/shutterstock_708284185.jpg\"},{\"@type\":\"BreadcrumbList\",\"@id\":\"https:\\\/\\\/resources.workable.com\\\/fr\\\/responsable-diversite-et-inclusion-descriptif-de-poste#breadcrumb\",\"itemListElement\":[{\"@type\":\"ListItem\",\"position\":1,\"name\":\"Home\",\"item\":\"https:\\\/\\\/resources.workable.com\\\/fr\\\/\"},{\"@type\":\"ListItem\",\"position\":2,\"name\":\"Descriptif de poste: Responsable diversit\u00e9 et inclusion&nbsp;(f\\\/h\\\/autre)\"}]},{\"@type\":\"WebSite\",\"@id\":\"https:\\\/\\\/resources.workable.com\\\/fr\\\/#website\",\"url\":\"https:\\\/\\\/resources.workable.com\\\/fr\\\/\",\"name\":\"Recruiting Resources: How to Recruit and Hire Better\",\"description\":\"\",\"publisher\":{\"@id\":\"https:\\\/\\\/resources.workable.com\\\/fr\\\/#organization\"},\"potentialAction\":[{\"@type\":\"SearchAction\",\"target\":{\"@type\":\"EntryPoint\",\"urlTemplate\":\"https:\\\/\\\/resources.workable.com\\\/fr\\\/?s={search_term_string}\"},\"query-input\":{\"@type\":\"PropertyValueSpecification\",\"valueRequired\":true,\"valueName\":\"search_term_string\"}}],\"inLanguage\":\"fr-FR\"},{\"@type\":\"Organization\",\"@id\":\"https:\\\/\\\/resources.workable.com\\\/fr\\\/#organization\",\"name\":\"Workable\",\"url\":\"https:\\\/\\\/resources.workable.com\\\/fr\\\/\",\"logo\":{\"@type\":\"ImageObject\",\"inLanguage\":\"fr-FR\",\"@id\":\"https:\\\/\\\/resources.workable.com\\\/fr\\\/#\\\/schema\\\/logo\\\/image\\\/\",\"url\":\"https:\\\/\\\/resources.workable.com\\\/wp-content\\\/uploads\\\/2017\\\/12\\\/logo-green.png\",\"contentUrl\":\"https:\\\/\\\/resources.workable.com\\\/wp-content\\\/uploads\\\/2017\\\/12\\\/logo-green.png\",\"width\":150,\"height\":25,\"caption\":\"Workable\"},\"image\":{\"@id\":\"https:\\\/\\\/resources.workable.com\\\/fr\\\/#\\\/schema\\\/logo\\\/image\\\/\"},\"sameAs\":[\"https:\\\/\\\/business.facebook.com\\\/workable\\\/\",\"https:\\\/\\\/x.com\\\/workable\",\"https:\\\/\\\/www.linkedin.com\\\/company\\\/workable-hr\\\/\"]},{\"@type\":\"Person\",\"@id\":\"https:\\\/\\\/resources.workable.com\\\/fr\\\/#\\\/schema\\\/person\\\/b23289d8d63331621eee9e69103cd603\",\"name\":\"Christina Pavlou\",\"image\":{\"@type\":\"ImageObject\",\"inLanguage\":\"fr-FR\",\"@id\":\"https:\\\/\\\/secure.gravatar.com\\\/avatar\\\/9ed48272d268bb7071cf243f8d2dcaeaa1f26feca5ecd3fbed59e0378447bc49?s=96&d=mm&r=pg\",\"url\":\"https:\\\/\\\/secure.gravatar.com\\\/avatar\\\/9ed48272d268bb7071cf243f8d2dcaeaa1f26feca5ecd3fbed59e0378447bc49?s=96&d=mm&r=pg\",\"contentUrl\":\"https:\\\/\\\/secure.gravatar.com\\\/avatar\\\/9ed48272d268bb7071cf243f8d2dcaeaa1f26feca5ecd3fbed59e0378447bc49?s=96&d=mm&r=pg\",\"caption\":\"Christina Pavlou\"},\"description\":\"Christina Pavlou was a writer at Workable for nearly four years, and previously a recruiter. She writes about diversity in the workplace and reports on the shape of things to come. You can find her on LinkedIn and Twitter.\",\"url\":\"https:\\\/\\\/resources.workable.com\\\/fr\\\/author\\\/christina\\\/\"}]}<\/script>\n<!-- \/ Yoast SEO Premium plugin. -->","yoast_head_json":{"title":"Mod\u00e8le de descriptif de poste de Responsable diversit\u00e9 et inclusion | Workable","description":"Utilisez ce mod\u00e8le de descriptif de poste de Responsable diversit\u00e9 et inclusion pour attirer et embaucher des professionnels RH qualifi\u00e9s.","robots":{"index":"index","follow":"follow","max-snippet":"max-snippet:-1","max-image-preview":"max-image-preview:large","max-video-preview":"max-video-preview:-1"},"canonical":"https:\/\/resources.workable.com\/fr\/responsable-diversite-et-inclusion-descriptif-de-poste\/","og_locale":"fr_FR","og_type":"article","og_title":"Descriptif de poste: Responsable diversit\u00e9 et inclusion (f\/h\/autre)","og_description":"Utilisez ce mod\u00e8le de descriptif de poste de Responsable diversit\u00e9 et inclusion pour attirer et embaucher des professionnels RH qualifi\u00e9s.","og_url":"https:\/\/resources.workable.com\/fr\/responsable-diversite-et-inclusion-descriptif-de-poste","og_site_name":"Recruiting Resources: How to Recruit and Hire Better","article_publisher":"https:\/\/business.facebook.com\/workable\/","article_published_time":"2020-01-08T11:08:01+00:00","article_modified_time":"2020-02-06T13:15:24+00:00","og_image":[{"url":"https:\/\/resources.workable.com\/wp-content\/uploads\/2018\/03\/shutterstock_708284185.jpg","type":"","width":"","height":""}],"author":"Christina Pavlou","twitter_card":"summary_large_image","twitter_creator":"@workable","twitter_site":"@workable","twitter_misc":{"\u00c9crit par":"Christina Pavlou","Dur\u00e9e de lecture estim\u00e9e":"1 minute"},"schema":{"@context":"https:\/\/schema.org","@graph":[{"@type":"Article","@id":"https:\/\/resources.workable.com\/fr\/responsable-diversite-et-inclusion-descriptif-de-poste#article","isPartOf":{"@id":"https:\/\/resources.workable.com\/fr\/responsable-diversite-et-inclusion-descriptif-de-poste"},"author":{"name":"Christina Pavlou","@id":"https:\/\/resources.workable.com\/fr\/#\/schema\/person\/b23289d8d63331621eee9e69103cd603"},"headline":"Descriptif de poste: Responsable diversit\u00e9 et inclusion&nbsp;(f\/h\/autre)","datePublished":"2020-01-08T11:08:01+00:00","dateModified":"2020-02-06T13:15:24+00:00","mainEntityOfPage":{"@id":"https:\/\/resources.workable.com\/fr\/responsable-diversite-et-inclusion-descriptif-de-poste"},"wordCount":118,"publisher":{"@id":"https:\/\/resources.workable.com\/fr\/#organization"},"image":{"@id":"https:\/\/resources.workable.com\/fr\/responsable-diversite-et-inclusion-descriptif-de-poste#primaryimage"},"thumbnailUrl":"https:\/\/resources.workable.com\/wp-content\/uploads\/2018\/03\/shutterstock_708284185.jpg","articleSection":["Descriptifs de postes","Descriptifs de postes dans les Ressources humaines (RH)"],"inLanguage":"fr-FR"},{"@type":"WebPage","@id":"https:\/\/resources.workable.com\/fr\/responsable-diversite-et-inclusion-descriptif-de-poste","url":"https:\/\/resources.workable.com\/fr\/responsable-diversite-et-inclusion-descriptif-de-poste","name":"Mod\u00e8le de descriptif de poste de Responsable diversit\u00e9 et inclusion | Workable","isPartOf":{"@id":"https:\/\/resources.workable.com\/fr\/#website"},"primaryImageOfPage":{"@id":"https:\/\/resources.workable.com\/fr\/responsable-diversite-et-inclusion-descriptif-de-poste#primaryimage"},"image":{"@id":"https:\/\/resources.workable.com\/fr\/responsable-diversite-et-inclusion-descriptif-de-poste#primaryimage"},"thumbnailUrl":"https:\/\/resources.workable.com\/wp-content\/uploads\/2018\/03\/shutterstock_708284185.jpg","datePublished":"2020-01-08T11:08:01+00:00","dateModified":"2020-02-06T13:15:24+00:00","description":"Utilisez ce mod\u00e8le de descriptif de poste de Responsable diversit\u00e9 et inclusion pour attirer et embaucher des professionnels RH qualifi\u00e9s.","breadcrumb":{"@id":"https:\/\/resources.workable.com\/fr\/responsable-diversite-et-inclusion-descriptif-de-poste#breadcrumb"},"inLanguage":"fr-FR","potentialAction":[{"@type":"ReadAction","target":["https:\/\/resources.workable.com\/fr\/responsable-diversite-et-inclusion-descriptif-de-poste"]}]},{"@type":"ImageObject","inLanguage":"fr-FR","@id":"https:\/\/resources.workable.com\/fr\/responsable-diversite-et-inclusion-descriptif-de-poste#primaryimage","url":"https:\/\/resources.workable.com\/wp-content\/uploads\/2018\/03\/shutterstock_708284185.jpg","contentUrl":"https:\/\/resources.workable.com\/wp-content\/uploads\/2018\/03\/shutterstock_708284185.jpg"},{"@type":"BreadcrumbList","@id":"https:\/\/resources.workable.com\/fr\/responsable-diversite-et-inclusion-descriptif-de-poste#breadcrumb","itemListElement":[{"@type":"ListItem","position":1,"name":"Home","item":"https:\/\/resources.workable.com\/fr\/"},{"@type":"ListItem","position":2,"name":"Descriptif de poste: Responsable diversit\u00e9 et inclusion&nbsp;(f\/h\/autre)"}]},{"@type":"WebSite","@id":"https:\/\/resources.workable.com\/fr\/#website","url":"https:\/\/resources.workable.com\/fr\/","name":"Recruiting Resources: How to Recruit and Hire Better","description":"","publisher":{"@id":"https:\/\/resources.workable.com\/fr\/#organization"},"potentialAction":[{"@type":"SearchAction","target":{"@type":"EntryPoint","urlTemplate":"https:\/\/resources.workable.com\/fr\/?s={search_term_string}"},"query-input":{"@type":"PropertyValueSpecification","valueRequired":true,"valueName":"search_term_string"}}],"inLanguage":"fr-FR"},{"@type":"Organization","@id":"https:\/\/resources.workable.com\/fr\/#organization","name":"Workable","url":"https:\/\/resources.workable.com\/fr\/","logo":{"@type":"ImageObject","inLanguage":"fr-FR","@id":"https:\/\/resources.workable.com\/fr\/#\/schema\/logo\/image\/","url":"https:\/\/resources.workable.com\/wp-content\/uploads\/2017\/12\/logo-green.png","contentUrl":"https:\/\/resources.workable.com\/wp-content\/uploads\/2017\/12\/logo-green.png","width":150,"height":25,"caption":"Workable"},"image":{"@id":"https:\/\/resources.workable.com\/fr\/#\/schema\/logo\/image\/"},"sameAs":["https:\/\/business.facebook.com\/workable\/","https:\/\/x.com\/workable","https:\/\/www.linkedin.com\/company\/workable-hr\/"]},{"@type":"Person","@id":"https:\/\/resources.workable.com\/fr\/#\/schema\/person\/b23289d8d63331621eee9e69103cd603","name":"Christina Pavlou","image":{"@type":"ImageObject","inLanguage":"fr-FR","@id":"https:\/\/secure.gravatar.com\/avatar\/9ed48272d268bb7071cf243f8d2dcaeaa1f26feca5ecd3fbed59e0378447bc49?s=96&d=mm&r=pg","url":"https:\/\/secure.gravatar.com\/avatar\/9ed48272d268bb7071cf243f8d2dcaeaa1f26feca5ecd3fbed59e0378447bc49?s=96&d=mm&r=pg","contentUrl":"https:\/\/secure.gravatar.com\/avatar\/9ed48272d268bb7071cf243f8d2dcaeaa1f26feca5ecd3fbed59e0378447bc49?s=96&d=mm&r=pg","caption":"Christina Pavlou"},"description":"Christina Pavlou was a writer at Workable for nearly four years, and previously a recruiter. She writes about diversity in the workplace and reports on the shape of things to come. You can find her on LinkedIn and Twitter.","url":"https:\/\/resources.workable.com\/fr\/author\/christina\/"}]}},"modified_by":null,"custom_fields":{"brief":"Nous recherchons un(e) Responsable diversit\u00e9 et inclusion pour cultiver un environnement inclusif et favorable \u00e0 la diversit\u00e9 pour tous les employ\u00e9s.\r\n\r\nLe\/la Responsable diversit\u00e9 et inclusion est notamment en charge d'\u00e9laborer des politiques d'entreprise \u00e9quitables, de mettre en \u0153uvre des programmes d'inclusion et d'appliquer des m\u00e9thodes de recrutement objectif. Pour r\u00e9ussir \u00e0 ce poste, vous devrez avoir une exp\u00e9rience dans les RH et une bonne connaissance de la l\u00e9gislation en mati\u00e8re de droits de l'homme.\r\n\r\nPour r\u00e9sumer, vous vous assurerez que nous offrions des opportunit\u00e9s \u00e9gales \u00e0 tous les candidats et employ\u00e9s, quelles que soient leurs caract\u00e9ristiques prot\u00e9g\u00e9es par la loi.","requirements":"<ul>\r\n \t<li>Exp\u00e9rience professionnelle en tant que <a href=\"https:\/\/resources.workable.com\/hr-manager-job-description\" target=\"_blank\" rel=\"noopener\">responsable RH<\/a>, <a href=\"https:\/\/resources.workable.com\/hr-consultant-job-description\" target=\"_blank\" rel=\"noopener\">Consultant(e) RH<\/a> ou \u00e0 un poste similaire<\/li>\r\n \t<li>Exp\u00e9rience pratique de la conception de politiques d'entreprise, par exemple politique <a href=\"https:\/\/resources.workable.com\/hr-manager-job-description\" target=\"_blank\" rel=\"noopener\">anti-discrimination<\/a> et <a href=\"https:\/\/resources.workable.com\/equal-opportunity-company-policy\" target=\"_blank\" rel=\"noopener\">employeur favorisant l'\u00e9galit\u00e9 des chances<\/a><\/li>\r\n \t<li>Bonne connaissance du Droit du travail et de la l\u00e9gislation en mati\u00e8re de droits de l'homme<\/li>\r\n \t<li>La participation \u00e0 des s\u00e9minaires concernant la diversit\u00e9 sur le lieu de travail est un plus<\/li>\r\n \t<li>Excellent sens de la communication<\/li>\r\n \t<li>Comp\u00e9tences en mati\u00e8re de direction<\/li>\r\n \t<li>Licence en ressources humaines, psychologie du travail ou dans un autre domaine pertinent<\/li>\r\n<\/ul>","responsibilities":"<ul>\r\n \t<li>Concevoir des politiques d'entreprise qui renforcent la diversit\u00e9 sur le lieu de travail, luttent contre tous les types de harc\u00e8lement et prot\u00e8gent les minorit\u00e9s et les femmes<\/li>\r\n \t<li>Former les responsables de l'embauche et le personnel RH \u00e0 la mani\u00e8re de choisir, diriger, \u00e9valuer et conserver des employ\u00e9s aux caract\u00e9ristiques diverses<\/li>\r\n \t<li>Revoir et mettre \u00e0 jour toutes les communications sur notre site Internet, nos pages de r\u00e9seaux sociaux et nos documents internes pour s'assurer que nous n'utilisons pas de termes discriminatoires<\/li>\r\n \t<li>Revoir nos crit\u00e8res de s\u00e9lection pour v\u00e9rifier qu'ils sont objectifs et strictement li\u00e9s au poste<\/li>\r\n \t<li>Recommander des ensembles d'avantages des salari\u00e9s qui correspondent aux besoins de tous les employ\u00e9s<\/li>\r\n \t<li>Mesurer et pr\u00e9voir les chiffres de la diversit\u00e9<\/li>\r\n \t<li>Agir en tant que consultant(e) pour les groupes sous-repr\u00e9sent\u00e9s et s'assurer que toutes les voix soient entendues<\/li>\r\n \t<li>Organiser des formations pour renforcer les comp\u00e9tences en communication et l'esprit d'\u00e9quipe des employ\u00e9s<\/li>\r\n \t<li>Repr\u00e9senter notre entreprise dans diff\u00e9rentes manifestations (type salon de l'emploi)<\/li>\r\n \t<li>Assurer la conformit\u00e9 avec les r\u00e9glementations nationales concernant la diversit\u00e9 et l'\u00e9quit\u00e9<\/li>\r\n<\/ul>","see_more":""},"_links":{"self":[{"href":"https:\/\/resources.workable.com\/fr\/wp-json\/wp\/v2\/posts\/50356","targetHints":{"allow":["GET"]}}],"collection":[{"href":"https:\/\/resources.workable.com\/fr\/wp-json\/wp\/v2\/posts"}],"about":[{"href":"https:\/\/resources.workable.com\/fr\/wp-json\/wp\/v2\/types\/post"}],"author":[{"embeddable":true,"href":"https:\/\/resources.workable.com\/fr\/wp-json\/wp\/v2\/users\/41"}],"replies":[{"embeddable":true,"href":"https:\/\/resources.workable.com\/fr\/wp-json\/wp\/v2\/comments?post=50356"}],"version-history":[{"count":0,"href":"https:\/\/resources.workable.com\/fr\/wp-json\/wp\/v2\/posts\/50356\/revisions"}],"wp:attachment":[{"href":"https:\/\/resources.workable.com\/fr\/wp-json\/wp\/v2\/media?parent=50356"}],"wp:term":[{"taxonomy":"category","embeddable":true,"href":"https:\/\/resources.workable.com\/fr\/wp-json\/wp\/v2\/categories?post=50356"},{"taxonomy":"post_tag","embeddable":true,"href":"https:\/\/resources.workable.com\/fr\/wp-json\/wp\/v2\/tags?post=50356"}],"curies":[{"name":"wp","href":"https:\/\/api.w.org\/{rel}","templated":true}]}}