{"id":50155,"date":"2020-01-08T11:07:56","date_gmt":"2020-01-08T11:07:56","guid":{"rendered":"https:\/\/resources.workable.com\/?p=50155"},"modified":"2020-02-06T13:15:51","modified_gmt":"2020-02-06T13:15:51","slug":"descriptif-de-poste-gestionnaire-dintegration-rh-f-h-autre","status":"publish","type":"post","link":"https:\/\/resources.workable.com\/fr\/gestionnaire-d-integration-rh-descriptif-de-poste","title":{"rendered":"Descriptif de poste: Gestionnaire d&rsquo;int\u00e9gration RH&nbsp;(f\/h\/autre)"},"content":{"rendered":"<p>Vous pouvez utiliser ce descriptif de poste de Gestionnaire d&rsquo;int\u00e9gration RH pour recruter des professionnels des RH. Personnalisez ce mod\u00e8le en incluant les missions de votre poste.<\/p>\n<h2>Le\/la Gestionnaire d&rsquo;int\u00e9gration RH est notamment en charge de:<\/h2>\n<ul>\n<li>Organiser les programmes d&rsquo;orientation (premier jour, premi\u00e8re semaine, premier mois et premier trimestre)<\/li>\n<li>Servir de conseiller aux nouveaux employ\u00e9s<\/li>\n<li>Cr\u00e9er et mettre \u00e0 jour notre manuel de l&#8217;employ\u00e9<\/li>\n<\/ul>\n<p><img loading=\"lazy\" decoding=\"async\" class=\"size-full wp-image-22669 alignnone\" src=\"https:\/\/resources.workable.com\/wp-content\/uploads\/2017\/08\/shutterstock_477919507.jpg\" alt=\"Descriptif de poste de Gestionnaire d'int\u00e9gration RH\" width=\"640\" height=\"230\" srcset=\"https:\/\/resources.workable.com\/wp-content\/uploads\/2017\/08\/shutterstock_477919507.jpg 640w, https:\/\/resources.workable.com\/wp-content\/uploads\/2017\/08\/shutterstock_477919507-200x72.jpg 200w, https:\/\/resources.workable.com\/wp-content\/uploads\/2017\/08\/shutterstock_477919507-560x201.jpg 560w\" sizes=\"auto, (max-width: 640px) 100vw, 640px\" \/><\/p>\n","protected":false},"excerpt":{"rendered":"<p>Vous pouvez utiliser ce descriptif de poste de Gestionnaire d&rsquo;int\u00e9gration RH pour recruter des professionnels des RH. Personnalisez ce mod\u00e8le en incluant les missions de votre poste. Le\/la Gestionnaire d&rsquo;int\u00e9gration RH est notamment en charge de: Organiser les programmes d&rsquo;orientation (premier jour, premi\u00e8re semaine, premier mois et premier trimestre) Servir de conseiller aux nouveaux employ\u00e9s [&hellip;]<\/p>\n","protected":false},"author":41,"featured_media":0,"comment_status":"closed","ping_status":"closed","sticky":false,"template":"","format":"standard","meta":{"_acf_changed":false,"_lmt_disableupdate":"no","_lmt_disable":"","_has_post_settings":[],"footnotes":""},"categories":[1041,1283],"tags":[],"class_list":["post-50155","post","type-post","status-publish","format-standard","hentry","category-descriptifs-de-postes","category-descriptifs-de-postes-dans-les-ressources-humaines-rh"],"acf":[],"yoast_head":"<!-- This site is optimized with the Yoast SEO Premium plugin v27.4 (Yoast SEO v27.4) - https:\/\/yoast.com\/product\/yoast-seo-premium-wordpress\/ -->\n<title>Mod\u00e8le de descriptif de poste de Gestionnaire d&#039;int\u00e9gration RH | Workable<\/title>\n<meta name=\"description\" content=\"Vous pouvez utiliser ce descriptif de poste de Gestionnaire d&#039;int\u00e9gration RH pour recruter des professionnels des RH. Personnalisez ce mod\u00e8le en incluant les missions de votre poste.\" \/>\n<meta name=\"robots\" content=\"index, follow, max-snippet:-1, max-image-preview:large, max-video-preview:-1\" \/>\n<link rel=\"canonical\" href=\"https:\/\/resources.workable.com\/fr\/gestionnaire-d-integration-rh-descriptif-de-poste\/\" \/>\n<meta property=\"og:locale\" content=\"fr_FR\" \/>\n<meta property=\"og:type\" content=\"article\" \/>\n<meta property=\"og:title\" content=\"Descriptif de poste: Gestionnaire d&#039;int\u00e9gration RH (f\/h\/autre)\" \/>\n<meta property=\"og:description\" content=\"Vous pouvez utiliser ce descriptif de poste de Gestionnaire d&#039;int\u00e9gration RH pour recruter des professionnels des RH. Personnalisez ce mod\u00e8le en incluant les missions de votre poste.\" \/>\n<meta property=\"og:url\" content=\"https:\/\/resources.workable.com\/fr\/gestionnaire-d-integration-rh-descriptif-de-poste\" \/>\n<meta property=\"og:site_name\" content=\"Recruiting Resources: How to Recruit and Hire Better\" \/>\n<meta property=\"article:publisher\" content=\"https:\/\/business.facebook.com\/workable\/\" \/>\n<meta property=\"article:published_time\" content=\"2020-01-08T11:07:56+00:00\" \/>\n<meta property=\"article:modified_time\" content=\"2020-02-06T13:15:51+00:00\" \/>\n<meta property=\"og:image\" content=\"https:\/\/resources.workable.com\/wp-content\/uploads\/2017\/08\/shutterstock_477919507.jpg\" \/>\n<meta name=\"author\" content=\"Christina Pavlou\" \/>\n<meta name=\"twitter:card\" content=\"summary_large_image\" \/>\n<meta name=\"twitter:creator\" content=\"@workable\" \/>\n<meta name=\"twitter:site\" content=\"@workable\" \/>\n<meta name=\"twitter:label1\" content=\"\u00c9crit par\" \/>\n\t<meta name=\"twitter:data1\" content=\"Christina Pavlou\" \/>\n<script type=\"application\/ld+json\" class=\"yoast-schema-graph\">{\"@context\":\"https:\\\/\\\/schema.org\",\"@graph\":[{\"@type\":\"Article\",\"@id\":\"https:\\\/\\\/resources.workable.com\\\/fr\\\/gestionnaire-d-integration-rh-descriptif-de-poste#article\",\"isPartOf\":{\"@id\":\"https:\\\/\\\/resources.workable.com\\\/fr\\\/gestionnaire-d-integration-rh-descriptif-de-poste\"},\"author\":{\"name\":\"Christina Pavlou\",\"@id\":\"https:\\\/\\\/resources.workable.com\\\/fr\\\/#\\\/schema\\\/person\\\/b23289d8d63331621eee9e69103cd603\"},\"headline\":\"Descriptif de poste: Gestionnaire d&rsquo;int\u00e9gration RH&nbsp;(f\\\/h\\\/autre)\",\"datePublished\":\"2020-01-08T11:07:56+00:00\",\"dateModified\":\"2020-02-06T13:15:51+00:00\",\"mainEntityOfPage\":{\"@id\":\"https:\\\/\\\/resources.workable.com\\\/fr\\\/gestionnaire-d-integration-rh-descriptif-de-poste\"},\"wordCount\":85,\"publisher\":{\"@id\":\"https:\\\/\\\/resources.workable.com\\\/fr\\\/#organization\"},\"image\":{\"@id\":\"https:\\\/\\\/resources.workable.com\\\/fr\\\/gestionnaire-d-integration-rh-descriptif-de-poste#primaryimage\"},\"thumbnailUrl\":\"https:\\\/\\\/resources.workable.com\\\/wp-content\\\/uploads\\\/2017\\\/08\\\/shutterstock_477919507.jpg\",\"articleSection\":[\"Descriptifs de postes\",\"Descriptifs de postes dans les Ressources humaines (RH)\"],\"inLanguage\":\"fr-FR\"},{\"@type\":\"WebPage\",\"@id\":\"https:\\\/\\\/resources.workable.com\\\/fr\\\/gestionnaire-d-integration-rh-descriptif-de-poste\",\"url\":\"https:\\\/\\\/resources.workable.com\\\/fr\\\/gestionnaire-d-integration-rh-descriptif-de-poste\",\"name\":\"Mod\u00e8le de descriptif de poste de Gestionnaire d'int\u00e9gration RH | Workable\",\"isPartOf\":{\"@id\":\"https:\\\/\\\/resources.workable.com\\\/fr\\\/#website\"},\"primaryImageOfPage\":{\"@id\":\"https:\\\/\\\/resources.workable.com\\\/fr\\\/gestionnaire-d-integration-rh-descriptif-de-poste#primaryimage\"},\"image\":{\"@id\":\"https:\\\/\\\/resources.workable.com\\\/fr\\\/gestionnaire-d-integration-rh-descriptif-de-poste#primaryimage\"},\"thumbnailUrl\":\"https:\\\/\\\/resources.workable.com\\\/wp-content\\\/uploads\\\/2017\\\/08\\\/shutterstock_477919507.jpg\",\"datePublished\":\"2020-01-08T11:07:56+00:00\",\"dateModified\":\"2020-02-06T13:15:51+00:00\",\"description\":\"Vous pouvez utiliser ce descriptif de poste de Gestionnaire d'int\u00e9gration RH pour recruter des professionnels des RH. Personnalisez ce mod\u00e8le en incluant les missions de votre poste.\",\"breadcrumb\":{\"@id\":\"https:\\\/\\\/resources.workable.com\\\/fr\\\/gestionnaire-d-integration-rh-descriptif-de-poste#breadcrumb\"},\"inLanguage\":\"fr-FR\",\"potentialAction\":[{\"@type\":\"ReadAction\",\"target\":[\"https:\\\/\\\/resources.workable.com\\\/fr\\\/gestionnaire-d-integration-rh-descriptif-de-poste\"]}]},{\"@type\":\"ImageObject\",\"inLanguage\":\"fr-FR\",\"@id\":\"https:\\\/\\\/resources.workable.com\\\/fr\\\/gestionnaire-d-integration-rh-descriptif-de-poste#primaryimage\",\"url\":\"https:\\\/\\\/resources.workable.com\\\/wp-content\\\/uploads\\\/2017\\\/08\\\/shutterstock_477919507.jpg\",\"contentUrl\":\"https:\\\/\\\/resources.workable.com\\\/wp-content\\\/uploads\\\/2017\\\/08\\\/shutterstock_477919507.jpg\"},{\"@type\":\"BreadcrumbList\",\"@id\":\"https:\\\/\\\/resources.workable.com\\\/fr\\\/gestionnaire-d-integration-rh-descriptif-de-poste#breadcrumb\",\"itemListElement\":[{\"@type\":\"ListItem\",\"position\":1,\"name\":\"Home\",\"item\":\"https:\\\/\\\/resources.workable.com\\\/fr\\\/\"},{\"@type\":\"ListItem\",\"position\":2,\"name\":\"Descriptif de poste: Gestionnaire d\u2019int\u00e9gration RH&nbsp;(f\\\/h\\\/autre)\"}]},{\"@type\":\"WebSite\",\"@id\":\"https:\\\/\\\/resources.workable.com\\\/fr\\\/#website\",\"url\":\"https:\\\/\\\/resources.workable.com\\\/fr\\\/\",\"name\":\"Recruiting Resources: How to Recruit and Hire Better\",\"description\":\"\",\"publisher\":{\"@id\":\"https:\\\/\\\/resources.workable.com\\\/fr\\\/#organization\"},\"potentialAction\":[{\"@type\":\"SearchAction\",\"target\":{\"@type\":\"EntryPoint\",\"urlTemplate\":\"https:\\\/\\\/resources.workable.com\\\/fr\\\/?s={search_term_string}\"},\"query-input\":{\"@type\":\"PropertyValueSpecification\",\"valueRequired\":true,\"valueName\":\"search_term_string\"}}],\"inLanguage\":\"fr-FR\"},{\"@type\":\"Organization\",\"@id\":\"https:\\\/\\\/resources.workable.com\\\/fr\\\/#organization\",\"name\":\"Workable\",\"url\":\"https:\\\/\\\/resources.workable.com\\\/fr\\\/\",\"logo\":{\"@type\":\"ImageObject\",\"inLanguage\":\"fr-FR\",\"@id\":\"https:\\\/\\\/resources.workable.com\\\/fr\\\/#\\\/schema\\\/logo\\\/image\\\/\",\"url\":\"https:\\\/\\\/resources.workable.com\\\/wp-content\\\/uploads\\\/2017\\\/12\\\/logo-green.png\",\"contentUrl\":\"https:\\\/\\\/resources.workable.com\\\/wp-content\\\/uploads\\\/2017\\\/12\\\/logo-green.png\",\"width\":150,\"height\":25,\"caption\":\"Workable\"},\"image\":{\"@id\":\"https:\\\/\\\/resources.workable.com\\\/fr\\\/#\\\/schema\\\/logo\\\/image\\\/\"},\"sameAs\":[\"https:\\\/\\\/business.facebook.com\\\/workable\\\/\",\"https:\\\/\\\/x.com\\\/workable\",\"https:\\\/\\\/www.linkedin.com\\\/company\\\/workable-hr\\\/\"]},{\"@type\":\"Person\",\"@id\":\"https:\\\/\\\/resources.workable.com\\\/fr\\\/#\\\/schema\\\/person\\\/b23289d8d63331621eee9e69103cd603\",\"name\":\"Christina Pavlou\",\"image\":{\"@type\":\"ImageObject\",\"inLanguage\":\"fr-FR\",\"@id\":\"https:\\\/\\\/secure.gravatar.com\\\/avatar\\\/9ed48272d268bb7071cf243f8d2dcaeaa1f26feca5ecd3fbed59e0378447bc49?s=96&d=mm&r=pg\",\"url\":\"https:\\\/\\\/secure.gravatar.com\\\/avatar\\\/9ed48272d268bb7071cf243f8d2dcaeaa1f26feca5ecd3fbed59e0378447bc49?s=96&d=mm&r=pg\",\"contentUrl\":\"https:\\\/\\\/secure.gravatar.com\\\/avatar\\\/9ed48272d268bb7071cf243f8d2dcaeaa1f26feca5ecd3fbed59e0378447bc49?s=96&d=mm&r=pg\",\"caption\":\"Christina Pavlou\"},\"description\":\"Christina Pavlou was a writer at Workable for nearly four years, and previously a recruiter. She writes about diversity in the workplace and reports on the shape of things to come. You can find her on LinkedIn and Twitter.\",\"url\":\"https:\\\/\\\/resources.workable.com\\\/fr\\\/author\\\/christina\\\/\"}]}<\/script>\n<!-- \/ Yoast SEO Premium plugin. -->","yoast_head_json":{"title":"Mod\u00e8le de descriptif de poste de Gestionnaire d'int\u00e9gration RH | Workable","description":"Vous pouvez utiliser ce descriptif de poste de Gestionnaire d'int\u00e9gration RH pour recruter des professionnels des RH. Personnalisez ce mod\u00e8le en incluant les missions de votre poste.","robots":{"index":"index","follow":"follow","max-snippet":"max-snippet:-1","max-image-preview":"max-image-preview:large","max-video-preview":"max-video-preview:-1"},"canonical":"https:\/\/resources.workable.com\/fr\/gestionnaire-d-integration-rh-descriptif-de-poste\/","og_locale":"fr_FR","og_type":"article","og_title":"Descriptif de poste: Gestionnaire d'int\u00e9gration RH (f\/h\/autre)","og_description":"Vous pouvez utiliser ce descriptif de poste de Gestionnaire d'int\u00e9gration RH pour recruter des professionnels des RH. Personnalisez ce mod\u00e8le en incluant les missions de votre poste.","og_url":"https:\/\/resources.workable.com\/fr\/gestionnaire-d-integration-rh-descriptif-de-poste","og_site_name":"Recruiting Resources: How to Recruit and Hire Better","article_publisher":"https:\/\/business.facebook.com\/workable\/","article_published_time":"2020-01-08T11:07:56+00:00","article_modified_time":"2020-02-06T13:15:51+00:00","og_image":[{"url":"https:\/\/resources.workable.com\/wp-content\/uploads\/2017\/08\/shutterstock_477919507.jpg","type":"","width":"","height":""}],"author":"Christina Pavlou","twitter_card":"summary_large_image","twitter_creator":"@workable","twitter_site":"@workable","twitter_misc":{"\u00c9crit par":"Christina Pavlou"},"schema":{"@context":"https:\/\/schema.org","@graph":[{"@type":"Article","@id":"https:\/\/resources.workable.com\/fr\/gestionnaire-d-integration-rh-descriptif-de-poste#article","isPartOf":{"@id":"https:\/\/resources.workable.com\/fr\/gestionnaire-d-integration-rh-descriptif-de-poste"},"author":{"name":"Christina Pavlou","@id":"https:\/\/resources.workable.com\/fr\/#\/schema\/person\/b23289d8d63331621eee9e69103cd603"},"headline":"Descriptif de poste: Gestionnaire d&rsquo;int\u00e9gration RH&nbsp;(f\/h\/autre)","datePublished":"2020-01-08T11:07:56+00:00","dateModified":"2020-02-06T13:15:51+00:00","mainEntityOfPage":{"@id":"https:\/\/resources.workable.com\/fr\/gestionnaire-d-integration-rh-descriptif-de-poste"},"wordCount":85,"publisher":{"@id":"https:\/\/resources.workable.com\/fr\/#organization"},"image":{"@id":"https:\/\/resources.workable.com\/fr\/gestionnaire-d-integration-rh-descriptif-de-poste#primaryimage"},"thumbnailUrl":"https:\/\/resources.workable.com\/wp-content\/uploads\/2017\/08\/shutterstock_477919507.jpg","articleSection":["Descriptifs de postes","Descriptifs de postes dans les Ressources humaines (RH)"],"inLanguage":"fr-FR"},{"@type":"WebPage","@id":"https:\/\/resources.workable.com\/fr\/gestionnaire-d-integration-rh-descriptif-de-poste","url":"https:\/\/resources.workable.com\/fr\/gestionnaire-d-integration-rh-descriptif-de-poste","name":"Mod\u00e8le de descriptif de poste de Gestionnaire d'int\u00e9gration RH | Workable","isPartOf":{"@id":"https:\/\/resources.workable.com\/fr\/#website"},"primaryImageOfPage":{"@id":"https:\/\/resources.workable.com\/fr\/gestionnaire-d-integration-rh-descriptif-de-poste#primaryimage"},"image":{"@id":"https:\/\/resources.workable.com\/fr\/gestionnaire-d-integration-rh-descriptif-de-poste#primaryimage"},"thumbnailUrl":"https:\/\/resources.workable.com\/wp-content\/uploads\/2017\/08\/shutterstock_477919507.jpg","datePublished":"2020-01-08T11:07:56+00:00","dateModified":"2020-02-06T13:15:51+00:00","description":"Vous pouvez utiliser ce descriptif de poste de Gestionnaire d'int\u00e9gration RH pour recruter des professionnels des RH. Personnalisez ce mod\u00e8le en incluant les missions de votre poste.","breadcrumb":{"@id":"https:\/\/resources.workable.com\/fr\/gestionnaire-d-integration-rh-descriptif-de-poste#breadcrumb"},"inLanguage":"fr-FR","potentialAction":[{"@type":"ReadAction","target":["https:\/\/resources.workable.com\/fr\/gestionnaire-d-integration-rh-descriptif-de-poste"]}]},{"@type":"ImageObject","inLanguage":"fr-FR","@id":"https:\/\/resources.workable.com\/fr\/gestionnaire-d-integration-rh-descriptif-de-poste#primaryimage","url":"https:\/\/resources.workable.com\/wp-content\/uploads\/2017\/08\/shutterstock_477919507.jpg","contentUrl":"https:\/\/resources.workable.com\/wp-content\/uploads\/2017\/08\/shutterstock_477919507.jpg"},{"@type":"BreadcrumbList","@id":"https:\/\/resources.workable.com\/fr\/gestionnaire-d-integration-rh-descriptif-de-poste#breadcrumb","itemListElement":[{"@type":"ListItem","position":1,"name":"Home","item":"https:\/\/resources.workable.com\/fr\/"},{"@type":"ListItem","position":2,"name":"Descriptif de poste: Gestionnaire d\u2019int\u00e9gration RH&nbsp;(f\/h\/autre)"}]},{"@type":"WebSite","@id":"https:\/\/resources.workable.com\/fr\/#website","url":"https:\/\/resources.workable.com\/fr\/","name":"Recruiting Resources: How to Recruit and Hire Better","description":"","publisher":{"@id":"https:\/\/resources.workable.com\/fr\/#organization"},"potentialAction":[{"@type":"SearchAction","target":{"@type":"EntryPoint","urlTemplate":"https:\/\/resources.workable.com\/fr\/?s={search_term_string}"},"query-input":{"@type":"PropertyValueSpecification","valueRequired":true,"valueName":"search_term_string"}}],"inLanguage":"fr-FR"},{"@type":"Organization","@id":"https:\/\/resources.workable.com\/fr\/#organization","name":"Workable","url":"https:\/\/resources.workable.com\/fr\/","logo":{"@type":"ImageObject","inLanguage":"fr-FR","@id":"https:\/\/resources.workable.com\/fr\/#\/schema\/logo\/image\/","url":"https:\/\/resources.workable.com\/wp-content\/uploads\/2017\/12\/logo-green.png","contentUrl":"https:\/\/resources.workable.com\/wp-content\/uploads\/2017\/12\/logo-green.png","width":150,"height":25,"caption":"Workable"},"image":{"@id":"https:\/\/resources.workable.com\/fr\/#\/schema\/logo\/image\/"},"sameAs":["https:\/\/business.facebook.com\/workable\/","https:\/\/x.com\/workable","https:\/\/www.linkedin.com\/company\/workable-hr\/"]},{"@type":"Person","@id":"https:\/\/resources.workable.com\/fr\/#\/schema\/person\/b23289d8d63331621eee9e69103cd603","name":"Christina Pavlou","image":{"@type":"ImageObject","inLanguage":"fr-FR","@id":"https:\/\/secure.gravatar.com\/avatar\/9ed48272d268bb7071cf243f8d2dcaeaa1f26feca5ecd3fbed59e0378447bc49?s=96&d=mm&r=pg","url":"https:\/\/secure.gravatar.com\/avatar\/9ed48272d268bb7071cf243f8d2dcaeaa1f26feca5ecd3fbed59e0378447bc49?s=96&d=mm&r=pg","contentUrl":"https:\/\/secure.gravatar.com\/avatar\/9ed48272d268bb7071cf243f8d2dcaeaa1f26feca5ecd3fbed59e0378447bc49?s=96&d=mm&r=pg","caption":"Christina Pavlou"},"description":"Christina Pavlou was a writer at Workable for nearly four years, and previously a recruiter. She writes about diversity in the workplace and reports on the shape of things to come. You can find her on LinkedIn and Twitter.","url":"https:\/\/resources.workable.com\/fr\/author\/christina\/"}]}},"modified_by":null,"custom_fields":{"brief":"Nous recherchons un(e) Gestionnaire d'int\u00e9gration RH pour superviser les proc\u00e9dures que suit notre entreprise avant et apr\u00e8s l'embauche de nouveaux employ\u00e9s.\r\n\r\nLe\/la Gestionnaire d'int\u00e9gration RH est notamment en charge de programmer la formation des nouvelles recrues, d'\u00e9laborer les politiques de la soci\u00e9t\u00e9 et de traiter les documents d'emploi. Pour r\u00e9ussir \u00e0 ce poste, vous devrez pouvoir aider les nouveaux employ\u00e9s \u00e0 s'adapter \u00e0 leur environnement de travail en vous assurant que nos proc\u00e9dures d'embauche respectent le Droit du travail.\r\n\r\nPour r\u00e9sumer, vous vous assurerez que nos nouveaux embauch\u00e9s soient accueillis chaleureusement et commencent leur nouveau travail dans les meilleures conditions.","requirements":"<ul>\r\n \t<li>Exp\u00e9rience professionnelle av\u00e9r\u00e9e en tant que gestionnaire d'int\u00e9gration RH ou \u00e0 un autre <a href=\"https:\/\/resources.workable.com\/job-descriptions\/human-resources-job-descriptions\/\" target=\"_blank\" rel=\"noopener\">poste dans les RH<\/a> pertinent<\/li>\r\n \t<li>Exp\u00e9rience des SIRH et ATS<\/li>\r\n \t<li>Bonne connaissance du Droit du travail<\/li>\r\n \t<li>Connaissance des documents d'emploi, notamment conditions contractuelles, contrats \u00e0 dur\u00e9e d\u00e9termin\u00e9e et accords de confidentialit\u00e9<\/li>\r\n \t<li>Connaissance des proc\u00e9dures de paie<\/li>\r\n \t<li>Excellent sens de la communication orale et \u00e9crite<\/li>\r\n \t<li>Confidentialit\u00e9 et \u00e9thique de travail<\/li>\r\n \t<li>Licence en gestion des ressources humaines ou dans un domaine similaire<\/li>\r\n<\/ul>","responsibilities":"<ul>\r\n \t<li>Organiser les programmes d'orientation (premier jour, premi\u00e8re semaine, premier mois et premier trimestre)<\/li>\r\n \t<li>Servir de conseiller aux nouveaux employ\u00e9s<\/li>\r\n \t<li>Cr\u00e9er et mettre \u00e0 jour notre manuel de l'employ\u00e9<\/li>\r\n \t<li>Contr\u00f4ler les taux de rotation et de r\u00e9tention des nouveaux embauch\u00e9s<\/li>\r\n \t<li>Programmer et superviser les sessions de formation<\/li>\r\n \t<li>Pr\u00e9senter les nouveaux embauch\u00e9s aux employ\u00e9s actuels<\/li>\r\n \t<li>Ajouter les informations concernant les nouveaux employ\u00e9s dans le syst\u00e8me de paie de l'entreprise<\/li>\r\n \t<li>Communiquer avec les nouveaux employ\u00e9s avant leur date de prise de poste pour leur fournir les informations n\u00e9cessaires (ex. horaires de travail et conditions du contrat)<\/li>\r\n \t<li>Effectuer les t\u00e2ches administratives pour l'embauche<\/li>\r\n \t<li>Coordonner les proc\u00e9dures de mutation pour les expatri\u00e9s<\/li>\r\n \t<li>Assurer la liaison avec les \u00e9quipes internes pour cr\u00e9er des comptes entreprise aux nouveaux employ\u00e9s<\/li>\r\n \t<li>Recueillir les retours sur l'exp\u00e9rience de candidature des nouveaux embauch\u00e9s<\/li>\r\n \t<li>Aider les employ\u00e9s actuels quand ils changent de service ou de poste<\/li>\r\n<\/ul>","see_more":""},"_links":{"self":[{"href":"https:\/\/resources.workable.com\/fr\/wp-json\/wp\/v2\/posts\/50155","targetHints":{"allow":["GET"]}}],"collection":[{"href":"https:\/\/resources.workable.com\/fr\/wp-json\/wp\/v2\/posts"}],"about":[{"href":"https:\/\/resources.workable.com\/fr\/wp-json\/wp\/v2\/types\/post"}],"author":[{"embeddable":true,"href":"https:\/\/resources.workable.com\/fr\/wp-json\/wp\/v2\/users\/41"}],"replies":[{"embeddable":true,"href":"https:\/\/resources.workable.com\/fr\/wp-json\/wp\/v2\/comments?post=50155"}],"version-history":[{"count":0,"href":"https:\/\/resources.workable.com\/fr\/wp-json\/wp\/v2\/posts\/50155\/revisions"}],"wp:attachment":[{"href":"https:\/\/resources.workable.com\/fr\/wp-json\/wp\/v2\/media?parent=50155"}],"wp:term":[{"taxonomy":"category","embeddable":true,"href":"https:\/\/resources.workable.com\/fr\/wp-json\/wp\/v2\/categories?post=50155"},{"taxonomy":"post_tag","embeddable":true,"href":"https:\/\/resources.workable.com\/fr\/wp-json\/wp\/v2\/tags?post=50155"}],"curies":[{"name":"wp","href":"https:\/\/api.w.org\/{rel}","templated":true}]}}