{"id":50010,"date":"2020-01-08T11:07:53","date_gmt":"2020-01-08T11:07:53","guid":{"rendered":"https:\/\/resources.workable.com\/?p=50010"},"modified":"2020-02-06T13:15:54","modified_gmt":"2020-02-06T13:15:54","slug":"descriptif-de-poste-coordinateur-acquisition-de-talents-f-h-autre","status":"publish","type":"post","link":"https:\/\/resources.workable.com\/fr\/coordinateur-acquisition-de-talents-descriptif-de-poste","title":{"rendered":"Descriptif de poste: Coordinateur acquisition de talents&nbsp;(f\/h\/autre)"},"content":{"rendered":"<p>Publiez ce mod\u00e8le de descriptif de poste de Coordinateur(trice) acquisition de talents sur les sites d&#8217;emploi pour attirer les candidats qualifi\u00e9s en fonction de vos besoins de recrutement. Pour les postes sup\u00e9rieurs, consultez nos mod\u00e8les de descriptions de postes de <a href=\"https:\/\/resources.workable.com\/talent-acquisition-manager-job-description\" target=\"_blank\" rel=\"noopener noreferrer\">Gestionnaire acquisition de talents<\/a> ou <a href=\"https:\/\/resources.workable.com\/talent-acquisition-specialist-job-description\" target=\"_blank\" rel=\"noopener noreferrer\">Sp\u00e9cialiste acquisition de talents<\/a>.<\/p>\n<h2>Les responsabilit\u00e9s du\/de la Coordinateur(trice) acquisition de talents sont notamment:<\/h2>\n<ul>\n<li>R\u00e9diger et mettre \u00e0 jour les descriptifs des postes.<\/li>\n<li>Pr\u00e9parer les offres d&#8217;emploi.<\/li>\n<li>Mener les analyses de r\u00e9mun\u00e9ration et d&rsquo;avantages sociaux pour diff\u00e9rents postes.<\/li>\n<\/ul>\n<p><img loading=\"lazy\" decoding=\"async\" class=\"alignnone size-full wp-image-21657\" src=\"https:\/\/resources.workable.com\/wp-content\/uploads\/2017\/08\/talent-acquisition-coordinator-shutterstock_662652484.jpg\" alt=\"Descriptif du poste de coordinateur(trice) acquisition de talents\" width=\"640\" height=\"230\" srcset=\"https:\/\/resources.workable.com\/wp-content\/uploads\/2017\/08\/talent-acquisition-coordinator-shutterstock_662652484.jpg 640w, https:\/\/resources.workable.com\/wp-content\/uploads\/2017\/08\/talent-acquisition-coordinator-shutterstock_662652484-200x72.jpg 200w, https:\/\/resources.workable.com\/wp-content\/uploads\/2017\/08\/talent-acquisition-coordinator-shutterstock_662652484-560x201.jpg 560w\" sizes=\"auto, (max-width: 640px) 100vw, 640px\" \/><\/p>\n","protected":false},"excerpt":{"rendered":"<p>Publiez ce mod\u00e8le de descriptif de poste de Coordinateur(trice) acquisition de talents sur les sites d&#8217;emploi pour attirer les candidats qualifi\u00e9s en fonction de vos besoins de recrutement. Pour les postes sup\u00e9rieurs, consultez nos mod\u00e8les de descriptions de postes de Gestionnaire acquisition de talents ou Sp\u00e9cialiste acquisition de talents. Les responsabilit\u00e9s du\/de la Coordinateur(trice) acquisition [&hellip;]<\/p>\n","protected":false},"author":28,"featured_media":0,"comment_status":"closed","ping_status":"closed","sticky":false,"template":"","format":"standard","meta":{"_acf_changed":false,"_lmt_disableupdate":"no","_lmt_disable":"","_has_post_settings":[],"footnotes":""},"categories":[1041,1283],"tags":[],"class_list":["post-50010","post","type-post","status-publish","format-standard","hentry","category-descriptifs-de-postes","category-descriptifs-de-postes-dans-les-ressources-humaines-rh"],"acf":[],"yoast_head":"<!-- This site is optimized with the Yoast SEO Premium plugin v27.4 (Yoast SEO v27.4) - https:\/\/yoast.com\/product\/yoast-seo-premium-wordpress\/ -->\n<title>Descriptif de poste: Coordinateur acquisition de talents (f\/h\/autre) - Workable<\/title>\n<meta name=\"description\" content=\"Publiez ce mod\u00e8le de descriptif de poste de Coordinateur(trice) acquisition de talents sur les sites d&#039;emploi pour attirer les candidats qualifi\u00e9s en fonction de vos besoins de recrutement.\" \/>\n<meta name=\"robots\" content=\"index, follow, max-snippet:-1, max-image-preview:large, max-video-preview:-1\" \/>\n<link rel=\"canonical\" href=\"https:\/\/resources.workable.com\/fr\/coordinateur-acquisition-de-talents-descriptif-de-poste\/\" \/>\n<meta property=\"og:locale\" content=\"fr_FR\" \/>\n<meta property=\"og:type\" content=\"article\" \/>\n<meta property=\"og:title\" content=\"Descriptif de poste: Coordinateur acquisition de talents (f\/h\/autre)\" \/>\n<meta property=\"og:description\" content=\"Publiez ce mod\u00e8le de descriptif de poste de Coordinateur(trice) acquisition de talents sur les sites d&#039;emploi pour attirer les candidats qualifi\u00e9s en fonction de vos besoins de recrutement.\" \/>\n<meta property=\"og:url\" content=\"https:\/\/resources.workable.com\/fr\/coordinateur-acquisition-de-talents-descriptif-de-poste\" \/>\n<meta property=\"og:site_name\" content=\"Recruiting Resources: How to Recruit and Hire Better\" \/>\n<meta property=\"article:publisher\" content=\"https:\/\/business.facebook.com\/workable\/\" \/>\n<meta property=\"article:published_time\" content=\"2020-01-08T11:07:53+00:00\" \/>\n<meta property=\"article:modified_time\" content=\"2020-02-06T13:15:54+00:00\" \/>\n<meta property=\"og:image\" content=\"https:\/\/resources.workable.com\/wp-content\/uploads\/2017\/08\/talent-acquisition-coordinator-shutterstock_662652484.jpg\" \/>\n<meta name=\"author\" content=\"Nikoletta Bika\" \/>\n<meta name=\"twitter:card\" content=\"summary_large_image\" \/>\n<meta name=\"twitter:creator\" content=\"@workable\" \/>\n<meta name=\"twitter:site\" content=\"@workable\" \/>\n<meta name=\"twitter:label1\" content=\"\u00c9crit par\" \/>\n\t<meta name=\"twitter:data1\" content=\"Nikoletta Bika\" \/>\n<script type=\"application\/ld+json\" class=\"yoast-schema-graph\">{\"@context\":\"https:\\\/\\\/schema.org\",\"@graph\":[{\"@type\":\"Article\",\"@id\":\"https:\\\/\\\/resources.workable.com\\\/fr\\\/coordinateur-acquisition-de-talents-descriptif-de-poste#article\",\"isPartOf\":{\"@id\":\"https:\\\/\\\/resources.workable.com\\\/fr\\\/coordinateur-acquisition-de-talents-descriptif-de-poste\"},\"author\":{\"name\":\"Nikoletta Bika\",\"@id\":\"https:\\\/\\\/resources.workable.com\\\/fr\\\/#\\\/schema\\\/person\\\/bddaa2e41481e7c9ef2328432ea089e7\"},\"headline\":\"Descriptif de poste: Coordinateur acquisition de talents&nbsp;(f\\\/h\\\/autre)\",\"datePublished\":\"2020-01-08T11:07:53+00:00\",\"dateModified\":\"2020-02-06T13:15:54+00:00\",\"mainEntityOfPage\":{\"@id\":\"https:\\\/\\\/resources.workable.com\\\/fr\\\/coordinateur-acquisition-de-talents-descriptif-de-poste\"},\"wordCount\":109,\"publisher\":{\"@id\":\"https:\\\/\\\/resources.workable.com\\\/fr\\\/#organization\"},\"image\":{\"@id\":\"https:\\\/\\\/resources.workable.com\\\/fr\\\/coordinateur-acquisition-de-talents-descriptif-de-poste#primaryimage\"},\"thumbnailUrl\":\"https:\\\/\\\/resources.workable.com\\\/wp-content\\\/uploads\\\/2017\\\/08\\\/talent-acquisition-coordinator-shutterstock_662652484.jpg\",\"articleSection\":[\"Descriptifs de postes\",\"Descriptifs de postes dans les Ressources humaines (RH)\"],\"inLanguage\":\"fr-FR\"},{\"@type\":\"WebPage\",\"@id\":\"https:\\\/\\\/resources.workable.com\\\/fr\\\/coordinateur-acquisition-de-talents-descriptif-de-poste\",\"url\":\"https:\\\/\\\/resources.workable.com\\\/fr\\\/coordinateur-acquisition-de-talents-descriptif-de-poste\",\"name\":\"Descriptif de poste: Coordinateur acquisition de talents (f\\\/h\\\/autre) - Workable\",\"isPartOf\":{\"@id\":\"https:\\\/\\\/resources.workable.com\\\/fr\\\/#website\"},\"primaryImageOfPage\":{\"@id\":\"https:\\\/\\\/resources.workable.com\\\/fr\\\/coordinateur-acquisition-de-talents-descriptif-de-poste#primaryimage\"},\"image\":{\"@id\":\"https:\\\/\\\/resources.workable.com\\\/fr\\\/coordinateur-acquisition-de-talents-descriptif-de-poste#primaryimage\"},\"thumbnailUrl\":\"https:\\\/\\\/resources.workable.com\\\/wp-content\\\/uploads\\\/2017\\\/08\\\/talent-acquisition-coordinator-shutterstock_662652484.jpg\",\"datePublished\":\"2020-01-08T11:07:53+00:00\",\"dateModified\":\"2020-02-06T13:15:54+00:00\",\"description\":\"Publiez ce mod\u00e8le de descriptif de poste de Coordinateur(trice) acquisition de talents sur les sites d'emploi pour attirer les candidats qualifi\u00e9s en fonction de vos besoins de recrutement.\",\"breadcrumb\":{\"@id\":\"https:\\\/\\\/resources.workable.com\\\/fr\\\/coordinateur-acquisition-de-talents-descriptif-de-poste#breadcrumb\"},\"inLanguage\":\"fr-FR\",\"potentialAction\":[{\"@type\":\"ReadAction\",\"target\":[\"https:\\\/\\\/resources.workable.com\\\/fr\\\/coordinateur-acquisition-de-talents-descriptif-de-poste\"]}]},{\"@type\":\"ImageObject\",\"inLanguage\":\"fr-FR\",\"@id\":\"https:\\\/\\\/resources.workable.com\\\/fr\\\/coordinateur-acquisition-de-talents-descriptif-de-poste#primaryimage\",\"url\":\"https:\\\/\\\/resources.workable.com\\\/wp-content\\\/uploads\\\/2017\\\/08\\\/talent-acquisition-coordinator-shutterstock_662652484.jpg\",\"contentUrl\":\"https:\\\/\\\/resources.workable.com\\\/wp-content\\\/uploads\\\/2017\\\/08\\\/talent-acquisition-coordinator-shutterstock_662652484.jpg\"},{\"@type\":\"BreadcrumbList\",\"@id\":\"https:\\\/\\\/resources.workable.com\\\/fr\\\/coordinateur-acquisition-de-talents-descriptif-de-poste#breadcrumb\",\"itemListElement\":[{\"@type\":\"ListItem\",\"position\":1,\"name\":\"Home\",\"item\":\"https:\\\/\\\/resources.workable.com\\\/fr\\\/\"},{\"@type\":\"ListItem\",\"position\":2,\"name\":\"Descriptif de poste: Coordinateur acquisition de talents&nbsp;(f\\\/h\\\/autre)\"}]},{\"@type\":\"WebSite\",\"@id\":\"https:\\\/\\\/resources.workable.com\\\/fr\\\/#website\",\"url\":\"https:\\\/\\\/resources.workable.com\\\/fr\\\/\",\"name\":\"Recruiting Resources: How to Recruit and Hire Better\",\"description\":\"\",\"publisher\":{\"@id\":\"https:\\\/\\\/resources.workable.com\\\/fr\\\/#organization\"},\"potentialAction\":[{\"@type\":\"SearchAction\",\"target\":{\"@type\":\"EntryPoint\",\"urlTemplate\":\"https:\\\/\\\/resources.workable.com\\\/fr\\\/?s={search_term_string}\"},\"query-input\":{\"@type\":\"PropertyValueSpecification\",\"valueRequired\":true,\"valueName\":\"search_term_string\"}}],\"inLanguage\":\"fr-FR\"},{\"@type\":\"Organization\",\"@id\":\"https:\\\/\\\/resources.workable.com\\\/fr\\\/#organization\",\"name\":\"Workable\",\"url\":\"https:\\\/\\\/resources.workable.com\\\/fr\\\/\",\"logo\":{\"@type\":\"ImageObject\",\"inLanguage\":\"fr-FR\",\"@id\":\"https:\\\/\\\/resources.workable.com\\\/fr\\\/#\\\/schema\\\/logo\\\/image\\\/\",\"url\":\"https:\\\/\\\/resources.workable.com\\\/wp-content\\\/uploads\\\/2017\\\/12\\\/logo-green.png\",\"contentUrl\":\"https:\\\/\\\/resources.workable.com\\\/wp-content\\\/uploads\\\/2017\\\/12\\\/logo-green.png\",\"width\":150,\"height\":25,\"caption\":\"Workable\"},\"image\":{\"@id\":\"https:\\\/\\\/resources.workable.com\\\/fr\\\/#\\\/schema\\\/logo\\\/image\\\/\"},\"sameAs\":[\"https:\\\/\\\/business.facebook.com\\\/workable\\\/\",\"https:\\\/\\\/x.com\\\/workable\",\"https:\\\/\\\/www.linkedin.com\\\/company\\\/workable-hr\\\/\"]},{\"@type\":\"Person\",\"@id\":\"https:\\\/\\\/resources.workable.com\\\/fr\\\/#\\\/schema\\\/person\\\/bddaa2e41481e7c9ef2328432ea089e7\",\"name\":\"Nikoletta Bika\",\"image\":{\"@type\":\"ImageObject\",\"inLanguage\":\"fr-FR\",\"@id\":\"https:\\\/\\\/secure.gravatar.com\\\/avatar\\\/777bf31309608e9152307199dd8aa97ff19f24849526f1b2b50f11b9ea40fca3?s=96&d=mm&r=pg\",\"url\":\"https:\\\/\\\/secure.gravatar.com\\\/avatar\\\/777bf31309608e9152307199dd8aa97ff19f24849526f1b2b50f11b9ea40fca3?s=96&d=mm&r=pg\",\"contentUrl\":\"https:\\\/\\\/secure.gravatar.com\\\/avatar\\\/777bf31309608e9152307199dd8aa97ff19f24849526f1b2b50f11b9ea40fca3?s=96&d=mm&r=pg\",\"caption\":\"Nikoletta Bika\"},\"description\":\"Nikoletta Bika was a senior writer at Workable for nearly four and a half years. She holds an MSc in HR and has written extensively about all things HR and recruiting, with a particular interest in bias, data, technology, legal compliance, and the future of work. She hates meaningless jargon and dreams about space travel.\",\"sameAs\":[\"http:\\\/\\\/workable.com\"],\"url\":\"https:\\\/\\\/resources.workable.com\\\/fr\\\/author\\\/nikoletta-bika\\\/\"}]}<\/script>\n<!-- \/ Yoast SEO Premium plugin. -->","yoast_head_json":{"title":"Descriptif de poste: Coordinateur acquisition de talents (f\/h\/autre) - Workable","description":"Publiez ce mod\u00e8le de descriptif de poste de Coordinateur(trice) acquisition de talents sur les sites d'emploi pour attirer les candidats qualifi\u00e9s en fonction de vos besoins de recrutement.","robots":{"index":"index","follow":"follow","max-snippet":"max-snippet:-1","max-image-preview":"max-image-preview:large","max-video-preview":"max-video-preview:-1"},"canonical":"https:\/\/resources.workable.com\/fr\/coordinateur-acquisition-de-talents-descriptif-de-poste\/","og_locale":"fr_FR","og_type":"article","og_title":"Descriptif de poste: Coordinateur acquisition de talents (f\/h\/autre)","og_description":"Publiez ce mod\u00e8le de descriptif de poste de Coordinateur(trice) acquisition de talents sur les sites d'emploi pour attirer les candidats qualifi\u00e9s en fonction de vos besoins de recrutement.","og_url":"https:\/\/resources.workable.com\/fr\/coordinateur-acquisition-de-talents-descriptif-de-poste","og_site_name":"Recruiting Resources: How to Recruit and Hire Better","article_publisher":"https:\/\/business.facebook.com\/workable\/","article_published_time":"2020-01-08T11:07:53+00:00","article_modified_time":"2020-02-06T13:15:54+00:00","og_image":[{"url":"https:\/\/resources.workable.com\/wp-content\/uploads\/2017\/08\/talent-acquisition-coordinator-shutterstock_662652484.jpg","type":"","width":"","height":""}],"author":"Nikoletta Bika","twitter_card":"summary_large_image","twitter_creator":"@workable","twitter_site":"@workable","twitter_misc":{"\u00c9crit par":"Nikoletta Bika"},"schema":{"@context":"https:\/\/schema.org","@graph":[{"@type":"Article","@id":"https:\/\/resources.workable.com\/fr\/coordinateur-acquisition-de-talents-descriptif-de-poste#article","isPartOf":{"@id":"https:\/\/resources.workable.com\/fr\/coordinateur-acquisition-de-talents-descriptif-de-poste"},"author":{"name":"Nikoletta Bika","@id":"https:\/\/resources.workable.com\/fr\/#\/schema\/person\/bddaa2e41481e7c9ef2328432ea089e7"},"headline":"Descriptif de poste: Coordinateur acquisition de talents&nbsp;(f\/h\/autre)","datePublished":"2020-01-08T11:07:53+00:00","dateModified":"2020-02-06T13:15:54+00:00","mainEntityOfPage":{"@id":"https:\/\/resources.workable.com\/fr\/coordinateur-acquisition-de-talents-descriptif-de-poste"},"wordCount":109,"publisher":{"@id":"https:\/\/resources.workable.com\/fr\/#organization"},"image":{"@id":"https:\/\/resources.workable.com\/fr\/coordinateur-acquisition-de-talents-descriptif-de-poste#primaryimage"},"thumbnailUrl":"https:\/\/resources.workable.com\/wp-content\/uploads\/2017\/08\/talent-acquisition-coordinator-shutterstock_662652484.jpg","articleSection":["Descriptifs de postes","Descriptifs de postes dans les Ressources humaines (RH)"],"inLanguage":"fr-FR"},{"@type":"WebPage","@id":"https:\/\/resources.workable.com\/fr\/coordinateur-acquisition-de-talents-descriptif-de-poste","url":"https:\/\/resources.workable.com\/fr\/coordinateur-acquisition-de-talents-descriptif-de-poste","name":"Descriptif de poste: Coordinateur acquisition de talents (f\/h\/autre) - Workable","isPartOf":{"@id":"https:\/\/resources.workable.com\/fr\/#website"},"primaryImageOfPage":{"@id":"https:\/\/resources.workable.com\/fr\/coordinateur-acquisition-de-talents-descriptif-de-poste#primaryimage"},"image":{"@id":"https:\/\/resources.workable.com\/fr\/coordinateur-acquisition-de-talents-descriptif-de-poste#primaryimage"},"thumbnailUrl":"https:\/\/resources.workable.com\/wp-content\/uploads\/2017\/08\/talent-acquisition-coordinator-shutterstock_662652484.jpg","datePublished":"2020-01-08T11:07:53+00:00","dateModified":"2020-02-06T13:15:54+00:00","description":"Publiez ce mod\u00e8le de descriptif de poste de Coordinateur(trice) acquisition de talents sur les sites d'emploi pour attirer les candidats qualifi\u00e9s en fonction de vos besoins de recrutement.","breadcrumb":{"@id":"https:\/\/resources.workable.com\/fr\/coordinateur-acquisition-de-talents-descriptif-de-poste#breadcrumb"},"inLanguage":"fr-FR","potentialAction":[{"@type":"ReadAction","target":["https:\/\/resources.workable.com\/fr\/coordinateur-acquisition-de-talents-descriptif-de-poste"]}]},{"@type":"ImageObject","inLanguage":"fr-FR","@id":"https:\/\/resources.workable.com\/fr\/coordinateur-acquisition-de-talents-descriptif-de-poste#primaryimage","url":"https:\/\/resources.workable.com\/wp-content\/uploads\/2017\/08\/talent-acquisition-coordinator-shutterstock_662652484.jpg","contentUrl":"https:\/\/resources.workable.com\/wp-content\/uploads\/2017\/08\/talent-acquisition-coordinator-shutterstock_662652484.jpg"},{"@type":"BreadcrumbList","@id":"https:\/\/resources.workable.com\/fr\/coordinateur-acquisition-de-talents-descriptif-de-poste#breadcrumb","itemListElement":[{"@type":"ListItem","position":1,"name":"Home","item":"https:\/\/resources.workable.com\/fr\/"},{"@type":"ListItem","position":2,"name":"Descriptif de poste: Coordinateur acquisition de talents&nbsp;(f\/h\/autre)"}]},{"@type":"WebSite","@id":"https:\/\/resources.workable.com\/fr\/#website","url":"https:\/\/resources.workable.com\/fr\/","name":"Recruiting Resources: How to Recruit and Hire Better","description":"","publisher":{"@id":"https:\/\/resources.workable.com\/fr\/#organization"},"potentialAction":[{"@type":"SearchAction","target":{"@type":"EntryPoint","urlTemplate":"https:\/\/resources.workable.com\/fr\/?s={search_term_string}"},"query-input":{"@type":"PropertyValueSpecification","valueRequired":true,"valueName":"search_term_string"}}],"inLanguage":"fr-FR"},{"@type":"Organization","@id":"https:\/\/resources.workable.com\/fr\/#organization","name":"Workable","url":"https:\/\/resources.workable.com\/fr\/","logo":{"@type":"ImageObject","inLanguage":"fr-FR","@id":"https:\/\/resources.workable.com\/fr\/#\/schema\/logo\/image\/","url":"https:\/\/resources.workable.com\/wp-content\/uploads\/2017\/12\/logo-green.png","contentUrl":"https:\/\/resources.workable.com\/wp-content\/uploads\/2017\/12\/logo-green.png","width":150,"height":25,"caption":"Workable"},"image":{"@id":"https:\/\/resources.workable.com\/fr\/#\/schema\/logo\/image\/"},"sameAs":["https:\/\/business.facebook.com\/workable\/","https:\/\/x.com\/workable","https:\/\/www.linkedin.com\/company\/workable-hr\/"]},{"@type":"Person","@id":"https:\/\/resources.workable.com\/fr\/#\/schema\/person\/bddaa2e41481e7c9ef2328432ea089e7","name":"Nikoletta Bika","image":{"@type":"ImageObject","inLanguage":"fr-FR","@id":"https:\/\/secure.gravatar.com\/avatar\/777bf31309608e9152307199dd8aa97ff19f24849526f1b2b50f11b9ea40fca3?s=96&d=mm&r=pg","url":"https:\/\/secure.gravatar.com\/avatar\/777bf31309608e9152307199dd8aa97ff19f24849526f1b2b50f11b9ea40fca3?s=96&d=mm&r=pg","contentUrl":"https:\/\/secure.gravatar.com\/avatar\/777bf31309608e9152307199dd8aa97ff19f24849526f1b2b50f11b9ea40fca3?s=96&d=mm&r=pg","caption":"Nikoletta Bika"},"description":"Nikoletta Bika was a senior writer at Workable for nearly four and a half years. She holds an MSc in HR and has written extensively about all things HR and recruiting, with a particular interest in bias, data, technology, legal compliance, and the future of work. She hates meaningless jargon and dreams about space travel.","sameAs":["http:\/\/workable.com"],"url":"https:\/\/resources.workable.com\/fr\/author\/nikoletta-bika\/"}]}},"modified_by":null,"custom_fields":{"brief":"Nous recherchons un(e) Coordinateur(trice) acquisition de talents pour \u00e9tayer et am\u00e9liorer la mani\u00e8re dont notre soci\u00e9t\u00e9 attire et choisit ses nouveaux employ\u00e9s.\r\n\r\nLes responsabilit\u00e9s du\/de la Coordinateur(trice) acquisition de talents comprennent l'assistance administrative \u00e0 notre \u00e9quipe de recrutement, la r\u00e9daction des descriptifs de postes, et l'entretien des bases de donn\u00e9es contenant les informations sur les candidats. Si vous connaissez bien les strat\u00e9gies de recrutement, notamment les m\u00e9thodes de sourcing, de pr\u00e9s\u00e9lection et d'entretien, nous aimerions vous rencontrer.\r\n\r\nPour r\u00e9sumer, vous contribuerez \u00e0 ce que notre processus de recrutement continue \u00e0 bien se d\u00e9rouler, et vous ferez en sorte que nous recrutions et conservions des employ\u00e9s performants.","requirements":"<ul>\r\n \t<li>Exp\u00e9rience professionnelle en tant que Coordinateur(trice) acquisition de talents, <a href=\"https:\/\/resources.workable.com\/hr-assistant-job-description\" target=\"_blank\" rel=\"noopener\">assistant RH<\/a> ou dans un poste similaire<\/li>\r\n \t<li>Familiarit\u00e9 avec les syst\u00e8mes ATS et les CV-th\u00e8ques<\/li>\r\n \t<li>Connaissance de base du Droit du travail<\/li>\r\n \t<li>Exp\u00e9rience avec les r\u00e9seaux sociaux professionnels (en particulier LinkedIn)<\/li>\r\n \t<li>Excellent sens de l'organisation<\/li>\r\n \t<li>Licence en gestion des ressources humaines, psychologie du travail ou dans un autre domaine pertinent<\/li>\r\n<\/ul>","responsibilities":"<ul>\r\n \t<li>R\u00e9diger et mettre \u00e0 jour les descriptifs des postes<\/li>\r\n \t<li>Pr\u00e9parer les offres d'emploi<\/li>\r\n \t<li>Mener les analyses de r\u00e9mun\u00e9ration et d'avantages pour diff\u00e9rents postes<\/li>\r\n \t<li>Organiser les donn\u00e9es des candidats (ex. CV, missions et coordonn\u00e9es) dans les bases de donn\u00e9es internes<\/li>\r\n \t<li>Concevoir des questionnaires sur l'exp\u00e9rience des candidats et analyser les r\u00e9ponses<\/li>\r\n \t<li>R\u00e9aliser des v\u00e9rifications de r\u00e9f\u00e9rences et d'exp\u00e9rience professionnelle<\/li>\r\n \t<li>Coordonner les entretiens et contacter les candidats selon les besoins<\/li>\r\n \t<li>Pr\u00e9parer les rapports selon les indicateurs des nouvelles embauches, (ex. time-to-fill, time-to-hire et source du recrutement)<\/li>\r\n \t<li>Organiser notre processus de recommandation des employ\u00e9s, notamment en demandant des recommandations et en g\u00e9rant les demandes de primes<\/li>\r\n \t<li>Contribuer \u00e0 l'int\u00e9gration des nouvelles recrues (ex. en pr\u00e9parant les documents n\u00e9cessaires et en programmant les formations)<\/li>\r\n<\/ul>","see_more":""},"_links":{"self":[{"href":"https:\/\/resources.workable.com\/fr\/wp-json\/wp\/v2\/posts\/50010","targetHints":{"allow":["GET"]}}],"collection":[{"href":"https:\/\/resources.workable.com\/fr\/wp-json\/wp\/v2\/posts"}],"about":[{"href":"https:\/\/resources.workable.com\/fr\/wp-json\/wp\/v2\/types\/post"}],"author":[{"embeddable":true,"href":"https:\/\/resources.workable.com\/fr\/wp-json\/wp\/v2\/users\/28"}],"replies":[{"embeddable":true,"href":"https:\/\/resources.workable.com\/fr\/wp-json\/wp\/v2\/comments?post=50010"}],"version-history":[{"count":0,"href":"https:\/\/resources.workable.com\/fr\/wp-json\/wp\/v2\/posts\/50010\/revisions"}],"wp:attachment":[{"href":"https:\/\/resources.workable.com\/fr\/wp-json\/wp\/v2\/media?parent=50010"}],"wp:term":[{"taxonomy":"category","embeddable":true,"href":"https:\/\/resources.workable.com\/fr\/wp-json\/wp\/v2\/categories?post=50010"},{"taxonomy":"post_tag","embeddable":true,"href":"https:\/\/resources.workable.com\/fr\/wp-json\/wp\/v2\/tags?post=50010"}],"curies":[{"name":"wp","href":"https:\/\/api.w.org\/{rel}","templated":true}]}}