{"id":49754,"date":"2020-01-08T11:07:46","date_gmt":"2020-01-08T11:07:46","guid":{"rendered":"https:\/\/resources.workable.com\/?p=49754"},"modified":"2020-02-06T13:17:38","modified_gmt":"2020-02-06T13:17:38","slug":"descriptif-de-poste-coordinateur-du-recrutement-f-h-autre","status":"publish","type":"post","link":"https:\/\/resources.workable.com\/fr\/coordinateur-du-recrutement-descriptif-de-poste","title":{"rendered":"Descriptif de poste: Coordinateur du recrutement&nbsp;(f\/h\/autre)"},"content":{"rendered":"<p>Ce mod\u00e8le de descriptif de poste de coordinateur(trice) du recrutement vous servira \u00e0 attirer des candidats capables de g\u00e9rer tout le cycle de recrutement de votre entreprise. Il peut \u00eatre facilement adapt\u00e9 aux besoins particuliers de votre entreprise. Intitul\u00e9 de poste similaire\u00a0: <a href=\"https:\/\/resources.workable.com\/recruiter-job-description\">Recruteur<\/a>.<\/p>\n<h2>Responsabilit\u00e9s du (de la) coordinateur(trice) du recrutement:<\/h2>\n<ul>\n<li>\u00c9laborer et mettre en place la strat\u00e9gie globale de recrutement<\/li>\n<li>S&rsquo;entretenir avec les responsables pour d\u00e9couvrir les besoins en personnel et les objectifs sp\u00e9cifiques des postes<\/li>\n<li>R\u00e9diger et publier les descriptifs de poste sur les sites d&#8217;emploi, dans les journaux et aupr\u00e8s des universit\u00e9s<\/li>\n<\/ul>\n<p><img loading=\"lazy\" decoding=\"async\" class=\"aligncenter wp-image-5912 size-full\" src=\"https:\/\/resources.workable.com\/wp-content\/uploads\/2016\/07\/recruiting-coordinator-interview-questions.jpg\" alt=\"Descriptif de poste de coordinateur(trice) du recrutement\" width=\"640\" height=\"230\" srcset=\"https:\/\/resources.workable.com\/wp-content\/uploads\/2016\/07\/recruiting-coordinator-interview-questions.jpg 640w, https:\/\/resources.workable.com\/wp-content\/uploads\/2016\/07\/recruiting-coordinator-interview-questions-200x72.jpg 200w, https:\/\/resources.workable.com\/wp-content\/uploads\/2016\/07\/recruiting-coordinator-interview-questions-560x201.jpg 560w\" sizes=\"auto, (max-width: 640px) 100vw, 640px\" \/> <em><strong>Vous recherchez un coordinateur du recrutement\u00a0? Inscrivez-vous et b\u00e9n\u00e9ficier d&rsquo;un essai gratuit d&rsquo;une dur\u00e9e de 15 jours avec Workable pour <a href=\"https:\/\/www.workable.com\/post-jobs-for-free\/customize?wid=5913&amp;utm_page=recruiting-coordinator-job-description&amp;utm_program=ad-unit-right&amp;utm_tracking=job-descriptions-human-resources-job-descriptions\">publier une annonce pour ce poste<\/a> et embaucher mieux et plus rapidement.<\/strong><\/em><\/p>\n","protected":false},"excerpt":{"rendered":"<p>Ce mod\u00e8le de descriptif de poste de coordinateur(trice) du recrutement vous servira \u00e0 attirer des candidats capables de g\u00e9rer tout le cycle de recrutement de votre entreprise. Il peut \u00eatre facilement adapt\u00e9 aux besoins particuliers de votre entreprise. Intitul\u00e9 de poste similaire\u00a0: Recruteur. Responsabilit\u00e9s du (de la) coordinateur(trice) du recrutement: \u00c9laborer et mettre en place [&hellip;]<\/p>\n","protected":false},"author":41,"featured_media":0,"comment_status":"closed","ping_status":"closed","sticky":false,"template":"","format":"standard","meta":{"_acf_changed":false,"_lmt_disableupdate":"no","_lmt_disable":"","_has_post_settings":[],"footnotes":""},"categories":[1041,1283],"tags":[],"class_list":["post-49754","post","type-post","status-publish","format-standard","hentry","category-descriptifs-de-postes","category-descriptifs-de-postes-dans-les-ressources-humaines-rh"],"acf":[],"yoast_head":"<!-- This site is optimized with the Yoast SEO Premium plugin v27.4 (Yoast SEO v27.4) - https:\/\/yoast.com\/product\/yoast-seo-premium-wordpress\/ -->\n<title>Mod\u00e8le de descriptif de coordinateur(trice) recrutement | Workable<\/title>\n<meta name=\"description\" content=\"Ce mod\u00e8le de descriptif de poste de coordinateur(trice) recrutement vous servira \u00e0 attirer des candidats capables de g\u00e9rer tout le cycle de recrutement de votre entreprise.\" \/>\n<meta name=\"robots\" content=\"index, follow, max-snippet:-1, max-image-preview:large, max-video-preview:-1\" \/>\n<link rel=\"canonical\" href=\"https:\/\/resources.workable.com\/fr\/coordinateur-du-recrutement-descriptif-de-poste\/\" \/>\n<meta property=\"og:locale\" content=\"fr_FR\" \/>\n<meta property=\"og:type\" content=\"article\" \/>\n<meta property=\"og:title\" content=\"Descriptif de poste: Coordinateur du recrutement (f\/h\/autre)\" \/>\n<meta property=\"og:description\" content=\"Ce mod\u00e8le de descriptif de poste de coordinateur(trice) recrutement vous servira \u00e0 attirer des candidats capables de g\u00e9rer tout le cycle de recrutement de votre entreprise.\" \/>\n<meta property=\"og:url\" content=\"https:\/\/resources.workable.com\/fr\/coordinateur-du-recrutement-descriptif-de-poste\" \/>\n<meta property=\"og:site_name\" content=\"Recruiting Resources: How to Recruit and Hire Better\" \/>\n<meta property=\"article:publisher\" content=\"https:\/\/business.facebook.com\/workable\/\" \/>\n<meta property=\"article:published_time\" content=\"2020-01-08T11:07:46+00:00\" \/>\n<meta property=\"article:modified_time\" content=\"2020-02-06T13:17:38+00:00\" \/>\n<meta property=\"og:image\" content=\"https:\/\/resources.workable.com\/wp-content\/uploads\/2016\/07\/recruiting-coordinator-interview-questions.jpg\" \/>\n<meta name=\"author\" content=\"Christina Pavlou\" \/>\n<meta name=\"twitter:card\" content=\"summary_large_image\" \/>\n<meta name=\"twitter:creator\" content=\"@workable\" \/>\n<meta name=\"twitter:site\" content=\"@workable\" \/>\n<meta name=\"twitter:label1\" content=\"\u00c9crit par\" \/>\n\t<meta name=\"twitter:data1\" content=\"Christina Pavlou\" \/>\n\t<meta name=\"twitter:label2\" content=\"Dur\u00e9e de lecture estim\u00e9e\" \/>\n\t<meta name=\"twitter:data2\" content=\"1 minute\" \/>\n<script type=\"application\/ld+json\" class=\"yoast-schema-graph\">{\"@context\":\"https:\\\/\\\/schema.org\",\"@graph\":[{\"@type\":\"Article\",\"@id\":\"https:\\\/\\\/resources.workable.com\\\/fr\\\/coordinateur-du-recrutement-descriptif-de-poste#article\",\"isPartOf\":{\"@id\":\"https:\\\/\\\/resources.workable.com\\\/fr\\\/coordinateur-du-recrutement-descriptif-de-poste\"},\"author\":{\"name\":\"Christina Pavlou\",\"@id\":\"https:\\\/\\\/resources.workable.com\\\/fr\\\/#\\\/schema\\\/person\\\/b23289d8d63331621eee9e69103cd603\"},\"headline\":\"Descriptif de poste: Coordinateur du recrutement&nbsp;(f\\\/h\\\/autre)\",\"datePublished\":\"2020-01-08T11:07:46+00:00\",\"dateModified\":\"2020-02-06T13:17:38+00:00\",\"mainEntityOfPage\":{\"@id\":\"https:\\\/\\\/resources.workable.com\\\/fr\\\/coordinateur-du-recrutement-descriptif-de-poste\"},\"wordCount\":151,\"publisher\":{\"@id\":\"https:\\\/\\\/resources.workable.com\\\/fr\\\/#organization\"},\"image\":{\"@id\":\"https:\\\/\\\/resources.workable.com\\\/fr\\\/coordinateur-du-recrutement-descriptif-de-poste#primaryimage\"},\"thumbnailUrl\":\"https:\\\/\\\/resources.workable.com\\\/wp-content\\\/uploads\\\/2016\\\/07\\\/recruiting-coordinator-interview-questions.jpg\",\"articleSection\":[\"Descriptifs de postes\",\"Descriptifs de postes dans les Ressources humaines (RH)\"],\"inLanguage\":\"fr-FR\"},{\"@type\":\"WebPage\",\"@id\":\"https:\\\/\\\/resources.workable.com\\\/fr\\\/coordinateur-du-recrutement-descriptif-de-poste\",\"url\":\"https:\\\/\\\/resources.workable.com\\\/fr\\\/coordinateur-du-recrutement-descriptif-de-poste\",\"name\":\"Mod\u00e8le de descriptif de coordinateur(trice) recrutement | Workable\",\"isPartOf\":{\"@id\":\"https:\\\/\\\/resources.workable.com\\\/fr\\\/#website\"},\"primaryImageOfPage\":{\"@id\":\"https:\\\/\\\/resources.workable.com\\\/fr\\\/coordinateur-du-recrutement-descriptif-de-poste#primaryimage\"},\"image\":{\"@id\":\"https:\\\/\\\/resources.workable.com\\\/fr\\\/coordinateur-du-recrutement-descriptif-de-poste#primaryimage\"},\"thumbnailUrl\":\"https:\\\/\\\/resources.workable.com\\\/wp-content\\\/uploads\\\/2016\\\/07\\\/recruiting-coordinator-interview-questions.jpg\",\"datePublished\":\"2020-01-08T11:07:46+00:00\",\"dateModified\":\"2020-02-06T13:17:38+00:00\",\"description\":\"Ce mod\u00e8le de descriptif de poste de coordinateur(trice) recrutement vous servira \u00e0 attirer des candidats capables de g\u00e9rer tout le cycle de recrutement de votre entreprise.\",\"breadcrumb\":{\"@id\":\"https:\\\/\\\/resources.workable.com\\\/fr\\\/coordinateur-du-recrutement-descriptif-de-poste#breadcrumb\"},\"inLanguage\":\"fr-FR\",\"potentialAction\":[{\"@type\":\"ReadAction\",\"target\":[\"https:\\\/\\\/resources.workable.com\\\/fr\\\/coordinateur-du-recrutement-descriptif-de-poste\"]}]},{\"@type\":\"ImageObject\",\"inLanguage\":\"fr-FR\",\"@id\":\"https:\\\/\\\/resources.workable.com\\\/fr\\\/coordinateur-du-recrutement-descriptif-de-poste#primaryimage\",\"url\":\"https:\\\/\\\/resources.workable.com\\\/wp-content\\\/uploads\\\/2016\\\/07\\\/recruiting-coordinator-interview-questions.jpg\",\"contentUrl\":\"https:\\\/\\\/resources.workable.com\\\/wp-content\\\/uploads\\\/2016\\\/07\\\/recruiting-coordinator-interview-questions.jpg\"},{\"@type\":\"BreadcrumbList\",\"@id\":\"https:\\\/\\\/resources.workable.com\\\/fr\\\/coordinateur-du-recrutement-descriptif-de-poste#breadcrumb\",\"itemListElement\":[{\"@type\":\"ListItem\",\"position\":1,\"name\":\"Home\",\"item\":\"https:\\\/\\\/resources.workable.com\\\/fr\\\/\"},{\"@type\":\"ListItem\",\"position\":2,\"name\":\"Descriptif de poste: Coordinateur du recrutement&nbsp;(f\\\/h\\\/autre)\"}]},{\"@type\":\"WebSite\",\"@id\":\"https:\\\/\\\/resources.workable.com\\\/fr\\\/#website\",\"url\":\"https:\\\/\\\/resources.workable.com\\\/fr\\\/\",\"name\":\"Recruiting Resources: How to Recruit and Hire Better\",\"description\":\"\",\"publisher\":{\"@id\":\"https:\\\/\\\/resources.workable.com\\\/fr\\\/#organization\"},\"potentialAction\":[{\"@type\":\"SearchAction\",\"target\":{\"@type\":\"EntryPoint\",\"urlTemplate\":\"https:\\\/\\\/resources.workable.com\\\/fr\\\/?s={search_term_string}\"},\"query-input\":{\"@type\":\"PropertyValueSpecification\",\"valueRequired\":true,\"valueName\":\"search_term_string\"}}],\"inLanguage\":\"fr-FR\"},{\"@type\":\"Organization\",\"@id\":\"https:\\\/\\\/resources.workable.com\\\/fr\\\/#organization\",\"name\":\"Workable\",\"url\":\"https:\\\/\\\/resources.workable.com\\\/fr\\\/\",\"logo\":{\"@type\":\"ImageObject\",\"inLanguage\":\"fr-FR\",\"@id\":\"https:\\\/\\\/resources.workable.com\\\/fr\\\/#\\\/schema\\\/logo\\\/image\\\/\",\"url\":\"https:\\\/\\\/resources.workable.com\\\/wp-content\\\/uploads\\\/2017\\\/12\\\/logo-green.png\",\"contentUrl\":\"https:\\\/\\\/resources.workable.com\\\/wp-content\\\/uploads\\\/2017\\\/12\\\/logo-green.png\",\"width\":150,\"height\":25,\"caption\":\"Workable\"},\"image\":{\"@id\":\"https:\\\/\\\/resources.workable.com\\\/fr\\\/#\\\/schema\\\/logo\\\/image\\\/\"},\"sameAs\":[\"https:\\\/\\\/business.facebook.com\\\/workable\\\/\",\"https:\\\/\\\/x.com\\\/workable\",\"https:\\\/\\\/www.linkedin.com\\\/company\\\/workable-hr\\\/\"]},{\"@type\":\"Person\",\"@id\":\"https:\\\/\\\/resources.workable.com\\\/fr\\\/#\\\/schema\\\/person\\\/b23289d8d63331621eee9e69103cd603\",\"name\":\"Christina Pavlou\",\"image\":{\"@type\":\"ImageObject\",\"inLanguage\":\"fr-FR\",\"@id\":\"https:\\\/\\\/secure.gravatar.com\\\/avatar\\\/9ed48272d268bb7071cf243f8d2dcaeaa1f26feca5ecd3fbed59e0378447bc49?s=96&d=mm&r=pg\",\"url\":\"https:\\\/\\\/secure.gravatar.com\\\/avatar\\\/9ed48272d268bb7071cf243f8d2dcaeaa1f26feca5ecd3fbed59e0378447bc49?s=96&d=mm&r=pg\",\"contentUrl\":\"https:\\\/\\\/secure.gravatar.com\\\/avatar\\\/9ed48272d268bb7071cf243f8d2dcaeaa1f26feca5ecd3fbed59e0378447bc49?s=96&d=mm&r=pg\",\"caption\":\"Christina Pavlou\"},\"description\":\"Christina Pavlou was a writer at Workable for nearly four years, and previously a recruiter. She writes about diversity in the workplace and reports on the shape of things to come. You can find her on LinkedIn and Twitter.\",\"url\":\"https:\\\/\\\/resources.workable.com\\\/fr\\\/author\\\/christina\\\/\"}]}<\/script>\n<!-- \/ Yoast SEO Premium plugin. -->","yoast_head_json":{"title":"Mod\u00e8le de descriptif de coordinateur(trice) recrutement | Workable","description":"Ce mod\u00e8le de descriptif de poste de coordinateur(trice) recrutement vous servira \u00e0 attirer des candidats capables de g\u00e9rer tout le cycle de recrutement de votre entreprise.","robots":{"index":"index","follow":"follow","max-snippet":"max-snippet:-1","max-image-preview":"max-image-preview:large","max-video-preview":"max-video-preview:-1"},"canonical":"https:\/\/resources.workable.com\/fr\/coordinateur-du-recrutement-descriptif-de-poste\/","og_locale":"fr_FR","og_type":"article","og_title":"Descriptif de poste: Coordinateur du recrutement (f\/h\/autre)","og_description":"Ce mod\u00e8le de descriptif de poste de coordinateur(trice) recrutement vous servira \u00e0 attirer des candidats capables de g\u00e9rer tout le cycle de recrutement de votre entreprise.","og_url":"https:\/\/resources.workable.com\/fr\/coordinateur-du-recrutement-descriptif-de-poste","og_site_name":"Recruiting Resources: How to Recruit and Hire Better","article_publisher":"https:\/\/business.facebook.com\/workable\/","article_published_time":"2020-01-08T11:07:46+00:00","article_modified_time":"2020-02-06T13:17:38+00:00","og_image":[{"url":"https:\/\/resources.workable.com\/wp-content\/uploads\/2016\/07\/recruiting-coordinator-interview-questions.jpg","type":"","width":"","height":""}],"author":"Christina Pavlou","twitter_card":"summary_large_image","twitter_creator":"@workable","twitter_site":"@workable","twitter_misc":{"\u00c9crit par":"Christina Pavlou","Dur\u00e9e de lecture estim\u00e9e":"1 minute"},"schema":{"@context":"https:\/\/schema.org","@graph":[{"@type":"Article","@id":"https:\/\/resources.workable.com\/fr\/coordinateur-du-recrutement-descriptif-de-poste#article","isPartOf":{"@id":"https:\/\/resources.workable.com\/fr\/coordinateur-du-recrutement-descriptif-de-poste"},"author":{"name":"Christina Pavlou","@id":"https:\/\/resources.workable.com\/fr\/#\/schema\/person\/b23289d8d63331621eee9e69103cd603"},"headline":"Descriptif de poste: Coordinateur du recrutement&nbsp;(f\/h\/autre)","datePublished":"2020-01-08T11:07:46+00:00","dateModified":"2020-02-06T13:17:38+00:00","mainEntityOfPage":{"@id":"https:\/\/resources.workable.com\/fr\/coordinateur-du-recrutement-descriptif-de-poste"},"wordCount":151,"publisher":{"@id":"https:\/\/resources.workable.com\/fr\/#organization"},"image":{"@id":"https:\/\/resources.workable.com\/fr\/coordinateur-du-recrutement-descriptif-de-poste#primaryimage"},"thumbnailUrl":"https:\/\/resources.workable.com\/wp-content\/uploads\/2016\/07\/recruiting-coordinator-interview-questions.jpg","articleSection":["Descriptifs de postes","Descriptifs de postes dans les Ressources humaines (RH)"],"inLanguage":"fr-FR"},{"@type":"WebPage","@id":"https:\/\/resources.workable.com\/fr\/coordinateur-du-recrutement-descriptif-de-poste","url":"https:\/\/resources.workable.com\/fr\/coordinateur-du-recrutement-descriptif-de-poste","name":"Mod\u00e8le de descriptif de coordinateur(trice) recrutement | Workable","isPartOf":{"@id":"https:\/\/resources.workable.com\/fr\/#website"},"primaryImageOfPage":{"@id":"https:\/\/resources.workable.com\/fr\/coordinateur-du-recrutement-descriptif-de-poste#primaryimage"},"image":{"@id":"https:\/\/resources.workable.com\/fr\/coordinateur-du-recrutement-descriptif-de-poste#primaryimage"},"thumbnailUrl":"https:\/\/resources.workable.com\/wp-content\/uploads\/2016\/07\/recruiting-coordinator-interview-questions.jpg","datePublished":"2020-01-08T11:07:46+00:00","dateModified":"2020-02-06T13:17:38+00:00","description":"Ce mod\u00e8le de descriptif de poste de coordinateur(trice) recrutement vous servira \u00e0 attirer des candidats capables de g\u00e9rer tout le cycle de recrutement de votre entreprise.","breadcrumb":{"@id":"https:\/\/resources.workable.com\/fr\/coordinateur-du-recrutement-descriptif-de-poste#breadcrumb"},"inLanguage":"fr-FR","potentialAction":[{"@type":"ReadAction","target":["https:\/\/resources.workable.com\/fr\/coordinateur-du-recrutement-descriptif-de-poste"]}]},{"@type":"ImageObject","inLanguage":"fr-FR","@id":"https:\/\/resources.workable.com\/fr\/coordinateur-du-recrutement-descriptif-de-poste#primaryimage","url":"https:\/\/resources.workable.com\/wp-content\/uploads\/2016\/07\/recruiting-coordinator-interview-questions.jpg","contentUrl":"https:\/\/resources.workable.com\/wp-content\/uploads\/2016\/07\/recruiting-coordinator-interview-questions.jpg"},{"@type":"BreadcrumbList","@id":"https:\/\/resources.workable.com\/fr\/coordinateur-du-recrutement-descriptif-de-poste#breadcrumb","itemListElement":[{"@type":"ListItem","position":1,"name":"Home","item":"https:\/\/resources.workable.com\/fr\/"},{"@type":"ListItem","position":2,"name":"Descriptif de poste: Coordinateur du recrutement&nbsp;(f\/h\/autre)"}]},{"@type":"WebSite","@id":"https:\/\/resources.workable.com\/fr\/#website","url":"https:\/\/resources.workable.com\/fr\/","name":"Recruiting Resources: How to Recruit and Hire Better","description":"","publisher":{"@id":"https:\/\/resources.workable.com\/fr\/#organization"},"potentialAction":[{"@type":"SearchAction","target":{"@type":"EntryPoint","urlTemplate":"https:\/\/resources.workable.com\/fr\/?s={search_term_string}"},"query-input":{"@type":"PropertyValueSpecification","valueRequired":true,"valueName":"search_term_string"}}],"inLanguage":"fr-FR"},{"@type":"Organization","@id":"https:\/\/resources.workable.com\/fr\/#organization","name":"Workable","url":"https:\/\/resources.workable.com\/fr\/","logo":{"@type":"ImageObject","inLanguage":"fr-FR","@id":"https:\/\/resources.workable.com\/fr\/#\/schema\/logo\/image\/","url":"https:\/\/resources.workable.com\/wp-content\/uploads\/2017\/12\/logo-green.png","contentUrl":"https:\/\/resources.workable.com\/wp-content\/uploads\/2017\/12\/logo-green.png","width":150,"height":25,"caption":"Workable"},"image":{"@id":"https:\/\/resources.workable.com\/fr\/#\/schema\/logo\/image\/"},"sameAs":["https:\/\/business.facebook.com\/workable\/","https:\/\/x.com\/workable","https:\/\/www.linkedin.com\/company\/workable-hr\/"]},{"@type":"Person","@id":"https:\/\/resources.workable.com\/fr\/#\/schema\/person\/b23289d8d63331621eee9e69103cd603","name":"Christina Pavlou","image":{"@type":"ImageObject","inLanguage":"fr-FR","@id":"https:\/\/secure.gravatar.com\/avatar\/9ed48272d268bb7071cf243f8d2dcaeaa1f26feca5ecd3fbed59e0378447bc49?s=96&d=mm&r=pg","url":"https:\/\/secure.gravatar.com\/avatar\/9ed48272d268bb7071cf243f8d2dcaeaa1f26feca5ecd3fbed59e0378447bc49?s=96&d=mm&r=pg","contentUrl":"https:\/\/secure.gravatar.com\/avatar\/9ed48272d268bb7071cf243f8d2dcaeaa1f26feca5ecd3fbed59e0378447bc49?s=96&d=mm&r=pg","caption":"Christina Pavlou"},"description":"Christina Pavlou was a writer at Workable for nearly four years, and previously a recruiter. She writes about diversity in the workplace and reports on the shape of things to come. You can find her on LinkedIn and Twitter.","url":"https:\/\/resources.workable.com\/fr\/author\/christina\/"}]}},"modified_by":null,"custom_fields":{"brief":"Nous recherchons un(e) coordinateur(trice) recrutement qui rejoindra notre \u00e9quipe et qui participera au processus de recrutement du d\u00e9but \u00e0 la fin. Vous serez en charge de trouver les candidats, d'\u00e9valuer les CV, de programmer et de r\u00e9aliser les entretiens et de g\u00e9rer l'aspect administratif des recrutements.\r\n<h2>Quelles sont les t\u00e2ches d'un(e) coordinateur(trice) recrutement\u00a0?<\/h2>\r\nEn tant que coordinateur(trice) recrutement, vous aurez une connaissance approfondie des meilleures pratiques RH et saurez proposer des id\u00e9es novatrices. Si vous avez un excellent sens de la communication et \u00eates un(e) chasseur(se) de t\u00eates confirm\u00e9(e), nous voudrions vous rencontrer. Nous aimons travailler avec des gens qui savent r\u00e9fl\u00e9chir de mani\u00e8re non conventionnelle et qui respectent les d\u00e9lais.\r\n\r\nPour r\u00e9sumer, vous devrez savoir g\u00e9rer tout notre cycle de recrutement et vous assurer que nous avons toujours le personnel n\u00e9cessaire.","requirements":"<ul>\r\n \t<li>Exp\u00e9rience professionnelle av\u00e9r\u00e9e en tant que coordinateur(trice) recrutement ou recruteur(se)<\/li>\r\n \t<li>Excellent sens de la communication<\/li>\r\n \t<li>Capacit\u00e9 \u00e0 hi\u00e9rarchiser et \u00e0 terminer les projets dans les d\u00e9lais<\/li>\r\n \t<li>Excellente connaissance des politiques et des meilleures pratiques RH<\/li>\r\n \t<li>Exp\u00e9rience pratique de diff\u00e9rents processus de s\u00e9lection, comme les entretiens t\u00e9l\u00e9phoniques et la v\u00e9rification des r\u00e9f\u00e9rences<\/li>\r\n \t<li>Capacit\u00e9 \u00e0 r\u00e9aliser diff\u00e9rents types d'entretiens (ex. structur\u00e9, bas\u00e9 sur les comp\u00e9tences et comportemental)<\/li>\r\n \t<li>Familiarit\u00e9 avec les CV-th\u00e8ques, les ATS et les syst\u00e8mes de gestion des candidats<\/li>\r\n \t<li>Capacit\u00e9 \u00e0 utiliser les tests psychom\u00e9triques et autres outils d'\u00e9valuation<\/li>\r\n \t<li>Bonne connaissance des m\u00e9dias sociaux, en particulier LinkedIn<\/li>\r\n \t<li>Licence en gestion des ressources humaines, psychologie du travail ou dans un autre domaine pertinent<\/li>\r\n<\/ul>","responsibilities":"<ul>\r\n \t<li>\u00c9laborer et mettre en place la strat\u00e9gie globale de recrutement<\/li>\r\n \t<li>S'entretenir avec les responsables pour d\u00e9couvrir les besoins en personnel et les objectifs sp\u00e9cifiques des postes<\/li>\r\n \t<li>R\u00e9diger et publier les descriptifs des postes sur les sites d'emploi, dans les journaux et aupr\u00e8s des universit\u00e9s<\/li>\r\n \t<li>Trouver des candidats en utilisant les bases de donn\u00e9es et les r\u00e9seaux sociaux<\/li>\r\n \t<li>\u00c9valuer et filtrer les CV et lettres de motivation<\/li>\r\n \t<li>Utiliser les outils de recrutement comme les tests et missions pour \u00e9valuer les comp\u00e9tences des candidats<\/li>\r\n \t<li>R\u00e9aliser les entretiens t\u00e9l\u00e9phoniques, par Skype et\/ou en personne<\/li>\r\n \t<li>Fournir une liste r\u00e9duite de candidats qualifi\u00e9s aux responsables de l'embauche<\/li>\r\n \t<li>Aider l'\u00e9quipe concernant les m\u00e9thodes de recrutement et les questions \u00e0 poser en entretien<\/li>\r\n \t<li>Contacter les nouveaux employ\u00e9s et pr\u00e9parer les sessions d'int\u00e9gration<\/li>\r\n \t<li>Pr\u00e9parer les documents d'embauche en s'assurant du respect du Droit du travail<\/li>\r\n \t<li>Tenir un registre complet des entretiens et des nouvelles embauches<\/li>\r\n \t<li>Rester au courant des m\u00e9thodes de recrutement actuelles<\/li>\r\n \t<li>Assister \u00e0 des salons de l'emploi et \u00e9v\u00e9nements de recrutement<\/li>\r\n<\/ul>","see_more":"<h2>Ressources suppl\u00e9mentaires\u00a0:<\/h2>\r\n<ul>\r\n \t<li><a href=\"https:\/\/resources.workable.com\/tutorial\/recruiter-career-success\">Comment \u00eatre un(e) excellent(e) recruteur(se)<\/a><\/li>\r\n<\/ul>"},"_links":{"self":[{"href":"https:\/\/resources.workable.com\/fr\/wp-json\/wp\/v2\/posts\/49754","targetHints":{"allow":["GET"]}}],"collection":[{"href":"https:\/\/resources.workable.com\/fr\/wp-json\/wp\/v2\/posts"}],"about":[{"href":"https:\/\/resources.workable.com\/fr\/wp-json\/wp\/v2\/types\/post"}],"author":[{"embeddable":true,"href":"https:\/\/resources.workable.com\/fr\/wp-json\/wp\/v2\/users\/41"}],"replies":[{"embeddable":true,"href":"https:\/\/resources.workable.com\/fr\/wp-json\/wp\/v2\/comments?post=49754"}],"version-history":[{"count":0,"href":"https:\/\/resources.workable.com\/fr\/wp-json\/wp\/v2\/posts\/49754\/revisions"}],"wp:attachment":[{"href":"https:\/\/resources.workable.com\/fr\/wp-json\/wp\/v2\/media?parent=49754"}],"wp:term":[{"taxonomy":"category","embeddable":true,"href":"https:\/\/resources.workable.com\/fr\/wp-json\/wp\/v2\/categories?post=49754"},{"taxonomy":"post_tag","embeddable":true,"href":"https:\/\/resources.workable.com\/fr\/wp-json\/wp\/v2\/tags?post=49754"}],"curies":[{"name":"wp","href":"https:\/\/api.w.org\/{rel}","templated":true}]}}