{"id":49494,"date":"2020-01-08T11:07:41","date_gmt":"2020-01-08T11:07:41","guid":{"rendered":"https:\/\/resources.workable.com\/?p=49494"},"modified":"2020-02-06T13:21:36","modified_gmt":"2020-02-06T13:21:36","slug":"descriptif-de-poste-coordinateur-rh-f-h-autre","status":"publish","type":"post","link":"https:\/\/resources.workable.com\/fr\/coordinateur-rh-descriptif-de-poste","title":{"rendered":"Descriptif de poste: Coordinateur RH&nbsp;(f\/h\/autre)"},"content":{"rendered":"<p>Ce mod\u00e8le de descriptif de poste de coordinateur(trice) RH a \u00e9t\u00e9 optimis\u00e9 pour \u00eatre publi\u00e9 sur des sites d&rsquo;annonces ou des pages d&#8217;emploi en ligne, et \u00eatre facilement personnalis\u00e9 pour votre entreprise Intitul\u00e9s de postes similaires: <a href=\"https:\/\/resources.workable.com\/hr-assistant-job-description\">Assistant(e) RH<\/a>, <a href=\"https:\/\/resources.workable.com\/hr-administrative-assistant-job-description\">Adjoint(e) administratif(ve) RH<\/a>, <a href=\"https:\/\/resources.workable.com\/hr-specialist-job-description\">Sp\u00e9cialiste RH<\/a> et Chef RH.<\/p>\n<h2>Les responsabilit\u00e9s du coordinateur\/de la coordinatrice RH incluent:<\/h2>\n<ul>\n<li><span style=\"font-weight: 400;\">R\u00e9pondre aux demandes et questions internes et externes concernant les RH et apporter de l&rsquo;aide<\/span><\/li>\n<li><span style=\"font-weight: 400;\">Rediriger les appels li\u00e9s aux RH ou transmettre la correspondance \u00e0 la bonne personne dans l&rsquo;\u00e9quipe<\/span><\/li>\n<li><span style=\"font-weight: 400;\">Tenir les registres des donn\u00e9es relatives au personnel sur papier et dans les bases de donn\u00e9es, et assurer le respect de toutes les exigences li\u00e9es \u00e0 l&#8217;emploi<\/span><\/li>\n<\/ul>\n<p><img loading=\"lazy\" decoding=\"async\" class=\"size-large wp-image-3696 aligncenter\" src=\"https:\/\/resources.workable.com\/wp-content\/uploads\/2015\/11\/hr-coordinator1-640x230.jpg\" alt=\"Descriptif du poste de coordinateur(trice) RH\" width=\"640\" height=\"230\" srcset=\"https:\/\/resources.workable.com\/wp-content\/uploads\/2015\/11\/hr-coordinator1.jpg 640w, https:\/\/resources.workable.com\/wp-content\/uploads\/2015\/11\/hr-coordinator1-200x72.jpg 200w, https:\/\/resources.workable.com\/wp-content\/uploads\/2015\/11\/hr-coordinator1-560x201.jpg 560w\" sizes=\"auto, (max-width: 640px) 100vw, 640px\" \/> <em><strong>Vous souhaitez recruter un(e) coordinateur(trice) RH\u00a0? <a href=\"https:\/\/www.workable.com\/post-jobs-for-free\/customize?wid=2599&amp;utm_page=hr-coordinator-job-description&amp;utm_program=ad-unit-right&amp;utm_tracking=job-descriptions-human-resources-job-descriptions\">Inscrivez-vous et b\u00e9n\u00e9ficiez d&rsquo;un essai gratuit d&rsquo;une dur\u00e9e de 15 jours avec Workable <\/a> pour publier une annonce pour ce poste et embaucher mieux et plus rapidement.<\/strong><\/em><\/p>\n","protected":false},"excerpt":{"rendered":"<p>Ce mod\u00e8le de descriptif de poste de coordinateur(trice) RH a \u00e9t\u00e9 optimis\u00e9 pour \u00eatre publi\u00e9 sur des sites d&rsquo;annonces ou des pages d&#8217;emploi en ligne, et \u00eatre facilement personnalis\u00e9 pour votre entreprise Intitul\u00e9s de postes similaires: Assistant(e) RH, Adjoint(e) administratif(ve) RH, Sp\u00e9cialiste RH et Chef RH. Les responsabilit\u00e9s du coordinateur\/de la coordinatrice RH incluent: R\u00e9pondre [&hellip;]<\/p>\n","protected":false},"author":28,"featured_media":0,"comment_status":"closed","ping_status":"closed","sticky":false,"template":"","format":"standard","meta":{"_acf_changed":false,"_lmt_disableupdate":"no","_lmt_disable":"","_has_post_settings":[],"footnotes":""},"categories":[1041,1283],"tags":[1282],"class_list":["post-49494","post","type-post","status-publish","format-standard","hentry","category-descriptifs-de-postes","category-descriptifs-de-postes-dans-les-ressources-humaines-rh","tag-sample-hr-fr"],"acf":[],"yoast_head":"<!-- This site is optimized with the Yoast SEO Premium plugin v27.4 (Yoast SEO v27.4) - https:\/\/yoast.com\/product\/yoast-seo-premium-wordpress\/ -->\n<title>Mod\u00e8le de descriptif de poste de Coordinateur(-trice) RH | Workable<\/title>\n<meta name=\"description\" content=\"Ce mod\u00e8le de descriptif de poste de coordinateur(trice) RH est optimis\u00e9 pour recruter les meilleurs candidats \u00e0 ce poste pour votre organisation.\" \/>\n<meta name=\"robots\" content=\"index, follow, max-snippet:-1, max-image-preview:large, max-video-preview:-1\" \/>\n<link rel=\"canonical\" href=\"https:\/\/resources.workable.com\/fr\/coordinateur-rh-descriptif-de-poste\/\" \/>\n<meta property=\"og:locale\" content=\"fr_FR\" \/>\n<meta property=\"og:type\" content=\"article\" \/>\n<meta property=\"og:title\" content=\"Descriptif de poste: Coordinateur RH (f\/h\/autre)\" \/>\n<meta property=\"og:description\" content=\"Ce mod\u00e8le de descriptif de poste de coordinateur(trice) RH est optimis\u00e9 pour recruter les meilleurs candidats \u00e0 ce poste pour votre organisation.\" \/>\n<meta property=\"og:url\" content=\"https:\/\/resources.workable.com\/fr\/coordinateur-rh-descriptif-de-poste\" \/>\n<meta property=\"og:site_name\" content=\"Recruiting Resources: How to Recruit and Hire Better\" \/>\n<meta property=\"article:publisher\" content=\"https:\/\/business.facebook.com\/workable\/\" \/>\n<meta property=\"article:published_time\" content=\"2020-01-08T11:07:41+00:00\" \/>\n<meta property=\"article:modified_time\" content=\"2020-02-06T13:21:36+00:00\" \/>\n<meta property=\"og:image\" content=\"https:\/\/resources.workable.com\/wp-content\/uploads\/2015\/11\/hr-coordinator1-640x230.jpg\" \/>\n<meta name=\"author\" content=\"Nikoletta Bika\" \/>\n<meta name=\"twitter:card\" content=\"summary_large_image\" \/>\n<meta name=\"twitter:creator\" content=\"@workable\" \/>\n<meta name=\"twitter:site\" content=\"@workable\" \/>\n<meta name=\"twitter:label1\" content=\"\u00c9crit par\" \/>\n\t<meta name=\"twitter:data1\" content=\"Nikoletta Bika\" \/>\n\t<meta name=\"twitter:label2\" content=\"Dur\u00e9e de lecture estim\u00e9e\" \/>\n\t<meta name=\"twitter:data2\" content=\"1 minute\" \/>\n<script type=\"application\/ld+json\" class=\"yoast-schema-graph\">{\"@context\":\"https:\\\/\\\/schema.org\",\"@graph\":[{\"@type\":\"Article\",\"@id\":\"https:\\\/\\\/resources.workable.com\\\/fr\\\/coordinateur-rh-descriptif-de-poste#article\",\"isPartOf\":{\"@id\":\"https:\\\/\\\/resources.workable.com\\\/fr\\\/coordinateur-rh-descriptif-de-poste\"},\"author\":{\"name\":\"Nikoletta Bika\",\"@id\":\"https:\\\/\\\/resources.workable.com\\\/fr\\\/#\\\/schema\\\/person\\\/bddaa2e41481e7c9ef2328432ea089e7\"},\"headline\":\"Descriptif de poste: Coordinateur RH&nbsp;(f\\\/h\\\/autre)\",\"datePublished\":\"2020-01-08T11:07:41+00:00\",\"dateModified\":\"2020-02-06T13:21:36+00:00\",\"mainEntityOfPage\":{\"@id\":\"https:\\\/\\\/resources.workable.com\\\/fr\\\/coordinateur-rh-descriptif-de-poste\"},\"wordCount\":175,\"publisher\":{\"@id\":\"https:\\\/\\\/resources.workable.com\\\/fr\\\/#organization\"},\"image\":{\"@id\":\"https:\\\/\\\/resources.workable.com\\\/fr\\\/coordinateur-rh-descriptif-de-poste#primaryimage\"},\"thumbnailUrl\":\"https:\\\/\\\/resources.workable.com\\\/wp-content\\\/uploads\\\/2015\\\/11\\\/hr-coordinator1-640x230.jpg\",\"keywords\":[\"sample-hr\"],\"articleSection\":[\"Descriptifs de postes\",\"Descriptifs de postes dans les Ressources humaines (RH)\"],\"inLanguage\":\"fr-FR\"},{\"@type\":\"WebPage\",\"@id\":\"https:\\\/\\\/resources.workable.com\\\/fr\\\/coordinateur-rh-descriptif-de-poste\",\"url\":\"https:\\\/\\\/resources.workable.com\\\/fr\\\/coordinateur-rh-descriptif-de-poste\",\"name\":\"Mod\u00e8le de descriptif de poste de Coordinateur(-trice) RH | Workable\",\"isPartOf\":{\"@id\":\"https:\\\/\\\/resources.workable.com\\\/fr\\\/#website\"},\"primaryImageOfPage\":{\"@id\":\"https:\\\/\\\/resources.workable.com\\\/fr\\\/coordinateur-rh-descriptif-de-poste#primaryimage\"},\"image\":{\"@id\":\"https:\\\/\\\/resources.workable.com\\\/fr\\\/coordinateur-rh-descriptif-de-poste#primaryimage\"},\"thumbnailUrl\":\"https:\\\/\\\/resources.workable.com\\\/wp-content\\\/uploads\\\/2015\\\/11\\\/hr-coordinator1-640x230.jpg\",\"datePublished\":\"2020-01-08T11:07:41+00:00\",\"dateModified\":\"2020-02-06T13:21:36+00:00\",\"description\":\"Ce mod\u00e8le de descriptif de poste de coordinateur(trice) RH est optimis\u00e9 pour recruter les meilleurs candidats \u00e0 ce poste pour votre organisation.\",\"breadcrumb\":{\"@id\":\"https:\\\/\\\/resources.workable.com\\\/fr\\\/coordinateur-rh-descriptif-de-poste#breadcrumb\"},\"inLanguage\":\"fr-FR\",\"potentialAction\":[{\"@type\":\"ReadAction\",\"target\":[\"https:\\\/\\\/resources.workable.com\\\/fr\\\/coordinateur-rh-descriptif-de-poste\"]}]},{\"@type\":\"ImageObject\",\"inLanguage\":\"fr-FR\",\"@id\":\"https:\\\/\\\/resources.workable.com\\\/fr\\\/coordinateur-rh-descriptif-de-poste#primaryimage\",\"url\":\"https:\\\/\\\/resources.workable.com\\\/wp-content\\\/uploads\\\/2015\\\/11\\\/hr-coordinator1-640x230.jpg\",\"contentUrl\":\"https:\\\/\\\/resources.workable.com\\\/wp-content\\\/uploads\\\/2015\\\/11\\\/hr-coordinator1-640x230.jpg\"},{\"@type\":\"BreadcrumbList\",\"@id\":\"https:\\\/\\\/resources.workable.com\\\/fr\\\/coordinateur-rh-descriptif-de-poste#breadcrumb\",\"itemListElement\":[{\"@type\":\"ListItem\",\"position\":1,\"name\":\"Home\",\"item\":\"https:\\\/\\\/resources.workable.com\\\/fr\\\/\"},{\"@type\":\"ListItem\",\"position\":2,\"name\":\"Descriptif de poste: Coordinateur RH&nbsp;(f\\\/h\\\/autre)\"}]},{\"@type\":\"WebSite\",\"@id\":\"https:\\\/\\\/resources.workable.com\\\/fr\\\/#website\",\"url\":\"https:\\\/\\\/resources.workable.com\\\/fr\\\/\",\"name\":\"Recruiting Resources: How to Recruit and Hire Better\",\"description\":\"\",\"publisher\":{\"@id\":\"https:\\\/\\\/resources.workable.com\\\/fr\\\/#organization\"},\"potentialAction\":[{\"@type\":\"SearchAction\",\"target\":{\"@type\":\"EntryPoint\",\"urlTemplate\":\"https:\\\/\\\/resources.workable.com\\\/fr\\\/?s={search_term_string}\"},\"query-input\":{\"@type\":\"PropertyValueSpecification\",\"valueRequired\":true,\"valueName\":\"search_term_string\"}}],\"inLanguage\":\"fr-FR\"},{\"@type\":\"Organization\",\"@id\":\"https:\\\/\\\/resources.workable.com\\\/fr\\\/#organization\",\"name\":\"Workable\",\"url\":\"https:\\\/\\\/resources.workable.com\\\/fr\\\/\",\"logo\":{\"@type\":\"ImageObject\",\"inLanguage\":\"fr-FR\",\"@id\":\"https:\\\/\\\/resources.workable.com\\\/fr\\\/#\\\/schema\\\/logo\\\/image\\\/\",\"url\":\"https:\\\/\\\/resources.workable.com\\\/wp-content\\\/uploads\\\/2017\\\/12\\\/logo-green.png\",\"contentUrl\":\"https:\\\/\\\/resources.workable.com\\\/wp-content\\\/uploads\\\/2017\\\/12\\\/logo-green.png\",\"width\":150,\"height\":25,\"caption\":\"Workable\"},\"image\":{\"@id\":\"https:\\\/\\\/resources.workable.com\\\/fr\\\/#\\\/schema\\\/logo\\\/image\\\/\"},\"sameAs\":[\"https:\\\/\\\/business.facebook.com\\\/workable\\\/\",\"https:\\\/\\\/x.com\\\/workable\",\"https:\\\/\\\/www.linkedin.com\\\/company\\\/workable-hr\\\/\"]},{\"@type\":\"Person\",\"@id\":\"https:\\\/\\\/resources.workable.com\\\/fr\\\/#\\\/schema\\\/person\\\/bddaa2e41481e7c9ef2328432ea089e7\",\"name\":\"Nikoletta Bika\",\"image\":{\"@type\":\"ImageObject\",\"inLanguage\":\"fr-FR\",\"@id\":\"https:\\\/\\\/secure.gravatar.com\\\/avatar\\\/777bf31309608e9152307199dd8aa97ff19f24849526f1b2b50f11b9ea40fca3?s=96&d=mm&r=pg\",\"url\":\"https:\\\/\\\/secure.gravatar.com\\\/avatar\\\/777bf31309608e9152307199dd8aa97ff19f24849526f1b2b50f11b9ea40fca3?s=96&d=mm&r=pg\",\"contentUrl\":\"https:\\\/\\\/secure.gravatar.com\\\/avatar\\\/777bf31309608e9152307199dd8aa97ff19f24849526f1b2b50f11b9ea40fca3?s=96&d=mm&r=pg\",\"caption\":\"Nikoletta Bika\"},\"description\":\"Nikoletta Bika was a senior writer at Workable for nearly four and a half years. She holds an MSc in HR and has written extensively about all things HR and recruiting, with a particular interest in bias, data, technology, legal compliance, and the future of work. She hates meaningless jargon and dreams about space travel.\",\"sameAs\":[\"http:\\\/\\\/workable.com\"],\"url\":\"https:\\\/\\\/resources.workable.com\\\/fr\\\/author\\\/nikoletta-bika\\\/\"}]}<\/script>\n<!-- \/ Yoast SEO Premium plugin. -->","yoast_head_json":{"title":"Mod\u00e8le de descriptif de poste de Coordinateur(-trice) RH | Workable","description":"Ce mod\u00e8le de descriptif de poste de coordinateur(trice) RH est optimis\u00e9 pour recruter les meilleurs candidats \u00e0 ce poste pour votre organisation.","robots":{"index":"index","follow":"follow","max-snippet":"max-snippet:-1","max-image-preview":"max-image-preview:large","max-video-preview":"max-video-preview:-1"},"canonical":"https:\/\/resources.workable.com\/fr\/coordinateur-rh-descriptif-de-poste\/","og_locale":"fr_FR","og_type":"article","og_title":"Descriptif de poste: Coordinateur RH (f\/h\/autre)","og_description":"Ce mod\u00e8le de descriptif de poste de coordinateur(trice) RH est optimis\u00e9 pour recruter les meilleurs candidats \u00e0 ce poste pour votre organisation.","og_url":"https:\/\/resources.workable.com\/fr\/coordinateur-rh-descriptif-de-poste","og_site_name":"Recruiting Resources: How to Recruit and Hire Better","article_publisher":"https:\/\/business.facebook.com\/workable\/","article_published_time":"2020-01-08T11:07:41+00:00","article_modified_time":"2020-02-06T13:21:36+00:00","og_image":[{"url":"https:\/\/resources.workable.com\/wp-content\/uploads\/2015\/11\/hr-coordinator1-640x230.jpg","type":"","width":"","height":""}],"author":"Nikoletta Bika","twitter_card":"summary_large_image","twitter_creator":"@workable","twitter_site":"@workable","twitter_misc":{"\u00c9crit par":"Nikoletta Bika","Dur\u00e9e de lecture estim\u00e9e":"1 minute"},"schema":{"@context":"https:\/\/schema.org","@graph":[{"@type":"Article","@id":"https:\/\/resources.workable.com\/fr\/coordinateur-rh-descriptif-de-poste#article","isPartOf":{"@id":"https:\/\/resources.workable.com\/fr\/coordinateur-rh-descriptif-de-poste"},"author":{"name":"Nikoletta Bika","@id":"https:\/\/resources.workable.com\/fr\/#\/schema\/person\/bddaa2e41481e7c9ef2328432ea089e7"},"headline":"Descriptif de poste: Coordinateur RH&nbsp;(f\/h\/autre)","datePublished":"2020-01-08T11:07:41+00:00","dateModified":"2020-02-06T13:21:36+00:00","mainEntityOfPage":{"@id":"https:\/\/resources.workable.com\/fr\/coordinateur-rh-descriptif-de-poste"},"wordCount":175,"publisher":{"@id":"https:\/\/resources.workable.com\/fr\/#organization"},"image":{"@id":"https:\/\/resources.workable.com\/fr\/coordinateur-rh-descriptif-de-poste#primaryimage"},"thumbnailUrl":"https:\/\/resources.workable.com\/wp-content\/uploads\/2015\/11\/hr-coordinator1-640x230.jpg","keywords":["sample-hr"],"articleSection":["Descriptifs de postes","Descriptifs de postes dans les Ressources humaines (RH)"],"inLanguage":"fr-FR"},{"@type":"WebPage","@id":"https:\/\/resources.workable.com\/fr\/coordinateur-rh-descriptif-de-poste","url":"https:\/\/resources.workable.com\/fr\/coordinateur-rh-descriptif-de-poste","name":"Mod\u00e8le de descriptif de poste de Coordinateur(-trice) RH | Workable","isPartOf":{"@id":"https:\/\/resources.workable.com\/fr\/#website"},"primaryImageOfPage":{"@id":"https:\/\/resources.workable.com\/fr\/coordinateur-rh-descriptif-de-poste#primaryimage"},"image":{"@id":"https:\/\/resources.workable.com\/fr\/coordinateur-rh-descriptif-de-poste#primaryimage"},"thumbnailUrl":"https:\/\/resources.workable.com\/wp-content\/uploads\/2015\/11\/hr-coordinator1-640x230.jpg","datePublished":"2020-01-08T11:07:41+00:00","dateModified":"2020-02-06T13:21:36+00:00","description":"Ce mod\u00e8le de descriptif de poste de coordinateur(trice) RH est optimis\u00e9 pour recruter les meilleurs candidats \u00e0 ce poste pour votre organisation.","breadcrumb":{"@id":"https:\/\/resources.workable.com\/fr\/coordinateur-rh-descriptif-de-poste#breadcrumb"},"inLanguage":"fr-FR","potentialAction":[{"@type":"ReadAction","target":["https:\/\/resources.workable.com\/fr\/coordinateur-rh-descriptif-de-poste"]}]},{"@type":"ImageObject","inLanguage":"fr-FR","@id":"https:\/\/resources.workable.com\/fr\/coordinateur-rh-descriptif-de-poste#primaryimage","url":"https:\/\/resources.workable.com\/wp-content\/uploads\/2015\/11\/hr-coordinator1-640x230.jpg","contentUrl":"https:\/\/resources.workable.com\/wp-content\/uploads\/2015\/11\/hr-coordinator1-640x230.jpg"},{"@type":"BreadcrumbList","@id":"https:\/\/resources.workable.com\/fr\/coordinateur-rh-descriptif-de-poste#breadcrumb","itemListElement":[{"@type":"ListItem","position":1,"name":"Home","item":"https:\/\/resources.workable.com\/fr\/"},{"@type":"ListItem","position":2,"name":"Descriptif de poste: Coordinateur RH&nbsp;(f\/h\/autre)"}]},{"@type":"WebSite","@id":"https:\/\/resources.workable.com\/fr\/#website","url":"https:\/\/resources.workable.com\/fr\/","name":"Recruiting Resources: How to Recruit and Hire Better","description":"","publisher":{"@id":"https:\/\/resources.workable.com\/fr\/#organization"},"potentialAction":[{"@type":"SearchAction","target":{"@type":"EntryPoint","urlTemplate":"https:\/\/resources.workable.com\/fr\/?s={search_term_string}"},"query-input":{"@type":"PropertyValueSpecification","valueRequired":true,"valueName":"search_term_string"}}],"inLanguage":"fr-FR"},{"@type":"Organization","@id":"https:\/\/resources.workable.com\/fr\/#organization","name":"Workable","url":"https:\/\/resources.workable.com\/fr\/","logo":{"@type":"ImageObject","inLanguage":"fr-FR","@id":"https:\/\/resources.workable.com\/fr\/#\/schema\/logo\/image\/","url":"https:\/\/resources.workable.com\/wp-content\/uploads\/2017\/12\/logo-green.png","contentUrl":"https:\/\/resources.workable.com\/wp-content\/uploads\/2017\/12\/logo-green.png","width":150,"height":25,"caption":"Workable"},"image":{"@id":"https:\/\/resources.workable.com\/fr\/#\/schema\/logo\/image\/"},"sameAs":["https:\/\/business.facebook.com\/workable\/","https:\/\/x.com\/workable","https:\/\/www.linkedin.com\/company\/workable-hr\/"]},{"@type":"Person","@id":"https:\/\/resources.workable.com\/fr\/#\/schema\/person\/bddaa2e41481e7c9ef2328432ea089e7","name":"Nikoletta Bika","image":{"@type":"ImageObject","inLanguage":"fr-FR","@id":"https:\/\/secure.gravatar.com\/avatar\/777bf31309608e9152307199dd8aa97ff19f24849526f1b2b50f11b9ea40fca3?s=96&d=mm&r=pg","url":"https:\/\/secure.gravatar.com\/avatar\/777bf31309608e9152307199dd8aa97ff19f24849526f1b2b50f11b9ea40fca3?s=96&d=mm&r=pg","contentUrl":"https:\/\/secure.gravatar.com\/avatar\/777bf31309608e9152307199dd8aa97ff19f24849526f1b2b50f11b9ea40fca3?s=96&d=mm&r=pg","caption":"Nikoletta Bika"},"description":"Nikoletta Bika was a senior writer at Workable for nearly four and a half years. She holds an MSc in HR and has written extensively about all things HR and recruiting, with a particular interest in bias, data, technology, legal compliance, and the future of work. She hates meaningless jargon and dreams about space travel.","sameAs":["http:\/\/workable.com"],"url":"https:\/\/resources.workable.com\/fr\/author\/nikoletta-bika\/"}]}},"modified_by":"Zina Panagopoulou","custom_fields":{"brief":"Nous recherchons un(e) Coordinateur(trice) RH qui effectuera diff\u00e9rentes t\u00e2ches administratives dans les RH. Vous faciliterez les fonctions RH quotidiennes, comme la tenue des registres des employ\u00e9s, et contribuerez aux <a href=\"https:\/\/get.workable.com\/structured-interviews-101\/\" target=\"_blank\" rel=\"noopener\">processus d'entretiens<\/a>. Votre poste implique \u00e9galement d'effectuer des t\u00e2ches consistant principalement \u00e0 renforcer la <a href=\"https:\/\/resources.workable.com\/blog\/talent-pipeline\" target=\"_blank\" rel=\"noopener\">r\u00e9serve de talents<\/a> de notre entreprise et \u00e0 am\u00e9liorer nos <a href=\"https:\/\/resources.workable.com\/tutorial\/refine-recruitment-sourcing-strategy\" target=\"_blank\" rel=\"noopener\">tactiques de sourcing<\/a>.\r\n\r\nLe\/la candidat(e) id\u00e9al(e) aura une excellente connaissance des Ressources Humaines ainsi que des t\u00e2ches administratives g\u00e9n\u00e9rales. Il\/elle sera capable de travailler de mani\u00e8re autonome et efficace pour assurer le fonctionnement de bout-en-bout des projets et op\u00e9rations RH. Pour r\u00e9ussir \u00e0 ce poste, vous devrez savoir utiliser les logiciels et outils RH.\r\n\r\nPour r\u00e9sumer, vous devrez pouvoir contribuer \u00e0 la r\u00e9alisation d'objectifs et de r\u00e9sultats sp\u00e9cifiques pour le service RH et l'entreprise dans son ensemble.","requirements":"<ul>\r\n \t<li><span style=\"font-weight: 400;\">Exp\u00e9rience av\u00e9r\u00e9e en tant que coordinateur(trice) RH ou \u00e0 un autre poste pertinent dans les ressources humaines\/l'administratif<\/span><\/li>\r\n \t<li><span style=\"font-weight: 400;\">Bonne connaissance des processus et <a href=\"https:\/\/resources.workable.com\/blog\/hr-best-practices-su-joun\">meilleures pratiques<\/a> dans les RH<\/span><\/li>\r\n \t<li><span style=\"font-weight: 400;\">Excellente ma\u00eetrise de MS Office (en particulier Excel et Powerpoint)<\/span><\/li>\r\n \t<li><span style=\"font-weight: 400;\">Exp\u00e9rience des bases de donn\u00e9es de RH et des syst\u00e8mes SIRH (ex. Virtual Edge)<\/span><\/li>\r\n \t<li>Capacit\u00e9 \u00e0 travailler sur logiciel ATS<\/li>\r\n \t<li>Connaissance approfondie des\u00a0<a href=\"https:\/\/resources.workable.com\/tutorial\/sourcing-tools\" target=\"_blank\" rel=\"noopener\">outils de sourcing<\/a>, comme les CV-th\u00e8ques et les communaut\u00e9s en ligne<\/li>\r\n \t<li>Habitude du <a href=\"https:\/\/resources.workable.com\/tutorial\/recruit-on-facebook\" target=\"_blank\" rel=\"noopener\">recrutement via les r\u00e9seaux sociaux<\/a><\/li>\r\n \t<li><span style=\"font-weight: 400;\">Excellentes comp\u00e9tences de communication et interpersonnelles<\/span><\/li>\r\n \t<li><span style=\"font-weight: 400;\">Capacit\u00e9 \u00e0 traiter les donn\u00e9es en respectant leur confidentialit\u00e9<\/span><\/li>\r\n \t<li><span style=\"font-weight: 400;\">Bon sens de l'organisation et de la gestion du temps<\/span><\/li>\r\n \t<li><span style=\"font-weight: 400;\">Une certification CIPD serait un plus<\/span><\/li>\r\n \t<li><span style=\"font-weight: 400;\">Licence en administration d'entreprises ou dans un autre domaine pertinent\u00a0; une formation suppl\u00e9mentaire en gestion des ressources humaines serait un plus<\/span><\/li>\r\n<\/ul>","responsibilities":"<ul>\r\n \t<li><span style=\"font-weight: 400;\">R\u00e9pondre aux demandes et questions internes et externes concernant les RH et apporter de l'aide<\/span><\/li>\r\n \t<li><span style=\"font-weight: 400;\">Rediriger les appels li\u00e9s aux RH ou transmettre la correspondance \u00e0 la bonne personne dans l'\u00e9quipe<\/span><\/li>\r\n \t<li><span style=\"font-weight: 400;\">Tenir les registres des donn\u00e9es relatives au personnel (paies, informations personnelles, cong\u00e9s, taux de rotation, etc.) sur papier et dans les bases de donn\u00e9es, et assurer le respect de toutes les exigences li\u00e9es \u00e0 l'emploi<\/span><\/li>\r\n \t<li><span style=\"font-weight: 400;\">Coop\u00e9rer avec les autres services ou fonctions (paie, avantages, etc.)<\/span><\/li>\r\n \t<li><span style=\"font-weight: 400;\">Contribuer au processus de recrutement\/d'embauche, notamment en participant \u00e0 la <a href=\"https:\/\/resources.workable.com\/recruiter-email-templates\" target=\"_blank\" rel=\"noopener\">recherche de candidats<\/a>, aux <a href=\"https:\/\/resources.workable.com\/tutorial\/background-check-red-flags\" target=\"_blank\" rel=\"noopener\">v\u00e9rifications de CV<\/a>, \u00e0 la d\u00e9finition des listes r\u00e9duites, \u00e0 la r\u00e9daction des contrats de travail, etc. <\/span><\/li>\r\n \t<li><span style=\"font-weight: 400;\">Aider les superviseurs dans les proc\u00e9dures de gestion des performances<\/span><\/li>\r\n \t<li><span style=\"font-weight: 400;\">Programmer les r\u00e9unions, les entretiens, les \u00e9v\u00e9nements RH, etc., ainsi que l'ordre du jour de l'\u00e9quipe<\/span><\/li>\r\n \t<li>Coordonner les sessions et s\u00e9minaires de formation<\/li>\r\n \t<li><span style=\"font-weight: 400;\">Se charger de l'orientation et de l'int\u00e9gration, ainsi que de mettre \u00e0 jour les registres avec les nouvelles embauches<\/span><\/li>\r\n \t<li><span style=\"font-weight: 400;\">R\u00e9diger et soumettre des rapports concernant les activit\u00e9s RH en g\u00e9n\u00e9ral<\/span><\/li>\r\n \t<li>Apporter son aide dans les projets RH sp\u00e9cifiques, comme le recueil des retours des employ\u00e9s<\/li>\r\n \t<li><span style=\"font-weight: 400;\">Soutenir les autres postes selon les t\u00e2ches<\/span><\/li>\r\n<\/ul>","see_more":""},"_links":{"self":[{"href":"https:\/\/resources.workable.com\/fr\/wp-json\/wp\/v2\/posts\/49494","targetHints":{"allow":["GET"]}}],"collection":[{"href":"https:\/\/resources.workable.com\/fr\/wp-json\/wp\/v2\/posts"}],"about":[{"href":"https:\/\/resources.workable.com\/fr\/wp-json\/wp\/v2\/types\/post"}],"author":[{"embeddable":true,"href":"https:\/\/resources.workable.com\/fr\/wp-json\/wp\/v2\/users\/28"}],"replies":[{"embeddable":true,"href":"https:\/\/resources.workable.com\/fr\/wp-json\/wp\/v2\/comments?post=49494"}],"version-history":[{"count":0,"href":"https:\/\/resources.workable.com\/fr\/wp-json\/wp\/v2\/posts\/49494\/revisions"}],"wp:attachment":[{"href":"https:\/\/resources.workable.com\/fr\/wp-json\/wp\/v2\/media?parent=49494"}],"wp:term":[{"taxonomy":"category","embeddable":true,"href":"https:\/\/resources.workable.com\/fr\/wp-json\/wp\/v2\/categories?post=49494"},{"taxonomy":"post_tag","embeddable":true,"href":"https:\/\/resources.workable.com\/fr\/wp-json\/wp\/v2\/tags?post=49494"}],"curies":[{"name":"wp","href":"https:\/\/api.w.org\/{rel}","templated":true}]}}