{"id":47314,"date":"2020-01-08T11:06:51","date_gmt":"2020-01-08T11:06:51","guid":{"rendered":"https:\/\/resources.workable.com\/?p=47314"},"modified":"2020-02-06T13:15:30","modified_gmt":"2020-02-06T13:15:30","slug":"descriptif-de-poste-estheticien-specialiste-f-h-autre","status":"publish","type":"post","link":"https:\/\/resources.workable.com\/fr\/estheticien-specialiste-descriptif-de-poste","title":{"rendered":"Descriptif de poste: Esth\u00e9ticien sp\u00e9cialiste&nbsp;(f\/h\/autre)"},"content":{"rendered":"<p>Utilisez ce mod\u00e8le de descriptif de poste d&rsquo;Esth\u00e9ticien(ne) sp\u00e9cialiste pour attirer et recruter des candidat(e)s qualifi\u00e9(e)s pour votre institut de beaut\u00e9, salon de coiffure, magasin ou spa.<\/p>\n<h2>Les fonctions d&rsquo;un(e) Sp\u00e9cialiste beaut\u00e9 incluent:<\/h2>\n<ul>\n<li>Accueillir les client(e)s lors de leur arriv\u00e9e<\/li>\n<li>Poser des questions cibl\u00e9es afin d&rsquo;identifier les besoins des client(e)s<\/li>\n<li>Recommander les produits de soins les mieux adapt\u00e9s (cr\u00e8mes, lotions et s\u00e9rums) en fonction du teint et des pr\u00e9f\u00e9rences des client(e)s<\/li>\n<\/ul>\n<p><img loading=\"lazy\" decoding=\"async\" class=\"size-full wp-image-29327 alignnone\" src=\"https:\/\/resources.workable.com\/wp-content\/uploads\/2018\/01\/shutterstock_777186802.jpg\" alt=\"Descriptif de poste d'Esth\u00e9ticien(ne) sp\u00e9cialiste\" width=\"640\" height=\"230\" srcset=\"https:\/\/resources.workable.com\/wp-content\/uploads\/2018\/01\/shutterstock_777186802.jpg 640w, https:\/\/resources.workable.com\/wp-content\/uploads\/2018\/01\/shutterstock_777186802-200x72.jpg 200w, https:\/\/resources.workable.com\/wp-content\/uploads\/2018\/01\/shutterstock_777186802-560x201.jpg 560w\" sizes=\"auto, (max-width: 640px) 100vw, 640px\" \/><\/p>\n","protected":false},"excerpt":{"rendered":"<p>Utilisez ce mod\u00e8le de descriptif de poste d&rsquo;Esth\u00e9ticien(ne) sp\u00e9cialiste pour attirer et recruter des candidat(e)s qualifi\u00e9(e)s pour votre institut de beaut\u00e9, salon de coiffure, magasin ou spa. Les fonctions d&rsquo;un(e) Sp\u00e9cialiste beaut\u00e9 incluent: Accueillir les client(e)s lors de leur arriv\u00e9e Poser des questions cibl\u00e9es afin d&rsquo;identifier les besoins des client(e)s Recommander les produits de soins [&hellip;]<\/p>\n","protected":false},"author":41,"featured_media":0,"comment_status":"closed","ping_status":"closed","sticky":false,"template":"","format":"standard","meta":{"_acf_changed":false,"_lmt_disableupdate":"no","_lmt_disable":"","_has_post_settings":[],"footnotes":""},"categories":[1041,1250],"tags":[],"class_list":["post-47314","post","type-post","status-publish","format-standard","hentry","category-descriptifs-de-postes","category-descriptifs-de-postes-dans-le-domaine-de-la-sante"],"acf":[],"yoast_head":"<!-- This site is optimized with the Yoast SEO Premium plugin v27.4 (Yoast SEO v27.4) - https:\/\/yoast.com\/product\/yoast-seo-premium-wordpress\/ -->\n<title>Mod\u00e8le de descriptif de poste d&#039;Esth\u00e9ticien(ne) sp\u00e9cialiste | Workable<\/title>\n<meta name=\"description\" content=\"Utilisez ce mod\u00e8le de descriptif de poste d&#039;Esth\u00e9ticien(ne) sp\u00e9cialiste pour attirer et recruter des candidat(e)s qualifi\u00e9(e)s pour votre institut de beaut\u00e9, salon de coiffure, magasin ou spa.\" \/>\n<meta name=\"robots\" content=\"index, follow, max-snippet:-1, max-image-preview:large, max-video-preview:-1\" \/>\n<link rel=\"canonical\" href=\"https:\/\/resources.workable.com\/fr\/estheticien-specialiste-descriptif-de-poste\/\" \/>\n<meta property=\"og:locale\" content=\"fr_FR\" \/>\n<meta property=\"og:type\" content=\"article\" \/>\n<meta property=\"og:title\" content=\"Descriptif de poste: Esth\u00e9ticien sp\u00e9cialiste (f\/h\/autre)\" \/>\n<meta property=\"og:description\" content=\"Utilisez ce mod\u00e8le de descriptif de poste d&#039;Esth\u00e9ticien(ne) sp\u00e9cialiste pour attirer et recruter des candidat(e)s qualifi\u00e9(e)s pour votre institut de beaut\u00e9, salon de coiffure, magasin ou spa.\" \/>\n<meta property=\"og:url\" content=\"https:\/\/resources.workable.com\/fr\/estheticien-specialiste-descriptif-de-poste\" \/>\n<meta property=\"og:site_name\" content=\"Recruiting Resources: How to Recruit and Hire Better\" \/>\n<meta property=\"article:publisher\" content=\"https:\/\/business.facebook.com\/workable\/\" \/>\n<meta property=\"article:published_time\" content=\"2020-01-08T11:06:51+00:00\" \/>\n<meta property=\"article:modified_time\" content=\"2020-02-06T13:15:30+00:00\" \/>\n<meta property=\"og:image\" content=\"https:\/\/resources.workable.com\/wp-content\/uploads\/2018\/01\/shutterstock_777186802.jpg\" \/>\n<meta name=\"author\" content=\"Christina Pavlou\" \/>\n<meta name=\"twitter:card\" content=\"summary_large_image\" \/>\n<meta name=\"twitter:creator\" content=\"@workable\" \/>\n<meta name=\"twitter:site\" content=\"@workable\" \/>\n<meta name=\"twitter:label1\" content=\"\u00c9crit par\" \/>\n\t<meta name=\"twitter:data1\" content=\"Christina Pavlou\" \/>\n<script type=\"application\/ld+json\" class=\"yoast-schema-graph\">{\"@context\":\"https:\\\/\\\/schema.org\",\"@graph\":[{\"@type\":\"Article\",\"@id\":\"https:\\\/\\\/resources.workable.com\\\/fr\\\/estheticien-specialiste-descriptif-de-poste#article\",\"isPartOf\":{\"@id\":\"https:\\\/\\\/resources.workable.com\\\/fr\\\/estheticien-specialiste-descriptif-de-poste\"},\"author\":{\"name\":\"Christina Pavlou\",\"@id\":\"https:\\\/\\\/resources.workable.com\\\/fr\\\/#\\\/schema\\\/person\\\/b23289d8d63331621eee9e69103cd603\"},\"headline\":\"Descriptif de poste: Esth\u00e9ticien sp\u00e9cialiste&nbsp;(f\\\/h\\\/autre)\",\"datePublished\":\"2020-01-08T11:06:51+00:00\",\"dateModified\":\"2020-02-06T13:15:30+00:00\",\"mainEntityOfPage\":{\"@id\":\"https:\\\/\\\/resources.workable.com\\\/fr\\\/estheticien-specialiste-descriptif-de-poste\"},\"wordCount\":107,\"publisher\":{\"@id\":\"https:\\\/\\\/resources.workable.com\\\/fr\\\/#organization\"},\"image\":{\"@id\":\"https:\\\/\\\/resources.workable.com\\\/fr\\\/estheticien-specialiste-descriptif-de-poste#primaryimage\"},\"thumbnailUrl\":\"https:\\\/\\\/resources.workable.com\\\/wp-content\\\/uploads\\\/2018\\\/01\\\/shutterstock_777186802.jpg\",\"articleSection\":[\"Descriptifs de postes\",\"Descriptifs de postes dans le domaine de la sant\u00e9\"],\"inLanguage\":\"fr-FR\"},{\"@type\":\"WebPage\",\"@id\":\"https:\\\/\\\/resources.workable.com\\\/fr\\\/estheticien-specialiste-descriptif-de-poste\",\"url\":\"https:\\\/\\\/resources.workable.com\\\/fr\\\/estheticien-specialiste-descriptif-de-poste\",\"name\":\"Mod\u00e8le de descriptif de poste d'Esth\u00e9ticien(ne) sp\u00e9cialiste | Workable\",\"isPartOf\":{\"@id\":\"https:\\\/\\\/resources.workable.com\\\/fr\\\/#website\"},\"primaryImageOfPage\":{\"@id\":\"https:\\\/\\\/resources.workable.com\\\/fr\\\/estheticien-specialiste-descriptif-de-poste#primaryimage\"},\"image\":{\"@id\":\"https:\\\/\\\/resources.workable.com\\\/fr\\\/estheticien-specialiste-descriptif-de-poste#primaryimage\"},\"thumbnailUrl\":\"https:\\\/\\\/resources.workable.com\\\/wp-content\\\/uploads\\\/2018\\\/01\\\/shutterstock_777186802.jpg\",\"datePublished\":\"2020-01-08T11:06:51+00:00\",\"dateModified\":\"2020-02-06T13:15:30+00:00\",\"description\":\"Utilisez ce mod\u00e8le de descriptif de poste d'Esth\u00e9ticien(ne) sp\u00e9cialiste pour attirer et recruter des candidat(e)s qualifi\u00e9(e)s pour votre institut de beaut\u00e9, salon de coiffure, magasin ou spa.\",\"breadcrumb\":{\"@id\":\"https:\\\/\\\/resources.workable.com\\\/fr\\\/estheticien-specialiste-descriptif-de-poste#breadcrumb\"},\"inLanguage\":\"fr-FR\",\"potentialAction\":[{\"@type\":\"ReadAction\",\"target\":[\"https:\\\/\\\/resources.workable.com\\\/fr\\\/estheticien-specialiste-descriptif-de-poste\"]}]},{\"@type\":\"ImageObject\",\"inLanguage\":\"fr-FR\",\"@id\":\"https:\\\/\\\/resources.workable.com\\\/fr\\\/estheticien-specialiste-descriptif-de-poste#primaryimage\",\"url\":\"https:\\\/\\\/resources.workable.com\\\/wp-content\\\/uploads\\\/2018\\\/01\\\/shutterstock_777186802.jpg\",\"contentUrl\":\"https:\\\/\\\/resources.workable.com\\\/wp-content\\\/uploads\\\/2018\\\/01\\\/shutterstock_777186802.jpg\"},{\"@type\":\"BreadcrumbList\",\"@id\":\"https:\\\/\\\/resources.workable.com\\\/fr\\\/estheticien-specialiste-descriptif-de-poste#breadcrumb\",\"itemListElement\":[{\"@type\":\"ListItem\",\"position\":1,\"name\":\"Home\",\"item\":\"https:\\\/\\\/resources.workable.com\\\/fr\\\/\"},{\"@type\":\"ListItem\",\"position\":2,\"name\":\"Descriptif de poste: Esth\u00e9ticien sp\u00e9cialiste&nbsp;(f\\\/h\\\/autre)\"}]},{\"@type\":\"WebSite\",\"@id\":\"https:\\\/\\\/resources.workable.com\\\/fr\\\/#website\",\"url\":\"https:\\\/\\\/resources.workable.com\\\/fr\\\/\",\"name\":\"Recruiting Resources: How to Recruit and Hire Better\",\"description\":\"\",\"publisher\":{\"@id\":\"https:\\\/\\\/resources.workable.com\\\/fr\\\/#organization\"},\"potentialAction\":[{\"@type\":\"SearchAction\",\"target\":{\"@type\":\"EntryPoint\",\"urlTemplate\":\"https:\\\/\\\/resources.workable.com\\\/fr\\\/?s={search_term_string}\"},\"query-input\":{\"@type\":\"PropertyValueSpecification\",\"valueRequired\":true,\"valueName\":\"search_term_string\"}}],\"inLanguage\":\"fr-FR\"},{\"@type\":\"Organization\",\"@id\":\"https:\\\/\\\/resources.workable.com\\\/fr\\\/#organization\",\"name\":\"Workable\",\"url\":\"https:\\\/\\\/resources.workable.com\\\/fr\\\/\",\"logo\":{\"@type\":\"ImageObject\",\"inLanguage\":\"fr-FR\",\"@id\":\"https:\\\/\\\/resources.workable.com\\\/fr\\\/#\\\/schema\\\/logo\\\/image\\\/\",\"url\":\"https:\\\/\\\/resources.workable.com\\\/wp-content\\\/uploads\\\/2017\\\/12\\\/logo-green.png\",\"contentUrl\":\"https:\\\/\\\/resources.workable.com\\\/wp-content\\\/uploads\\\/2017\\\/12\\\/logo-green.png\",\"width\":150,\"height\":25,\"caption\":\"Workable\"},\"image\":{\"@id\":\"https:\\\/\\\/resources.workable.com\\\/fr\\\/#\\\/schema\\\/logo\\\/image\\\/\"},\"sameAs\":[\"https:\\\/\\\/business.facebook.com\\\/workable\\\/\",\"https:\\\/\\\/x.com\\\/workable\",\"https:\\\/\\\/www.linkedin.com\\\/company\\\/workable-hr\\\/\"]},{\"@type\":\"Person\",\"@id\":\"https:\\\/\\\/resources.workable.com\\\/fr\\\/#\\\/schema\\\/person\\\/b23289d8d63331621eee9e69103cd603\",\"name\":\"Christina Pavlou\",\"image\":{\"@type\":\"ImageObject\",\"inLanguage\":\"fr-FR\",\"@id\":\"https:\\\/\\\/secure.gravatar.com\\\/avatar\\\/9ed48272d268bb7071cf243f8d2dcaeaa1f26feca5ecd3fbed59e0378447bc49?s=96&d=mm&r=pg\",\"url\":\"https:\\\/\\\/secure.gravatar.com\\\/avatar\\\/9ed48272d268bb7071cf243f8d2dcaeaa1f26feca5ecd3fbed59e0378447bc49?s=96&d=mm&r=pg\",\"contentUrl\":\"https:\\\/\\\/secure.gravatar.com\\\/avatar\\\/9ed48272d268bb7071cf243f8d2dcaeaa1f26feca5ecd3fbed59e0378447bc49?s=96&d=mm&r=pg\",\"caption\":\"Christina Pavlou\"},\"description\":\"Christina Pavlou was a writer at Workable for nearly four years, and previously a recruiter. She writes about diversity in the workplace and reports on the shape of things to come. You can find her on LinkedIn and Twitter.\",\"url\":\"https:\\\/\\\/resources.workable.com\\\/fr\\\/author\\\/christina\\\/\"}]}<\/script>\n<!-- \/ Yoast SEO Premium plugin. -->","yoast_head_json":{"title":"Mod\u00e8le de descriptif de poste d'Esth\u00e9ticien(ne) sp\u00e9cialiste | Workable","description":"Utilisez ce mod\u00e8le de descriptif de poste d'Esth\u00e9ticien(ne) sp\u00e9cialiste pour attirer et recruter des candidat(e)s qualifi\u00e9(e)s pour votre institut de beaut\u00e9, salon de coiffure, magasin ou spa.","robots":{"index":"index","follow":"follow","max-snippet":"max-snippet:-1","max-image-preview":"max-image-preview:large","max-video-preview":"max-video-preview:-1"},"canonical":"https:\/\/resources.workable.com\/fr\/estheticien-specialiste-descriptif-de-poste\/","og_locale":"fr_FR","og_type":"article","og_title":"Descriptif de poste: Esth\u00e9ticien sp\u00e9cialiste (f\/h\/autre)","og_description":"Utilisez ce mod\u00e8le de descriptif de poste d'Esth\u00e9ticien(ne) sp\u00e9cialiste pour attirer et recruter des candidat(e)s qualifi\u00e9(e)s pour votre institut de beaut\u00e9, salon de coiffure, magasin ou spa.","og_url":"https:\/\/resources.workable.com\/fr\/estheticien-specialiste-descriptif-de-poste","og_site_name":"Recruiting Resources: How to Recruit and Hire Better","article_publisher":"https:\/\/business.facebook.com\/workable\/","article_published_time":"2020-01-08T11:06:51+00:00","article_modified_time":"2020-02-06T13:15:30+00:00","og_image":[{"url":"https:\/\/resources.workable.com\/wp-content\/uploads\/2018\/01\/shutterstock_777186802.jpg","type":"","width":"","height":""}],"author":"Christina Pavlou","twitter_card":"summary_large_image","twitter_creator":"@workable","twitter_site":"@workable","twitter_misc":{"\u00c9crit par":"Christina Pavlou"},"schema":{"@context":"https:\/\/schema.org","@graph":[{"@type":"Article","@id":"https:\/\/resources.workable.com\/fr\/estheticien-specialiste-descriptif-de-poste#article","isPartOf":{"@id":"https:\/\/resources.workable.com\/fr\/estheticien-specialiste-descriptif-de-poste"},"author":{"name":"Christina Pavlou","@id":"https:\/\/resources.workable.com\/fr\/#\/schema\/person\/b23289d8d63331621eee9e69103cd603"},"headline":"Descriptif de poste: Esth\u00e9ticien sp\u00e9cialiste&nbsp;(f\/h\/autre)","datePublished":"2020-01-08T11:06:51+00:00","dateModified":"2020-02-06T13:15:30+00:00","mainEntityOfPage":{"@id":"https:\/\/resources.workable.com\/fr\/estheticien-specialiste-descriptif-de-poste"},"wordCount":107,"publisher":{"@id":"https:\/\/resources.workable.com\/fr\/#organization"},"image":{"@id":"https:\/\/resources.workable.com\/fr\/estheticien-specialiste-descriptif-de-poste#primaryimage"},"thumbnailUrl":"https:\/\/resources.workable.com\/wp-content\/uploads\/2018\/01\/shutterstock_777186802.jpg","articleSection":["Descriptifs de postes","Descriptifs de postes dans le domaine de la sant\u00e9"],"inLanguage":"fr-FR"},{"@type":"WebPage","@id":"https:\/\/resources.workable.com\/fr\/estheticien-specialiste-descriptif-de-poste","url":"https:\/\/resources.workable.com\/fr\/estheticien-specialiste-descriptif-de-poste","name":"Mod\u00e8le de descriptif de poste d'Esth\u00e9ticien(ne) sp\u00e9cialiste | Workable","isPartOf":{"@id":"https:\/\/resources.workable.com\/fr\/#website"},"primaryImageOfPage":{"@id":"https:\/\/resources.workable.com\/fr\/estheticien-specialiste-descriptif-de-poste#primaryimage"},"image":{"@id":"https:\/\/resources.workable.com\/fr\/estheticien-specialiste-descriptif-de-poste#primaryimage"},"thumbnailUrl":"https:\/\/resources.workable.com\/wp-content\/uploads\/2018\/01\/shutterstock_777186802.jpg","datePublished":"2020-01-08T11:06:51+00:00","dateModified":"2020-02-06T13:15:30+00:00","description":"Utilisez ce mod\u00e8le de descriptif de poste d'Esth\u00e9ticien(ne) sp\u00e9cialiste pour attirer et recruter des candidat(e)s qualifi\u00e9(e)s pour votre institut de beaut\u00e9, salon de coiffure, magasin ou spa.","breadcrumb":{"@id":"https:\/\/resources.workable.com\/fr\/estheticien-specialiste-descriptif-de-poste#breadcrumb"},"inLanguage":"fr-FR","potentialAction":[{"@type":"ReadAction","target":["https:\/\/resources.workable.com\/fr\/estheticien-specialiste-descriptif-de-poste"]}]},{"@type":"ImageObject","inLanguage":"fr-FR","@id":"https:\/\/resources.workable.com\/fr\/estheticien-specialiste-descriptif-de-poste#primaryimage","url":"https:\/\/resources.workable.com\/wp-content\/uploads\/2018\/01\/shutterstock_777186802.jpg","contentUrl":"https:\/\/resources.workable.com\/wp-content\/uploads\/2018\/01\/shutterstock_777186802.jpg"},{"@type":"BreadcrumbList","@id":"https:\/\/resources.workable.com\/fr\/estheticien-specialiste-descriptif-de-poste#breadcrumb","itemListElement":[{"@type":"ListItem","position":1,"name":"Home","item":"https:\/\/resources.workable.com\/fr\/"},{"@type":"ListItem","position":2,"name":"Descriptif de poste: Esth\u00e9ticien sp\u00e9cialiste&nbsp;(f\/h\/autre)"}]},{"@type":"WebSite","@id":"https:\/\/resources.workable.com\/fr\/#website","url":"https:\/\/resources.workable.com\/fr\/","name":"Recruiting Resources: How to Recruit and Hire Better","description":"","publisher":{"@id":"https:\/\/resources.workable.com\/fr\/#organization"},"potentialAction":[{"@type":"SearchAction","target":{"@type":"EntryPoint","urlTemplate":"https:\/\/resources.workable.com\/fr\/?s={search_term_string}"},"query-input":{"@type":"PropertyValueSpecification","valueRequired":true,"valueName":"search_term_string"}}],"inLanguage":"fr-FR"},{"@type":"Organization","@id":"https:\/\/resources.workable.com\/fr\/#organization","name":"Workable","url":"https:\/\/resources.workable.com\/fr\/","logo":{"@type":"ImageObject","inLanguage":"fr-FR","@id":"https:\/\/resources.workable.com\/fr\/#\/schema\/logo\/image\/","url":"https:\/\/resources.workable.com\/wp-content\/uploads\/2017\/12\/logo-green.png","contentUrl":"https:\/\/resources.workable.com\/wp-content\/uploads\/2017\/12\/logo-green.png","width":150,"height":25,"caption":"Workable"},"image":{"@id":"https:\/\/resources.workable.com\/fr\/#\/schema\/logo\/image\/"},"sameAs":["https:\/\/business.facebook.com\/workable\/","https:\/\/x.com\/workable","https:\/\/www.linkedin.com\/company\/workable-hr\/"]},{"@type":"Person","@id":"https:\/\/resources.workable.com\/fr\/#\/schema\/person\/b23289d8d63331621eee9e69103cd603","name":"Christina Pavlou","image":{"@type":"ImageObject","inLanguage":"fr-FR","@id":"https:\/\/secure.gravatar.com\/avatar\/9ed48272d268bb7071cf243f8d2dcaeaa1f26feca5ecd3fbed59e0378447bc49?s=96&d=mm&r=pg","url":"https:\/\/secure.gravatar.com\/avatar\/9ed48272d268bb7071cf243f8d2dcaeaa1f26feca5ecd3fbed59e0378447bc49?s=96&d=mm&r=pg","contentUrl":"https:\/\/secure.gravatar.com\/avatar\/9ed48272d268bb7071cf243f8d2dcaeaa1f26feca5ecd3fbed59e0378447bc49?s=96&d=mm&r=pg","caption":"Christina Pavlou"},"description":"Christina Pavlou was a writer at Workable for nearly four years, and previously a recruiter. She writes about diversity in the workplace and reports on the shape of things to come. You can find her on LinkedIn and Twitter.","url":"https:\/\/resources.workable.com\/fr\/author\/christina\/"}]}},"modified_by":null,"custom_fields":{"brief":"Nous recherchons un\/une Esth\u00e9ticien(ne) sp\u00e9cialiste pour pr\u00e9senter, promouvoir et vendre une vaste gamme de produits de beaut\u00e9, notamment des produits cosm\u00e9tiques et des cr\u00e8mes de soins.\r\n\r\nLes fonctions du\/de l'Esth\u00e9ticien(ne) sp\u00e9cialiste incluent la recommandation de produits r\u00e9pondant aux besoins des client(e)s, des d\u00e9monstrations d'utilisation de maquillage et la fourniture d'informations sur les produits comme les prix, les ingr\u00e9dients et les remises. Pour r\u00e9ussir \u00e0 ce poste, vous devez \u00eatre un\/une Esth\u00e9ticien(ne) sp\u00e9cialiste, au courant des derni\u00e8res tendances et capable de proposer un service client exceptionnel.\r\n\r\nEn d\u00e9finitive, vous nous aiderez \u00e0 remplir nos objectifs commerciaux gr\u00e2ce \u00e0 des relations \u00e0 long terme avec nos client(e)s.","requirements":"<ul>\r\n \t<li>Exp\u00e9rience professionnelle av\u00e9r\u00e9e de Esth\u00e9ticien(ne) sp\u00e9cialiste, Esth\u00e9ticien(ne), Conseiller(-\u00e8re) beaut\u00e9 ou \u00e0 un poste similaire<\/li>\r\n \t<li>Une exp\u00e9rience \u00e0 un poste commercial constitue un avantage<\/li>\r\n \t<li>Au courant des gammes cosm\u00e9tiques et des tendances beaut\u00e9<\/li>\r\n \t<li>Exp\u00e9rience pratique des techniques d'application de maquillage<\/li>\r\n \t<li>Compr\u00e9hension des diff\u00e9rents types de peau<\/li>\r\n \t<li>Solides comp\u00e9tences de service \u00e0 la client\u00e8le avec une attitude positive<\/li>\r\n \t<li>Capacit\u00e9 \u00e0 travailler efficacement dans des situations stressantes (par exemple pendant les heures de pointe)<\/li>\r\n \t<li>Dipl\u00f4me d'\u00e9tudes secondaires<\/li>\r\n \t<li>Une formation additionnelle en cosm\u00e9tologie ou un autre domaine pertinent constitue un plus<\/li>\r\n<\/ul>","responsibilities":"<ul>\r\n \t<li>Accueillir les client(e)s lors de leur arriv\u00e9e<\/li>\r\n \t<li>Poser des questions cibl\u00e9es afin d'identifier les besoins des client(e)s<\/li>\r\n \t<li>Recommander les produits de soins les mieux adapt\u00e9s (cr\u00e8mes, lotions et s\u00e9rums) en fonction du teint et des pr\u00e9f\u00e9rences des client(e)s<\/li>\r\n \t<li>Aider les client(e)s \u00e0 trouver les produits de beaut\u00e9 qu'ils\/elles recherchent<\/li>\r\n \t<li>Faire des d\u00e9monstrations de techniques de maquillage<\/li>\r\n \t<li>R\u00e9aliser des ventes crois\u00e9es de produits lorsque cela est possible<\/li>\r\n \t<li>Donner des informations sur les produits, notamment les ingr\u00e9dients, les prix et les m\u00e9thodes d'application<\/li>\r\n \t<li>Veiller \u00e0 ce que les postes de beaut\u00e9 soient pr\u00e9sentables et bien garnis en toutes circonstances<\/li>\r\n \t<li>Informer les clients des remises et des offres sp\u00e9ciales<\/li>\r\n<\/ul>","see_more":""},"_links":{"self":[{"href":"https:\/\/resources.workable.com\/fr\/wp-json\/wp\/v2\/posts\/47314","targetHints":{"allow":["GET"]}}],"collection":[{"href":"https:\/\/resources.workable.com\/fr\/wp-json\/wp\/v2\/posts"}],"about":[{"href":"https:\/\/resources.workable.com\/fr\/wp-json\/wp\/v2\/types\/post"}],"author":[{"embeddable":true,"href":"https:\/\/resources.workable.com\/fr\/wp-json\/wp\/v2\/users\/41"}],"replies":[{"embeddable":true,"href":"https:\/\/resources.workable.com\/fr\/wp-json\/wp\/v2\/comments?post=47314"}],"version-history":[{"count":0,"href":"https:\/\/resources.workable.com\/fr\/wp-json\/wp\/v2\/posts\/47314\/revisions"}],"wp:attachment":[{"href":"https:\/\/resources.workable.com\/fr\/wp-json\/wp\/v2\/media?parent=47314"}],"wp:term":[{"taxonomy":"category","embeddable":true,"href":"https:\/\/resources.workable.com\/fr\/wp-json\/wp\/v2\/categories?post=47314"},{"taxonomy":"post_tag","embeddable":true,"href":"https:\/\/resources.workable.com\/fr\/wp-json\/wp\/v2\/tags?post=47314"}],"curies":[{"name":"wp","href":"https:\/\/api.w.org\/{rel}","templated":true}]}}