{"id":46176,"date":"2020-01-08T11:06:28","date_gmt":"2020-01-08T11:06:28","guid":{"rendered":"https:\/\/resources.workable.com\/?p=46176"},"modified":"2020-02-06T13:19:07","modified_gmt":"2020-02-06T13:19:07","slug":"descriptif-de-poste-ambulancier-f-h-autre","status":"publish","type":"post","link":"https:\/\/resources.workable.com\/fr\/ambulancier-descriptif-de-poste","title":{"rendered":"Descriptif de poste: Ambulancier&nbsp;(f\/h\/autre)"},"content":{"rendered":"<p>Le pr\u00e9sent mod\u00e8le de descriptif de poste d&rsquo;ambulancier a \u00e9t\u00e9 optimis\u00e9 \u00e0 des fins de publication sur des sites d&rsquo;annonces ou des pages d&#8217;emploi en ligne, ainsi que pour \u00eatre ais\u00e9ment personnalis\u00e9 en fonction des besoins de votre entreprise.<\/p>\n<h2>Les fonctions de l&rsquo;ambulancier incluent:<\/h2>\n<ul>\n<li><span style=\"font-weight: 400;\">Utiliser le mat\u00e9riel de l&rsquo;ambulance et r\u00e9pondre aux transmissions radio<\/span><\/li>\n<li><span style=\"font-weight: 400;\">Diriger et coordonner l&rsquo;\u00e9quipe qui intervient sur une urgence<\/span><\/li>\n<li><span style=\"font-weight: 400;\">\u00c9valuer l&rsquo;\u00e9tat du patient sur place et r\u00e9aliser un diagnostic pr\u00e9liminaire<\/span><\/li>\n<\/ul>\n<p><img loading=\"lazy\" decoding=\"async\" class=\"size-large wp-image-46199 aligncenter\" src=\"https:\/\/resources.workable.com\/wp-content\/uploads\/2015\/11\/paramedic1-640x230.jpg\" alt=\"descriptif de poste d'ambulancier\" width=\"640\" height=\"230\" srcset=\"https:\/\/resources.workable.com\/wp-content\/uploads\/2015\/11\/paramedic1.jpg 640w, https:\/\/resources.workable.com\/wp-content\/uploads\/2015\/11\/paramedic1-200x72.jpg 200w, https:\/\/resources.workable.com\/wp-content\/uploads\/2015\/11\/paramedic1-560x201.jpg 560w\" sizes=\"auto, (max-width: 640px) 100vw, 640px\" \/><\/p>\n","protected":false},"excerpt":{"rendered":"<p>Le pr\u00e9sent mod\u00e8le de descriptif de poste d&rsquo;ambulancier a \u00e9t\u00e9 optimis\u00e9 \u00e0 des fins de publication sur des sites d&rsquo;annonces ou des pages d&#8217;emploi en ligne, ainsi que pour \u00eatre ais\u00e9ment personnalis\u00e9 en fonction des besoins de votre entreprise. Les fonctions de l&rsquo;ambulancier incluent: Utiliser le mat\u00e9riel de l&rsquo;ambulance et r\u00e9pondre aux transmissions radio Diriger [&hellip;]<\/p>\n","protected":false},"author":28,"featured_media":0,"comment_status":"closed","ping_status":"closed","sticky":false,"template":"","format":"standard","meta":{"_acf_changed":false,"_lmt_disableupdate":"no","_lmt_disable":"","_has_post_settings":[],"footnotes":""},"categories":[1041,1250],"tags":[1249],"class_list":["post-46176","post","type-post","status-publish","format-standard","hentry","category-descriptifs-de-postes","category-descriptifs-de-postes-dans-le-domaine-de-la-sante","tag-sample-healthcare-fr"],"acf":[],"yoast_head":"<!-- This site is optimized with the Yoast SEO Premium plugin v27.4 (Yoast SEO v27.4) - https:\/\/yoast.com\/product\/yoast-seo-premium-wordpress\/ -->\n<title>Mod\u00e8le de descriptif de poste d&#039;Ambulancier | Workable<\/title>\n<meta name=\"description\" content=\"Le pr\u00e9sent mod\u00e8le de descriptif de poste d&#039;Ambulancier a \u00e9t\u00e9 optimis\u00e9 \u00e0 des fins de publication sur des sites d&#039;annonces ou des pages d&#039;emploi en ligne, ainsi que pour \u00eatre ais\u00e9ment personnalis\u00e9 en fonction des besoins de votre entreprise\" \/>\n<meta name=\"robots\" content=\"index, follow, max-snippet:-1, max-image-preview:large, max-video-preview:-1\" \/>\n<link rel=\"canonical\" href=\"https:\/\/resources.workable.com\/fr\/ambulancier-descriptif-de-poste\/\" \/>\n<meta property=\"og:locale\" content=\"fr_FR\" \/>\n<meta property=\"og:type\" content=\"article\" \/>\n<meta property=\"og:title\" content=\"Descriptif de poste: Ambulancier (f\/h\/autre)\" \/>\n<meta property=\"og:description\" content=\"Le pr\u00e9sent mod\u00e8le de descriptif de poste d&#039;Ambulancier a \u00e9t\u00e9 optimis\u00e9 \u00e0 des fins de publication sur des sites d&#039;annonces ou des pages d&#039;emploi en ligne, ainsi que pour \u00eatre ais\u00e9ment personnalis\u00e9 en fonction des besoins de votre entreprise\" \/>\n<meta property=\"og:url\" content=\"https:\/\/resources.workable.com\/fr\/ambulancier-descriptif-de-poste\" \/>\n<meta property=\"og:site_name\" content=\"Recruiting Resources: How to Recruit and Hire Better\" \/>\n<meta property=\"article:publisher\" content=\"https:\/\/business.facebook.com\/workable\/\" \/>\n<meta property=\"article:published_time\" content=\"2020-01-08T11:06:28+00:00\" \/>\n<meta property=\"article:modified_time\" content=\"2020-02-06T13:19:07+00:00\" \/>\n<meta property=\"og:image\" content=\"https:\/\/resources.workable.com\/wp-content\/uploads\/2015\/11\/paramedic1-640x230.jpg\" \/>\n<meta name=\"author\" content=\"Nikoletta Bika\" \/>\n<meta name=\"twitter:card\" content=\"summary_large_image\" \/>\n<meta name=\"twitter:creator\" content=\"@workable\" \/>\n<meta name=\"twitter:site\" content=\"@workable\" \/>\n<meta name=\"twitter:label1\" content=\"\u00c9crit par\" \/>\n\t<meta name=\"twitter:data1\" content=\"Nikoletta Bika\" \/>\n<script type=\"application\/ld+json\" class=\"yoast-schema-graph\">{\"@context\":\"https:\\\/\\\/schema.org\",\"@graph\":[{\"@type\":\"Article\",\"@id\":\"https:\\\/\\\/resources.workable.com\\\/fr\\\/ambulancier-descriptif-de-poste#article\",\"isPartOf\":{\"@id\":\"https:\\\/\\\/resources.workable.com\\\/fr\\\/ambulancier-descriptif-de-poste\"},\"author\":{\"name\":\"Nikoletta Bika\",\"@id\":\"https:\\\/\\\/resources.workable.com\\\/fr\\\/#\\\/schema\\\/person\\\/bddaa2e41481e7c9ef2328432ea089e7\"},\"headline\":\"Descriptif de poste: Ambulancier&nbsp;(f\\\/h\\\/autre)\",\"datePublished\":\"2020-01-08T11:06:28+00:00\",\"dateModified\":\"2020-02-06T13:19:07+00:00\",\"mainEntityOfPage\":{\"@id\":\"https:\\\/\\\/resources.workable.com\\\/fr\\\/ambulancier-descriptif-de-poste\"},\"wordCount\":94,\"publisher\":{\"@id\":\"https:\\\/\\\/resources.workable.com\\\/fr\\\/#organization\"},\"image\":{\"@id\":\"https:\\\/\\\/resources.workable.com\\\/fr\\\/ambulancier-descriptif-de-poste#primaryimage\"},\"thumbnailUrl\":\"https:\\\/\\\/resources.workable.com\\\/wp-content\\\/uploads\\\/2015\\\/11\\\/paramedic1-640x230.jpg\",\"keywords\":[\"sample-healthcare\"],\"articleSection\":[\"Descriptifs de postes\",\"Descriptifs de postes dans le domaine de la sant\u00e9\"],\"inLanguage\":\"fr-FR\"},{\"@type\":\"WebPage\",\"@id\":\"https:\\\/\\\/resources.workable.com\\\/fr\\\/ambulancier-descriptif-de-poste\",\"url\":\"https:\\\/\\\/resources.workable.com\\\/fr\\\/ambulancier-descriptif-de-poste\",\"name\":\"Mod\u00e8le de descriptif de poste d'Ambulancier | Workable\",\"isPartOf\":{\"@id\":\"https:\\\/\\\/resources.workable.com\\\/fr\\\/#website\"},\"primaryImageOfPage\":{\"@id\":\"https:\\\/\\\/resources.workable.com\\\/fr\\\/ambulancier-descriptif-de-poste#primaryimage\"},\"image\":{\"@id\":\"https:\\\/\\\/resources.workable.com\\\/fr\\\/ambulancier-descriptif-de-poste#primaryimage\"},\"thumbnailUrl\":\"https:\\\/\\\/resources.workable.com\\\/wp-content\\\/uploads\\\/2015\\\/11\\\/paramedic1-640x230.jpg\",\"datePublished\":\"2020-01-08T11:06:28+00:00\",\"dateModified\":\"2020-02-06T13:19:07+00:00\",\"description\":\"Le pr\u00e9sent mod\u00e8le de descriptif de poste d'Ambulancier a \u00e9t\u00e9 optimis\u00e9 \u00e0 des fins de publication sur des sites d'annonces ou des pages d'emploi en ligne, ainsi que pour \u00eatre ais\u00e9ment personnalis\u00e9 en fonction des besoins de votre entreprise\",\"breadcrumb\":{\"@id\":\"https:\\\/\\\/resources.workable.com\\\/fr\\\/ambulancier-descriptif-de-poste#breadcrumb\"},\"inLanguage\":\"fr-FR\",\"potentialAction\":[{\"@type\":\"ReadAction\",\"target\":[\"https:\\\/\\\/resources.workable.com\\\/fr\\\/ambulancier-descriptif-de-poste\"]}]},{\"@type\":\"ImageObject\",\"inLanguage\":\"fr-FR\",\"@id\":\"https:\\\/\\\/resources.workable.com\\\/fr\\\/ambulancier-descriptif-de-poste#primaryimage\",\"url\":\"https:\\\/\\\/resources.workable.com\\\/wp-content\\\/uploads\\\/2015\\\/11\\\/paramedic1-640x230.jpg\",\"contentUrl\":\"https:\\\/\\\/resources.workable.com\\\/wp-content\\\/uploads\\\/2015\\\/11\\\/paramedic1-640x230.jpg\"},{\"@type\":\"BreadcrumbList\",\"@id\":\"https:\\\/\\\/resources.workable.com\\\/fr\\\/ambulancier-descriptif-de-poste#breadcrumb\",\"itemListElement\":[{\"@type\":\"ListItem\",\"position\":1,\"name\":\"Home\",\"item\":\"https:\\\/\\\/resources.workable.com\\\/fr\\\/\"},{\"@type\":\"ListItem\",\"position\":2,\"name\":\"Descriptif de poste: Ambulancier&nbsp;(f\\\/h\\\/autre)\"}]},{\"@type\":\"WebSite\",\"@id\":\"https:\\\/\\\/resources.workable.com\\\/fr\\\/#website\",\"url\":\"https:\\\/\\\/resources.workable.com\\\/fr\\\/\",\"name\":\"Recruiting Resources: How to Recruit and Hire Better\",\"description\":\"\",\"publisher\":{\"@id\":\"https:\\\/\\\/resources.workable.com\\\/fr\\\/#organization\"},\"potentialAction\":[{\"@type\":\"SearchAction\",\"target\":{\"@type\":\"EntryPoint\",\"urlTemplate\":\"https:\\\/\\\/resources.workable.com\\\/fr\\\/?s={search_term_string}\"},\"query-input\":{\"@type\":\"PropertyValueSpecification\",\"valueRequired\":true,\"valueName\":\"search_term_string\"}}],\"inLanguage\":\"fr-FR\"},{\"@type\":\"Organization\",\"@id\":\"https:\\\/\\\/resources.workable.com\\\/fr\\\/#organization\",\"name\":\"Workable\",\"url\":\"https:\\\/\\\/resources.workable.com\\\/fr\\\/\",\"logo\":{\"@type\":\"ImageObject\",\"inLanguage\":\"fr-FR\",\"@id\":\"https:\\\/\\\/resources.workable.com\\\/fr\\\/#\\\/schema\\\/logo\\\/image\\\/\",\"url\":\"https:\\\/\\\/resources.workable.com\\\/wp-content\\\/uploads\\\/2017\\\/12\\\/logo-green.png\",\"contentUrl\":\"https:\\\/\\\/resources.workable.com\\\/wp-content\\\/uploads\\\/2017\\\/12\\\/logo-green.png\",\"width\":150,\"height\":25,\"caption\":\"Workable\"},\"image\":{\"@id\":\"https:\\\/\\\/resources.workable.com\\\/fr\\\/#\\\/schema\\\/logo\\\/image\\\/\"},\"sameAs\":[\"https:\\\/\\\/business.facebook.com\\\/workable\\\/\",\"https:\\\/\\\/x.com\\\/workable\",\"https:\\\/\\\/www.linkedin.com\\\/company\\\/workable-hr\\\/\"]},{\"@type\":\"Person\",\"@id\":\"https:\\\/\\\/resources.workable.com\\\/fr\\\/#\\\/schema\\\/person\\\/bddaa2e41481e7c9ef2328432ea089e7\",\"name\":\"Nikoletta Bika\",\"image\":{\"@type\":\"ImageObject\",\"inLanguage\":\"fr-FR\",\"@id\":\"https:\\\/\\\/secure.gravatar.com\\\/avatar\\\/777bf31309608e9152307199dd8aa97ff19f24849526f1b2b50f11b9ea40fca3?s=96&d=mm&r=pg\",\"url\":\"https:\\\/\\\/secure.gravatar.com\\\/avatar\\\/777bf31309608e9152307199dd8aa97ff19f24849526f1b2b50f11b9ea40fca3?s=96&d=mm&r=pg\",\"contentUrl\":\"https:\\\/\\\/secure.gravatar.com\\\/avatar\\\/777bf31309608e9152307199dd8aa97ff19f24849526f1b2b50f11b9ea40fca3?s=96&d=mm&r=pg\",\"caption\":\"Nikoletta Bika\"},\"description\":\"Nikoletta Bika was a senior writer at Workable for nearly four and a half years. She holds an MSc in HR and has written extensively about all things HR and recruiting, with a particular interest in bias, data, technology, legal compliance, and the future of work. She hates meaningless jargon and dreams about space travel.\",\"sameAs\":[\"http:\\\/\\\/workable.com\"],\"url\":\"https:\\\/\\\/resources.workable.com\\\/fr\\\/author\\\/nikoletta-bika\\\/\"}]}<\/script>\n<!-- \/ Yoast SEO Premium plugin. -->","yoast_head_json":{"title":"Mod\u00e8le de descriptif de poste d'Ambulancier | Workable","description":"Le pr\u00e9sent mod\u00e8le de descriptif de poste d'Ambulancier a \u00e9t\u00e9 optimis\u00e9 \u00e0 des fins de publication sur des sites d'annonces ou des pages d'emploi en ligne, ainsi que pour \u00eatre ais\u00e9ment personnalis\u00e9 en fonction des besoins de votre entreprise","robots":{"index":"index","follow":"follow","max-snippet":"max-snippet:-1","max-image-preview":"max-image-preview:large","max-video-preview":"max-video-preview:-1"},"canonical":"https:\/\/resources.workable.com\/fr\/ambulancier-descriptif-de-poste\/","og_locale":"fr_FR","og_type":"article","og_title":"Descriptif de poste: Ambulancier (f\/h\/autre)","og_description":"Le pr\u00e9sent mod\u00e8le de descriptif de poste d'Ambulancier a \u00e9t\u00e9 optimis\u00e9 \u00e0 des fins de publication sur des sites d'annonces ou des pages d'emploi en ligne, ainsi que pour \u00eatre ais\u00e9ment personnalis\u00e9 en fonction des besoins de votre entreprise","og_url":"https:\/\/resources.workable.com\/fr\/ambulancier-descriptif-de-poste","og_site_name":"Recruiting Resources: How to Recruit and Hire Better","article_publisher":"https:\/\/business.facebook.com\/workable\/","article_published_time":"2020-01-08T11:06:28+00:00","article_modified_time":"2020-02-06T13:19:07+00:00","og_image":[{"url":"https:\/\/resources.workable.com\/wp-content\/uploads\/2015\/11\/paramedic1-640x230.jpg","type":"","width":"","height":""}],"author":"Nikoletta Bika","twitter_card":"summary_large_image","twitter_creator":"@workable","twitter_site":"@workable","twitter_misc":{"\u00c9crit par":"Nikoletta Bika"},"schema":{"@context":"https:\/\/schema.org","@graph":[{"@type":"Article","@id":"https:\/\/resources.workable.com\/fr\/ambulancier-descriptif-de-poste#article","isPartOf":{"@id":"https:\/\/resources.workable.com\/fr\/ambulancier-descriptif-de-poste"},"author":{"name":"Nikoletta Bika","@id":"https:\/\/resources.workable.com\/fr\/#\/schema\/person\/bddaa2e41481e7c9ef2328432ea089e7"},"headline":"Descriptif de poste: Ambulancier&nbsp;(f\/h\/autre)","datePublished":"2020-01-08T11:06:28+00:00","dateModified":"2020-02-06T13:19:07+00:00","mainEntityOfPage":{"@id":"https:\/\/resources.workable.com\/fr\/ambulancier-descriptif-de-poste"},"wordCount":94,"publisher":{"@id":"https:\/\/resources.workable.com\/fr\/#organization"},"image":{"@id":"https:\/\/resources.workable.com\/fr\/ambulancier-descriptif-de-poste#primaryimage"},"thumbnailUrl":"https:\/\/resources.workable.com\/wp-content\/uploads\/2015\/11\/paramedic1-640x230.jpg","keywords":["sample-healthcare"],"articleSection":["Descriptifs de postes","Descriptifs de postes dans le domaine de la sant\u00e9"],"inLanguage":"fr-FR"},{"@type":"WebPage","@id":"https:\/\/resources.workable.com\/fr\/ambulancier-descriptif-de-poste","url":"https:\/\/resources.workable.com\/fr\/ambulancier-descriptif-de-poste","name":"Mod\u00e8le de descriptif de poste d'Ambulancier | Workable","isPartOf":{"@id":"https:\/\/resources.workable.com\/fr\/#website"},"primaryImageOfPage":{"@id":"https:\/\/resources.workable.com\/fr\/ambulancier-descriptif-de-poste#primaryimage"},"image":{"@id":"https:\/\/resources.workable.com\/fr\/ambulancier-descriptif-de-poste#primaryimage"},"thumbnailUrl":"https:\/\/resources.workable.com\/wp-content\/uploads\/2015\/11\/paramedic1-640x230.jpg","datePublished":"2020-01-08T11:06:28+00:00","dateModified":"2020-02-06T13:19:07+00:00","description":"Le pr\u00e9sent mod\u00e8le de descriptif de poste d'Ambulancier a \u00e9t\u00e9 optimis\u00e9 \u00e0 des fins de publication sur des sites d'annonces ou des pages d'emploi en ligne, ainsi que pour \u00eatre ais\u00e9ment personnalis\u00e9 en fonction des besoins de votre entreprise","breadcrumb":{"@id":"https:\/\/resources.workable.com\/fr\/ambulancier-descriptif-de-poste#breadcrumb"},"inLanguage":"fr-FR","potentialAction":[{"@type":"ReadAction","target":["https:\/\/resources.workable.com\/fr\/ambulancier-descriptif-de-poste"]}]},{"@type":"ImageObject","inLanguage":"fr-FR","@id":"https:\/\/resources.workable.com\/fr\/ambulancier-descriptif-de-poste#primaryimage","url":"https:\/\/resources.workable.com\/wp-content\/uploads\/2015\/11\/paramedic1-640x230.jpg","contentUrl":"https:\/\/resources.workable.com\/wp-content\/uploads\/2015\/11\/paramedic1-640x230.jpg"},{"@type":"BreadcrumbList","@id":"https:\/\/resources.workable.com\/fr\/ambulancier-descriptif-de-poste#breadcrumb","itemListElement":[{"@type":"ListItem","position":1,"name":"Home","item":"https:\/\/resources.workable.com\/fr\/"},{"@type":"ListItem","position":2,"name":"Descriptif de poste: Ambulancier&nbsp;(f\/h\/autre)"}]},{"@type":"WebSite","@id":"https:\/\/resources.workable.com\/fr\/#website","url":"https:\/\/resources.workable.com\/fr\/","name":"Recruiting Resources: How to Recruit and Hire Better","description":"","publisher":{"@id":"https:\/\/resources.workable.com\/fr\/#organization"},"potentialAction":[{"@type":"SearchAction","target":{"@type":"EntryPoint","urlTemplate":"https:\/\/resources.workable.com\/fr\/?s={search_term_string}"},"query-input":{"@type":"PropertyValueSpecification","valueRequired":true,"valueName":"search_term_string"}}],"inLanguage":"fr-FR"},{"@type":"Organization","@id":"https:\/\/resources.workable.com\/fr\/#organization","name":"Workable","url":"https:\/\/resources.workable.com\/fr\/","logo":{"@type":"ImageObject","inLanguage":"fr-FR","@id":"https:\/\/resources.workable.com\/fr\/#\/schema\/logo\/image\/","url":"https:\/\/resources.workable.com\/wp-content\/uploads\/2017\/12\/logo-green.png","contentUrl":"https:\/\/resources.workable.com\/wp-content\/uploads\/2017\/12\/logo-green.png","width":150,"height":25,"caption":"Workable"},"image":{"@id":"https:\/\/resources.workable.com\/fr\/#\/schema\/logo\/image\/"},"sameAs":["https:\/\/business.facebook.com\/workable\/","https:\/\/x.com\/workable","https:\/\/www.linkedin.com\/company\/workable-hr\/"]},{"@type":"Person","@id":"https:\/\/resources.workable.com\/fr\/#\/schema\/person\/bddaa2e41481e7c9ef2328432ea089e7","name":"Nikoletta Bika","image":{"@type":"ImageObject","inLanguage":"fr-FR","@id":"https:\/\/secure.gravatar.com\/avatar\/777bf31309608e9152307199dd8aa97ff19f24849526f1b2b50f11b9ea40fca3?s=96&d=mm&r=pg","url":"https:\/\/secure.gravatar.com\/avatar\/777bf31309608e9152307199dd8aa97ff19f24849526f1b2b50f11b9ea40fca3?s=96&d=mm&r=pg","contentUrl":"https:\/\/secure.gravatar.com\/avatar\/777bf31309608e9152307199dd8aa97ff19f24849526f1b2b50f11b9ea40fca3?s=96&d=mm&r=pg","caption":"Nikoletta Bika"},"description":"Nikoletta Bika was a senior writer at Workable for nearly four and a half years. She holds an MSc in HR and has written extensively about all things HR and recruiting, with a particular interest in bias, data, technology, legal compliance, and the future of work. She hates meaningless jargon and dreams about space travel.","sameAs":["http:\/\/workable.com"],"url":"https:\/\/resources.workable.com\/fr\/author\/nikoletta-bika\/"}]}},"modified_by":"Zina Panagopoulou","custom_fields":{"brief":"<span style=\"font-weight: 400;\">Nous recherchons un ambulancier form\u00e9 pour rejoindre notre \u00e9quipe de professionnels de sant\u00e9 et prendre principalement en charge les incidents m\u00e9dicaux survenus en dehors de l'h\u00f4pital. Ce travail n'est pas simple mais il est tr\u00e8s gratifiant.<\/span> <span style=\"font-weight: 400;\">En tant qu'employ\u00e9(e) s'occupant des urgences, vous devez \u00eatre impliqu\u00e9(e) et concentr\u00e9(e). Pour \u00eatre efficace \u00e0 ce poste, le\/la candidat(e) id\u00e9al(e) doit \u00eatre tr\u00e8s comp\u00e9tent(e) et instruit(e), motiv\u00e9(e) et bienveillant(e).<\/span> <span style=\"font-weight: 400;\">L'objectif est tout simplement de contribuer du mieux que vous pouvez \u00e0 sauver des personnes.<\/span>","requirements":"<ul>\r\n \t<li><span style=\"font-weight: 400;\">Exp\u00e9rience av\u00e9r\u00e9e en tant qu'ambulancier<\/span><\/li>\r\n \t<li><span style=\"font-weight: 400;\">Connaissance des proc\u00e9dures, de la terminologie m\u00e9dicales et des m\u00e9dicaments<\/span><\/li>\r\n \t<li><span style=\"font-weight: 400;\">Capacit\u00e9 \u00e0 rester calme et \u00e0 prendre les bonnes d\u00e9cisions dans des conditions difficiles<\/span><\/li>\r\n \t<li><span style=\"font-weight: 400;\">Caract\u00e8re souple avec une bonne r\u00e9sistance physique<\/span><\/li>\r\n \t<li><span style=\"font-weight: 400;\">Excellente connaissance pratique du mat\u00e9riel et des dispositifs m\u00e9dicaux<\/span><\/li>\r\n \t<li><span style=\"font-weight: 400;\">Int\u00e9grit\u00e9 et compassion envers la douleur humaine<\/span><\/li>\r\n \t<li><span style=\"font-weight: 400;\">Permis de conduire en cours de validit\u00e9<\/span><\/li>\r\n \t<li><span style=\"font-weight: 400;\">Instructeur RPC certifi\u00e9<\/span><\/li>\r\n \t<li><span style=\"font-weight: 400;\">Dipl\u00f4me d'\u00e9tudes secondaires\u00a0; une licence de personnel param\u00e9dical est imp\u00e9rative<\/span><\/li>\r\n<\/ul>","responsibilities":"<ul>\r\n \t<li><span style=\"font-weight: 400;\">Utiliser le mat\u00e9riel de l'ambulance et r\u00e9pondre aux transmissions radio<\/span><\/li>\r\n \t<li><span style=\"font-weight: 400;\">Diriger et coordonner l'\u00e9quipe qui intervient sur une urgence<\/span><\/li>\r\n \t<li><span style=\"font-weight: 400;\">\u00c9valuer l'\u00e9tat du patient sur place et r\u00e9aliser un diagnostic pr\u00e9liminaire<\/span><\/li>\r\n \t<li><span style=\"font-weight: 400;\">R\u00e9agir aux blessures ou aux maladies soudaines en appliquant toute une gamme de traitements simples et avanc\u00e9s pour le pr\u00e9parer \u00e0 l'arriv\u00e9e \u00e0 l'h\u00f4pital (premiers secours, RPC, injections et oxyg\u00e8ne, etc.) ou \u00e0 subir une intervention chirurgicale<\/span><\/li>\r\n \t<li><span style=\"font-weight: 400;\">Utiliser du mat\u00e9riel et des outils techniques pour stabiliser les patients ou apporter un traitement imm\u00e9diat<\/span><\/li>\r\n \t<li><span style=\"font-weight: 400;\">Contr\u00f4ler l'\u00e9tat du patient en route pour l'h\u00f4pital<\/span><\/li>\r\n \t<li><span style=\"font-weight: 400;\">Collaborer avec les parties int\u00e9ress\u00e9es (police, pompiers, m\u00e9decins, etc.)<\/span><\/li>\r\n \t<li><span style=\"font-weight: 400;\">R\u00e9diger et soumettre des rapports concrets et pr\u00e9cis sur les incidents<\/span><\/li>\r\n \t<li><span style=\"font-weight: 400;\">Respecter les proc\u00e9dures et protocoles m\u00e9dicaux en place ainsi que les directives juridiques et les normes en mati\u00e8re de sant\u00e9 et s\u00e9curit\u00e9<\/span><\/li>\r\n \t<li><span style=\"font-weight: 400;\">Se tenir au courant des nouveaux traitements et proc\u00e9dures m\u00e9dicales au moyen d'une formation continue<\/span><\/li>\r\n<\/ul>","see_more":""},"_links":{"self":[{"href":"https:\/\/resources.workable.com\/fr\/wp-json\/wp\/v2\/posts\/46176","targetHints":{"allow":["GET"]}}],"collection":[{"href":"https:\/\/resources.workable.com\/fr\/wp-json\/wp\/v2\/posts"}],"about":[{"href":"https:\/\/resources.workable.com\/fr\/wp-json\/wp\/v2\/types\/post"}],"author":[{"embeddable":true,"href":"https:\/\/resources.workable.com\/fr\/wp-json\/wp\/v2\/users\/28"}],"replies":[{"embeddable":true,"href":"https:\/\/resources.workable.com\/fr\/wp-json\/wp\/v2\/comments?post=46176"}],"version-history":[{"count":0,"href":"https:\/\/resources.workable.com\/fr\/wp-json\/wp\/v2\/posts\/46176\/revisions"}],"wp:attachment":[{"href":"https:\/\/resources.workable.com\/fr\/wp-json\/wp\/v2\/media?parent=46176"}],"wp:term":[{"taxonomy":"category","embeddable":true,"href":"https:\/\/resources.workable.com\/fr\/wp-json\/wp\/v2\/categories?post=46176"},{"taxonomy":"post_tag","embeddable":true,"href":"https:\/\/resources.workable.com\/fr\/wp-json\/wp\/v2\/tags?post=46176"}],"curies":[{"name":"wp","href":"https:\/\/api.w.org\/{rel}","templated":true}]}}