{"id":44182,"date":"2020-01-08T11:05:48","date_gmt":"2020-01-08T11:05:48","guid":{"rendered":"https:\/\/resources.workable.com\/?p=44182"},"modified":"2020-02-06T13:17:57","modified_gmt":"2020-02-06T13:17:57","slug":"descriptif-de-poste-specialiste-de-formation-f-h-autre","status":"publish","type":"post","link":"https:\/\/resources.workable.com\/fr\/specialiste-de-formation-descriptif-de-poste","title":{"rendered":"Descriptif de poste: Sp\u00e9cialiste de formation&nbsp;(f\/h\/autre)"},"content":{"rendered":"<p>Le pr\u00e9sent mod\u00e8le de fiche de poste de Sp\u00e9cialiste de formation a \u00e9t\u00e9 optimis\u00e9 \u00e0 des fins de publication sur des sites d&rsquo;annonces ou des pages d&#8217;emploi en ligne, ainsi que pour \u00eatre ais\u00e9ment personnalis\u00e9 en fonction des besoins de votre entreprise.\u00a0Les intitul\u00e9s de poste similaires incluent <a href=\"https:\/\/resources.workable.com\/training-manager-job-description\">Responsable de formation<\/a>\u00a0et\u00a0<a href=\"https:\/\/resources.workable.com\/training-coordinator-job-description\">Coordinateur de formation<\/a>.<\/p>\n<h2>Les fonctions du sp\u00e9cialiste de formation incluent:<\/h2>\n<ul>\n<li>Identifier les besoins en formation en \u00e9valuant les points forts et les points faibles<\/li>\n<li>Traduire les exigences dans des formations qui pr\u00e9pareront les salari\u00e9s pour la prochaine \u00e9tape de leur parcours professionnel<\/li>\n<li>Pr\u00e9parer le programme de formation annuel et les plans p\u00e9dagogiques<\/li>\n<\/ul>\n<p><img loading=\"lazy\" decoding=\"async\" class=\"size-full wp-image-22770 alignnone\" src=\"https:\/\/resources.workable.com\/wp-content\/uploads\/2015\/05\/shutterstock_621795701.jpg\" alt=\"fiche de poste de sp\u00e9cialiste de formation\" width=\"640\" height=\"230\" srcset=\"https:\/\/resources.workable.com\/wp-content\/uploads\/2015\/05\/shutterstock_621795701.jpg 640w, https:\/\/resources.workable.com\/wp-content\/uploads\/2015\/05\/shutterstock_621795701-200x72.jpg 200w, https:\/\/resources.workable.com\/wp-content\/uploads\/2015\/05\/shutterstock_621795701-560x201.jpg 560w\" sizes=\"auto, (max-width: 640px) 100vw, 640px\" \/><\/p>\n","protected":false},"excerpt":{"rendered":"<p>Le pr\u00e9sent mod\u00e8le de fiche de poste de Sp\u00e9cialiste de formation a \u00e9t\u00e9 optimis\u00e9 \u00e0 des fins de publication sur des sites d&rsquo;annonces ou des pages d&#8217;emploi en ligne, ainsi que pour \u00eatre ais\u00e9ment personnalis\u00e9 en fonction des besoins de votre entreprise.\u00a0Les intitul\u00e9s de poste similaires incluent Responsable de formation\u00a0et\u00a0Coordinateur de formation. Les fonctions du [&hellip;]<\/p>\n","protected":false},"author":7,"featured_media":0,"comment_status":"closed","ping_status":"closed","sticky":false,"template":"","format":"standard","meta":{"_acf_changed":false,"_lmt_disableupdate":"no","_lmt_disable":"","_has_post_settings":[],"footnotes":""},"categories":[1041,1217],"tags":[1220],"class_list":["post-44182","post","type-post","status-publish","format-standard","hentry","category-descriptifs-de-postes","category-descriptifs-de-postes-dans-le-domaine-de-formation-dentreprise","tag-sample-training-fr"],"acf":[],"yoast_head":"<!-- This site is optimized with the Yoast SEO Premium plugin v27.4 (Yoast SEO v27.4) - https:\/\/yoast.com\/product\/yoast-seo-premium-wordpress\/ -->\n<title>Mod\u00e8le de fiche de poste de Sp\u00e9cialiste de formation | Workable<\/title>\n<meta name=\"description\" content=\"Le pr\u00e9sent mod\u00e8le de fiche de poste de Sp\u00e9cialiste de formation a \u00e9t\u00e9 optimis\u00e9 \u00e0 des fins de publication sur des sites d&#039;annonces ou des pages d&#039;emploi en ligne, ainsi que pour \u00eatre ais\u00e9ment personnalis\u00e9 en fonction des besoins de votre entreprise.\" \/>\n<meta name=\"robots\" content=\"index, follow, max-snippet:-1, max-image-preview:large, max-video-preview:-1\" \/>\n<link rel=\"canonical\" href=\"https:\/\/resources.workable.com\/fr\/specialiste-de-formation-descriptif-de-poste\/\" \/>\n<meta property=\"og:locale\" content=\"fr_FR\" \/>\n<meta property=\"og:type\" content=\"article\" \/>\n<meta property=\"og:title\" content=\"Descriptif de poste: Sp\u00e9cialiste de formation (f\/h\/autre)\" \/>\n<meta property=\"og:description\" content=\"Le pr\u00e9sent mod\u00e8le de fiche de poste de Sp\u00e9cialiste de formation a \u00e9t\u00e9 optimis\u00e9 \u00e0 des fins de publication sur des sites d&#039;annonces ou des pages d&#039;emploi en ligne, ainsi que pour \u00eatre ais\u00e9ment personnalis\u00e9 en fonction des besoins de votre entreprise.\" \/>\n<meta property=\"og:url\" content=\"https:\/\/resources.workable.com\/fr\/specialiste-de-formation-descriptif-de-poste\" \/>\n<meta property=\"og:site_name\" content=\"Recruiting Resources: How to Recruit and Hire Better\" \/>\n<meta property=\"article:publisher\" content=\"https:\/\/business.facebook.com\/workable\/\" \/>\n<meta property=\"article:published_time\" content=\"2020-01-08T11:05:48+00:00\" \/>\n<meta property=\"article:modified_time\" content=\"2020-02-06T13:17:57+00:00\" \/>\n<meta property=\"og:image\" content=\"https:\/\/resources.workable.com\/wp-content\/uploads\/2015\/05\/shutterstock_621795701.jpg\" \/>\n<meta name=\"author\" content=\"Eleni Kourmentza\" \/>\n<meta name=\"twitter:card\" content=\"summary_large_image\" \/>\n<meta name=\"twitter:creator\" content=\"@workable\" \/>\n<meta name=\"twitter:site\" content=\"@workable\" \/>\n<meta name=\"twitter:label1\" content=\"\u00c9crit par\" \/>\n\t<meta name=\"twitter:data1\" content=\"Eleni Kourmentza\" \/>\n\t<meta name=\"twitter:label2\" content=\"Dur\u00e9e de lecture estim\u00e9e\" \/>\n\t<meta name=\"twitter:data2\" content=\"1 minute\" \/>\n<script type=\"application\/ld+json\" class=\"yoast-schema-graph\">{\"@context\":\"https:\\\/\\\/schema.org\",\"@graph\":[{\"@type\":\"Article\",\"@id\":\"https:\\\/\\\/resources.workable.com\\\/fr\\\/specialiste-de-formation-descriptif-de-poste#article\",\"isPartOf\":{\"@id\":\"https:\\\/\\\/resources.workable.com\\\/fr\\\/specialiste-de-formation-descriptif-de-poste\"},\"author\":{\"name\":\"Eleni Kourmentza\",\"@id\":\"https:\\\/\\\/resources.workable.com\\\/fr\\\/#\\\/schema\\\/person\\\/246aec99718ddcb172f71f699e088a88\"},\"headline\":\"Descriptif de poste: Sp\u00e9cialiste de formation&nbsp;(f\\\/h\\\/autre)\",\"datePublished\":\"2020-01-08T11:05:48+00:00\",\"dateModified\":\"2020-02-06T13:17:57+00:00\",\"mainEntityOfPage\":{\"@id\":\"https:\\\/\\\/resources.workable.com\\\/fr\\\/specialiste-de-formation-descriptif-de-poste\"},\"wordCount\":125,\"publisher\":{\"@id\":\"https:\\\/\\\/resources.workable.com\\\/fr\\\/#organization\"},\"image\":{\"@id\":\"https:\\\/\\\/resources.workable.com\\\/fr\\\/specialiste-de-formation-descriptif-de-poste#primaryimage\"},\"thumbnailUrl\":\"https:\\\/\\\/resources.workable.com\\\/wp-content\\\/uploads\\\/2015\\\/05\\\/shutterstock_621795701.jpg\",\"keywords\":[\"sample-training\"],\"articleSection\":[\"Descriptifs de postes\",\"Descriptifs de postes dans le domaine de formation d'entreprise\"],\"inLanguage\":\"fr-FR\"},{\"@type\":\"WebPage\",\"@id\":\"https:\\\/\\\/resources.workable.com\\\/fr\\\/specialiste-de-formation-descriptif-de-poste\",\"url\":\"https:\\\/\\\/resources.workable.com\\\/fr\\\/specialiste-de-formation-descriptif-de-poste\",\"name\":\"Mod\u00e8le de fiche de poste de Sp\u00e9cialiste de formation | Workable\",\"isPartOf\":{\"@id\":\"https:\\\/\\\/resources.workable.com\\\/fr\\\/#website\"},\"primaryImageOfPage\":{\"@id\":\"https:\\\/\\\/resources.workable.com\\\/fr\\\/specialiste-de-formation-descriptif-de-poste#primaryimage\"},\"image\":{\"@id\":\"https:\\\/\\\/resources.workable.com\\\/fr\\\/specialiste-de-formation-descriptif-de-poste#primaryimage\"},\"thumbnailUrl\":\"https:\\\/\\\/resources.workable.com\\\/wp-content\\\/uploads\\\/2015\\\/05\\\/shutterstock_621795701.jpg\",\"datePublished\":\"2020-01-08T11:05:48+00:00\",\"dateModified\":\"2020-02-06T13:17:57+00:00\",\"description\":\"Le pr\u00e9sent mod\u00e8le de fiche de poste de Sp\u00e9cialiste de formation a \u00e9t\u00e9 optimis\u00e9 \u00e0 des fins de publication sur des sites d'annonces ou des pages d'emploi en ligne, ainsi que pour \u00eatre ais\u00e9ment personnalis\u00e9 en fonction des besoins de votre entreprise.\",\"breadcrumb\":{\"@id\":\"https:\\\/\\\/resources.workable.com\\\/fr\\\/specialiste-de-formation-descriptif-de-poste#breadcrumb\"},\"inLanguage\":\"fr-FR\",\"potentialAction\":[{\"@type\":\"ReadAction\",\"target\":[\"https:\\\/\\\/resources.workable.com\\\/fr\\\/specialiste-de-formation-descriptif-de-poste\"]}]},{\"@type\":\"ImageObject\",\"inLanguage\":\"fr-FR\",\"@id\":\"https:\\\/\\\/resources.workable.com\\\/fr\\\/specialiste-de-formation-descriptif-de-poste#primaryimage\",\"url\":\"https:\\\/\\\/resources.workable.com\\\/wp-content\\\/uploads\\\/2015\\\/05\\\/shutterstock_621795701.jpg\",\"contentUrl\":\"https:\\\/\\\/resources.workable.com\\\/wp-content\\\/uploads\\\/2015\\\/05\\\/shutterstock_621795701.jpg\"},{\"@type\":\"BreadcrumbList\",\"@id\":\"https:\\\/\\\/resources.workable.com\\\/fr\\\/specialiste-de-formation-descriptif-de-poste#breadcrumb\",\"itemListElement\":[{\"@type\":\"ListItem\",\"position\":1,\"name\":\"Home\",\"item\":\"https:\\\/\\\/resources.workable.com\\\/fr\\\/\"},{\"@type\":\"ListItem\",\"position\":2,\"name\":\"Descriptif de poste: Sp\u00e9cialiste de formation&nbsp;(f\\\/h\\\/autre)\"}]},{\"@type\":\"WebSite\",\"@id\":\"https:\\\/\\\/resources.workable.com\\\/fr\\\/#website\",\"url\":\"https:\\\/\\\/resources.workable.com\\\/fr\\\/\",\"name\":\"Recruiting Resources: How to Recruit and Hire Better\",\"description\":\"\",\"publisher\":{\"@id\":\"https:\\\/\\\/resources.workable.com\\\/fr\\\/#organization\"},\"potentialAction\":[{\"@type\":\"SearchAction\",\"target\":{\"@type\":\"EntryPoint\",\"urlTemplate\":\"https:\\\/\\\/resources.workable.com\\\/fr\\\/?s={search_term_string}\"},\"query-input\":{\"@type\":\"PropertyValueSpecification\",\"valueRequired\":true,\"valueName\":\"search_term_string\"}}],\"inLanguage\":\"fr-FR\"},{\"@type\":\"Organization\",\"@id\":\"https:\\\/\\\/resources.workable.com\\\/fr\\\/#organization\",\"name\":\"Workable\",\"url\":\"https:\\\/\\\/resources.workable.com\\\/fr\\\/\",\"logo\":{\"@type\":\"ImageObject\",\"inLanguage\":\"fr-FR\",\"@id\":\"https:\\\/\\\/resources.workable.com\\\/fr\\\/#\\\/schema\\\/logo\\\/image\\\/\",\"url\":\"https:\\\/\\\/resources.workable.com\\\/wp-content\\\/uploads\\\/2017\\\/12\\\/logo-green.png\",\"contentUrl\":\"https:\\\/\\\/resources.workable.com\\\/wp-content\\\/uploads\\\/2017\\\/12\\\/logo-green.png\",\"width\":150,\"height\":25,\"caption\":\"Workable\"},\"image\":{\"@id\":\"https:\\\/\\\/resources.workable.com\\\/fr\\\/#\\\/schema\\\/logo\\\/image\\\/\"},\"sameAs\":[\"https:\\\/\\\/business.facebook.com\\\/workable\\\/\",\"https:\\\/\\\/x.com\\\/workable\",\"https:\\\/\\\/www.linkedin.com\\\/company\\\/workable-hr\\\/\"]},{\"@type\":\"Person\",\"@id\":\"https:\\\/\\\/resources.workable.com\\\/fr\\\/#\\\/schema\\\/person\\\/246aec99718ddcb172f71f699e088a88\",\"name\":\"Eleni Kourmentza\",\"image\":{\"@type\":\"ImageObject\",\"inLanguage\":\"fr-FR\",\"@id\":\"https:\\\/\\\/secure.gravatar.com\\\/avatar\\\/9941ca019d8b6c20633797a6b788bfc4b438c79e45a22797c9abfc4bfd997e7d?s=96&d=mm&r=pg\",\"url\":\"https:\\\/\\\/secure.gravatar.com\\\/avatar\\\/9941ca019d8b6c20633797a6b788bfc4b438c79e45a22797c9abfc4bfd997e7d?s=96&d=mm&r=pg\",\"contentUrl\":\"https:\\\/\\\/secure.gravatar.com\\\/avatar\\\/9941ca019d8b6c20633797a6b788bfc4b438c79e45a22797c9abfc4bfd997e7d?s=96&d=mm&r=pg\",\"caption\":\"Eleni Kourmentza\"},\"description\":\"Eleni Kourmentza, ex-People Ops Manager at Workable, excelled in recruitment, lifecycle management, HR admin, culture nurturing, and employer branding.\",\"sameAs\":[\"http:\\\/\\\/workable.com\"],\"url\":\"https:\\\/\\\/resources.workable.com\\\/fr\\\/author\\\/eleni\\\/\"}]}<\/script>\n<!-- \/ Yoast SEO Premium plugin. -->","yoast_head_json":{"title":"Mod\u00e8le de fiche de poste de Sp\u00e9cialiste de formation | Workable","description":"Le pr\u00e9sent mod\u00e8le de fiche de poste de Sp\u00e9cialiste de formation a \u00e9t\u00e9 optimis\u00e9 \u00e0 des fins de publication sur des sites d'annonces ou des pages d'emploi en ligne, ainsi que pour \u00eatre ais\u00e9ment personnalis\u00e9 en fonction des besoins de votre entreprise.","robots":{"index":"index","follow":"follow","max-snippet":"max-snippet:-1","max-image-preview":"max-image-preview:large","max-video-preview":"max-video-preview:-1"},"canonical":"https:\/\/resources.workable.com\/fr\/specialiste-de-formation-descriptif-de-poste\/","og_locale":"fr_FR","og_type":"article","og_title":"Descriptif de poste: Sp\u00e9cialiste de formation (f\/h\/autre)","og_description":"Le pr\u00e9sent mod\u00e8le de fiche de poste de Sp\u00e9cialiste de formation a \u00e9t\u00e9 optimis\u00e9 \u00e0 des fins de publication sur des sites d'annonces ou des pages d'emploi en ligne, ainsi que pour \u00eatre ais\u00e9ment personnalis\u00e9 en fonction des besoins de votre entreprise.","og_url":"https:\/\/resources.workable.com\/fr\/specialiste-de-formation-descriptif-de-poste","og_site_name":"Recruiting Resources: How to Recruit and Hire Better","article_publisher":"https:\/\/business.facebook.com\/workable\/","article_published_time":"2020-01-08T11:05:48+00:00","article_modified_time":"2020-02-06T13:17:57+00:00","og_image":[{"url":"https:\/\/resources.workable.com\/wp-content\/uploads\/2015\/05\/shutterstock_621795701.jpg","type":"","width":"","height":""}],"author":"Eleni Kourmentza","twitter_card":"summary_large_image","twitter_creator":"@workable","twitter_site":"@workable","twitter_misc":{"\u00c9crit par":"Eleni Kourmentza","Dur\u00e9e de lecture estim\u00e9e":"1 minute"},"schema":{"@context":"https:\/\/schema.org","@graph":[{"@type":"Article","@id":"https:\/\/resources.workable.com\/fr\/specialiste-de-formation-descriptif-de-poste#article","isPartOf":{"@id":"https:\/\/resources.workable.com\/fr\/specialiste-de-formation-descriptif-de-poste"},"author":{"name":"Eleni Kourmentza","@id":"https:\/\/resources.workable.com\/fr\/#\/schema\/person\/246aec99718ddcb172f71f699e088a88"},"headline":"Descriptif de poste: Sp\u00e9cialiste de formation&nbsp;(f\/h\/autre)","datePublished":"2020-01-08T11:05:48+00:00","dateModified":"2020-02-06T13:17:57+00:00","mainEntityOfPage":{"@id":"https:\/\/resources.workable.com\/fr\/specialiste-de-formation-descriptif-de-poste"},"wordCount":125,"publisher":{"@id":"https:\/\/resources.workable.com\/fr\/#organization"},"image":{"@id":"https:\/\/resources.workable.com\/fr\/specialiste-de-formation-descriptif-de-poste#primaryimage"},"thumbnailUrl":"https:\/\/resources.workable.com\/wp-content\/uploads\/2015\/05\/shutterstock_621795701.jpg","keywords":["sample-training"],"articleSection":["Descriptifs de postes","Descriptifs de postes dans le domaine de formation d'entreprise"],"inLanguage":"fr-FR"},{"@type":"WebPage","@id":"https:\/\/resources.workable.com\/fr\/specialiste-de-formation-descriptif-de-poste","url":"https:\/\/resources.workable.com\/fr\/specialiste-de-formation-descriptif-de-poste","name":"Mod\u00e8le de fiche de poste de Sp\u00e9cialiste de formation | Workable","isPartOf":{"@id":"https:\/\/resources.workable.com\/fr\/#website"},"primaryImageOfPage":{"@id":"https:\/\/resources.workable.com\/fr\/specialiste-de-formation-descriptif-de-poste#primaryimage"},"image":{"@id":"https:\/\/resources.workable.com\/fr\/specialiste-de-formation-descriptif-de-poste#primaryimage"},"thumbnailUrl":"https:\/\/resources.workable.com\/wp-content\/uploads\/2015\/05\/shutterstock_621795701.jpg","datePublished":"2020-01-08T11:05:48+00:00","dateModified":"2020-02-06T13:17:57+00:00","description":"Le pr\u00e9sent mod\u00e8le de fiche de poste de Sp\u00e9cialiste de formation a \u00e9t\u00e9 optimis\u00e9 \u00e0 des fins de publication sur des sites d'annonces ou des pages d'emploi en ligne, ainsi que pour \u00eatre ais\u00e9ment personnalis\u00e9 en fonction des besoins de votre entreprise.","breadcrumb":{"@id":"https:\/\/resources.workable.com\/fr\/specialiste-de-formation-descriptif-de-poste#breadcrumb"},"inLanguage":"fr-FR","potentialAction":[{"@type":"ReadAction","target":["https:\/\/resources.workable.com\/fr\/specialiste-de-formation-descriptif-de-poste"]}]},{"@type":"ImageObject","inLanguage":"fr-FR","@id":"https:\/\/resources.workable.com\/fr\/specialiste-de-formation-descriptif-de-poste#primaryimage","url":"https:\/\/resources.workable.com\/wp-content\/uploads\/2015\/05\/shutterstock_621795701.jpg","contentUrl":"https:\/\/resources.workable.com\/wp-content\/uploads\/2015\/05\/shutterstock_621795701.jpg"},{"@type":"BreadcrumbList","@id":"https:\/\/resources.workable.com\/fr\/specialiste-de-formation-descriptif-de-poste#breadcrumb","itemListElement":[{"@type":"ListItem","position":1,"name":"Home","item":"https:\/\/resources.workable.com\/fr\/"},{"@type":"ListItem","position":2,"name":"Descriptif de poste: Sp\u00e9cialiste de formation&nbsp;(f\/h\/autre)"}]},{"@type":"WebSite","@id":"https:\/\/resources.workable.com\/fr\/#website","url":"https:\/\/resources.workable.com\/fr\/","name":"Recruiting Resources: How to Recruit and Hire Better","description":"","publisher":{"@id":"https:\/\/resources.workable.com\/fr\/#organization"},"potentialAction":[{"@type":"SearchAction","target":{"@type":"EntryPoint","urlTemplate":"https:\/\/resources.workable.com\/fr\/?s={search_term_string}"},"query-input":{"@type":"PropertyValueSpecification","valueRequired":true,"valueName":"search_term_string"}}],"inLanguage":"fr-FR"},{"@type":"Organization","@id":"https:\/\/resources.workable.com\/fr\/#organization","name":"Workable","url":"https:\/\/resources.workable.com\/fr\/","logo":{"@type":"ImageObject","inLanguage":"fr-FR","@id":"https:\/\/resources.workable.com\/fr\/#\/schema\/logo\/image\/","url":"https:\/\/resources.workable.com\/wp-content\/uploads\/2017\/12\/logo-green.png","contentUrl":"https:\/\/resources.workable.com\/wp-content\/uploads\/2017\/12\/logo-green.png","width":150,"height":25,"caption":"Workable"},"image":{"@id":"https:\/\/resources.workable.com\/fr\/#\/schema\/logo\/image\/"},"sameAs":["https:\/\/business.facebook.com\/workable\/","https:\/\/x.com\/workable","https:\/\/www.linkedin.com\/company\/workable-hr\/"]},{"@type":"Person","@id":"https:\/\/resources.workable.com\/fr\/#\/schema\/person\/246aec99718ddcb172f71f699e088a88","name":"Eleni Kourmentza","image":{"@type":"ImageObject","inLanguage":"fr-FR","@id":"https:\/\/secure.gravatar.com\/avatar\/9941ca019d8b6c20633797a6b788bfc4b438c79e45a22797c9abfc4bfd997e7d?s=96&d=mm&r=pg","url":"https:\/\/secure.gravatar.com\/avatar\/9941ca019d8b6c20633797a6b788bfc4b438c79e45a22797c9abfc4bfd997e7d?s=96&d=mm&r=pg","contentUrl":"https:\/\/secure.gravatar.com\/avatar\/9941ca019d8b6c20633797a6b788bfc4b438c79e45a22797c9abfc4bfd997e7d?s=96&d=mm&r=pg","caption":"Eleni Kourmentza"},"description":"Eleni Kourmentza, ex-People Ops Manager at Workable, excelled in recruitment, lifecycle management, HR admin, culture nurturing, and employer branding.","sameAs":["http:\/\/workable.com"],"url":"https:\/\/resources.workable.com\/fr\/author\/eleni\/"}]}},"modified_by":"Zina Panagopoulou","custom_fields":{"brief":"<p dir=\"ltr\">Nous recherchons un Sp\u00e9cialiste de formation charg\u00e9 d'am\u00e9liorer les comp\u00e9tences des employ\u00e9s \u00e0 titre individuel en concevant et en <a href=\"https:\/\/resources.workable.com\/new-hire-training-checklist\">animant des programmes de formation<\/a> qui stimuleront les r\u00e9sultats des salari\u00e9s sur le lieu de travail dans le respect des valeurs de base de l'entreprise. Il sera charg\u00e9 de mener des \u00e9valuations concernant les besoins de formation, de concevoir et de dispenser le programme de formation et les supports p\u00e9dagogiques et de g\u00e9rer toutes les phases des interventions des formations.<\/p>","requirements":"<ul>\r\n \t<li>Exp\u00e9rience av\u00e9r\u00e9e dans la conception d'\u00e9v\u00e8nements de formation multiples en entreprise<\/li>\r\n \t<li>Connaissance approfondie \u00a0de la th\u00e9orie de l'ing\u00e9nierie p\u00e9dagogique et des principes d'apprentissage<\/li>\r\n \t<li>Capacit\u00e9 av\u00e9r\u00e9e \u00e0 ma\u00eetriser le cycle de formation dans son ensemble<\/li>\r\n \t<li>Connaissance appropri\u00e9e des logiciels de gestion de l'apprentissage<\/li>\r\n \t<li>Familiaris\u00e9 avec les m\u00e9thodes, les outils et les techniques de formation traditionnels et modernes<\/li>\r\n \t<li>Familiaris\u00e9 avec la gestion de talents et la planification de la succession<\/li>\r\n \t<li>Capable de r\u00e9aliser des analyses co\u00fbts-b\u00e9n\u00e9fices et de calculer le rendement de l'investissement en formation<\/li>\r\n \t<li>Comp\u00e9tences solides dans le domaine de la prise de d\u00e9cision et organisationnelles<\/li>\r\n \t<li>Capable de pr\u00e9senter des informations complexes \u00e0 des publics vari\u00e9s<\/li>\r\n \t<li>Ma\u00eetrise de MS Office et des logiciels de base de donn\u00e9es<\/li>\r\n \t<li>Licence en \u00e9ducation, formation, RH ou dans un domaine connexe<\/li>\r\n<\/ul>","responsibilities":"<ul>\r\n \t<li>Identifier les besoins en formation en \u00e9valuant les points forts et les points faibles<\/li>\r\n \t<li>Traduire les exigences dans des formations qui pr\u00e9pareront les salari\u00e9s pour la prochaine \u00e9tape de leur parcours professionnel<\/li>\r\n \t<li>Pr\u00e9parer le programme de formation annuel et les plans p\u00e9dagogiques<\/li>\r\n \t<li>D\u00e9velopper et superviser la production de polycopi\u00e9s \u00e0 distribuer en classe et de supports, aides et manuels p\u00e9dagogiques<\/li>\r\n \t<li>Diriger des exp\u00e9riences d'apprentissage structur\u00e9es et suivre leurs r\u00e9sultats en termes de qualit\u00e9<\/li>\r\n \t<li>Acclimater les nouvelles recrues dans l'entreprise et animer des sessions d'orientation<\/li>\r\n \t<li>Assurer des cours de formation<\/li>\r\n \t<li>\u00c9valuer l'efficacit\u00e9 de formation pour assurer l'int\u00e9gration des comp\u00e9tences et des techniques enseign\u00e9es dans la conduite professionnelle des salari\u00e9s<\/li>\r\n \t<li>\u00c9valuer p\u00e9riodiquement les programmes en cours pour s'assurer qu'ils tiennent compte des changements \u00e9ventuels<\/li>\r\n \t<li>Se tenir \u00e0 jour des nouvelles tendances et outils dans le domaine du <a href=\"https:\/\/resources.workable.com\/employee-development-company-policy\">d\u00e9veloppement des salari\u00e9s<\/a><\/li>\r\n<\/ul>","see_more":""},"_links":{"self":[{"href":"https:\/\/resources.workable.com\/fr\/wp-json\/wp\/v2\/posts\/44182","targetHints":{"allow":["GET"]}}],"collection":[{"href":"https:\/\/resources.workable.com\/fr\/wp-json\/wp\/v2\/posts"}],"about":[{"href":"https:\/\/resources.workable.com\/fr\/wp-json\/wp\/v2\/types\/post"}],"author":[{"embeddable":true,"href":"https:\/\/resources.workable.com\/fr\/wp-json\/wp\/v2\/users\/7"}],"replies":[{"embeddable":true,"href":"https:\/\/resources.workable.com\/fr\/wp-json\/wp\/v2\/comments?post=44182"}],"version-history":[{"count":0,"href":"https:\/\/resources.workable.com\/fr\/wp-json\/wp\/v2\/posts\/44182\/revisions"}],"wp:attachment":[{"href":"https:\/\/resources.workable.com\/fr\/wp-json\/wp\/v2\/media?parent=44182"}],"wp:term":[{"taxonomy":"category","embeddable":true,"href":"https:\/\/resources.workable.com\/fr\/wp-json\/wp\/v2\/categories?post=44182"},{"taxonomy":"post_tag","embeddable":true,"href":"https:\/\/resources.workable.com\/fr\/wp-json\/wp\/v2\/tags?post=44182"}],"curies":[{"name":"wp","href":"https:\/\/api.w.org\/{rel}","templated":true}]}}