{"id":42668,"date":"2020-01-08T11:05:26","date_gmt":"2020-01-08T11:05:26","guid":{"rendered":"https:\/\/resources.workable.com\/?p=42668"},"modified":"2020-02-06T13:18:00","modified_gmt":"2020-02-06T13:18:00","slug":"descriptif-de-poste-representant-du-service-regional-f-h-autre","status":"publish","type":"post","link":"https:\/\/resources.workable.com\/fr\/representant-du-service-regional-descriptif-de-poste","title":{"rendered":"Descriptif de poste: Repr\u00e9sentant du service r\u00e9gional&nbsp;(f\/h\/autre)"},"content":{"rendered":"<p>Le pr\u00e9sent mod\u00e8le de fiche de poste de Repr\u00e9sentant du service r\u00e9gional a \u00e9t\u00e9 optimis\u00e9 \u00e0 des fins de publication sur des sites d&rsquo;annonces ou des pages d&#8217;emploi en ligne, ainsi que pour \u00eatre ais\u00e9ment personnalis\u00e9 en fonction des besoins de votre entreprise.<\/p>\n<h2>Les fonctions du Repr\u00e9sentant du service r\u00e9gional incluent:<\/h2>\n<ul>\n<li><span style=\"font-weight: 400;\">Effectuer toutes les t\u00e2ches d&rsquo;assistance aux clients dans des installations externes<\/span><\/li>\n<li><span style=\"font-weight: 400;\">Travailler de mani\u00e8re efficace pour mener \u00e0 bien toutes les activit\u00e9s d&rsquo;installation, r\u00e9paration, maintenance et test sur site<\/span><\/li>\n<li><span style=\"font-weight: 400;\">Garantir que la progression des travaux respecte d\u00fbment le planning<\/span><\/li>\n<\/ul>\n<p><img loading=\"lazy\" decoding=\"async\" class=\"alignnone size-full wp-image-7186\" src=\"https:\/\/resources.workable.com\/wp-content\/uploads\/2013\/09\/field-service-rep.png\" alt=\"fiche de poste de repr\u00e9sentant du service r\u00e9gional\" width=\"640\" height=\"230\" srcset=\"https:\/\/resources.workable.com\/wp-content\/uploads\/2013\/09\/field-service-rep.png 640w, https:\/\/resources.workable.com\/wp-content\/uploads\/2013\/09\/field-service-rep-200x72.png 200w, https:\/\/resources.workable.com\/wp-content\/uploads\/2013\/09\/field-service-rep-560x201.png 560w\" sizes=\"auto, (max-width: 640px) 100vw, 640px\" \/><\/p>\n","protected":false},"excerpt":{"rendered":"<p>Le pr\u00e9sent mod\u00e8le de fiche de poste de Repr\u00e9sentant du service r\u00e9gional a \u00e9t\u00e9 optimis\u00e9 \u00e0 des fins de publication sur des sites d&rsquo;annonces ou des pages d&#8217;emploi en ligne, ainsi que pour \u00eatre ais\u00e9ment personnalis\u00e9 en fonction des besoins de votre entreprise. Les fonctions du Repr\u00e9sentant du service r\u00e9gional incluent: Effectuer toutes les t\u00e2ches [&hellip;]<\/p>\n","protected":false},"author":7,"featured_media":0,"comment_status":"closed","ping_status":"closed","sticky":false,"template":"","format":"standard","meta":{"_acf_changed":false,"_lmt_disableupdate":"no","_lmt_disable":"","_has_post_settings":[],"footnotes":""},"categories":[1041,1188],"tags":[1187],"class_list":["post-42668","post","type-post","status-publish","format-standard","hentry","category-descriptifs-de-postes","category-descriptifs-de-postes-de-service-a-la-clientele","tag-sample-customer-service-fr"],"acf":[],"yoast_head":"<!-- This site is optimized with the Yoast SEO Premium plugin v27.4 (Yoast SEO v27.4) - https:\/\/yoast.com\/product\/yoast-seo-premium-wordpress\/ -->\n<title>Mod\u00e8le de fiche de poste de Repr\u00e9sentant du service r\u00e9gional | Workable<\/title>\n<meta name=\"description\" content=\"Le pr\u00e9sent mod\u00e8le de descriptif de Repr\u00e9sentant du service r\u00e9gional a \u00e9t\u00e9 optimis\u00e9 \u00e0 des fins de publication sur des sites d&#039;annonces ou des pages d&#039;emploi en ligne, ainsi que pour \u00eatre ais\u00e9ment personnalis\u00e9 en fonction des besoins de votre entreprise.\" \/>\n<meta name=\"robots\" content=\"index, follow, max-snippet:-1, max-image-preview:large, max-video-preview:-1\" \/>\n<link rel=\"canonical\" href=\"https:\/\/resources.workable.com\/fr\/representant-du-service-regional-descriptif-de-poste\/\" \/>\n<meta property=\"og:locale\" content=\"fr_FR\" \/>\n<meta property=\"og:type\" content=\"article\" \/>\n<meta property=\"og:title\" content=\"Descriptif de poste: Repr\u00e9sentant du service r\u00e9gional (f\/h\/autre)\" \/>\n<meta property=\"og:description\" content=\"Le pr\u00e9sent mod\u00e8le de descriptif de Repr\u00e9sentant du service r\u00e9gional a \u00e9t\u00e9 optimis\u00e9 \u00e0 des fins de publication sur des sites d&#039;annonces ou des pages d&#039;emploi en ligne, ainsi que pour \u00eatre ais\u00e9ment personnalis\u00e9 en fonction des besoins de votre entreprise.\" \/>\n<meta property=\"og:url\" content=\"https:\/\/resources.workable.com\/fr\/representant-du-service-regional-descriptif-de-poste\" \/>\n<meta property=\"og:site_name\" content=\"Recruiting Resources: How to Recruit and Hire Better\" \/>\n<meta property=\"article:publisher\" content=\"https:\/\/business.facebook.com\/workable\/\" \/>\n<meta property=\"article:published_time\" content=\"2020-01-08T11:05:26+00:00\" \/>\n<meta property=\"article:modified_time\" content=\"2020-02-06T13:18:00+00:00\" \/>\n<meta property=\"og:image\" content=\"https:\/\/resources.workable.com\/wp-content\/uploads\/2013\/09\/field-service-rep.png\" \/>\n<meta name=\"author\" content=\"Eleni Kourmentza\" \/>\n<meta name=\"twitter:card\" content=\"summary_large_image\" \/>\n<meta name=\"twitter:creator\" content=\"@workable\" \/>\n<meta name=\"twitter:site\" content=\"@workable\" \/>\n<meta name=\"twitter:label1\" content=\"\u00c9crit par\" \/>\n\t<meta name=\"twitter:data1\" content=\"Eleni Kourmentza\" \/>\n\t<meta name=\"twitter:label2\" content=\"Dur\u00e9e de lecture estim\u00e9e\" \/>\n\t<meta name=\"twitter:data2\" content=\"1 minute\" \/>\n<script type=\"application\/ld+json\" class=\"yoast-schema-graph\">{\"@context\":\"https:\\\/\\\/schema.org\",\"@graph\":[{\"@type\":\"Article\",\"@id\":\"https:\\\/\\\/resources.workable.com\\\/fr\\\/representant-du-service-regional-descriptif-de-poste#article\",\"isPartOf\":{\"@id\":\"https:\\\/\\\/resources.workable.com\\\/fr\\\/representant-du-service-regional-descriptif-de-poste\"},\"author\":{\"name\":\"Eleni Kourmentza\",\"@id\":\"https:\\\/\\\/resources.workable.com\\\/fr\\\/#\\\/schema\\\/person\\\/246aec99718ddcb172f71f699e088a88\"},\"headline\":\"Descriptif de poste: Repr\u00e9sentant du service r\u00e9gional&nbsp;(f\\\/h\\\/autre)\",\"datePublished\":\"2020-01-08T11:05:26+00:00\",\"dateModified\":\"2020-02-06T13:18:00+00:00\",\"mainEntityOfPage\":{\"@id\":\"https:\\\/\\\/resources.workable.com\\\/fr\\\/representant-du-service-regional-descriptif-de-poste\"},\"wordCount\":116,\"publisher\":{\"@id\":\"https:\\\/\\\/resources.workable.com\\\/fr\\\/#organization\"},\"image\":{\"@id\":\"https:\\\/\\\/resources.workable.com\\\/fr\\\/representant-du-service-regional-descriptif-de-poste#primaryimage\"},\"thumbnailUrl\":\"https:\\\/\\\/resources.workable.com\\\/wp-content\\\/uploads\\\/2013\\\/09\\\/field-service-rep.png\",\"keywords\":[\"sample-customer-service\"],\"articleSection\":[\"Descriptifs de postes\",\"Descriptifs de postes de service \u00e0 la client\u00e8le\"],\"inLanguage\":\"fr-FR\"},{\"@type\":\"WebPage\",\"@id\":\"https:\\\/\\\/resources.workable.com\\\/fr\\\/representant-du-service-regional-descriptif-de-poste\",\"url\":\"https:\\\/\\\/resources.workable.com\\\/fr\\\/representant-du-service-regional-descriptif-de-poste\",\"name\":\"Mod\u00e8le de fiche de poste de Repr\u00e9sentant du service r\u00e9gional | Workable\",\"isPartOf\":{\"@id\":\"https:\\\/\\\/resources.workable.com\\\/fr\\\/#website\"},\"primaryImageOfPage\":{\"@id\":\"https:\\\/\\\/resources.workable.com\\\/fr\\\/representant-du-service-regional-descriptif-de-poste#primaryimage\"},\"image\":{\"@id\":\"https:\\\/\\\/resources.workable.com\\\/fr\\\/representant-du-service-regional-descriptif-de-poste#primaryimage\"},\"thumbnailUrl\":\"https:\\\/\\\/resources.workable.com\\\/wp-content\\\/uploads\\\/2013\\\/09\\\/field-service-rep.png\",\"datePublished\":\"2020-01-08T11:05:26+00:00\",\"dateModified\":\"2020-02-06T13:18:00+00:00\",\"description\":\"Le pr\u00e9sent mod\u00e8le de descriptif de Repr\u00e9sentant du service r\u00e9gional a \u00e9t\u00e9 optimis\u00e9 \u00e0 des fins de publication sur des sites d'annonces ou des pages d'emploi en ligne, ainsi que pour \u00eatre ais\u00e9ment personnalis\u00e9 en fonction des besoins de votre entreprise.\",\"breadcrumb\":{\"@id\":\"https:\\\/\\\/resources.workable.com\\\/fr\\\/representant-du-service-regional-descriptif-de-poste#breadcrumb\"},\"inLanguage\":\"fr-FR\",\"potentialAction\":[{\"@type\":\"ReadAction\",\"target\":[\"https:\\\/\\\/resources.workable.com\\\/fr\\\/representant-du-service-regional-descriptif-de-poste\"]}]},{\"@type\":\"ImageObject\",\"inLanguage\":\"fr-FR\",\"@id\":\"https:\\\/\\\/resources.workable.com\\\/fr\\\/representant-du-service-regional-descriptif-de-poste#primaryimage\",\"url\":\"https:\\\/\\\/resources.workable.com\\\/wp-content\\\/uploads\\\/2013\\\/09\\\/field-service-rep.png\",\"contentUrl\":\"https:\\\/\\\/resources.workable.com\\\/wp-content\\\/uploads\\\/2013\\\/09\\\/field-service-rep.png\"},{\"@type\":\"BreadcrumbList\",\"@id\":\"https:\\\/\\\/resources.workable.com\\\/fr\\\/representant-du-service-regional-descriptif-de-poste#breadcrumb\",\"itemListElement\":[{\"@type\":\"ListItem\",\"position\":1,\"name\":\"Home\",\"item\":\"https:\\\/\\\/resources.workable.com\\\/fr\\\/\"},{\"@type\":\"ListItem\",\"position\":2,\"name\":\"Descriptif de poste: Repr\u00e9sentant du service r\u00e9gional&nbsp;(f\\\/h\\\/autre)\"}]},{\"@type\":\"WebSite\",\"@id\":\"https:\\\/\\\/resources.workable.com\\\/fr\\\/#website\",\"url\":\"https:\\\/\\\/resources.workable.com\\\/fr\\\/\",\"name\":\"Recruiting Resources: How to Recruit and Hire Better\",\"description\":\"\",\"publisher\":{\"@id\":\"https:\\\/\\\/resources.workable.com\\\/fr\\\/#organization\"},\"potentialAction\":[{\"@type\":\"SearchAction\",\"target\":{\"@type\":\"EntryPoint\",\"urlTemplate\":\"https:\\\/\\\/resources.workable.com\\\/fr\\\/?s={search_term_string}\"},\"query-input\":{\"@type\":\"PropertyValueSpecification\",\"valueRequired\":true,\"valueName\":\"search_term_string\"}}],\"inLanguage\":\"fr-FR\"},{\"@type\":\"Organization\",\"@id\":\"https:\\\/\\\/resources.workable.com\\\/fr\\\/#organization\",\"name\":\"Workable\",\"url\":\"https:\\\/\\\/resources.workable.com\\\/fr\\\/\",\"logo\":{\"@type\":\"ImageObject\",\"inLanguage\":\"fr-FR\",\"@id\":\"https:\\\/\\\/resources.workable.com\\\/fr\\\/#\\\/schema\\\/logo\\\/image\\\/\",\"url\":\"https:\\\/\\\/resources.workable.com\\\/wp-content\\\/uploads\\\/2017\\\/12\\\/logo-green.png\",\"contentUrl\":\"https:\\\/\\\/resources.workable.com\\\/wp-content\\\/uploads\\\/2017\\\/12\\\/logo-green.png\",\"width\":150,\"height\":25,\"caption\":\"Workable\"},\"image\":{\"@id\":\"https:\\\/\\\/resources.workable.com\\\/fr\\\/#\\\/schema\\\/logo\\\/image\\\/\"},\"sameAs\":[\"https:\\\/\\\/business.facebook.com\\\/workable\\\/\",\"https:\\\/\\\/x.com\\\/workable\",\"https:\\\/\\\/www.linkedin.com\\\/company\\\/workable-hr\\\/\"]},{\"@type\":\"Person\",\"@id\":\"https:\\\/\\\/resources.workable.com\\\/fr\\\/#\\\/schema\\\/person\\\/246aec99718ddcb172f71f699e088a88\",\"name\":\"Eleni Kourmentza\",\"image\":{\"@type\":\"ImageObject\",\"inLanguage\":\"fr-FR\",\"@id\":\"https:\\\/\\\/secure.gravatar.com\\\/avatar\\\/9941ca019d8b6c20633797a6b788bfc4b438c79e45a22797c9abfc4bfd997e7d?s=96&d=mm&r=pg\",\"url\":\"https:\\\/\\\/secure.gravatar.com\\\/avatar\\\/9941ca019d8b6c20633797a6b788bfc4b438c79e45a22797c9abfc4bfd997e7d?s=96&d=mm&r=pg\",\"contentUrl\":\"https:\\\/\\\/secure.gravatar.com\\\/avatar\\\/9941ca019d8b6c20633797a6b788bfc4b438c79e45a22797c9abfc4bfd997e7d?s=96&d=mm&r=pg\",\"caption\":\"Eleni Kourmentza\"},\"description\":\"Eleni Kourmentza, ex-People Ops Manager at Workable, excelled in recruitment, lifecycle management, HR admin, culture nurturing, and employer branding.\",\"sameAs\":[\"http:\\\/\\\/workable.com\"],\"url\":\"https:\\\/\\\/resources.workable.com\\\/fr\\\/author\\\/eleni\\\/\"}]}<\/script>\n<!-- \/ Yoast SEO Premium plugin. -->","yoast_head_json":{"title":"Mod\u00e8le de fiche de poste de Repr\u00e9sentant du service r\u00e9gional | Workable","description":"Le pr\u00e9sent mod\u00e8le de descriptif de Repr\u00e9sentant du service r\u00e9gional a \u00e9t\u00e9 optimis\u00e9 \u00e0 des fins de publication sur des sites d'annonces ou des pages d'emploi en ligne, ainsi que pour \u00eatre ais\u00e9ment personnalis\u00e9 en fonction des besoins de votre entreprise.","robots":{"index":"index","follow":"follow","max-snippet":"max-snippet:-1","max-image-preview":"max-image-preview:large","max-video-preview":"max-video-preview:-1"},"canonical":"https:\/\/resources.workable.com\/fr\/representant-du-service-regional-descriptif-de-poste\/","og_locale":"fr_FR","og_type":"article","og_title":"Descriptif de poste: Repr\u00e9sentant du service r\u00e9gional (f\/h\/autre)","og_description":"Le pr\u00e9sent mod\u00e8le de descriptif de Repr\u00e9sentant du service r\u00e9gional a \u00e9t\u00e9 optimis\u00e9 \u00e0 des fins de publication sur des sites d'annonces ou des pages d'emploi en ligne, ainsi que pour \u00eatre ais\u00e9ment personnalis\u00e9 en fonction des besoins de votre entreprise.","og_url":"https:\/\/resources.workable.com\/fr\/representant-du-service-regional-descriptif-de-poste","og_site_name":"Recruiting Resources: How to Recruit and Hire Better","article_publisher":"https:\/\/business.facebook.com\/workable\/","article_published_time":"2020-01-08T11:05:26+00:00","article_modified_time":"2020-02-06T13:18:00+00:00","og_image":[{"url":"https:\/\/resources.workable.com\/wp-content\/uploads\/2013\/09\/field-service-rep.png","type":"","width":"","height":""}],"author":"Eleni Kourmentza","twitter_card":"summary_large_image","twitter_creator":"@workable","twitter_site":"@workable","twitter_misc":{"\u00c9crit par":"Eleni Kourmentza","Dur\u00e9e de lecture estim\u00e9e":"1 minute"},"schema":{"@context":"https:\/\/schema.org","@graph":[{"@type":"Article","@id":"https:\/\/resources.workable.com\/fr\/representant-du-service-regional-descriptif-de-poste#article","isPartOf":{"@id":"https:\/\/resources.workable.com\/fr\/representant-du-service-regional-descriptif-de-poste"},"author":{"name":"Eleni Kourmentza","@id":"https:\/\/resources.workable.com\/fr\/#\/schema\/person\/246aec99718ddcb172f71f699e088a88"},"headline":"Descriptif de poste: Repr\u00e9sentant du service r\u00e9gional&nbsp;(f\/h\/autre)","datePublished":"2020-01-08T11:05:26+00:00","dateModified":"2020-02-06T13:18:00+00:00","mainEntityOfPage":{"@id":"https:\/\/resources.workable.com\/fr\/representant-du-service-regional-descriptif-de-poste"},"wordCount":116,"publisher":{"@id":"https:\/\/resources.workable.com\/fr\/#organization"},"image":{"@id":"https:\/\/resources.workable.com\/fr\/representant-du-service-regional-descriptif-de-poste#primaryimage"},"thumbnailUrl":"https:\/\/resources.workable.com\/wp-content\/uploads\/2013\/09\/field-service-rep.png","keywords":["sample-customer-service"],"articleSection":["Descriptifs de postes","Descriptifs de postes de service \u00e0 la client\u00e8le"],"inLanguage":"fr-FR"},{"@type":"WebPage","@id":"https:\/\/resources.workable.com\/fr\/representant-du-service-regional-descriptif-de-poste","url":"https:\/\/resources.workable.com\/fr\/representant-du-service-regional-descriptif-de-poste","name":"Mod\u00e8le de fiche de poste de Repr\u00e9sentant du service r\u00e9gional | Workable","isPartOf":{"@id":"https:\/\/resources.workable.com\/fr\/#website"},"primaryImageOfPage":{"@id":"https:\/\/resources.workable.com\/fr\/representant-du-service-regional-descriptif-de-poste#primaryimage"},"image":{"@id":"https:\/\/resources.workable.com\/fr\/representant-du-service-regional-descriptif-de-poste#primaryimage"},"thumbnailUrl":"https:\/\/resources.workable.com\/wp-content\/uploads\/2013\/09\/field-service-rep.png","datePublished":"2020-01-08T11:05:26+00:00","dateModified":"2020-02-06T13:18:00+00:00","description":"Le pr\u00e9sent mod\u00e8le de descriptif de Repr\u00e9sentant du service r\u00e9gional a \u00e9t\u00e9 optimis\u00e9 \u00e0 des fins de publication sur des sites d'annonces ou des pages d'emploi en ligne, ainsi que pour \u00eatre ais\u00e9ment personnalis\u00e9 en fonction des besoins de votre entreprise.","breadcrumb":{"@id":"https:\/\/resources.workable.com\/fr\/representant-du-service-regional-descriptif-de-poste#breadcrumb"},"inLanguage":"fr-FR","potentialAction":[{"@type":"ReadAction","target":["https:\/\/resources.workable.com\/fr\/representant-du-service-regional-descriptif-de-poste"]}]},{"@type":"ImageObject","inLanguage":"fr-FR","@id":"https:\/\/resources.workable.com\/fr\/representant-du-service-regional-descriptif-de-poste#primaryimage","url":"https:\/\/resources.workable.com\/wp-content\/uploads\/2013\/09\/field-service-rep.png","contentUrl":"https:\/\/resources.workable.com\/wp-content\/uploads\/2013\/09\/field-service-rep.png"},{"@type":"BreadcrumbList","@id":"https:\/\/resources.workable.com\/fr\/representant-du-service-regional-descriptif-de-poste#breadcrumb","itemListElement":[{"@type":"ListItem","position":1,"name":"Home","item":"https:\/\/resources.workable.com\/fr\/"},{"@type":"ListItem","position":2,"name":"Descriptif de poste: Repr\u00e9sentant du service r\u00e9gional&nbsp;(f\/h\/autre)"}]},{"@type":"WebSite","@id":"https:\/\/resources.workable.com\/fr\/#website","url":"https:\/\/resources.workable.com\/fr\/","name":"Recruiting Resources: How to Recruit and Hire Better","description":"","publisher":{"@id":"https:\/\/resources.workable.com\/fr\/#organization"},"potentialAction":[{"@type":"SearchAction","target":{"@type":"EntryPoint","urlTemplate":"https:\/\/resources.workable.com\/fr\/?s={search_term_string}"},"query-input":{"@type":"PropertyValueSpecification","valueRequired":true,"valueName":"search_term_string"}}],"inLanguage":"fr-FR"},{"@type":"Organization","@id":"https:\/\/resources.workable.com\/fr\/#organization","name":"Workable","url":"https:\/\/resources.workable.com\/fr\/","logo":{"@type":"ImageObject","inLanguage":"fr-FR","@id":"https:\/\/resources.workable.com\/fr\/#\/schema\/logo\/image\/","url":"https:\/\/resources.workable.com\/wp-content\/uploads\/2017\/12\/logo-green.png","contentUrl":"https:\/\/resources.workable.com\/wp-content\/uploads\/2017\/12\/logo-green.png","width":150,"height":25,"caption":"Workable"},"image":{"@id":"https:\/\/resources.workable.com\/fr\/#\/schema\/logo\/image\/"},"sameAs":["https:\/\/business.facebook.com\/workable\/","https:\/\/x.com\/workable","https:\/\/www.linkedin.com\/company\/workable-hr\/"]},{"@type":"Person","@id":"https:\/\/resources.workable.com\/fr\/#\/schema\/person\/246aec99718ddcb172f71f699e088a88","name":"Eleni Kourmentza","image":{"@type":"ImageObject","inLanguage":"fr-FR","@id":"https:\/\/secure.gravatar.com\/avatar\/9941ca019d8b6c20633797a6b788bfc4b438c79e45a22797c9abfc4bfd997e7d?s=96&d=mm&r=pg","url":"https:\/\/secure.gravatar.com\/avatar\/9941ca019d8b6c20633797a6b788bfc4b438c79e45a22797c9abfc4bfd997e7d?s=96&d=mm&r=pg","contentUrl":"https:\/\/secure.gravatar.com\/avatar\/9941ca019d8b6c20633797a6b788bfc4b438c79e45a22797c9abfc4bfd997e7d?s=96&d=mm&r=pg","caption":"Eleni Kourmentza"},"description":"Eleni Kourmentza, ex-People Ops Manager at Workable, excelled in recruitment, lifecycle management, HR admin, culture nurturing, and employer branding.","sameAs":["http:\/\/workable.com"],"url":"https:\/\/resources.workable.com\/fr\/author\/eleni\/"}]}},"modified_by":"Zina Panagopoulou","custom_fields":{"brief":"<span style=\"font-weight: 400;\">Nous recherchons un Repr\u00e9sentant du service r\u00e9gional motiv\u00e9 capable de travailler avec peu d'instructions, charg\u00e9 d'assurer une qualit\u00e9 \u00e9lev\u00e9e du service client. Le but recherch\u00e9 est de maximiser l'engagement des clients et la prosp\u00e9rit\u00e9 de l'entreprise en g\u00e9n\u00e9rant des r\u00e9sultats de mani\u00e8re opportune.<\/span>","requirements":"<ul>\r\n \t<li><span style=\"font-weight: 400;\">Exp\u00e9rience av\u00e9r\u00e9e en tant que Repr\u00e9sentant du service r\u00e9gional<\/span><\/li>\r\n \t<li><span style=\"font-weight: 400;\">Capable de g\u00e9rer et de pr\u00e9server les \u00e9quipements techniques<\/span><\/li>\r\n \t<li><span style=\"font-weight: 400;\">Bonne connaissance de la langue anglaise<\/span><\/li>\r\n \t<li><span style=\"font-weight: 400;\">Capable de s'habituer facilement \u00e0 des plannings et \u00e9quipes de travail par roulement changeants<\/span><\/li>\r\n \t<li><span style=\"font-weight: 400;\">Habitu\u00e9(e) \u00e0 utiliser des outils et des applications mobiles<\/span><\/li>\r\n \t<li><span style=\"font-weight: 400;\">Dipl\u00f4me ou certification technique<\/span><\/li>\r\n<\/ul>","responsibilities":"<ul>\r\n \t<li><span style=\"font-weight: 400;\">Effectuer toutes les t\u00e2ches d'assistance aux clients dans des installations externes<\/span><\/li>\r\n \t<li><span style=\"font-weight: 400;\">Travailler de mani\u00e8re efficace pour mener \u00e0 bien toutes les activit\u00e9s d'installation, r\u00e9paration, maintenance et test sur site<\/span><\/li>\r\n \t<li><span style=\"font-weight: 400;\">Garantir que la progression des travaux respecte d\u00fbment le planning<\/span><\/li>\r\n \t<li><span style=\"font-weight: 400;\">Effectuer des d\u00e9pannages et s'efforcer de r\u00e9soudre les probl\u00e8mes<\/span><\/li>\r\n \t<li><span style=\"font-weight: 400;\">R\u00e9diger des rapports de service fr\u00e9quents et analytiques<\/span><\/li>\r\n \t<li><span style=\"font-weight: 400;\">Manier les v\u00e9hicules en toute s\u00e9curit\u00e9 en utilisant des syst\u00e8mes d'automatisation d\u00e9port\u00e9s<\/span><\/li>\r\n \t<li><span style=\"font-weight: 400;\">Respecter les r\u00e8gles et les r\u00e8glements fournis par l'entreprise<\/span><\/li>\r\n \t<li><span style=\"font-weight: 400;\">Travailler en \u00e9quipe avec vos coll\u00e8gues et leur transmettre les informations importantes<\/span><\/li>\r\n \t<li><span style=\"font-weight: 400;\">D\u00e9celer les besoins des clients et fournir des conseils et des recommandations<\/span><\/li>\r\n \t<li><span style=\"font-weight: 400;\">Instaurer des rapports de confiance avec les clients<\/span><\/li>\r\n<\/ul>","see_more":""},"_links":{"self":[{"href":"https:\/\/resources.workable.com\/fr\/wp-json\/wp\/v2\/posts\/42668","targetHints":{"allow":["GET"]}}],"collection":[{"href":"https:\/\/resources.workable.com\/fr\/wp-json\/wp\/v2\/posts"}],"about":[{"href":"https:\/\/resources.workable.com\/fr\/wp-json\/wp\/v2\/types\/post"}],"author":[{"embeddable":true,"href":"https:\/\/resources.workable.com\/fr\/wp-json\/wp\/v2\/users\/7"}],"replies":[{"embeddable":true,"href":"https:\/\/resources.workable.com\/fr\/wp-json\/wp\/v2\/comments?post=42668"}],"version-history":[{"count":0,"href":"https:\/\/resources.workable.com\/fr\/wp-json\/wp\/v2\/posts\/42668\/revisions"}],"wp:attachment":[{"href":"https:\/\/resources.workable.com\/fr\/wp-json\/wp\/v2\/media?parent=42668"}],"wp:term":[{"taxonomy":"category","embeddable":true,"href":"https:\/\/resources.workable.com\/fr\/wp-json\/wp\/v2\/categories?post=42668"},{"taxonomy":"post_tag","embeddable":true,"href":"https:\/\/resources.workable.com\/fr\/wp-json\/wp\/v2\/tags?post=42668"}],"curies":[{"name":"wp","href":"https:\/\/api.w.org\/{rel}","templated":true}]}}