{"id":42076,"date":"2020-01-08T11:05:18","date_gmt":"2020-01-08T11:05:18","guid":{"rendered":"https:\/\/resources.workable.com\/?p=42076"},"modified":"2020-02-06T13:13:56","modified_gmt":"2020-02-06T13:13:56","slug":"descriptif-de-poste-directeur-des-operations-commerciales-f-h-autre","status":"publish","type":"post","link":"https:\/\/resources.workable.com\/fr\/directeur-des-operations-commerciales-descriptif-de-poste","title":{"rendered":"Descriptif de poste: Directeur des op\u00e9rations commerciales&nbsp;(f\/h\/autre)"},"content":{"rendered":"<p>Utilisez ce mod\u00e8le de descriptif de poste de Directeur des op\u00e9rations commerciales pour attirer et embaucher des candidat(e)s qualifi\u00e9(e)s pour votre entreprise.<\/p>\n<h2>Responsabilit\u00e9s du Directeur des op\u00e9rations commerciales:<\/h2>\n<ul>\n<li>Contr\u00f4le et am\u00e9lioration des fonctions quotidiennes<\/li>\n<li>D\u00e9veloppement de processus bas\u00e9s sur nos objectifs commerciaux<\/li>\n<li>Mesure de l&rsquo;efficacit\u00e9 des syst\u00e8mes et des proc\u00e9dures<\/li>\n<\/ul>\n","protected":false},"excerpt":{"rendered":"<p>Utilisez ce mod\u00e8le de descriptif de poste de Directeur des op\u00e9rations commerciales pour attirer et embaucher des candidat(e)s qualifi\u00e9(e)s pour votre entreprise. Responsabilit\u00e9s du Directeur des op\u00e9rations commerciales: Contr\u00f4le et am\u00e9lioration des fonctions quotidiennes D\u00e9veloppement de processus bas\u00e9s sur nos objectifs commerciaux Mesure de l&rsquo;efficacit\u00e9 des syst\u00e8mes et des proc\u00e9dures<\/p>\n","protected":false},"author":41,"featured_media":0,"comment_status":"closed","ping_status":"closed","sticky":false,"template":"","format":"standard","meta":{"_acf_changed":false,"_lmt_disableupdate":"no","_lmt_disable":"","_has_post_settings":[],"footnotes":""},"categories":[1041,1042],"tags":[],"class_list":["post-42076","post","type-post","status-publish","format-standard","hentry","category-descriptifs-de-postes","category-descriptifs-de-postes-en-informatique-et-developpement"],"acf":[],"yoast_head":"<!-- This site is optimized with the Yoast SEO Premium plugin v27.4 (Yoast SEO v27.4) - https:\/\/yoast.com\/product\/yoast-seo-premium-wordpress\/ -->\n<title>Descriptif de poste: Directeur des op\u00e9rations commerciales (f\/h\/autre) Mod\u00e8le - Workable<\/title>\n<meta name=\"description\" content=\"Utilisez ce mod\u00e8le de descriptif de poste de Directeur des op\u00e9rations commerciales pour attirer et embaucher des candidat(e)s qualifi\u00e9(e)s pour votre entreprise.\" \/>\n<meta name=\"robots\" content=\"index, follow, max-snippet:-1, max-image-preview:large, max-video-preview:-1\" \/>\n<link rel=\"canonical\" href=\"https:\/\/resources.workable.com\/fr\/directeur-des-operations-commerciales-descriptif-de-poste\/\" \/>\n<meta property=\"og:locale\" content=\"fr_FR\" \/>\n<meta property=\"og:type\" content=\"article\" \/>\n<meta property=\"og:title\" content=\"Descriptif de poste: Directeur des op\u00e9rations commerciales (f\/h\/autre)\" \/>\n<meta property=\"og:description\" content=\"Utilisez ce mod\u00e8le de descriptif de poste de Directeur des op\u00e9rations commerciales pour attirer et embaucher des candidat(e)s qualifi\u00e9(e)s pour votre entreprise.\" \/>\n<meta property=\"og:url\" content=\"https:\/\/resources.workable.com\/fr\/directeur-des-operations-commerciales-descriptif-de-poste\" \/>\n<meta property=\"og:site_name\" content=\"Recruiting Resources: How to Recruit and Hire Better\" \/>\n<meta property=\"article:publisher\" content=\"https:\/\/business.facebook.com\/workable\/\" \/>\n<meta property=\"article:published_time\" content=\"2020-01-08T11:05:18+00:00\" \/>\n<meta property=\"article:modified_time\" content=\"2020-02-06T13:13:56+00:00\" \/>\n<meta property=\"og:image\" content=\"https:\/\/resources.workable.com\/wp-content\/uploads\/2024\/02\/workable_thumb.png\" \/>\n\t<meta property=\"og:image:width\" content=\"1200\" \/>\n\t<meta property=\"og:image:height\" content=\"630\" \/>\n\t<meta property=\"og:image:type\" content=\"image\/png\" \/>\n<meta name=\"author\" content=\"Christina Pavlou\" \/>\n<meta name=\"twitter:card\" content=\"summary_large_image\" \/>\n<meta name=\"twitter:creator\" content=\"@workable\" \/>\n<meta name=\"twitter:site\" content=\"@workable\" \/>\n<meta name=\"twitter:label1\" content=\"\u00c9crit par\" \/>\n\t<meta name=\"twitter:data1\" content=\"Christina Pavlou\" \/>\n<script type=\"application\/ld+json\" class=\"yoast-schema-graph\">{\"@context\":\"https:\\\/\\\/schema.org\",\"@graph\":[{\"@type\":\"Article\",\"@id\":\"https:\\\/\\\/resources.workable.com\\\/fr\\\/directeur-des-operations-commerciales-descriptif-de-poste#article\",\"isPartOf\":{\"@id\":\"https:\\\/\\\/resources.workable.com\\\/fr\\\/directeur-des-operations-commerciales-descriptif-de-poste\"},\"author\":{\"name\":\"Christina Pavlou\",\"@id\":\"https:\\\/\\\/resources.workable.com\\\/fr\\\/#\\\/schema\\\/person\\\/b23289d8d63331621eee9e69103cd603\"},\"headline\":\"Descriptif de poste: Directeur des op\u00e9rations commerciales&nbsp;(f\\\/h\\\/autre)\",\"datePublished\":\"2020-01-08T11:05:18+00:00\",\"dateModified\":\"2020-02-06T13:13:56+00:00\",\"mainEntityOfPage\":{\"@id\":\"https:\\\/\\\/resources.workable.com\\\/fr\\\/directeur-des-operations-commerciales-descriptif-de-poste\"},\"wordCount\":76,\"publisher\":{\"@id\":\"https:\\\/\\\/resources.workable.com\\\/fr\\\/#organization\"},\"articleSection\":[\"Descriptifs de postes\",\"Descriptifs de postes en informatique et d\u00e9veloppement\"],\"inLanguage\":\"fr-FR\"},{\"@type\":\"WebPage\",\"@id\":\"https:\\\/\\\/resources.workable.com\\\/fr\\\/directeur-des-operations-commerciales-descriptif-de-poste\",\"url\":\"https:\\\/\\\/resources.workable.com\\\/fr\\\/directeur-des-operations-commerciales-descriptif-de-poste\",\"name\":\"Descriptif de poste: Directeur des op\u00e9rations commerciales (f\\\/h\\\/autre) Mod\u00e8le - Workable\",\"isPartOf\":{\"@id\":\"https:\\\/\\\/resources.workable.com\\\/fr\\\/#website\"},\"datePublished\":\"2020-01-08T11:05:18+00:00\",\"dateModified\":\"2020-02-06T13:13:56+00:00\",\"description\":\"Utilisez ce mod\u00e8le de descriptif de poste de Directeur des op\u00e9rations commerciales pour attirer et embaucher des candidat(e)s qualifi\u00e9(e)s pour votre entreprise.\",\"breadcrumb\":{\"@id\":\"https:\\\/\\\/resources.workable.com\\\/fr\\\/directeur-des-operations-commerciales-descriptif-de-poste#breadcrumb\"},\"inLanguage\":\"fr-FR\",\"potentialAction\":[{\"@type\":\"ReadAction\",\"target\":[\"https:\\\/\\\/resources.workable.com\\\/fr\\\/directeur-des-operations-commerciales-descriptif-de-poste\"]}]},{\"@type\":\"BreadcrumbList\",\"@id\":\"https:\\\/\\\/resources.workable.com\\\/fr\\\/directeur-des-operations-commerciales-descriptif-de-poste#breadcrumb\",\"itemListElement\":[{\"@type\":\"ListItem\",\"position\":1,\"name\":\"Home\",\"item\":\"https:\\\/\\\/resources.workable.com\\\/fr\\\/\"},{\"@type\":\"ListItem\",\"position\":2,\"name\":\"Descriptif de poste: Directeur des op\u00e9rations commerciales&nbsp;(f\\\/h\\\/autre)\"}]},{\"@type\":\"WebSite\",\"@id\":\"https:\\\/\\\/resources.workable.com\\\/fr\\\/#website\",\"url\":\"https:\\\/\\\/resources.workable.com\\\/fr\\\/\",\"name\":\"Recruiting Resources: How to Recruit and Hire Better\",\"description\":\"\",\"publisher\":{\"@id\":\"https:\\\/\\\/resources.workable.com\\\/fr\\\/#organization\"},\"potentialAction\":[{\"@type\":\"SearchAction\",\"target\":{\"@type\":\"EntryPoint\",\"urlTemplate\":\"https:\\\/\\\/resources.workable.com\\\/fr\\\/?s={search_term_string}\"},\"query-input\":{\"@type\":\"PropertyValueSpecification\",\"valueRequired\":true,\"valueName\":\"search_term_string\"}}],\"inLanguage\":\"fr-FR\"},{\"@type\":\"Organization\",\"@id\":\"https:\\\/\\\/resources.workable.com\\\/fr\\\/#organization\",\"name\":\"Workable\",\"url\":\"https:\\\/\\\/resources.workable.com\\\/fr\\\/\",\"logo\":{\"@type\":\"ImageObject\",\"inLanguage\":\"fr-FR\",\"@id\":\"https:\\\/\\\/resources.workable.com\\\/fr\\\/#\\\/schema\\\/logo\\\/image\\\/\",\"url\":\"https:\\\/\\\/resources.workable.com\\\/wp-content\\\/uploads\\\/2017\\\/12\\\/logo-green.png\",\"contentUrl\":\"https:\\\/\\\/resources.workable.com\\\/wp-content\\\/uploads\\\/2017\\\/12\\\/logo-green.png\",\"width\":150,\"height\":25,\"caption\":\"Workable\"},\"image\":{\"@id\":\"https:\\\/\\\/resources.workable.com\\\/fr\\\/#\\\/schema\\\/logo\\\/image\\\/\"},\"sameAs\":[\"https:\\\/\\\/business.facebook.com\\\/workable\\\/\",\"https:\\\/\\\/x.com\\\/workable\",\"https:\\\/\\\/www.linkedin.com\\\/company\\\/workable-hr\\\/\"]},{\"@type\":\"Person\",\"@id\":\"https:\\\/\\\/resources.workable.com\\\/fr\\\/#\\\/schema\\\/person\\\/b23289d8d63331621eee9e69103cd603\",\"name\":\"Christina Pavlou\",\"image\":{\"@type\":\"ImageObject\",\"inLanguage\":\"fr-FR\",\"@id\":\"https:\\\/\\\/secure.gravatar.com\\\/avatar\\\/9ed48272d268bb7071cf243f8d2dcaeaa1f26feca5ecd3fbed59e0378447bc49?s=96&d=mm&r=pg\",\"url\":\"https:\\\/\\\/secure.gravatar.com\\\/avatar\\\/9ed48272d268bb7071cf243f8d2dcaeaa1f26feca5ecd3fbed59e0378447bc49?s=96&d=mm&r=pg\",\"contentUrl\":\"https:\\\/\\\/secure.gravatar.com\\\/avatar\\\/9ed48272d268bb7071cf243f8d2dcaeaa1f26feca5ecd3fbed59e0378447bc49?s=96&d=mm&r=pg\",\"caption\":\"Christina Pavlou\"},\"description\":\"Christina Pavlou was a writer at Workable for nearly four years, and previously a recruiter. She writes about diversity in the workplace and reports on the shape of things to come. You can find her on LinkedIn and Twitter.\",\"url\":\"https:\\\/\\\/resources.workable.com\\\/fr\\\/author\\\/christina\\\/\"}]}<\/script>\n<!-- \/ Yoast SEO Premium plugin. -->","yoast_head_json":{"title":"Descriptif de poste: Directeur des op\u00e9rations commerciales (f\/h\/autre) Mod\u00e8le - Workable","description":"Utilisez ce mod\u00e8le de descriptif de poste de Directeur des op\u00e9rations commerciales pour attirer et embaucher des candidat(e)s qualifi\u00e9(e)s pour votre entreprise.","robots":{"index":"index","follow":"follow","max-snippet":"max-snippet:-1","max-image-preview":"max-image-preview:large","max-video-preview":"max-video-preview:-1"},"canonical":"https:\/\/resources.workable.com\/fr\/directeur-des-operations-commerciales-descriptif-de-poste\/","og_locale":"fr_FR","og_type":"article","og_title":"Descriptif de poste: Directeur des op\u00e9rations commerciales (f\/h\/autre)","og_description":"Utilisez ce mod\u00e8le de descriptif de poste de Directeur des op\u00e9rations commerciales pour attirer et embaucher des candidat(e)s qualifi\u00e9(e)s pour votre entreprise.","og_url":"https:\/\/resources.workable.com\/fr\/directeur-des-operations-commerciales-descriptif-de-poste","og_site_name":"Recruiting Resources: How to Recruit and Hire Better","article_publisher":"https:\/\/business.facebook.com\/workable\/","article_published_time":"2020-01-08T11:05:18+00:00","article_modified_time":"2020-02-06T13:13:56+00:00","og_image":[{"width":1200,"height":630,"url":"https:\/\/resources.workable.com\/wp-content\/uploads\/2024\/02\/workable_thumb.png","type":"image\/png"}],"author":"Christina Pavlou","twitter_card":"summary_large_image","twitter_creator":"@workable","twitter_site":"@workable","twitter_misc":{"\u00c9crit par":"Christina Pavlou"},"schema":{"@context":"https:\/\/schema.org","@graph":[{"@type":"Article","@id":"https:\/\/resources.workable.com\/fr\/directeur-des-operations-commerciales-descriptif-de-poste#article","isPartOf":{"@id":"https:\/\/resources.workable.com\/fr\/directeur-des-operations-commerciales-descriptif-de-poste"},"author":{"name":"Christina Pavlou","@id":"https:\/\/resources.workable.com\/fr\/#\/schema\/person\/b23289d8d63331621eee9e69103cd603"},"headline":"Descriptif de poste: Directeur des op\u00e9rations commerciales&nbsp;(f\/h\/autre)","datePublished":"2020-01-08T11:05:18+00:00","dateModified":"2020-02-06T13:13:56+00:00","mainEntityOfPage":{"@id":"https:\/\/resources.workable.com\/fr\/directeur-des-operations-commerciales-descriptif-de-poste"},"wordCount":76,"publisher":{"@id":"https:\/\/resources.workable.com\/fr\/#organization"},"articleSection":["Descriptifs de postes","Descriptifs de postes en informatique et d\u00e9veloppement"],"inLanguage":"fr-FR"},{"@type":"WebPage","@id":"https:\/\/resources.workable.com\/fr\/directeur-des-operations-commerciales-descriptif-de-poste","url":"https:\/\/resources.workable.com\/fr\/directeur-des-operations-commerciales-descriptif-de-poste","name":"Descriptif de poste: Directeur des op\u00e9rations commerciales (f\/h\/autre) Mod\u00e8le - Workable","isPartOf":{"@id":"https:\/\/resources.workable.com\/fr\/#website"},"datePublished":"2020-01-08T11:05:18+00:00","dateModified":"2020-02-06T13:13:56+00:00","description":"Utilisez ce mod\u00e8le de descriptif de poste de Directeur des op\u00e9rations commerciales pour attirer et embaucher des candidat(e)s qualifi\u00e9(e)s pour votre entreprise.","breadcrumb":{"@id":"https:\/\/resources.workable.com\/fr\/directeur-des-operations-commerciales-descriptif-de-poste#breadcrumb"},"inLanguage":"fr-FR","potentialAction":[{"@type":"ReadAction","target":["https:\/\/resources.workable.com\/fr\/directeur-des-operations-commerciales-descriptif-de-poste"]}]},{"@type":"BreadcrumbList","@id":"https:\/\/resources.workable.com\/fr\/directeur-des-operations-commerciales-descriptif-de-poste#breadcrumb","itemListElement":[{"@type":"ListItem","position":1,"name":"Home","item":"https:\/\/resources.workable.com\/fr\/"},{"@type":"ListItem","position":2,"name":"Descriptif de poste: Directeur des op\u00e9rations commerciales&nbsp;(f\/h\/autre)"}]},{"@type":"WebSite","@id":"https:\/\/resources.workable.com\/fr\/#website","url":"https:\/\/resources.workable.com\/fr\/","name":"Recruiting Resources: How to Recruit and Hire Better","description":"","publisher":{"@id":"https:\/\/resources.workable.com\/fr\/#organization"},"potentialAction":[{"@type":"SearchAction","target":{"@type":"EntryPoint","urlTemplate":"https:\/\/resources.workable.com\/fr\/?s={search_term_string}"},"query-input":{"@type":"PropertyValueSpecification","valueRequired":true,"valueName":"search_term_string"}}],"inLanguage":"fr-FR"},{"@type":"Organization","@id":"https:\/\/resources.workable.com\/fr\/#organization","name":"Workable","url":"https:\/\/resources.workable.com\/fr\/","logo":{"@type":"ImageObject","inLanguage":"fr-FR","@id":"https:\/\/resources.workable.com\/fr\/#\/schema\/logo\/image\/","url":"https:\/\/resources.workable.com\/wp-content\/uploads\/2017\/12\/logo-green.png","contentUrl":"https:\/\/resources.workable.com\/wp-content\/uploads\/2017\/12\/logo-green.png","width":150,"height":25,"caption":"Workable"},"image":{"@id":"https:\/\/resources.workable.com\/fr\/#\/schema\/logo\/image\/"},"sameAs":["https:\/\/business.facebook.com\/workable\/","https:\/\/x.com\/workable","https:\/\/www.linkedin.com\/company\/workable-hr\/"]},{"@type":"Person","@id":"https:\/\/resources.workable.com\/fr\/#\/schema\/person\/b23289d8d63331621eee9e69103cd603","name":"Christina Pavlou","image":{"@type":"ImageObject","inLanguage":"fr-FR","@id":"https:\/\/secure.gravatar.com\/avatar\/9ed48272d268bb7071cf243f8d2dcaeaa1f26feca5ecd3fbed59e0378447bc49?s=96&d=mm&r=pg","url":"https:\/\/secure.gravatar.com\/avatar\/9ed48272d268bb7071cf243f8d2dcaeaa1f26feca5ecd3fbed59e0378447bc49?s=96&d=mm&r=pg","contentUrl":"https:\/\/secure.gravatar.com\/avatar\/9ed48272d268bb7071cf243f8d2dcaeaa1f26feca5ecd3fbed59e0378447bc49?s=96&d=mm&r=pg","caption":"Christina Pavlou"},"description":"Christina Pavlou was a writer at Workable for nearly four years, and previously a recruiter. She writes about diversity in the workplace and reports on the shape of things to come. You can find her on LinkedIn and Twitter.","url":"https:\/\/resources.workable.com\/fr\/author\/christina\/"}]}},"modified_by":null,"custom_fields":{"brief":"Nous recherchons un Directeur des op\u00e9rations commerciales, qui sera charg\u00e9 de surveiller les fonctions de notre organisation et de d\u00e9velopper des processus r\u00e9pondant aux besoins de notre entreprise.\r\n\r\nEntre autres responsabilit\u00e9s, le Directeur des op\u00e9rations commerciales devra assurer le suivi des r\u00e9sultats commerciaux, proc\u00e9der \u00e0 des analyses de rentabilit\u00e9 et contr\u00f4ler les ICP de production. Pour ce poste, vous devrez avoir une exp\u00e9rience, \u00e0 ce poste ou \u00e0 un poste similaire, de la gestion de l'ensemble des op\u00e9rations de l'entreprise et de la d\u00e9finition d'objectifs pour l'ensemble de l'organisation. Vous devez \u00e9galement afficher de solides comp\u00e9tences en mati\u00e8re de leadership, ainsi qu'une capacit\u00e9 \u00e0 communiquer la vision de la soci\u00e9t\u00e9 \u00e0 tous les niveaux.\r\n\r\nEnfin, vous devrez veiller \u00e0 ce que toutes les fonctions commerciales soient align\u00e9es sur nos objectifs strat\u00e9giques.","requirements":"<ul>\r\n \t<li>Exp\u00e9rience ant\u00e9rieure en tant que Directeur des op\u00e9rations commerciales ou \u00e0 un poste similaire<\/li>\r\n \t<li>Bonnes connaissances de la gestion des op\u00e9rations<\/li>\r\n \t<li>Exp\u00e9rience des mod\u00e8les de pr\u00e9vision<\/li>\r\n \t<li>Exp\u00e9rience des bases de donn\u00e9es et des logiciels de gestion de projets<\/li>\r\n \t<li>Capacit\u00e9 \u00e0 interpr\u00e9ter les donn\u00e9es financi\u00e8res et \u00e0 attribuer des budgets<\/li>\r\n \t<li>Comp\u00e9tences exceptionnelles en communication<\/li>\r\n \t<li>Licence en gestion commerciale ou dans un domaine apparent\u00e9<\/li>\r\n<\/ul>","responsibilities":"<ul>\r\n \t<li>Veiller \u00e0 ce que tous les syst\u00e8mes fonctionnent correctement et s'alignent avec nos normes de qualit\u00e9<\/li>\r\n \t<li>Optimiser l'efficacit\u00e9 de toutes les proc\u00e9dures commerciales<\/li>\r\n \t<li>\u00c9tablir des indicateurs cl\u00e9 de performance de production et mener des \u00e9valuations de qualit\u00e9<\/li>\r\n \t<li>Surveiller les op\u00e9rations au quotidien et r\u00e9soudre les \u00e9ventuels probl\u00e8mes d\u00e8s leur apparition<\/li>\r\n \t<li>D\u00e9velopper des processus r\u00e9pondant \u00e0 nos objectifs commerciaux et veiller \u00e0 la conformit\u00e9<\/li>\r\n \t<li>Contr\u00f4ler les donn\u00e9es financi\u00e8res et recommander des solutions qui nous permettront d'am\u00e9liorer notre rentabilit\u00e9<\/li>\r\n \t<li>Assurer la coordination avec le service des RH afin de veiller ce que nos plans de recrutement r\u00e9pondent aux besoins de notre entreprise<\/li>\r\n \t<li>Tenir compte des besoins des parties int\u00e9ress\u00e9es internes et externes, et les int\u00e9grer aux nouveaux plans strat\u00e9giques<\/li>\r\n<\/ul>","see_more":""},"_links":{"self":[{"href":"https:\/\/resources.workable.com\/fr\/wp-json\/wp\/v2\/posts\/42076","targetHints":{"allow":["GET"]}}],"collection":[{"href":"https:\/\/resources.workable.com\/fr\/wp-json\/wp\/v2\/posts"}],"about":[{"href":"https:\/\/resources.workable.com\/fr\/wp-json\/wp\/v2\/types\/post"}],"author":[{"embeddable":true,"href":"https:\/\/resources.workable.com\/fr\/wp-json\/wp\/v2\/users\/41"}],"replies":[{"embeddable":true,"href":"https:\/\/resources.workable.com\/fr\/wp-json\/wp\/v2\/comments?post=42076"}],"version-history":[{"count":0,"href":"https:\/\/resources.workable.com\/fr\/wp-json\/wp\/v2\/posts\/42076\/revisions"}],"wp:attachment":[{"href":"https:\/\/resources.workable.com\/fr\/wp-json\/wp\/v2\/media?parent=42076"}],"wp:term":[{"taxonomy":"category","embeddable":true,"href":"https:\/\/resources.workable.com\/fr\/wp-json\/wp\/v2\/categories?post=42076"},{"taxonomy":"post_tag","embeddable":true,"href":"https:\/\/resources.workable.com\/fr\/wp-json\/wp\/v2\/tags?post=42076"}],"curies":[{"name":"wp","href":"https:\/\/api.w.org\/{rel}","templated":true}]}}