{"id":40118,"date":"2020-01-08T11:04:36","date_gmt":"2020-01-08T11:04:36","guid":{"rendered":"https:\/\/resources.workable.com\/?p=40118"},"modified":"2020-02-06T13:18:46","modified_gmt":"2020-02-06T13:18:46","slug":"descriptif-de-poste-coordonnateur-de-bureau-f-h-autre","status":"publish","type":"post","link":"https:\/\/resources.workable.com\/fr\/coordonnateur-de-bureau-descriptif-de-poste","title":{"rendered":"Descriptif de poste: Coordonnateur de bureau&nbsp;(f\/h\/autre)"},"content":{"rendered":"<p>Le pr\u00e9sent mod\u00e8le de fiche de poste de<span style=\"color: #000000;\">\u00a0<\/span>Coordonnateur de bureau a \u00e9t\u00e9 optimis\u00e9 \u00e0 des fins de publication sur des sites d&rsquo;annonces ou des pages d&#8217;emploi en ligne, ainsi que pour \u00eatre ais\u00e9ment personnalis\u00e9 en fonction des besoins de votre entreprise.<\/p>\n<h2>Les fonctions du Coordonnateur de bureau incluent:<\/h2>\n<ul>\n<li><span style=\"font-weight: 400;\">Suivre les proc\u00e9dures de flux de travail du bureau pour garantir un maximum d&rsquo;efficacit\u00e9<\/span><\/li>\n<li><span style=\"font-weight: 400;\">Tenir \u00e0 jour les fichiers et les dossiers avec des syst\u00e8mes de classement efficaces<\/span><\/li>\n<li><span style=\"font-weight: 400;\">Assister les autres \u00e9quipes avec les diverses t\u00e2ches administratives<\/span><\/li>\n<\/ul>\n<p><img loading=\"lazy\" decoding=\"async\" class=\"size-large wp-image-40124 aligncenter\" src=\"https:\/\/resources.workable.com\/wp-content\/uploads\/2016\/01\/office-coordinator1-640x230.jpg\" alt=\"fiche de poste de coordonnateur de bureau\" width=\"640\" height=\"230\" srcset=\"https:\/\/resources.workable.com\/wp-content\/uploads\/2016\/01\/office-coordinator1.jpg 640w, https:\/\/resources.workable.com\/wp-content\/uploads\/2016\/01\/office-coordinator1-200x72.jpg 200w, https:\/\/resources.workable.com\/wp-content\/uploads\/2016\/01\/office-coordinator1-560x201.jpg 560w\" sizes=\"auto, (max-width: 640px) 100vw, 640px\" \/><\/p>\n","protected":false},"excerpt":{"rendered":"<p>Le pr\u00e9sent mod\u00e8le de fiche de poste de\u00a0Coordonnateur de bureau a \u00e9t\u00e9 optimis\u00e9 \u00e0 des fins de publication sur des sites d&rsquo;annonces ou des pages d&#8217;emploi en ligne, ainsi que pour \u00eatre ais\u00e9ment personnalis\u00e9 en fonction des besoins de votre entreprise. Les fonctions du Coordonnateur de bureau incluent: Suivre les proc\u00e9dures de flux de travail [&hellip;]<\/p>\n","protected":false},"author":28,"featured_media":0,"comment_status":"closed","ping_status":"closed","sticky":false,"template":"","format":"standard","meta":{"_acf_changed":false,"_lmt_disableupdate":"no","_lmt_disable":"","_has_post_settings":[],"footnotes":""},"categories":[1041,1171],"tags":[1172],"class_list":["post-40118","post","type-post","status-publish","format-standard","hentry","category-descriptifs-de-postes","category-descriptifs-de-postes-administratifs","tag-sample-admin-fr"],"acf":[],"yoast_head":"<!-- This site is optimized with the Yoast SEO Premium plugin v27.4 (Yoast SEO v27.4) - https:\/\/yoast.com\/product\/yoast-seo-premium-wordpress\/ -->\n<title>Mod\u00e8le de fiche de poste de Coordonnateur de bureau| Workable<\/title>\n<meta name=\"description\" content=\"Le pr\u00e9sent mod\u00e8le de fiche de poste de Coordonnateur de bureau a \u00e9t\u00e9 optimis\u00e9 \u00e0 des fins de publication sur des sites d&#039;annonces ou des pages d&#039;emploi en ligne, ainsi que pour \u00eatre ais\u00e9ment personnalis\u00e9 en fonction des besoins de votre entreprise.\" \/>\n<meta name=\"robots\" content=\"index, follow, max-snippet:-1, max-image-preview:large, max-video-preview:-1\" \/>\n<link rel=\"canonical\" href=\"https:\/\/resources.workable.com\/fr\/coordonnateur-de-bureau-descriptif-de-poste\/\" \/>\n<meta property=\"og:locale\" content=\"fr_FR\" \/>\n<meta property=\"og:type\" content=\"article\" \/>\n<meta property=\"og:title\" content=\"Descriptif de poste: Coordonnateur de bureau (f\/h\/autre)\" \/>\n<meta property=\"og:description\" content=\"Le pr\u00e9sent mod\u00e8le de fiche de poste de Coordonnateur de bureau a \u00e9t\u00e9 optimis\u00e9 \u00e0 des fins de publication sur des sites d&#039;annonces ou des pages d&#039;emploi en ligne, ainsi que pour \u00eatre ais\u00e9ment personnalis\u00e9 en fonction des besoins de votre entreprise.\" \/>\n<meta property=\"og:url\" content=\"https:\/\/resources.workable.com\/fr\/coordonnateur-de-bureau-descriptif-de-poste\" \/>\n<meta property=\"og:site_name\" content=\"Recruiting Resources: How to Recruit and Hire Better\" \/>\n<meta property=\"article:publisher\" content=\"https:\/\/business.facebook.com\/workable\/\" \/>\n<meta property=\"article:published_time\" content=\"2020-01-08T11:04:36+00:00\" \/>\n<meta property=\"article:modified_time\" content=\"2020-02-06T13:18:46+00:00\" \/>\n<meta property=\"og:image\" content=\"https:\/\/resources.workable.com\/wp-content\/uploads\/2016\/01\/office-coordinator1-640x230.jpg\" \/>\n<meta name=\"author\" content=\"Nikoletta Bika\" \/>\n<meta name=\"twitter:card\" content=\"summary_large_image\" \/>\n<meta name=\"twitter:creator\" content=\"@workable\" \/>\n<meta name=\"twitter:site\" content=\"@workable\" \/>\n<meta name=\"twitter:label1\" content=\"\u00c9crit par\" \/>\n\t<meta name=\"twitter:data1\" content=\"Nikoletta Bika\" \/>\n<script type=\"application\/ld+json\" class=\"yoast-schema-graph\">{\"@context\":\"https:\\\/\\\/schema.org\",\"@graph\":[{\"@type\":\"Article\",\"@id\":\"https:\\\/\\\/resources.workable.com\\\/fr\\\/coordonnateur-de-bureau-descriptif-de-poste#article\",\"isPartOf\":{\"@id\":\"https:\\\/\\\/resources.workable.com\\\/fr\\\/coordonnateur-de-bureau-descriptif-de-poste\"},\"author\":{\"name\":\"Nikoletta Bika\",\"@id\":\"https:\\\/\\\/resources.workable.com\\\/fr\\\/#\\\/schema\\\/person\\\/bddaa2e41481e7c9ef2328432ea089e7\"},\"headline\":\"Descriptif de poste: Coordonnateur de bureau&nbsp;(f\\\/h\\\/autre)\",\"datePublished\":\"2020-01-08T11:04:36+00:00\",\"dateModified\":\"2020-02-06T13:18:46+00:00\",\"mainEntityOfPage\":{\"@id\":\"https:\\\/\\\/resources.workable.com\\\/fr\\\/coordonnateur-de-bureau-descriptif-de-poste\"},\"wordCount\":102,\"publisher\":{\"@id\":\"https:\\\/\\\/resources.workable.com\\\/fr\\\/#organization\"},\"image\":{\"@id\":\"https:\\\/\\\/resources.workable.com\\\/fr\\\/coordonnateur-de-bureau-descriptif-de-poste#primaryimage\"},\"thumbnailUrl\":\"https:\\\/\\\/resources.workable.com\\\/wp-content\\\/uploads\\\/2016\\\/01\\\/office-coordinator1-640x230.jpg\",\"keywords\":[\"sample-admin\"],\"articleSection\":[\"Descriptifs de postes\",\"Descriptifs de postes administratifs\"],\"inLanguage\":\"fr-FR\"},{\"@type\":\"WebPage\",\"@id\":\"https:\\\/\\\/resources.workable.com\\\/fr\\\/coordonnateur-de-bureau-descriptif-de-poste\",\"url\":\"https:\\\/\\\/resources.workable.com\\\/fr\\\/coordonnateur-de-bureau-descriptif-de-poste\",\"name\":\"Mod\u00e8le de fiche de poste de Coordonnateur de bureau| Workable\",\"isPartOf\":{\"@id\":\"https:\\\/\\\/resources.workable.com\\\/fr\\\/#website\"},\"primaryImageOfPage\":{\"@id\":\"https:\\\/\\\/resources.workable.com\\\/fr\\\/coordonnateur-de-bureau-descriptif-de-poste#primaryimage\"},\"image\":{\"@id\":\"https:\\\/\\\/resources.workable.com\\\/fr\\\/coordonnateur-de-bureau-descriptif-de-poste#primaryimage\"},\"thumbnailUrl\":\"https:\\\/\\\/resources.workable.com\\\/wp-content\\\/uploads\\\/2016\\\/01\\\/office-coordinator1-640x230.jpg\",\"datePublished\":\"2020-01-08T11:04:36+00:00\",\"dateModified\":\"2020-02-06T13:18:46+00:00\",\"description\":\"Le pr\u00e9sent mod\u00e8le de fiche de poste de Coordonnateur de bureau a \u00e9t\u00e9 optimis\u00e9 \u00e0 des fins de publication sur des sites d'annonces ou des pages d'emploi en ligne, ainsi que pour \u00eatre ais\u00e9ment personnalis\u00e9 en fonction des besoins de votre entreprise.\",\"breadcrumb\":{\"@id\":\"https:\\\/\\\/resources.workable.com\\\/fr\\\/coordonnateur-de-bureau-descriptif-de-poste#breadcrumb\"},\"inLanguage\":\"fr-FR\",\"potentialAction\":[{\"@type\":\"ReadAction\",\"target\":[\"https:\\\/\\\/resources.workable.com\\\/fr\\\/coordonnateur-de-bureau-descriptif-de-poste\"]}]},{\"@type\":\"ImageObject\",\"inLanguage\":\"fr-FR\",\"@id\":\"https:\\\/\\\/resources.workable.com\\\/fr\\\/coordonnateur-de-bureau-descriptif-de-poste#primaryimage\",\"url\":\"https:\\\/\\\/resources.workable.com\\\/wp-content\\\/uploads\\\/2016\\\/01\\\/office-coordinator1-640x230.jpg\",\"contentUrl\":\"https:\\\/\\\/resources.workable.com\\\/wp-content\\\/uploads\\\/2016\\\/01\\\/office-coordinator1-640x230.jpg\"},{\"@type\":\"BreadcrumbList\",\"@id\":\"https:\\\/\\\/resources.workable.com\\\/fr\\\/coordonnateur-de-bureau-descriptif-de-poste#breadcrumb\",\"itemListElement\":[{\"@type\":\"ListItem\",\"position\":1,\"name\":\"Home\",\"item\":\"https:\\\/\\\/resources.workable.com\\\/fr\\\/\"},{\"@type\":\"ListItem\",\"position\":2,\"name\":\"Descriptif de poste: Coordonnateur de bureau&nbsp;(f\\\/h\\\/autre)\"}]},{\"@type\":\"WebSite\",\"@id\":\"https:\\\/\\\/resources.workable.com\\\/fr\\\/#website\",\"url\":\"https:\\\/\\\/resources.workable.com\\\/fr\\\/\",\"name\":\"Recruiting Resources: How to Recruit and Hire Better\",\"description\":\"\",\"publisher\":{\"@id\":\"https:\\\/\\\/resources.workable.com\\\/fr\\\/#organization\"},\"potentialAction\":[{\"@type\":\"SearchAction\",\"target\":{\"@type\":\"EntryPoint\",\"urlTemplate\":\"https:\\\/\\\/resources.workable.com\\\/fr\\\/?s={search_term_string}\"},\"query-input\":{\"@type\":\"PropertyValueSpecification\",\"valueRequired\":true,\"valueName\":\"search_term_string\"}}],\"inLanguage\":\"fr-FR\"},{\"@type\":\"Organization\",\"@id\":\"https:\\\/\\\/resources.workable.com\\\/fr\\\/#organization\",\"name\":\"Workable\",\"url\":\"https:\\\/\\\/resources.workable.com\\\/fr\\\/\",\"logo\":{\"@type\":\"ImageObject\",\"inLanguage\":\"fr-FR\",\"@id\":\"https:\\\/\\\/resources.workable.com\\\/fr\\\/#\\\/schema\\\/logo\\\/image\\\/\",\"url\":\"https:\\\/\\\/resources.workable.com\\\/wp-content\\\/uploads\\\/2017\\\/12\\\/logo-green.png\",\"contentUrl\":\"https:\\\/\\\/resources.workable.com\\\/wp-content\\\/uploads\\\/2017\\\/12\\\/logo-green.png\",\"width\":150,\"height\":25,\"caption\":\"Workable\"},\"image\":{\"@id\":\"https:\\\/\\\/resources.workable.com\\\/fr\\\/#\\\/schema\\\/logo\\\/image\\\/\"},\"sameAs\":[\"https:\\\/\\\/business.facebook.com\\\/workable\\\/\",\"https:\\\/\\\/x.com\\\/workable\",\"https:\\\/\\\/www.linkedin.com\\\/company\\\/workable-hr\\\/\"]},{\"@type\":\"Person\",\"@id\":\"https:\\\/\\\/resources.workable.com\\\/fr\\\/#\\\/schema\\\/person\\\/bddaa2e41481e7c9ef2328432ea089e7\",\"name\":\"Nikoletta Bika\",\"image\":{\"@type\":\"ImageObject\",\"inLanguage\":\"fr-FR\",\"@id\":\"https:\\\/\\\/secure.gravatar.com\\\/avatar\\\/777bf31309608e9152307199dd8aa97ff19f24849526f1b2b50f11b9ea40fca3?s=96&d=mm&r=pg\",\"url\":\"https:\\\/\\\/secure.gravatar.com\\\/avatar\\\/777bf31309608e9152307199dd8aa97ff19f24849526f1b2b50f11b9ea40fca3?s=96&d=mm&r=pg\",\"contentUrl\":\"https:\\\/\\\/secure.gravatar.com\\\/avatar\\\/777bf31309608e9152307199dd8aa97ff19f24849526f1b2b50f11b9ea40fca3?s=96&d=mm&r=pg\",\"caption\":\"Nikoletta Bika\"},\"description\":\"Nikoletta Bika was a senior writer at Workable for nearly four and a half years. She holds an MSc in HR and has written extensively about all things HR and recruiting, with a particular interest in bias, data, technology, legal compliance, and the future of work. She hates meaningless jargon and dreams about space travel.\",\"sameAs\":[\"http:\\\/\\\/workable.com\"],\"url\":\"https:\\\/\\\/resources.workable.com\\\/fr\\\/author\\\/nikoletta-bika\\\/\"}]}<\/script>\n<!-- \/ Yoast SEO Premium plugin. -->","yoast_head_json":{"title":"Mod\u00e8le de fiche de poste de Coordonnateur de bureau| Workable","description":"Le pr\u00e9sent mod\u00e8le de fiche de poste de Coordonnateur de bureau a \u00e9t\u00e9 optimis\u00e9 \u00e0 des fins de publication sur des sites d'annonces ou des pages d'emploi en ligne, ainsi que pour \u00eatre ais\u00e9ment personnalis\u00e9 en fonction des besoins de votre entreprise.","robots":{"index":"index","follow":"follow","max-snippet":"max-snippet:-1","max-image-preview":"max-image-preview:large","max-video-preview":"max-video-preview:-1"},"canonical":"https:\/\/resources.workable.com\/fr\/coordonnateur-de-bureau-descriptif-de-poste\/","og_locale":"fr_FR","og_type":"article","og_title":"Descriptif de poste: Coordonnateur de bureau (f\/h\/autre)","og_description":"Le pr\u00e9sent mod\u00e8le de fiche de poste de Coordonnateur de bureau a \u00e9t\u00e9 optimis\u00e9 \u00e0 des fins de publication sur des sites d'annonces ou des pages d'emploi en ligne, ainsi que pour \u00eatre ais\u00e9ment personnalis\u00e9 en fonction des besoins de votre entreprise.","og_url":"https:\/\/resources.workable.com\/fr\/coordonnateur-de-bureau-descriptif-de-poste","og_site_name":"Recruiting Resources: How to Recruit and Hire Better","article_publisher":"https:\/\/business.facebook.com\/workable\/","article_published_time":"2020-01-08T11:04:36+00:00","article_modified_time":"2020-02-06T13:18:46+00:00","og_image":[{"url":"https:\/\/resources.workable.com\/wp-content\/uploads\/2016\/01\/office-coordinator1-640x230.jpg","type":"","width":"","height":""}],"author":"Nikoletta Bika","twitter_card":"summary_large_image","twitter_creator":"@workable","twitter_site":"@workable","twitter_misc":{"\u00c9crit par":"Nikoletta Bika"},"schema":{"@context":"https:\/\/schema.org","@graph":[{"@type":"Article","@id":"https:\/\/resources.workable.com\/fr\/coordonnateur-de-bureau-descriptif-de-poste#article","isPartOf":{"@id":"https:\/\/resources.workable.com\/fr\/coordonnateur-de-bureau-descriptif-de-poste"},"author":{"name":"Nikoletta Bika","@id":"https:\/\/resources.workable.com\/fr\/#\/schema\/person\/bddaa2e41481e7c9ef2328432ea089e7"},"headline":"Descriptif de poste: Coordonnateur de bureau&nbsp;(f\/h\/autre)","datePublished":"2020-01-08T11:04:36+00:00","dateModified":"2020-02-06T13:18:46+00:00","mainEntityOfPage":{"@id":"https:\/\/resources.workable.com\/fr\/coordonnateur-de-bureau-descriptif-de-poste"},"wordCount":102,"publisher":{"@id":"https:\/\/resources.workable.com\/fr\/#organization"},"image":{"@id":"https:\/\/resources.workable.com\/fr\/coordonnateur-de-bureau-descriptif-de-poste#primaryimage"},"thumbnailUrl":"https:\/\/resources.workable.com\/wp-content\/uploads\/2016\/01\/office-coordinator1-640x230.jpg","keywords":["sample-admin"],"articleSection":["Descriptifs de postes","Descriptifs de postes administratifs"],"inLanguage":"fr-FR"},{"@type":"WebPage","@id":"https:\/\/resources.workable.com\/fr\/coordonnateur-de-bureau-descriptif-de-poste","url":"https:\/\/resources.workable.com\/fr\/coordonnateur-de-bureau-descriptif-de-poste","name":"Mod\u00e8le de fiche de poste de Coordonnateur de bureau| Workable","isPartOf":{"@id":"https:\/\/resources.workable.com\/fr\/#website"},"primaryImageOfPage":{"@id":"https:\/\/resources.workable.com\/fr\/coordonnateur-de-bureau-descriptif-de-poste#primaryimage"},"image":{"@id":"https:\/\/resources.workable.com\/fr\/coordonnateur-de-bureau-descriptif-de-poste#primaryimage"},"thumbnailUrl":"https:\/\/resources.workable.com\/wp-content\/uploads\/2016\/01\/office-coordinator1-640x230.jpg","datePublished":"2020-01-08T11:04:36+00:00","dateModified":"2020-02-06T13:18:46+00:00","description":"Le pr\u00e9sent mod\u00e8le de fiche de poste de Coordonnateur de bureau a \u00e9t\u00e9 optimis\u00e9 \u00e0 des fins de publication sur des sites d'annonces ou des pages d'emploi en ligne, ainsi que pour \u00eatre ais\u00e9ment personnalis\u00e9 en fonction des besoins de votre entreprise.","breadcrumb":{"@id":"https:\/\/resources.workable.com\/fr\/coordonnateur-de-bureau-descriptif-de-poste#breadcrumb"},"inLanguage":"fr-FR","potentialAction":[{"@type":"ReadAction","target":["https:\/\/resources.workable.com\/fr\/coordonnateur-de-bureau-descriptif-de-poste"]}]},{"@type":"ImageObject","inLanguage":"fr-FR","@id":"https:\/\/resources.workable.com\/fr\/coordonnateur-de-bureau-descriptif-de-poste#primaryimage","url":"https:\/\/resources.workable.com\/wp-content\/uploads\/2016\/01\/office-coordinator1-640x230.jpg","contentUrl":"https:\/\/resources.workable.com\/wp-content\/uploads\/2016\/01\/office-coordinator1-640x230.jpg"},{"@type":"BreadcrumbList","@id":"https:\/\/resources.workable.com\/fr\/coordonnateur-de-bureau-descriptif-de-poste#breadcrumb","itemListElement":[{"@type":"ListItem","position":1,"name":"Home","item":"https:\/\/resources.workable.com\/fr\/"},{"@type":"ListItem","position":2,"name":"Descriptif de poste: Coordonnateur de bureau&nbsp;(f\/h\/autre)"}]},{"@type":"WebSite","@id":"https:\/\/resources.workable.com\/fr\/#website","url":"https:\/\/resources.workable.com\/fr\/","name":"Recruiting Resources: How to Recruit and Hire Better","description":"","publisher":{"@id":"https:\/\/resources.workable.com\/fr\/#organization"},"potentialAction":[{"@type":"SearchAction","target":{"@type":"EntryPoint","urlTemplate":"https:\/\/resources.workable.com\/fr\/?s={search_term_string}"},"query-input":{"@type":"PropertyValueSpecification","valueRequired":true,"valueName":"search_term_string"}}],"inLanguage":"fr-FR"},{"@type":"Organization","@id":"https:\/\/resources.workable.com\/fr\/#organization","name":"Workable","url":"https:\/\/resources.workable.com\/fr\/","logo":{"@type":"ImageObject","inLanguage":"fr-FR","@id":"https:\/\/resources.workable.com\/fr\/#\/schema\/logo\/image\/","url":"https:\/\/resources.workable.com\/wp-content\/uploads\/2017\/12\/logo-green.png","contentUrl":"https:\/\/resources.workable.com\/wp-content\/uploads\/2017\/12\/logo-green.png","width":150,"height":25,"caption":"Workable"},"image":{"@id":"https:\/\/resources.workable.com\/fr\/#\/schema\/logo\/image\/"},"sameAs":["https:\/\/business.facebook.com\/workable\/","https:\/\/x.com\/workable","https:\/\/www.linkedin.com\/company\/workable-hr\/"]},{"@type":"Person","@id":"https:\/\/resources.workable.com\/fr\/#\/schema\/person\/bddaa2e41481e7c9ef2328432ea089e7","name":"Nikoletta Bika","image":{"@type":"ImageObject","inLanguage":"fr-FR","@id":"https:\/\/secure.gravatar.com\/avatar\/777bf31309608e9152307199dd8aa97ff19f24849526f1b2b50f11b9ea40fca3?s=96&d=mm&r=pg","url":"https:\/\/secure.gravatar.com\/avatar\/777bf31309608e9152307199dd8aa97ff19f24849526f1b2b50f11b9ea40fca3?s=96&d=mm&r=pg","contentUrl":"https:\/\/secure.gravatar.com\/avatar\/777bf31309608e9152307199dd8aa97ff19f24849526f1b2b50f11b9ea40fca3?s=96&d=mm&r=pg","caption":"Nikoletta Bika"},"description":"Nikoletta Bika was a senior writer at Workable for nearly four and a half years. She holds an MSc in HR and has written extensively about all things HR and recruiting, with a particular interest in bias, data, technology, legal compliance, and the future of work. She hates meaningless jargon and dreams about space travel.","sameAs":["http:\/\/workable.com"],"url":"https:\/\/resources.workable.com\/fr\/author\/nikoletta-bika\/"}]}},"modified_by":"Zina Panagopoulou","custom_fields":{"brief":"<span style=\"font-weight: 400;\">Nous recherchons un <\/span><b>Coordonnateur de bureau<\/b><span style=\"font-weight: 400;\"> comp\u00e9tent pour entreprendre diverses t\u00e2ches administratives quotidiennes. Il sera int\u00e9gralement charg\u00e9 de veiller au bon fonctionnement de nos activit\u00e9s de bureau, pour s'assurer qu'elles produisent les r\u00e9sultats escompt\u00e9s de nos autres activit\u00e9s commerciales.<\/span> <span style=\"font-weight: 400;\">Un excellent coordonnateur de bureau est avant tout un professionnel organis\u00e9, comp\u00e9tent et dot\u00e9 de capacit\u00e9s de communication hors pair. Il a un bon relationnel et est en mesure de r\u00e9aliser des <a href=\"https:\/\/resources.workable.com\/office-manager-job-description\">t\u00e2ches administratives<\/a>\u00a0avec pr\u00e9cision et rapidit\u00e9.<\/span> <span style=\"font-weight: 400;\">Le but recherch\u00e9 est de garantir l'efficacit\u00e9 des activit\u00e9s de bureau et d'ajouter une valeur maximale \u00e0 l'entreprise.<\/span>","requirements":"<ul>\r\n \t<li><span style=\"font-weight: 400;\">Exp\u00e9rience av\u00e9r\u00e9e de Coordonnateur de bureau ou \u00e0 un poste similaire<\/span><\/li>\r\n \t<li><span style=\"font-weight: 400;\">Une exp\u00e9rience dans le service \u00e0 la client\u00e8le constitue un avantage<\/span><\/li>\r\n \t<li><span style=\"font-weight: 400;\">Connaissance des syst\u00e8mes et des proc\u00e9dures de base de comptabilit\u00e9 et de gestion de bureau<\/span><\/li>\r\n \t<li><span style=\"font-weight: 400;\">Connaissance parfaite de MS Office, du \u00ab\u00a0back-office\u00a0\u00bb et des logiciels de comptabilit\u00e9<\/span><\/li>\r\n \t<li><span style=\"font-weight: 400;\">Connaissance pratique des \u00e9quipements de bureau (par ex. scanners optiques)<\/span><\/li>\r\n \t<li><span style=\"font-weight: 400;\">Excellentes comp\u00e9tences de communication et interpersonnelles<\/span><\/li>\r\n \t<li><span style=\"font-weight: 400;\">Sens de l'organisation et capacit\u00e9 d'\u00e9tablir des priorit\u00e9s et de g\u00e9rer plusieurs t\u00e2ches simultan\u00e9ment <\/span><\/li>\r\n \t<li><span style=\"font-weight: 400;\">\u00catre fiable et faire preuve de patience et professionnalisme<\/span><\/li>\r\n \t<li><span style=\"font-weight: 400;\">BTS\u00a0; une Licence\/ en administration d'entreprises ou un domaine connexe constitue un avantage<\/span><\/li>\r\n<\/ul>","responsibilities":"<ul>\r\n \t<li><span style=\"font-weight: 400;\">Suivre les proc\u00e9dures de flux de travail dans le bureau pour garantir un maximum efficacit\u00e9<\/span><\/li>\r\n \t<li><span style=\"font-weight: 400;\">Tenir \u00e0 jour les fichiers et les dossiers avec des syst\u00e8mes de classement efficaces<\/span><\/li>\r\n \t<li><span style=\"font-weight: 400;\">Assister les autres \u00e9quipes dans diverses t\u00e2ches administratives (transfert des appels, distribution de la correspondance, planification de r\u00e9unions, etc.)<\/span><\/li>\r\n \t<li><span style=\"font-weight: 400;\">Accueillir et assister les visiteurs \u00e0 leur arriv\u00e9e au bureau<\/span><\/li>\r\n \t<li><span style=\"font-weight: 400;\">Contr\u00f4ler les d\u00e9penses associ\u00e9es au fonctionnement du bureau et g\u00e9rer tous les contrats du bureau (loyer, service, etc.)<\/span><\/li>\r\n \t<li><span style=\"font-weight: 400;\">Effectuer les op\u00e9ration de comptabilit\u00e9 de base et mettre \u00e0 jour le syst\u00e8me comptable<\/span><\/li>\r\n \t<li><span style=\"font-weight: 400;\">Traiter les plaintes ou les probl\u00e8mes des clients<\/span><\/li>\r\n \t<li><span style=\"font-weight: 400;\">G\u00e9rer les stocks de fournitures\u00a0de bureau et passer les commandes<\/span><\/li>\r\n \t<li><span style=\"font-weight: 400;\">Contribuer \u00e0 la gestion de la relation fournisseur<\/span><\/li>\r\n<\/ul>","see_more":"<h2>Ressources additionnelles\u00a0:<\/h2>\r\n<ul>\r\n \t<li>Consultez \u00e9galement notre <a href=\"https:\/\/resources.workable.com\/administrative-assistant-job-description\">fiche de poste plus g\u00e9n\u00e9ral<\/a> d'Assistant administratif qui peut \u00eatre adapt\u00e9 \u00e0 vos besoins.<\/li>\r\n<\/ul>"},"_links":{"self":[{"href":"https:\/\/resources.workable.com\/fr\/wp-json\/wp\/v2\/posts\/40118","targetHints":{"allow":["GET"]}}],"collection":[{"href":"https:\/\/resources.workable.com\/fr\/wp-json\/wp\/v2\/posts"}],"about":[{"href":"https:\/\/resources.workable.com\/fr\/wp-json\/wp\/v2\/types\/post"}],"author":[{"embeddable":true,"href":"https:\/\/resources.workable.com\/fr\/wp-json\/wp\/v2\/users\/28"}],"replies":[{"embeddable":true,"href":"https:\/\/resources.workable.com\/fr\/wp-json\/wp\/v2\/comments?post=40118"}],"version-history":[{"count":0,"href":"https:\/\/resources.workable.com\/fr\/wp-json\/wp\/v2\/posts\/40118\/revisions"}],"wp:attachment":[{"href":"https:\/\/resources.workable.com\/fr\/wp-json\/wp\/v2\/media?parent=40118"}],"wp:term":[{"taxonomy":"category","embeddable":true,"href":"https:\/\/resources.workable.com\/fr\/wp-json\/wp\/v2\/categories?post=40118"},{"taxonomy":"post_tag","embeddable":true,"href":"https:\/\/resources.workable.com\/fr\/wp-json\/wp\/v2\/tags?post=40118"}],"curies":[{"name":"wp","href":"https:\/\/api.w.org\/{rel}","templated":true}]}}