{"id":39813,"date":"2020-01-08T11:04:31","date_gmt":"2020-01-08T11:04:31","guid":{"rendered":"https:\/\/resources.workable.com\/?p=39813"},"modified":"2020-02-06T13:21:44","modified_gmt":"2020-02-06T13:21:44","slug":"descriptif-de-poste-directeur-executif-f-h-autre","status":"publish","type":"post","link":"https:\/\/resources.workable.com\/fr\/directeur-executif-descriptif-de-poste","title":{"rendered":"Descriptif de poste: Directeur ex\u00e9cutif&nbsp;(f\/h\/autre)"},"content":{"rendered":"<p>Le pr\u00e9sent mod\u00e8le de fiche de poste de Directeur ex\u00e9cutif\u00a0a \u00e9t\u00e9 optimis\u00e9 \u00e0 des fins de publication sur des sites d&rsquo;annonces ou des pages d&#8217;emploi en ligne, ainsi que pour \u00eatre ais\u00e9ment personnalis\u00e9 en fonction des besoins de votre entreprise.<\/p>\n<h2>Les fonctions du Directeur ex\u00e9cutif incluent:<\/h2>\n<ul>\n<li style=\"font-weight: 400;\"><span style=\"font-weight: 400;\">D\u00e9velopper et mettre en \u0153uvre des strat\u00e9gies visant \u00e0 promouvoir la mission et la \u00ab\u00a0voix\u00a0\u00bb de l\u2019organisation<\/span><\/li>\n<li style=\"font-weight: 400;\"><span style=\"font-weight: 400;\">Concevoir des plans d&rsquo;affaires complets en vue d&rsquo;atteindre les buts et objectifs fix\u00e9s par le conseil d&rsquo;administration <\/span><\/li>\n<li style=\"font-weight: 400;\"><span style=\"font-weight: 400;\">Construire une \u00e9quipe de leaders efficace en fournissant des conseils et un encadrement aux gestionnaires subalternes<\/span><\/li>\n<\/ul>\n<p><img loading=\"lazy\" decoding=\"async\" class=\"size-large wp-image-39839 aligncenter\" src=\"https:\/\/resources.workable.com\/wp-content\/uploads\/2015\/12\/executive-director1-640x230.jpg\" alt=\"fiche de poste de directeur ex\u00e9cutif\" width=\"640\" height=\"230\" srcset=\"https:\/\/resources.workable.com\/wp-content\/uploads\/2015\/12\/executive-director1.jpg 640w, https:\/\/resources.workable.com\/wp-content\/uploads\/2015\/12\/executive-director1-200x72.jpg 200w, https:\/\/resources.workable.com\/wp-content\/uploads\/2015\/12\/executive-director1-560x201.jpg 560w\" sizes=\"auto, (max-width: 640px) 100vw, 640px\" \/><\/p>\n","protected":false},"excerpt":{"rendered":"<p>Le pr\u00e9sent mod\u00e8le de fiche de poste de Directeur ex\u00e9cutif\u00a0a \u00e9t\u00e9 optimis\u00e9 \u00e0 des fins de publication sur des sites d&rsquo;annonces ou des pages d&#8217;emploi en ligne, ainsi que pour \u00eatre ais\u00e9ment personnalis\u00e9 en fonction des besoins de votre entreprise. Les fonctions du Directeur ex\u00e9cutif incluent: D\u00e9velopper et mettre en \u0153uvre des strat\u00e9gies visant \u00e0 [&hellip;]<\/p>\n","protected":false},"author":28,"featured_media":0,"comment_status":"closed","ping_status":"closed","sticky":false,"template":"","format":"standard","meta":{"_acf_changed":false,"_lmt_disableupdate":"no","_lmt_disable":"","_has_post_settings":[],"footnotes":""},"categories":[1041,1171],"tags":[1172],"class_list":["post-39813","post","type-post","status-publish","format-standard","hentry","category-descriptifs-de-postes","category-descriptifs-de-postes-administratifs","tag-sample-admin-fr"],"acf":[],"yoast_head":"<!-- This site is optimized with the Yoast SEO Premium plugin v27.4 (Yoast SEO v27.4) - https:\/\/yoast.com\/product\/yoast-seo-premium-wordpress\/ -->\n<title>Mod\u00e8le de fiche de poste de Directeur ex\u00e9cutif | Workable<\/title>\n<meta name=\"description\" content=\"Le pr\u00e9sent mod\u00e8le de fiche de poste de Directeur ex\u00e9cutif a \u00e9t\u00e9 optimis\u00e9 \u00e0 des fins de publication sur des sites d&#039;annonces ou des pages d&#039;emploi en ligne, ainsi que pour \u00eatre ais\u00e9ment personnalis\u00e9 en fonction des besoins de votre entreprise\" \/>\n<meta name=\"robots\" content=\"index, follow, max-snippet:-1, max-image-preview:large, max-video-preview:-1\" \/>\n<link rel=\"canonical\" href=\"https:\/\/resources.workable.com\/fr\/directeur-executif-descriptif-de-poste\/\" \/>\n<meta property=\"og:locale\" content=\"fr_FR\" \/>\n<meta property=\"og:type\" content=\"article\" \/>\n<meta property=\"og:title\" content=\"Descriptif de poste: Directeur ex\u00e9cutif (f\/h\/autre)\" \/>\n<meta property=\"og:description\" content=\"Le pr\u00e9sent mod\u00e8le de fiche de poste de Directeur ex\u00e9cutif a \u00e9t\u00e9 optimis\u00e9 \u00e0 des fins de publication sur des sites d&#039;annonces ou des pages d&#039;emploi en ligne, ainsi que pour \u00eatre ais\u00e9ment personnalis\u00e9 en fonction des besoins de votre entreprise\" \/>\n<meta property=\"og:url\" content=\"https:\/\/resources.workable.com\/fr\/directeur-executif-descriptif-de-poste\" \/>\n<meta property=\"og:site_name\" content=\"Recruiting Resources: How to Recruit and Hire Better\" \/>\n<meta property=\"article:publisher\" content=\"https:\/\/business.facebook.com\/workable\/\" \/>\n<meta property=\"article:published_time\" content=\"2020-01-08T11:04:31+00:00\" \/>\n<meta property=\"article:modified_time\" content=\"2020-02-06T13:21:44+00:00\" \/>\n<meta property=\"og:image\" content=\"https:\/\/resources.workable.com\/wp-content\/uploads\/2015\/12\/executive-director1-640x230.jpg\" \/>\n<meta name=\"author\" content=\"Nikoletta Bika\" \/>\n<meta name=\"twitter:card\" content=\"summary_large_image\" \/>\n<meta name=\"twitter:creator\" content=\"@workable\" \/>\n<meta name=\"twitter:site\" content=\"@workable\" \/>\n<meta name=\"twitter:label1\" content=\"\u00c9crit par\" \/>\n\t<meta name=\"twitter:data1\" content=\"Nikoletta Bika\" \/>\n\t<meta name=\"twitter:label2\" content=\"Dur\u00e9e de lecture estim\u00e9e\" \/>\n\t<meta name=\"twitter:data2\" content=\"1 minute\" \/>\n<script type=\"application\/ld+json\" class=\"yoast-schema-graph\">{\"@context\":\"https:\\\/\\\/schema.org\",\"@graph\":[{\"@type\":\"Article\",\"@id\":\"https:\\\/\\\/resources.workable.com\\\/fr\\\/directeur-executif-descriptif-de-poste#article\",\"isPartOf\":{\"@id\":\"https:\\\/\\\/resources.workable.com\\\/fr\\\/directeur-executif-descriptif-de-poste\"},\"author\":{\"name\":\"Nikoletta Bika\",\"@id\":\"https:\\\/\\\/resources.workable.com\\\/fr\\\/#\\\/schema\\\/person\\\/bddaa2e41481e7c9ef2328432ea089e7\"},\"headline\":\"Descriptif de poste: Directeur ex\u00e9cutif&nbsp;(f\\\/h\\\/autre)\",\"datePublished\":\"2020-01-08T11:04:31+00:00\",\"dateModified\":\"2020-02-06T13:21:44+00:00\",\"mainEntityOfPage\":{\"@id\":\"https:\\\/\\\/resources.workable.com\\\/fr\\\/directeur-executif-descriptif-de-poste\"},\"wordCount\":118,\"publisher\":{\"@id\":\"https:\\\/\\\/resources.workable.com\\\/fr\\\/#organization\"},\"image\":{\"@id\":\"https:\\\/\\\/resources.workable.com\\\/fr\\\/directeur-executif-descriptif-de-poste#primaryimage\"},\"thumbnailUrl\":\"https:\\\/\\\/resources.workable.com\\\/wp-content\\\/uploads\\\/2015\\\/12\\\/executive-director1-640x230.jpg\",\"keywords\":[\"sample-admin\"],\"articleSection\":[\"Descriptifs de postes\",\"Descriptifs de postes administratifs\"],\"inLanguage\":\"fr-FR\"},{\"@type\":\"WebPage\",\"@id\":\"https:\\\/\\\/resources.workable.com\\\/fr\\\/directeur-executif-descriptif-de-poste\",\"url\":\"https:\\\/\\\/resources.workable.com\\\/fr\\\/directeur-executif-descriptif-de-poste\",\"name\":\"Mod\u00e8le de fiche de poste de Directeur ex\u00e9cutif | Workable\",\"isPartOf\":{\"@id\":\"https:\\\/\\\/resources.workable.com\\\/fr\\\/#website\"},\"primaryImageOfPage\":{\"@id\":\"https:\\\/\\\/resources.workable.com\\\/fr\\\/directeur-executif-descriptif-de-poste#primaryimage\"},\"image\":{\"@id\":\"https:\\\/\\\/resources.workable.com\\\/fr\\\/directeur-executif-descriptif-de-poste#primaryimage\"},\"thumbnailUrl\":\"https:\\\/\\\/resources.workable.com\\\/wp-content\\\/uploads\\\/2015\\\/12\\\/executive-director1-640x230.jpg\",\"datePublished\":\"2020-01-08T11:04:31+00:00\",\"dateModified\":\"2020-02-06T13:21:44+00:00\",\"description\":\"Le pr\u00e9sent mod\u00e8le de fiche de poste de Directeur ex\u00e9cutif a \u00e9t\u00e9 optimis\u00e9 \u00e0 des fins de publication sur des sites d'annonces ou des pages d'emploi en ligne, ainsi que pour \u00eatre ais\u00e9ment personnalis\u00e9 en fonction des besoins de votre entreprise\",\"breadcrumb\":{\"@id\":\"https:\\\/\\\/resources.workable.com\\\/fr\\\/directeur-executif-descriptif-de-poste#breadcrumb\"},\"inLanguage\":\"fr-FR\",\"potentialAction\":[{\"@type\":\"ReadAction\",\"target\":[\"https:\\\/\\\/resources.workable.com\\\/fr\\\/directeur-executif-descriptif-de-poste\"]}]},{\"@type\":\"ImageObject\",\"inLanguage\":\"fr-FR\",\"@id\":\"https:\\\/\\\/resources.workable.com\\\/fr\\\/directeur-executif-descriptif-de-poste#primaryimage\",\"url\":\"https:\\\/\\\/resources.workable.com\\\/wp-content\\\/uploads\\\/2015\\\/12\\\/executive-director1-640x230.jpg\",\"contentUrl\":\"https:\\\/\\\/resources.workable.com\\\/wp-content\\\/uploads\\\/2015\\\/12\\\/executive-director1-640x230.jpg\"},{\"@type\":\"BreadcrumbList\",\"@id\":\"https:\\\/\\\/resources.workable.com\\\/fr\\\/directeur-executif-descriptif-de-poste#breadcrumb\",\"itemListElement\":[{\"@type\":\"ListItem\",\"position\":1,\"name\":\"Home\",\"item\":\"https:\\\/\\\/resources.workable.com\\\/fr\\\/\"},{\"@type\":\"ListItem\",\"position\":2,\"name\":\"Descriptif de poste: Directeur ex\u00e9cutif&nbsp;(f\\\/h\\\/autre)\"}]},{\"@type\":\"WebSite\",\"@id\":\"https:\\\/\\\/resources.workable.com\\\/fr\\\/#website\",\"url\":\"https:\\\/\\\/resources.workable.com\\\/fr\\\/\",\"name\":\"Recruiting Resources: How to Recruit and Hire Better\",\"description\":\"\",\"publisher\":{\"@id\":\"https:\\\/\\\/resources.workable.com\\\/fr\\\/#organization\"},\"potentialAction\":[{\"@type\":\"SearchAction\",\"target\":{\"@type\":\"EntryPoint\",\"urlTemplate\":\"https:\\\/\\\/resources.workable.com\\\/fr\\\/?s={search_term_string}\"},\"query-input\":{\"@type\":\"PropertyValueSpecification\",\"valueRequired\":true,\"valueName\":\"search_term_string\"}}],\"inLanguage\":\"fr-FR\"},{\"@type\":\"Organization\",\"@id\":\"https:\\\/\\\/resources.workable.com\\\/fr\\\/#organization\",\"name\":\"Workable\",\"url\":\"https:\\\/\\\/resources.workable.com\\\/fr\\\/\",\"logo\":{\"@type\":\"ImageObject\",\"inLanguage\":\"fr-FR\",\"@id\":\"https:\\\/\\\/resources.workable.com\\\/fr\\\/#\\\/schema\\\/logo\\\/image\\\/\",\"url\":\"https:\\\/\\\/resources.workable.com\\\/wp-content\\\/uploads\\\/2017\\\/12\\\/logo-green.png\",\"contentUrl\":\"https:\\\/\\\/resources.workable.com\\\/wp-content\\\/uploads\\\/2017\\\/12\\\/logo-green.png\",\"width\":150,\"height\":25,\"caption\":\"Workable\"},\"image\":{\"@id\":\"https:\\\/\\\/resources.workable.com\\\/fr\\\/#\\\/schema\\\/logo\\\/image\\\/\"},\"sameAs\":[\"https:\\\/\\\/business.facebook.com\\\/workable\\\/\",\"https:\\\/\\\/x.com\\\/workable\",\"https:\\\/\\\/www.linkedin.com\\\/company\\\/workable-hr\\\/\"]},{\"@type\":\"Person\",\"@id\":\"https:\\\/\\\/resources.workable.com\\\/fr\\\/#\\\/schema\\\/person\\\/bddaa2e41481e7c9ef2328432ea089e7\",\"name\":\"Nikoletta Bika\",\"image\":{\"@type\":\"ImageObject\",\"inLanguage\":\"fr-FR\",\"@id\":\"https:\\\/\\\/secure.gravatar.com\\\/avatar\\\/777bf31309608e9152307199dd8aa97ff19f24849526f1b2b50f11b9ea40fca3?s=96&d=mm&r=pg\",\"url\":\"https:\\\/\\\/secure.gravatar.com\\\/avatar\\\/777bf31309608e9152307199dd8aa97ff19f24849526f1b2b50f11b9ea40fca3?s=96&d=mm&r=pg\",\"contentUrl\":\"https:\\\/\\\/secure.gravatar.com\\\/avatar\\\/777bf31309608e9152307199dd8aa97ff19f24849526f1b2b50f11b9ea40fca3?s=96&d=mm&r=pg\",\"caption\":\"Nikoletta Bika\"},\"description\":\"Nikoletta Bika was a senior writer at Workable for nearly four and a half years. She holds an MSc in HR and has written extensively about all things HR and recruiting, with a particular interest in bias, data, technology, legal compliance, and the future of work. She hates meaningless jargon and dreams about space travel.\",\"sameAs\":[\"http:\\\/\\\/workable.com\"],\"url\":\"https:\\\/\\\/resources.workable.com\\\/fr\\\/author\\\/nikoletta-bika\\\/\"}]}<\/script>\n<!-- \/ Yoast SEO Premium plugin. -->","yoast_head_json":{"title":"Mod\u00e8le de fiche de poste de Directeur ex\u00e9cutif | Workable","description":"Le pr\u00e9sent mod\u00e8le de fiche de poste de Directeur ex\u00e9cutif a \u00e9t\u00e9 optimis\u00e9 \u00e0 des fins de publication sur des sites d'annonces ou des pages d'emploi en ligne, ainsi que pour \u00eatre ais\u00e9ment personnalis\u00e9 en fonction des besoins de votre entreprise","robots":{"index":"index","follow":"follow","max-snippet":"max-snippet:-1","max-image-preview":"max-image-preview:large","max-video-preview":"max-video-preview:-1"},"canonical":"https:\/\/resources.workable.com\/fr\/directeur-executif-descriptif-de-poste\/","og_locale":"fr_FR","og_type":"article","og_title":"Descriptif de poste: Directeur ex\u00e9cutif (f\/h\/autre)","og_description":"Le pr\u00e9sent mod\u00e8le de fiche de poste de Directeur ex\u00e9cutif a \u00e9t\u00e9 optimis\u00e9 \u00e0 des fins de publication sur des sites d'annonces ou des pages d'emploi en ligne, ainsi que pour \u00eatre ais\u00e9ment personnalis\u00e9 en fonction des besoins de votre entreprise","og_url":"https:\/\/resources.workable.com\/fr\/directeur-executif-descriptif-de-poste","og_site_name":"Recruiting Resources: How to Recruit and Hire Better","article_publisher":"https:\/\/business.facebook.com\/workable\/","article_published_time":"2020-01-08T11:04:31+00:00","article_modified_time":"2020-02-06T13:21:44+00:00","og_image":[{"url":"https:\/\/resources.workable.com\/wp-content\/uploads\/2015\/12\/executive-director1-640x230.jpg","type":"","width":"","height":""}],"author":"Nikoletta Bika","twitter_card":"summary_large_image","twitter_creator":"@workable","twitter_site":"@workable","twitter_misc":{"\u00c9crit par":"Nikoletta Bika","Dur\u00e9e de lecture estim\u00e9e":"1 minute"},"schema":{"@context":"https:\/\/schema.org","@graph":[{"@type":"Article","@id":"https:\/\/resources.workable.com\/fr\/directeur-executif-descriptif-de-poste#article","isPartOf":{"@id":"https:\/\/resources.workable.com\/fr\/directeur-executif-descriptif-de-poste"},"author":{"name":"Nikoletta Bika","@id":"https:\/\/resources.workable.com\/fr\/#\/schema\/person\/bddaa2e41481e7c9ef2328432ea089e7"},"headline":"Descriptif de poste: Directeur ex\u00e9cutif&nbsp;(f\/h\/autre)","datePublished":"2020-01-08T11:04:31+00:00","dateModified":"2020-02-06T13:21:44+00:00","mainEntityOfPage":{"@id":"https:\/\/resources.workable.com\/fr\/directeur-executif-descriptif-de-poste"},"wordCount":118,"publisher":{"@id":"https:\/\/resources.workable.com\/fr\/#organization"},"image":{"@id":"https:\/\/resources.workable.com\/fr\/directeur-executif-descriptif-de-poste#primaryimage"},"thumbnailUrl":"https:\/\/resources.workable.com\/wp-content\/uploads\/2015\/12\/executive-director1-640x230.jpg","keywords":["sample-admin"],"articleSection":["Descriptifs de postes","Descriptifs de postes administratifs"],"inLanguage":"fr-FR"},{"@type":"WebPage","@id":"https:\/\/resources.workable.com\/fr\/directeur-executif-descriptif-de-poste","url":"https:\/\/resources.workable.com\/fr\/directeur-executif-descriptif-de-poste","name":"Mod\u00e8le de fiche de poste de Directeur ex\u00e9cutif | Workable","isPartOf":{"@id":"https:\/\/resources.workable.com\/fr\/#website"},"primaryImageOfPage":{"@id":"https:\/\/resources.workable.com\/fr\/directeur-executif-descriptif-de-poste#primaryimage"},"image":{"@id":"https:\/\/resources.workable.com\/fr\/directeur-executif-descriptif-de-poste#primaryimage"},"thumbnailUrl":"https:\/\/resources.workable.com\/wp-content\/uploads\/2015\/12\/executive-director1-640x230.jpg","datePublished":"2020-01-08T11:04:31+00:00","dateModified":"2020-02-06T13:21:44+00:00","description":"Le pr\u00e9sent mod\u00e8le de fiche de poste de Directeur ex\u00e9cutif a \u00e9t\u00e9 optimis\u00e9 \u00e0 des fins de publication sur des sites d'annonces ou des pages d'emploi en ligne, ainsi que pour \u00eatre ais\u00e9ment personnalis\u00e9 en fonction des besoins de votre entreprise","breadcrumb":{"@id":"https:\/\/resources.workable.com\/fr\/directeur-executif-descriptif-de-poste#breadcrumb"},"inLanguage":"fr-FR","potentialAction":[{"@type":"ReadAction","target":["https:\/\/resources.workable.com\/fr\/directeur-executif-descriptif-de-poste"]}]},{"@type":"ImageObject","inLanguage":"fr-FR","@id":"https:\/\/resources.workable.com\/fr\/directeur-executif-descriptif-de-poste#primaryimage","url":"https:\/\/resources.workable.com\/wp-content\/uploads\/2015\/12\/executive-director1-640x230.jpg","contentUrl":"https:\/\/resources.workable.com\/wp-content\/uploads\/2015\/12\/executive-director1-640x230.jpg"},{"@type":"BreadcrumbList","@id":"https:\/\/resources.workable.com\/fr\/directeur-executif-descriptif-de-poste#breadcrumb","itemListElement":[{"@type":"ListItem","position":1,"name":"Home","item":"https:\/\/resources.workable.com\/fr\/"},{"@type":"ListItem","position":2,"name":"Descriptif de poste: Directeur ex\u00e9cutif&nbsp;(f\/h\/autre)"}]},{"@type":"WebSite","@id":"https:\/\/resources.workable.com\/fr\/#website","url":"https:\/\/resources.workable.com\/fr\/","name":"Recruiting Resources: How to Recruit and Hire Better","description":"","publisher":{"@id":"https:\/\/resources.workable.com\/fr\/#organization"},"potentialAction":[{"@type":"SearchAction","target":{"@type":"EntryPoint","urlTemplate":"https:\/\/resources.workable.com\/fr\/?s={search_term_string}"},"query-input":{"@type":"PropertyValueSpecification","valueRequired":true,"valueName":"search_term_string"}}],"inLanguage":"fr-FR"},{"@type":"Organization","@id":"https:\/\/resources.workable.com\/fr\/#organization","name":"Workable","url":"https:\/\/resources.workable.com\/fr\/","logo":{"@type":"ImageObject","inLanguage":"fr-FR","@id":"https:\/\/resources.workable.com\/fr\/#\/schema\/logo\/image\/","url":"https:\/\/resources.workable.com\/wp-content\/uploads\/2017\/12\/logo-green.png","contentUrl":"https:\/\/resources.workable.com\/wp-content\/uploads\/2017\/12\/logo-green.png","width":150,"height":25,"caption":"Workable"},"image":{"@id":"https:\/\/resources.workable.com\/fr\/#\/schema\/logo\/image\/"},"sameAs":["https:\/\/business.facebook.com\/workable\/","https:\/\/x.com\/workable","https:\/\/www.linkedin.com\/company\/workable-hr\/"]},{"@type":"Person","@id":"https:\/\/resources.workable.com\/fr\/#\/schema\/person\/bddaa2e41481e7c9ef2328432ea089e7","name":"Nikoletta Bika","image":{"@type":"ImageObject","inLanguage":"fr-FR","@id":"https:\/\/secure.gravatar.com\/avatar\/777bf31309608e9152307199dd8aa97ff19f24849526f1b2b50f11b9ea40fca3?s=96&d=mm&r=pg","url":"https:\/\/secure.gravatar.com\/avatar\/777bf31309608e9152307199dd8aa97ff19f24849526f1b2b50f11b9ea40fca3?s=96&d=mm&r=pg","contentUrl":"https:\/\/secure.gravatar.com\/avatar\/777bf31309608e9152307199dd8aa97ff19f24849526f1b2b50f11b9ea40fca3?s=96&d=mm&r=pg","caption":"Nikoletta Bika"},"description":"Nikoletta Bika was a senior writer at Workable for nearly four and a half years. She holds an MSc in HR and has written extensively about all things HR and recruiting, with a particular interest in bias, data, technology, legal compliance, and the future of work. She hates meaningless jargon and dreams about space travel.","sameAs":["http:\/\/workable.com"],"url":"https:\/\/resources.workable.com\/fr\/author\/nikoletta-bika\/"}]}},"modified_by":"Zina Panagopoulou","custom_fields":{"brief":"<span style=\"font-weight: 400;\">Nous recherchons un <\/span><b>Directeur ex\u00e9cutif<\/b><span style=\"font-weight: 400;\"> exp\u00e9riment\u00e9 pour superviser toutes les op\u00e9rations, fonctions et activit\u00e9s. Il sera le visage de l'organisation, responsable de donner la direction strat\u00e9gique ad\u00e9quate et de mettre en place une vision de haute qualit\u00e9.<\/span> <span style=\"font-weight: 400;\">Un excellent directeur ex\u00e9cutif est un manager influent capable de diriger et de motiver les \u00e9quipes. Il poss\u00e8de d'excellentes comp\u00e9tences en communication et adopte une approche globale en mati\u00e8re de gestion des op\u00e9rations de l'entreprise.<\/span> <span style=\"font-weight: 400;\">Son objectif est de g\u00e9rer et de diriger l'organisation dans la r\u00e9alisation de sa mission.<\/span>","requirements":"<ul>\r\n \t<li><span style=\"font-weight: 400;\">Exp\u00e9rience av\u00e9r\u00e9e en tant que directeur ex\u00e9cutif ou \u00e0 un autre poste de direction<\/span><\/li>\r\n \t<li><span style=\"font-weight: 400;\">Exp\u00e9rience dans l'\u00e9laboration de strat\u00e9gies et de plans<\/span><\/li>\r\n \t<li><span style=\"font-weight: 400;\">Capacit\u00e9 \u00e0 appliquer des techniques de collecte de fonds et de r\u00e9seautage efficaces<\/span><\/li>\r\n \t<li><span style=\"font-weight: 400;\">Solide compr\u00e9hension de la finance d'entreprise et des mesures de performance<\/span><\/li>\r\n \t<li><span style=\"font-weight: 400;\">Connaissance approfondie des meilleures pratiques de gouvernance et de gestion d'entreprise<\/span><\/li>\r\n \t<li><span style=\"font-weight: 400;\">Un esprit analytique dot\u00e9 d'id\u00e9es novatrices pour r\u00e9soudre les probl\u00e8mes<\/span><\/li>\r\n \t<li><span style=\"font-weight: 400;\">Capacit\u00e9s organisationnelles et de direction exceptionnelles<\/span><\/li>\r\n \t<li><span style=\"font-weight: 400;\">Excellentes comp\u00e9tences de communication (orale et \u00e9crite) et de prise de parole en public<\/span><\/li>\r\n \t<li><span style=\"font-weight: 400;\">Master en administration d'entreprises ou dans un domaine pertinent<\/span><\/li>\r\n<\/ul>","responsibilities":"<ul>\r\n \t<li style=\"font-weight: 400;\"><span style=\"font-weight: 400;\">D\u00e9velopper et mettre en \u0153uvre des strat\u00e9gies visant \u00e0 promouvoir la mission et la \u00ab\u00a0voix\u00a0\u00bb de l\u2019organisation<\/span><\/li>\r\n \t<li style=\"font-weight: 400;\"><span style=\"font-weight: 400;\">Concevoir des plans d'affaires complets en vue d'atteindre les buts et objectifs fix\u00e9s par le conseil d'administration <\/span><\/li>\r\n \t<li style=\"font-weight: 400;\"><span style=\"font-weight: 400;\">Construire une \u00e9quipe de leaders efficace en fournissant des conseils et un encadrement aux gestionnaires subalternes<\/span><\/li>\r\n \t<li style=\"font-weight: 400;\"><span style=\"font-weight: 400;\">Assurer la conformit\u00e9 des activit\u00e9s quotidiennes et des plans \u00e0 long terme de l\u2019organisation aux politiques et aux directives juridiques en place<\/span><\/li>\r\n \t<li style=\"font-weight: 400;\"><span style=\"font-weight: 400;\">Diriger et superviser les investissements et les efforts de collecte de fonds<\/span><\/li>\r\n \t<li style=\"font-weight: 400;\"><span style=\"font-weight: 400;\">Cr\u00e9er et entretenir des relations de confiance avec les parties prenantes, les partenaires et les autorit\u00e9s externes<\/span><\/li>\r\n \t<li style=\"font-weight: 400;\"><span style=\"font-weight: 400;\">Jouer le r\u00f4le d'orateur et de repr\u00e9sentant des relations publiques de l'entreprise de mani\u00e8re \u00e0 renforcer son image<\/span><\/li>\r\n \t<li style=\"font-weight: 400;\"><span style=\"font-weight: 400;\">Examiner les rapports des gestionnaires subordonn\u00e9s afin de bien comprendre la situation financi\u00e8re et non financi\u00e8re de l'organisation<\/span><\/li>\r\n \t<li style=\"font-weight: 400;\"><span style=\"font-weight: 400;\">\u00c9laborer des actions correctives pour tout probl\u00e8me identifi\u00e9 et mener des op\u00e9rations de gestion des crises si n\u00e9cessaire<\/span><\/li>\r\n<\/ul>","see_more":""},"_links":{"self":[{"href":"https:\/\/resources.workable.com\/fr\/wp-json\/wp\/v2\/posts\/39813","targetHints":{"allow":["GET"]}}],"collection":[{"href":"https:\/\/resources.workable.com\/fr\/wp-json\/wp\/v2\/posts"}],"about":[{"href":"https:\/\/resources.workable.com\/fr\/wp-json\/wp\/v2\/types\/post"}],"author":[{"embeddable":true,"href":"https:\/\/resources.workable.com\/fr\/wp-json\/wp\/v2\/users\/28"}],"replies":[{"embeddable":true,"href":"https:\/\/resources.workable.com\/fr\/wp-json\/wp\/v2\/comments?post=39813"}],"version-history":[{"count":0,"href":"https:\/\/resources.workable.com\/fr\/wp-json\/wp\/v2\/posts\/39813\/revisions"}],"wp:attachment":[{"href":"https:\/\/resources.workable.com\/fr\/wp-json\/wp\/v2\/media?parent=39813"}],"wp:term":[{"taxonomy":"category","embeddable":true,"href":"https:\/\/resources.workable.com\/fr\/wp-json\/wp\/v2\/categories?post=39813"},{"taxonomy":"post_tag","embeddable":true,"href":"https:\/\/resources.workable.com\/fr\/wp-json\/wp\/v2\/tags?post=39813"}],"curies":[{"name":"wp","href":"https:\/\/api.w.org\/{rel}","templated":true}]}}