{"id":38261,"date":"2019-12-16T11:39:10","date_gmt":"2019-12-16T11:39:10","guid":{"rendered":"https:\/\/resources.workable.com\/?p=38261"},"modified":"2020-02-06T13:15:52","modified_gmt":"2020-02-06T13:15:52","slug":"descriptif-de-poste-coordinateur-administratif-f-h-autre","status":"publish","type":"post","link":"https:\/\/resources.workable.com\/fr\/coordinateur-administratif-descriptif-de-poste","title":{"rendered":"Descriptif de poste: Coordinateur administratif&nbsp;(f\/h\/autre)"},"content":{"rendered":"<p>Publiez ce mod\u00e8le de fiche de poste de Coordinateur administratif sur les sites d&rsquo;annonces ou des pages d&#8217;emploi en ligne pour attirer des candidats qualifi\u00e9s. N&rsquo;h\u00e9sitez pas \u00e0 le modifier pour l&rsquo;adapter \u00e0 vos besoins.<\/p>\n<h2>Les fonctions du Coordinateur administratif incluent:<\/h2>\n<ul>\n<li>Prendre les appels et les rediriger de mani\u00e8re appropri\u00e9e<\/li>\n<li>Traiter et rendre compte des d\u00e9penses de bureau<\/li>\n<li>Tenir \u00e0 jour les archives physiques et num\u00e9riques sur les salari\u00e9s<\/li>\n<\/ul>\n<p><img loading=\"lazy\" decoding=\"async\" class=\"size-full wp-image-38271 alignnone\" src=\"https:\/\/resources.workable.com\/wp-content\/uploads\/2017\/08\/shutterstock_240678583.jpg\" alt=\"Fiche de poste de Coordinateur administratif \" width=\"640\" height=\"230\" srcset=\"https:\/\/resources.workable.com\/wp-content\/uploads\/2017\/08\/shutterstock_240678583.jpg 640w, https:\/\/resources.workable.com\/wp-content\/uploads\/2017\/08\/shutterstock_240678583-200x72.jpg 200w, https:\/\/resources.workable.com\/wp-content\/uploads\/2017\/08\/shutterstock_240678583-560x201.jpg 560w\" sizes=\"auto, (max-width: 640px) 100vw, 640px\" \/><\/p>\n","protected":false},"excerpt":{"rendered":"<p>Publiez ce mod\u00e8le de fiche de poste de Coordinateur administratif sur les sites d&rsquo;annonces ou des pages d&#8217;emploi en ligne pour attirer des candidats qualifi\u00e9s. N&rsquo;h\u00e9sitez pas \u00e0 le modifier pour l&rsquo;adapter \u00e0 vos besoins. Les fonctions du Coordinateur administratif incluent: Prendre les appels et les rediriger de mani\u00e8re appropri\u00e9e Traiter et rendre compte des [&hellip;]<\/p>\n","protected":false},"author":41,"featured_media":0,"comment_status":"closed","ping_status":"closed","sticky":false,"template":"","format":"standard","meta":{"_acf_changed":false,"_lmt_disableupdate":"no","_lmt_disable":"","_has_post_settings":[],"footnotes":""},"categories":[1041,1171],"tags":[],"class_list":["post-38261","post","type-post","status-publish","format-standard","hentry","category-descriptifs-de-postes","category-descriptifs-de-postes-administratifs"],"acf":[],"yoast_head":"<!-- This site is optimized with the Yoast SEO Premium plugin v27.4 (Yoast SEO v27.4) - https:\/\/yoast.com\/product\/yoast-seo-premium-wordpress\/ -->\n<title>Mod\u00e8le de fiche de poste de Coordinateur administratif | Workable<\/title>\n<meta name=\"description\" content=\"Publiez ce mod\u00e8le de fiche de poste de Coordinateur administratif sur les sites d&#039;annonces ou des pages d&#039;emploi en ligne pour attirer des candidats qualifi\u00e9s.\" \/>\n<meta name=\"robots\" content=\"index, follow, max-snippet:-1, max-image-preview:large, max-video-preview:-1\" \/>\n<link rel=\"canonical\" href=\"https:\/\/resources.workable.com\/fr\/coordinateur-administratif-descriptif-de-poste\/\" \/>\n<meta property=\"og:locale\" content=\"fr_FR\" \/>\n<meta property=\"og:type\" content=\"article\" \/>\n<meta property=\"og:title\" content=\"Descriptif de poste: Coordinateur administratif (f\/h\/autre)\" \/>\n<meta property=\"og:description\" content=\"Publiez ce mod\u00e8le de fiche de poste de Coordinateur administratif sur les sites d&#039;annonces ou des pages d&#039;emploi en ligne pour attirer des candidats qualifi\u00e9s.\" \/>\n<meta property=\"og:url\" content=\"https:\/\/resources.workable.com\/fr\/coordinateur-administratif-descriptif-de-poste\" \/>\n<meta property=\"og:site_name\" content=\"Recruiting Resources: How to Recruit and Hire Better\" \/>\n<meta property=\"article:publisher\" content=\"https:\/\/business.facebook.com\/workable\/\" \/>\n<meta property=\"article:published_time\" content=\"2019-12-16T11:39:10+00:00\" \/>\n<meta property=\"article:modified_time\" content=\"2020-02-06T13:15:52+00:00\" \/>\n<meta property=\"og:image\" content=\"https:\/\/resources.workable.com\/wp-content\/uploads\/2017\/08\/shutterstock_240678583.jpg\" \/>\n<meta name=\"author\" content=\"Christina Pavlou\" \/>\n<meta name=\"twitter:card\" content=\"summary_large_image\" \/>\n<meta name=\"twitter:creator\" content=\"@workable\" \/>\n<meta name=\"twitter:site\" content=\"@workable\" \/>\n<meta name=\"twitter:label1\" content=\"\u00c9crit par\" \/>\n\t<meta name=\"twitter:data1\" content=\"Christina Pavlou\" \/>\n<script type=\"application\/ld+json\" class=\"yoast-schema-graph\">{\"@context\":\"https:\\\/\\\/schema.org\",\"@graph\":[{\"@type\":\"Article\",\"@id\":\"https:\\\/\\\/resources.workable.com\\\/fr\\\/coordinateur-administratif-descriptif-de-poste#article\",\"isPartOf\":{\"@id\":\"https:\\\/\\\/resources.workable.com\\\/fr\\\/coordinateur-administratif-descriptif-de-poste\"},\"author\":{\"name\":\"Christina Pavlou\",\"@id\":\"https:\\\/\\\/resources.workable.com\\\/fr\\\/#\\\/schema\\\/person\\\/b23289d8d63331621eee9e69103cd603\"},\"headline\":\"Descriptif de poste: Coordinateur administratif&nbsp;(f\\\/h\\\/autre)\",\"datePublished\":\"2019-12-16T11:39:10+00:00\",\"dateModified\":\"2020-02-06T13:15:52+00:00\",\"mainEntityOfPage\":{\"@id\":\"https:\\\/\\\/resources.workable.com\\\/fr\\\/coordinateur-administratif-descriptif-de-poste\"},\"wordCount\":86,\"publisher\":{\"@id\":\"https:\\\/\\\/resources.workable.com\\\/fr\\\/#organization\"},\"image\":{\"@id\":\"https:\\\/\\\/resources.workable.com\\\/fr\\\/coordinateur-administratif-descriptif-de-poste#primaryimage\"},\"thumbnailUrl\":\"https:\\\/\\\/resources.workable.com\\\/wp-content\\\/uploads\\\/2017\\\/08\\\/shutterstock_240678583.jpg\",\"articleSection\":[\"Descriptifs de postes\",\"Descriptifs de postes administratifs\"],\"inLanguage\":\"fr-FR\"},{\"@type\":\"WebPage\",\"@id\":\"https:\\\/\\\/resources.workable.com\\\/fr\\\/coordinateur-administratif-descriptif-de-poste\",\"url\":\"https:\\\/\\\/resources.workable.com\\\/fr\\\/coordinateur-administratif-descriptif-de-poste\",\"name\":\"Mod\u00e8le de fiche de poste de Coordinateur administratif | Workable\",\"isPartOf\":{\"@id\":\"https:\\\/\\\/resources.workable.com\\\/fr\\\/#website\"},\"primaryImageOfPage\":{\"@id\":\"https:\\\/\\\/resources.workable.com\\\/fr\\\/coordinateur-administratif-descriptif-de-poste#primaryimage\"},\"image\":{\"@id\":\"https:\\\/\\\/resources.workable.com\\\/fr\\\/coordinateur-administratif-descriptif-de-poste#primaryimage\"},\"thumbnailUrl\":\"https:\\\/\\\/resources.workable.com\\\/wp-content\\\/uploads\\\/2017\\\/08\\\/shutterstock_240678583.jpg\",\"datePublished\":\"2019-12-16T11:39:10+00:00\",\"dateModified\":\"2020-02-06T13:15:52+00:00\",\"description\":\"Publiez ce mod\u00e8le de fiche de poste de Coordinateur administratif sur les sites d'annonces ou des pages d'emploi en ligne pour attirer des candidats qualifi\u00e9s.\",\"breadcrumb\":{\"@id\":\"https:\\\/\\\/resources.workable.com\\\/fr\\\/coordinateur-administratif-descriptif-de-poste#breadcrumb\"},\"inLanguage\":\"fr-FR\",\"potentialAction\":[{\"@type\":\"ReadAction\",\"target\":[\"https:\\\/\\\/resources.workable.com\\\/fr\\\/coordinateur-administratif-descriptif-de-poste\"]}]},{\"@type\":\"ImageObject\",\"inLanguage\":\"fr-FR\",\"@id\":\"https:\\\/\\\/resources.workable.com\\\/fr\\\/coordinateur-administratif-descriptif-de-poste#primaryimage\",\"url\":\"https:\\\/\\\/resources.workable.com\\\/wp-content\\\/uploads\\\/2017\\\/08\\\/shutterstock_240678583.jpg\",\"contentUrl\":\"https:\\\/\\\/resources.workable.com\\\/wp-content\\\/uploads\\\/2017\\\/08\\\/shutterstock_240678583.jpg\"},{\"@type\":\"BreadcrumbList\",\"@id\":\"https:\\\/\\\/resources.workable.com\\\/fr\\\/coordinateur-administratif-descriptif-de-poste#breadcrumb\",\"itemListElement\":[{\"@type\":\"ListItem\",\"position\":1,\"name\":\"Home\",\"item\":\"https:\\\/\\\/resources.workable.com\\\/fr\\\/\"},{\"@type\":\"ListItem\",\"position\":2,\"name\":\"Descriptif de poste: Coordinateur administratif&nbsp;(f\\\/h\\\/autre)\"}]},{\"@type\":\"WebSite\",\"@id\":\"https:\\\/\\\/resources.workable.com\\\/fr\\\/#website\",\"url\":\"https:\\\/\\\/resources.workable.com\\\/fr\\\/\",\"name\":\"Recruiting Resources: How to Recruit and Hire Better\",\"description\":\"\",\"publisher\":{\"@id\":\"https:\\\/\\\/resources.workable.com\\\/fr\\\/#organization\"},\"potentialAction\":[{\"@type\":\"SearchAction\",\"target\":{\"@type\":\"EntryPoint\",\"urlTemplate\":\"https:\\\/\\\/resources.workable.com\\\/fr\\\/?s={search_term_string}\"},\"query-input\":{\"@type\":\"PropertyValueSpecification\",\"valueRequired\":true,\"valueName\":\"search_term_string\"}}],\"inLanguage\":\"fr-FR\"},{\"@type\":\"Organization\",\"@id\":\"https:\\\/\\\/resources.workable.com\\\/fr\\\/#organization\",\"name\":\"Workable\",\"url\":\"https:\\\/\\\/resources.workable.com\\\/fr\\\/\",\"logo\":{\"@type\":\"ImageObject\",\"inLanguage\":\"fr-FR\",\"@id\":\"https:\\\/\\\/resources.workable.com\\\/fr\\\/#\\\/schema\\\/logo\\\/image\\\/\",\"url\":\"https:\\\/\\\/resources.workable.com\\\/wp-content\\\/uploads\\\/2017\\\/12\\\/logo-green.png\",\"contentUrl\":\"https:\\\/\\\/resources.workable.com\\\/wp-content\\\/uploads\\\/2017\\\/12\\\/logo-green.png\",\"width\":150,\"height\":25,\"caption\":\"Workable\"},\"image\":{\"@id\":\"https:\\\/\\\/resources.workable.com\\\/fr\\\/#\\\/schema\\\/logo\\\/image\\\/\"},\"sameAs\":[\"https:\\\/\\\/business.facebook.com\\\/workable\\\/\",\"https:\\\/\\\/x.com\\\/workable\",\"https:\\\/\\\/www.linkedin.com\\\/company\\\/workable-hr\\\/\"]},{\"@type\":\"Person\",\"@id\":\"https:\\\/\\\/resources.workable.com\\\/fr\\\/#\\\/schema\\\/person\\\/b23289d8d63331621eee9e69103cd603\",\"name\":\"Christina Pavlou\",\"image\":{\"@type\":\"ImageObject\",\"inLanguage\":\"fr-FR\",\"@id\":\"https:\\\/\\\/secure.gravatar.com\\\/avatar\\\/9ed48272d268bb7071cf243f8d2dcaeaa1f26feca5ecd3fbed59e0378447bc49?s=96&d=mm&r=pg\",\"url\":\"https:\\\/\\\/secure.gravatar.com\\\/avatar\\\/9ed48272d268bb7071cf243f8d2dcaeaa1f26feca5ecd3fbed59e0378447bc49?s=96&d=mm&r=pg\",\"contentUrl\":\"https:\\\/\\\/secure.gravatar.com\\\/avatar\\\/9ed48272d268bb7071cf243f8d2dcaeaa1f26feca5ecd3fbed59e0378447bc49?s=96&d=mm&r=pg\",\"caption\":\"Christina Pavlou\"},\"description\":\"Christina Pavlou was a writer at Workable for nearly four years, and previously a recruiter. She writes about diversity in the workplace and reports on the shape of things to come. You can find her on LinkedIn and Twitter.\",\"url\":\"https:\\\/\\\/resources.workable.com\\\/fr\\\/author\\\/christina\\\/\"}]}<\/script>\n<!-- \/ Yoast SEO Premium plugin. -->","yoast_head_json":{"title":"Mod\u00e8le de fiche de poste de Coordinateur administratif | Workable","description":"Publiez ce mod\u00e8le de fiche de poste de Coordinateur administratif sur les sites d'annonces ou des pages d'emploi en ligne pour attirer des candidats qualifi\u00e9s.","robots":{"index":"index","follow":"follow","max-snippet":"max-snippet:-1","max-image-preview":"max-image-preview:large","max-video-preview":"max-video-preview:-1"},"canonical":"https:\/\/resources.workable.com\/fr\/coordinateur-administratif-descriptif-de-poste\/","og_locale":"fr_FR","og_type":"article","og_title":"Descriptif de poste: Coordinateur administratif (f\/h\/autre)","og_description":"Publiez ce mod\u00e8le de fiche de poste de Coordinateur administratif sur les sites d'annonces ou des pages d'emploi en ligne pour attirer des candidats qualifi\u00e9s.","og_url":"https:\/\/resources.workable.com\/fr\/coordinateur-administratif-descriptif-de-poste","og_site_name":"Recruiting Resources: How to Recruit and Hire Better","article_publisher":"https:\/\/business.facebook.com\/workable\/","article_published_time":"2019-12-16T11:39:10+00:00","article_modified_time":"2020-02-06T13:15:52+00:00","og_image":[{"url":"https:\/\/resources.workable.com\/wp-content\/uploads\/2017\/08\/shutterstock_240678583.jpg","type":"","width":"","height":""}],"author":"Christina Pavlou","twitter_card":"summary_large_image","twitter_creator":"@workable","twitter_site":"@workable","twitter_misc":{"\u00c9crit par":"Christina Pavlou"},"schema":{"@context":"https:\/\/schema.org","@graph":[{"@type":"Article","@id":"https:\/\/resources.workable.com\/fr\/coordinateur-administratif-descriptif-de-poste#article","isPartOf":{"@id":"https:\/\/resources.workable.com\/fr\/coordinateur-administratif-descriptif-de-poste"},"author":{"name":"Christina Pavlou","@id":"https:\/\/resources.workable.com\/fr\/#\/schema\/person\/b23289d8d63331621eee9e69103cd603"},"headline":"Descriptif de poste: Coordinateur administratif&nbsp;(f\/h\/autre)","datePublished":"2019-12-16T11:39:10+00:00","dateModified":"2020-02-06T13:15:52+00:00","mainEntityOfPage":{"@id":"https:\/\/resources.workable.com\/fr\/coordinateur-administratif-descriptif-de-poste"},"wordCount":86,"publisher":{"@id":"https:\/\/resources.workable.com\/fr\/#organization"},"image":{"@id":"https:\/\/resources.workable.com\/fr\/coordinateur-administratif-descriptif-de-poste#primaryimage"},"thumbnailUrl":"https:\/\/resources.workable.com\/wp-content\/uploads\/2017\/08\/shutterstock_240678583.jpg","articleSection":["Descriptifs de postes","Descriptifs de postes administratifs"],"inLanguage":"fr-FR"},{"@type":"WebPage","@id":"https:\/\/resources.workable.com\/fr\/coordinateur-administratif-descriptif-de-poste","url":"https:\/\/resources.workable.com\/fr\/coordinateur-administratif-descriptif-de-poste","name":"Mod\u00e8le de fiche de poste de Coordinateur administratif | Workable","isPartOf":{"@id":"https:\/\/resources.workable.com\/fr\/#website"},"primaryImageOfPage":{"@id":"https:\/\/resources.workable.com\/fr\/coordinateur-administratif-descriptif-de-poste#primaryimage"},"image":{"@id":"https:\/\/resources.workable.com\/fr\/coordinateur-administratif-descriptif-de-poste#primaryimage"},"thumbnailUrl":"https:\/\/resources.workable.com\/wp-content\/uploads\/2017\/08\/shutterstock_240678583.jpg","datePublished":"2019-12-16T11:39:10+00:00","dateModified":"2020-02-06T13:15:52+00:00","description":"Publiez ce mod\u00e8le de fiche de poste de Coordinateur administratif sur les sites d'annonces ou des pages d'emploi en ligne pour attirer des candidats qualifi\u00e9s.","breadcrumb":{"@id":"https:\/\/resources.workable.com\/fr\/coordinateur-administratif-descriptif-de-poste#breadcrumb"},"inLanguage":"fr-FR","potentialAction":[{"@type":"ReadAction","target":["https:\/\/resources.workable.com\/fr\/coordinateur-administratif-descriptif-de-poste"]}]},{"@type":"ImageObject","inLanguage":"fr-FR","@id":"https:\/\/resources.workable.com\/fr\/coordinateur-administratif-descriptif-de-poste#primaryimage","url":"https:\/\/resources.workable.com\/wp-content\/uploads\/2017\/08\/shutterstock_240678583.jpg","contentUrl":"https:\/\/resources.workable.com\/wp-content\/uploads\/2017\/08\/shutterstock_240678583.jpg"},{"@type":"BreadcrumbList","@id":"https:\/\/resources.workable.com\/fr\/coordinateur-administratif-descriptif-de-poste#breadcrumb","itemListElement":[{"@type":"ListItem","position":1,"name":"Home","item":"https:\/\/resources.workable.com\/fr\/"},{"@type":"ListItem","position":2,"name":"Descriptif de poste: Coordinateur administratif&nbsp;(f\/h\/autre)"}]},{"@type":"WebSite","@id":"https:\/\/resources.workable.com\/fr\/#website","url":"https:\/\/resources.workable.com\/fr\/","name":"Recruiting Resources: How to Recruit and Hire Better","description":"","publisher":{"@id":"https:\/\/resources.workable.com\/fr\/#organization"},"potentialAction":[{"@type":"SearchAction","target":{"@type":"EntryPoint","urlTemplate":"https:\/\/resources.workable.com\/fr\/?s={search_term_string}"},"query-input":{"@type":"PropertyValueSpecification","valueRequired":true,"valueName":"search_term_string"}}],"inLanguage":"fr-FR"},{"@type":"Organization","@id":"https:\/\/resources.workable.com\/fr\/#organization","name":"Workable","url":"https:\/\/resources.workable.com\/fr\/","logo":{"@type":"ImageObject","inLanguage":"fr-FR","@id":"https:\/\/resources.workable.com\/fr\/#\/schema\/logo\/image\/","url":"https:\/\/resources.workable.com\/wp-content\/uploads\/2017\/12\/logo-green.png","contentUrl":"https:\/\/resources.workable.com\/wp-content\/uploads\/2017\/12\/logo-green.png","width":150,"height":25,"caption":"Workable"},"image":{"@id":"https:\/\/resources.workable.com\/fr\/#\/schema\/logo\/image\/"},"sameAs":["https:\/\/business.facebook.com\/workable\/","https:\/\/x.com\/workable","https:\/\/www.linkedin.com\/company\/workable-hr\/"]},{"@type":"Person","@id":"https:\/\/resources.workable.com\/fr\/#\/schema\/person\/b23289d8d63331621eee9e69103cd603","name":"Christina Pavlou","image":{"@type":"ImageObject","inLanguage":"fr-FR","@id":"https:\/\/secure.gravatar.com\/avatar\/9ed48272d268bb7071cf243f8d2dcaeaa1f26feca5ecd3fbed59e0378447bc49?s=96&d=mm&r=pg","url":"https:\/\/secure.gravatar.com\/avatar\/9ed48272d268bb7071cf243f8d2dcaeaa1f26feca5ecd3fbed59e0378447bc49?s=96&d=mm&r=pg","contentUrl":"https:\/\/secure.gravatar.com\/avatar\/9ed48272d268bb7071cf243f8d2dcaeaa1f26feca5ecd3fbed59e0378447bc49?s=96&d=mm&r=pg","caption":"Christina Pavlou"},"description":"Christina Pavlou was a writer at Workable for nearly four years, and previously a recruiter. She writes about diversity in the workplace and reports on the shape of things to come. You can find her on LinkedIn and Twitter.","url":"https:\/\/resources.workable.com\/fr\/author\/christina\/"}]}},"modified_by":null,"custom_fields":{"brief":"Nous recherchons un Coordinateur administratif pour rejoindre notre soci\u00e9t\u00e9 et jouer le r\u00f4le de point de contact entre nos employ\u00e9s et nos fournisseurs.\r\n\r\nLes responsabilit\u00e9s du Coordinateur administratif comprennent le soutien des activit\u00e9s administratives au quotidien, le filtrage des appels t\u00e9l\u00e9phoniques et la planification de r\u00e9unions internes. Pour r\u00e9ussir \u00e0 ce poste, il faut poss\u00e9der d\u2019excellentes comp\u00e9tences en mati\u00e8re d\u2019organisation, ainsi que la capacit\u00e9 de hi\u00e9rarchiser les t\u00e2ches et de respecter les d\u00e9lais.\r\n\r\nEn fin de compte, il apportera un soutien administratif \u00e0 notre personnel et veillera \u00e0 ce que les proc\u00e9dures quotidiennes du bureau se d\u00e9roulent sans encombre.","requirements":"<ul>\r\n \t<li>Exp\u00e9rience confirm\u00e9e en tant que Coordinateur administratif, <a href=\"https:\/\/resources.workable.com\/administrator-job-description\" target=\"_blank\" rel=\"noopener\">Administrateur<\/a> ou \u00e0 un poste similaire<\/li>\r\n \t<li>Exp\u00e9rience pratique de MS Office Suite (en particulier MS Word et MS Excel)<\/li>\r\n \t<li>Connaissance des \u00e9quipements bureautiques, notamment les fax et les imprimantes<\/li>\r\n \t<li>Connaissances math\u00e9matiques de base<\/li>\r\n \t<li>Bonnes comp\u00e9tences de gestion du temps et capacit\u00e9 \u00e0 prioriser les t\u00e2ches<\/li>\r\n \t<li>Excellentes comp\u00e9tences de communication orale et \u00e9crite<\/li>\r\n \t<li>Dipl\u00f4me d'\u00e9tudes secondaires\u00a0; une qualification suppl\u00e9mentaire en administration de bureau constitue un avantage<\/li>\r\n<\/ul>","responsibilities":"<ul>\r\n \t<li>Prendre les appels et les rediriger de mani\u00e8re appropri\u00e9e<\/li>\r\n \t<li>Traiter et rendre compte des d\u00e9penses de bureau<\/li>\r\n \t<li>Tenir \u00e0 jour les archives physiques et num\u00e9riques sur les salari\u00e9s<\/li>\r\n \t<li>Organiser les r\u00e9unions internes et externes<\/li>\r\n \t<li>Distribuer le courrier entrant<\/li>\r\n \t<li>G\u00e9rer et commander des fournitures de bureau<\/li>\r\n \t<li>Organiser les d\u00e9placements<\/li>\r\n \t<li>Organiser les documents de l'entreprise dans des syst\u00e8mes de classement \u00e0 jour<\/li>\r\n \t<li>R\u00e9pondre aux questions des employ\u00e9s et des clients (par courrier \u00e9lectronique, par t\u00e9l\u00e9phone ou en personne)<\/li>\r\n \t<li>Pr\u00e9parer des pr\u00e9sentations, feuilles de calculs et rapports<\/li>\r\n \t<li>Mettre \u00e0 jour les politiques du bureau au besoin<\/li>\r\n<\/ul>","see_more":""},"_links":{"self":[{"href":"https:\/\/resources.workable.com\/fr\/wp-json\/wp\/v2\/posts\/38261","targetHints":{"allow":["GET"]}}],"collection":[{"href":"https:\/\/resources.workable.com\/fr\/wp-json\/wp\/v2\/posts"}],"about":[{"href":"https:\/\/resources.workable.com\/fr\/wp-json\/wp\/v2\/types\/post"}],"author":[{"embeddable":true,"href":"https:\/\/resources.workable.com\/fr\/wp-json\/wp\/v2\/users\/41"}],"replies":[{"embeddable":true,"href":"https:\/\/resources.workable.com\/fr\/wp-json\/wp\/v2\/comments?post=38261"}],"version-history":[{"count":0,"href":"https:\/\/resources.workable.com\/fr\/wp-json\/wp\/v2\/posts\/38261\/revisions"}],"wp:attachment":[{"href":"https:\/\/resources.workable.com\/fr\/wp-json\/wp\/v2\/media?parent=38261"}],"wp:term":[{"taxonomy":"category","embeddable":true,"href":"https:\/\/resources.workable.com\/fr\/wp-json\/wp\/v2\/categories?post=38261"},{"taxonomy":"post_tag","embeddable":true,"href":"https:\/\/resources.workable.com\/fr\/wp-json\/wp\/v2\/tags?post=38261"}],"curies":[{"name":"wp","href":"https:\/\/api.w.org\/{rel}","templated":true}]}}