{"id":34135,"date":"2019-11-20T09:00:25","date_gmt":"2019-11-20T09:00:25","guid":{"rendered":"https:\/\/resources.workable.com\/?p=34135"},"modified":"2020-02-06T13:16:40","modified_gmt":"2020-02-06T13:16:40","slug":"descriptif-de-poste-representant-des-ventes-au-detail-f-h-autre","status":"publish","type":"post","link":"https:\/\/resources.workable.com\/fr\/representant-des-ventes-au-detail-descriptif-de-poste","title":{"rendered":"Descriptif de poste: Repr\u00e9sentant des ventes au d\u00e9tail&nbsp;(f\/h\/autre)"},"content":{"rendered":"<p>Le pr\u00e9sent mod\u00e8le de descriptif de poste de Repr\u00e9sentant des ventes au d\u00e9tail vous aidera \u00e0 attirer et \u00e0 <a href=\"https:\/\/resources.workable.com\/tutorial\/hiring-salespeople\">recruter<\/a> des commerciaux qualifi\u00e9s pour fournir un excellent service client et atteindre les objectifs de ventes de votre entreprise.<\/p>\n<p>Les intitul\u00e9s de poste similaires incluent notamment <strong><a href=\"https:\/\/resources.workable.com\/cashier-job-description\">caissier<\/a>,\u00a0<a href=\"https:\/\/resources.workable.com\/fr\/?p=42415\">repr\u00e9sentant du service d&rsquo;assistance au client<\/a>\u00a0<\/strong>et<strong>\u00a0<a href=\"https:\/\/resources.workable.com\/sales-associate-job-description\">personnel de vente<\/a><\/strong>.<\/p>\n<h2>Les fonctions du Repr\u00e9sentant des ventes au d\u00e9tail incluent:<\/h2>\n<ul>\n<li>L&rsquo;accueil et l&rsquo;orientation des clients<\/li>\n<li>Fournir des informations pr\u00e9cises (par exemple, les caract\u00e9ristiques des produits, les prix et les services apr\u00e8s-vente)<\/li>\n<li>R\u00e9pondre aux questions des clients concernant des produits\/services particuliers<\/li>\n<\/ul>\n<p><img loading=\"lazy\" decoding=\"async\" class=\"size-full wp-image-34136 alignnone\" src=\"https:\/\/resources.workable.com\/wp-content\/uploads\/2017\/03\/shutterstock_372396226.jpg\" alt=\"questions d'entretien pour les postes de repr\u00e9sentant des ventes au d\u00e9tail\" width=\"640\" height=\"230\" srcset=\"https:\/\/resources.workable.com\/wp-content\/uploads\/2017\/03\/shutterstock_372396226.jpg 640w, https:\/\/resources.workable.com\/wp-content\/uploads\/2017\/03\/shutterstock_372396226-200x72.jpg 200w, https:\/\/resources.workable.com\/wp-content\/uploads\/2017\/03\/shutterstock_372396226-560x201.jpg 560w\" sizes=\"auto, (max-width: 640px) 100vw, 640px\" \/><\/p>\n","protected":false},"excerpt":{"rendered":"<p>Le pr\u00e9sent mod\u00e8le de descriptif de poste de Repr\u00e9sentant des ventes au d\u00e9tail vous aidera \u00e0 attirer et \u00e0 recruter des commerciaux qualifi\u00e9s pour fournir un excellent service client et atteindre les objectifs de ventes de votre entreprise. Les intitul\u00e9s de poste similaires incluent notamment caissier,\u00a0repr\u00e9sentant du service d&rsquo;assistance au client\u00a0et\u00a0personnel de vente. Les fonctions [&hellip;]<\/p>\n","protected":false},"author":41,"featured_media":0,"comment_status":"closed","ping_status":"closed","sticky":false,"template":"","format":"standard","meta":{"_acf_changed":false,"_lmt_disableupdate":"no","_lmt_disable":"","_has_post_settings":[],"footnotes":""},"categories":[1041,1068],"tags":[],"class_list":["post-34135","post","type-post","status-publish","format-standard","hentry","category-descriptifs-de-postes","category-descriptifs-de-postes-dans-le-secteur-du-commerce-de-detail"],"acf":[],"yoast_head":"<!-- This site is optimized with the Yoast SEO Premium plugin v27.4 (Yoast SEO v27.4) - https:\/\/yoast.com\/product\/yoast-seo-premium-wordpress\/ -->\n<title>Mod\u00e8le de descriptif de Repr\u00e9sentant des ventes au d\u00e9tail | Workable<\/title>\n<meta name=\"description\" content=\"Le pr\u00e9sent mod\u00e8le de descriptif de poste de Repr\u00e9sentant des ventes au d\u00e9tail vous aidera \u00e0 attirer et \u00e0 engager des commerciaux qualifi\u00e9s pour fournir une excellente exp\u00e9rience client.\" \/>\n<meta name=\"robots\" content=\"index, follow, max-snippet:-1, max-image-preview:large, max-video-preview:-1\" \/>\n<link rel=\"canonical\" href=\"https:\/\/resources.workable.com\/fr\/representant-des-ventes-au-detail-descriptif-de-poste\/\" \/>\n<meta property=\"og:locale\" content=\"fr_FR\" \/>\n<meta property=\"og:type\" content=\"article\" \/>\n<meta property=\"og:title\" content=\"Descriptif de poste: Repr\u00e9sentant des ventes au d\u00e9tail (f\/h\/autre)\" \/>\n<meta property=\"og:description\" content=\"Le pr\u00e9sent mod\u00e8le de descriptif de poste de Repr\u00e9sentant des ventes au d\u00e9tail vous aidera \u00e0 attirer et \u00e0 engager des commerciaux qualifi\u00e9s pour fournir une excellente exp\u00e9rience client.\" \/>\n<meta property=\"og:url\" content=\"https:\/\/resources.workable.com\/fr\/representant-des-ventes-au-detail-descriptif-de-poste\" \/>\n<meta property=\"og:site_name\" content=\"Recruiting Resources: How to Recruit and Hire Better\" \/>\n<meta property=\"article:publisher\" content=\"https:\/\/business.facebook.com\/workable\/\" \/>\n<meta property=\"article:published_time\" content=\"2019-11-20T09:00:25+00:00\" \/>\n<meta property=\"article:modified_time\" content=\"2020-02-06T13:16:40+00:00\" \/>\n<meta property=\"og:image\" content=\"https:\/\/resources.workable.com\/wp-content\/uploads\/2017\/03\/shutterstock_372396226.jpg\" \/>\n<meta name=\"author\" content=\"Christina Pavlou\" \/>\n<meta name=\"twitter:card\" content=\"summary_large_image\" \/>\n<meta name=\"twitter:creator\" content=\"@workable\" \/>\n<meta name=\"twitter:site\" content=\"@workable\" \/>\n<meta name=\"twitter:label1\" content=\"\u00c9crit par\" \/>\n\t<meta name=\"twitter:data1\" content=\"Christina Pavlou\" \/>\n\t<meta name=\"twitter:label2\" content=\"Dur\u00e9e de lecture estim\u00e9e\" \/>\n\t<meta name=\"twitter:data2\" content=\"1 minute\" \/>\n<script type=\"application\/ld+json\" class=\"yoast-schema-graph\">{\"@context\":\"https:\\\/\\\/schema.org\",\"@graph\":[{\"@type\":\"Article\",\"@id\":\"https:\\\/\\\/resources.workable.com\\\/fr\\\/representant-des-ventes-au-detail-descriptif-de-poste#article\",\"isPartOf\":{\"@id\":\"https:\\\/\\\/resources.workable.com\\\/fr\\\/representant-des-ventes-au-detail-descriptif-de-poste\"},\"author\":{\"name\":\"Christina Pavlou\",\"@id\":\"https:\\\/\\\/resources.workable.com\\\/fr\\\/#\\\/schema\\\/person\\\/b23289d8d63331621eee9e69103cd603\"},\"headline\":\"Descriptif de poste: Repr\u00e9sentant des ventes au d\u00e9tail&nbsp;(f\\\/h\\\/autre)\",\"datePublished\":\"2019-11-20T09:00:25+00:00\",\"dateModified\":\"2020-02-06T13:16:40+00:00\",\"mainEntityOfPage\":{\"@id\":\"https:\\\/\\\/resources.workable.com\\\/fr\\\/representant-des-ventes-au-detail-descriptif-de-poste\"},\"wordCount\":123,\"publisher\":{\"@id\":\"https:\\\/\\\/resources.workable.com\\\/fr\\\/#organization\"},\"image\":{\"@id\":\"https:\\\/\\\/resources.workable.com\\\/fr\\\/representant-des-ventes-au-detail-descriptif-de-poste#primaryimage\"},\"thumbnailUrl\":\"https:\\\/\\\/resources.workable.com\\\/wp-content\\\/uploads\\\/2017\\\/03\\\/shutterstock_372396226.jpg\",\"articleSection\":[\"Descriptifs de postes\",\"Descriptifs de postes dans le secteur du commerce de d\u00e9tail\"],\"inLanguage\":\"fr-FR\"},{\"@type\":\"WebPage\",\"@id\":\"https:\\\/\\\/resources.workable.com\\\/fr\\\/representant-des-ventes-au-detail-descriptif-de-poste\",\"url\":\"https:\\\/\\\/resources.workable.com\\\/fr\\\/representant-des-ventes-au-detail-descriptif-de-poste\",\"name\":\"Mod\u00e8le de descriptif de Repr\u00e9sentant des ventes au d\u00e9tail | Workable\",\"isPartOf\":{\"@id\":\"https:\\\/\\\/resources.workable.com\\\/fr\\\/#website\"},\"primaryImageOfPage\":{\"@id\":\"https:\\\/\\\/resources.workable.com\\\/fr\\\/representant-des-ventes-au-detail-descriptif-de-poste#primaryimage\"},\"image\":{\"@id\":\"https:\\\/\\\/resources.workable.com\\\/fr\\\/representant-des-ventes-au-detail-descriptif-de-poste#primaryimage\"},\"thumbnailUrl\":\"https:\\\/\\\/resources.workable.com\\\/wp-content\\\/uploads\\\/2017\\\/03\\\/shutterstock_372396226.jpg\",\"datePublished\":\"2019-11-20T09:00:25+00:00\",\"dateModified\":\"2020-02-06T13:16:40+00:00\",\"description\":\"Le pr\u00e9sent mod\u00e8le de descriptif de poste de Repr\u00e9sentant des ventes au d\u00e9tail vous aidera \u00e0 attirer et \u00e0 engager des commerciaux qualifi\u00e9s pour fournir une excellente exp\u00e9rience client.\",\"breadcrumb\":{\"@id\":\"https:\\\/\\\/resources.workable.com\\\/fr\\\/representant-des-ventes-au-detail-descriptif-de-poste#breadcrumb\"},\"inLanguage\":\"fr-FR\",\"potentialAction\":[{\"@type\":\"ReadAction\",\"target\":[\"https:\\\/\\\/resources.workable.com\\\/fr\\\/representant-des-ventes-au-detail-descriptif-de-poste\"]}]},{\"@type\":\"ImageObject\",\"inLanguage\":\"fr-FR\",\"@id\":\"https:\\\/\\\/resources.workable.com\\\/fr\\\/representant-des-ventes-au-detail-descriptif-de-poste#primaryimage\",\"url\":\"https:\\\/\\\/resources.workable.com\\\/wp-content\\\/uploads\\\/2017\\\/03\\\/shutterstock_372396226.jpg\",\"contentUrl\":\"https:\\\/\\\/resources.workable.com\\\/wp-content\\\/uploads\\\/2017\\\/03\\\/shutterstock_372396226.jpg\"},{\"@type\":\"BreadcrumbList\",\"@id\":\"https:\\\/\\\/resources.workable.com\\\/fr\\\/representant-des-ventes-au-detail-descriptif-de-poste#breadcrumb\",\"itemListElement\":[{\"@type\":\"ListItem\",\"position\":1,\"name\":\"Home\",\"item\":\"https:\\\/\\\/resources.workable.com\\\/fr\\\/\"},{\"@type\":\"ListItem\",\"position\":2,\"name\":\"Descriptif de poste: Repr\u00e9sentant des ventes au d\u00e9tail&nbsp;(f\\\/h\\\/autre)\"}]},{\"@type\":\"WebSite\",\"@id\":\"https:\\\/\\\/resources.workable.com\\\/fr\\\/#website\",\"url\":\"https:\\\/\\\/resources.workable.com\\\/fr\\\/\",\"name\":\"Recruiting Resources: How to Recruit and Hire Better\",\"description\":\"\",\"publisher\":{\"@id\":\"https:\\\/\\\/resources.workable.com\\\/fr\\\/#organization\"},\"potentialAction\":[{\"@type\":\"SearchAction\",\"target\":{\"@type\":\"EntryPoint\",\"urlTemplate\":\"https:\\\/\\\/resources.workable.com\\\/fr\\\/?s={search_term_string}\"},\"query-input\":{\"@type\":\"PropertyValueSpecification\",\"valueRequired\":true,\"valueName\":\"search_term_string\"}}],\"inLanguage\":\"fr-FR\"},{\"@type\":\"Organization\",\"@id\":\"https:\\\/\\\/resources.workable.com\\\/fr\\\/#organization\",\"name\":\"Workable\",\"url\":\"https:\\\/\\\/resources.workable.com\\\/fr\\\/\",\"logo\":{\"@type\":\"ImageObject\",\"inLanguage\":\"fr-FR\",\"@id\":\"https:\\\/\\\/resources.workable.com\\\/fr\\\/#\\\/schema\\\/logo\\\/image\\\/\",\"url\":\"https:\\\/\\\/resources.workable.com\\\/wp-content\\\/uploads\\\/2017\\\/12\\\/logo-green.png\",\"contentUrl\":\"https:\\\/\\\/resources.workable.com\\\/wp-content\\\/uploads\\\/2017\\\/12\\\/logo-green.png\",\"width\":150,\"height\":25,\"caption\":\"Workable\"},\"image\":{\"@id\":\"https:\\\/\\\/resources.workable.com\\\/fr\\\/#\\\/schema\\\/logo\\\/image\\\/\"},\"sameAs\":[\"https:\\\/\\\/business.facebook.com\\\/workable\\\/\",\"https:\\\/\\\/x.com\\\/workable\",\"https:\\\/\\\/www.linkedin.com\\\/company\\\/workable-hr\\\/\"]},{\"@type\":\"Person\",\"@id\":\"https:\\\/\\\/resources.workable.com\\\/fr\\\/#\\\/schema\\\/person\\\/b23289d8d63331621eee9e69103cd603\",\"name\":\"Christina Pavlou\",\"image\":{\"@type\":\"ImageObject\",\"inLanguage\":\"fr-FR\",\"@id\":\"https:\\\/\\\/secure.gravatar.com\\\/avatar\\\/9ed48272d268bb7071cf243f8d2dcaeaa1f26feca5ecd3fbed59e0378447bc49?s=96&d=mm&r=pg\",\"url\":\"https:\\\/\\\/secure.gravatar.com\\\/avatar\\\/9ed48272d268bb7071cf243f8d2dcaeaa1f26feca5ecd3fbed59e0378447bc49?s=96&d=mm&r=pg\",\"contentUrl\":\"https:\\\/\\\/secure.gravatar.com\\\/avatar\\\/9ed48272d268bb7071cf243f8d2dcaeaa1f26feca5ecd3fbed59e0378447bc49?s=96&d=mm&r=pg\",\"caption\":\"Christina Pavlou\"},\"description\":\"Christina Pavlou was a writer at Workable for nearly four years, and previously a recruiter. She writes about diversity in the workplace and reports on the shape of things to come. You can find her on LinkedIn and Twitter.\",\"url\":\"https:\\\/\\\/resources.workable.com\\\/fr\\\/author\\\/christina\\\/\"}]}<\/script>\n<!-- \/ Yoast SEO Premium plugin. -->","yoast_head_json":{"title":"Mod\u00e8le de descriptif de Repr\u00e9sentant des ventes au d\u00e9tail | Workable","description":"Le pr\u00e9sent mod\u00e8le de descriptif de poste de Repr\u00e9sentant des ventes au d\u00e9tail vous aidera \u00e0 attirer et \u00e0 engager des commerciaux qualifi\u00e9s pour fournir une excellente exp\u00e9rience client.","robots":{"index":"index","follow":"follow","max-snippet":"max-snippet:-1","max-image-preview":"max-image-preview:large","max-video-preview":"max-video-preview:-1"},"canonical":"https:\/\/resources.workable.com\/fr\/representant-des-ventes-au-detail-descriptif-de-poste\/","og_locale":"fr_FR","og_type":"article","og_title":"Descriptif de poste: Repr\u00e9sentant des ventes au d\u00e9tail (f\/h\/autre)","og_description":"Le pr\u00e9sent mod\u00e8le de descriptif de poste de Repr\u00e9sentant des ventes au d\u00e9tail vous aidera \u00e0 attirer et \u00e0 engager des commerciaux qualifi\u00e9s pour fournir une excellente exp\u00e9rience client.","og_url":"https:\/\/resources.workable.com\/fr\/representant-des-ventes-au-detail-descriptif-de-poste","og_site_name":"Recruiting Resources: How to Recruit and Hire Better","article_publisher":"https:\/\/business.facebook.com\/workable\/","article_published_time":"2019-11-20T09:00:25+00:00","article_modified_time":"2020-02-06T13:16:40+00:00","og_image":[{"url":"https:\/\/resources.workable.com\/wp-content\/uploads\/2017\/03\/shutterstock_372396226.jpg","type":"","width":"","height":""}],"author":"Christina Pavlou","twitter_card":"summary_large_image","twitter_creator":"@workable","twitter_site":"@workable","twitter_misc":{"\u00c9crit par":"Christina Pavlou","Dur\u00e9e de lecture estim\u00e9e":"1 minute"},"schema":{"@context":"https:\/\/schema.org","@graph":[{"@type":"Article","@id":"https:\/\/resources.workable.com\/fr\/representant-des-ventes-au-detail-descriptif-de-poste#article","isPartOf":{"@id":"https:\/\/resources.workable.com\/fr\/representant-des-ventes-au-detail-descriptif-de-poste"},"author":{"name":"Christina Pavlou","@id":"https:\/\/resources.workable.com\/fr\/#\/schema\/person\/b23289d8d63331621eee9e69103cd603"},"headline":"Descriptif de poste: Repr\u00e9sentant des ventes au d\u00e9tail&nbsp;(f\/h\/autre)","datePublished":"2019-11-20T09:00:25+00:00","dateModified":"2020-02-06T13:16:40+00:00","mainEntityOfPage":{"@id":"https:\/\/resources.workable.com\/fr\/representant-des-ventes-au-detail-descriptif-de-poste"},"wordCount":123,"publisher":{"@id":"https:\/\/resources.workable.com\/fr\/#organization"},"image":{"@id":"https:\/\/resources.workable.com\/fr\/representant-des-ventes-au-detail-descriptif-de-poste#primaryimage"},"thumbnailUrl":"https:\/\/resources.workable.com\/wp-content\/uploads\/2017\/03\/shutterstock_372396226.jpg","articleSection":["Descriptifs de postes","Descriptifs de postes dans le secteur du commerce de d\u00e9tail"],"inLanguage":"fr-FR"},{"@type":"WebPage","@id":"https:\/\/resources.workable.com\/fr\/representant-des-ventes-au-detail-descriptif-de-poste","url":"https:\/\/resources.workable.com\/fr\/representant-des-ventes-au-detail-descriptif-de-poste","name":"Mod\u00e8le de descriptif de Repr\u00e9sentant des ventes au d\u00e9tail | Workable","isPartOf":{"@id":"https:\/\/resources.workable.com\/fr\/#website"},"primaryImageOfPage":{"@id":"https:\/\/resources.workable.com\/fr\/representant-des-ventes-au-detail-descriptif-de-poste#primaryimage"},"image":{"@id":"https:\/\/resources.workable.com\/fr\/representant-des-ventes-au-detail-descriptif-de-poste#primaryimage"},"thumbnailUrl":"https:\/\/resources.workable.com\/wp-content\/uploads\/2017\/03\/shutterstock_372396226.jpg","datePublished":"2019-11-20T09:00:25+00:00","dateModified":"2020-02-06T13:16:40+00:00","description":"Le pr\u00e9sent mod\u00e8le de descriptif de poste de Repr\u00e9sentant des ventes au d\u00e9tail vous aidera \u00e0 attirer et \u00e0 engager des commerciaux qualifi\u00e9s pour fournir une excellente exp\u00e9rience client.","breadcrumb":{"@id":"https:\/\/resources.workable.com\/fr\/representant-des-ventes-au-detail-descriptif-de-poste#breadcrumb"},"inLanguage":"fr-FR","potentialAction":[{"@type":"ReadAction","target":["https:\/\/resources.workable.com\/fr\/representant-des-ventes-au-detail-descriptif-de-poste"]}]},{"@type":"ImageObject","inLanguage":"fr-FR","@id":"https:\/\/resources.workable.com\/fr\/representant-des-ventes-au-detail-descriptif-de-poste#primaryimage","url":"https:\/\/resources.workable.com\/wp-content\/uploads\/2017\/03\/shutterstock_372396226.jpg","contentUrl":"https:\/\/resources.workable.com\/wp-content\/uploads\/2017\/03\/shutterstock_372396226.jpg"},{"@type":"BreadcrumbList","@id":"https:\/\/resources.workable.com\/fr\/representant-des-ventes-au-detail-descriptif-de-poste#breadcrumb","itemListElement":[{"@type":"ListItem","position":1,"name":"Home","item":"https:\/\/resources.workable.com\/fr\/"},{"@type":"ListItem","position":2,"name":"Descriptif de poste: Repr\u00e9sentant des ventes au d\u00e9tail&nbsp;(f\/h\/autre)"}]},{"@type":"WebSite","@id":"https:\/\/resources.workable.com\/fr\/#website","url":"https:\/\/resources.workable.com\/fr\/","name":"Recruiting Resources: How to Recruit and Hire Better","description":"","publisher":{"@id":"https:\/\/resources.workable.com\/fr\/#organization"},"potentialAction":[{"@type":"SearchAction","target":{"@type":"EntryPoint","urlTemplate":"https:\/\/resources.workable.com\/fr\/?s={search_term_string}"},"query-input":{"@type":"PropertyValueSpecification","valueRequired":true,"valueName":"search_term_string"}}],"inLanguage":"fr-FR"},{"@type":"Organization","@id":"https:\/\/resources.workable.com\/fr\/#organization","name":"Workable","url":"https:\/\/resources.workable.com\/fr\/","logo":{"@type":"ImageObject","inLanguage":"fr-FR","@id":"https:\/\/resources.workable.com\/fr\/#\/schema\/logo\/image\/","url":"https:\/\/resources.workable.com\/wp-content\/uploads\/2017\/12\/logo-green.png","contentUrl":"https:\/\/resources.workable.com\/wp-content\/uploads\/2017\/12\/logo-green.png","width":150,"height":25,"caption":"Workable"},"image":{"@id":"https:\/\/resources.workable.com\/fr\/#\/schema\/logo\/image\/"},"sameAs":["https:\/\/business.facebook.com\/workable\/","https:\/\/x.com\/workable","https:\/\/www.linkedin.com\/company\/workable-hr\/"]},{"@type":"Person","@id":"https:\/\/resources.workable.com\/fr\/#\/schema\/person\/b23289d8d63331621eee9e69103cd603","name":"Christina Pavlou","image":{"@type":"ImageObject","inLanguage":"fr-FR","@id":"https:\/\/secure.gravatar.com\/avatar\/9ed48272d268bb7071cf243f8d2dcaeaa1f26feca5ecd3fbed59e0378447bc49?s=96&d=mm&r=pg","url":"https:\/\/secure.gravatar.com\/avatar\/9ed48272d268bb7071cf243f8d2dcaeaa1f26feca5ecd3fbed59e0378447bc49?s=96&d=mm&r=pg","contentUrl":"https:\/\/secure.gravatar.com\/avatar\/9ed48272d268bb7071cf243f8d2dcaeaa1f26feca5ecd3fbed59e0378447bc49?s=96&d=mm&r=pg","caption":"Christina Pavlou"},"description":"Christina Pavlou was a writer at Workable for nearly four years, and previously a recruiter. She writes about diversity in the workplace and reports on the shape of things to come. You can find her on LinkedIn and Twitter.","url":"https:\/\/resources.workable.com\/fr\/author\/christina\/"}]}},"modified_by":null,"custom_fields":{"brief":"Nous recherchons un Repr\u00e9sentant des ventes au d\u00e9tail pour fournir un excellent service client et remplir les objectifs de ventes de notre entreprise.\r\n\r\nLes candidat(e)s doivent poss\u00e9der d'excellentes comp\u00e9tences de communication pour faire en sorte que les clients se sentent \u00e0 l'aise dans notre magasin. Vous contribuerez \u00e0 identifier les besoins des clients, en posant des questions et en y r\u00e9pondant au sujet de nos produits et services, ainsi qu'en pr\u00e9conisant des solutions. Une attitude positive et un d\u00e9sir de r\u00e9soudre rapidement les difficult\u00e9s ou les r\u00e9clamations potentielles des clients vous permettront de r\u00e9ussir dans ce r\u00f4le.\r\n\r\nEn d\u00e9finitive, vous vous assurerez que les clients quittent notre magasin satisfaits, et vous contribuerez \u00e0 la rentabilit\u00e9 de ce dernier.","requirements":"<ul>\r\n \t<li>Exp\u00e9rience av\u00e9r\u00e9e en tant que Repr\u00e9sentant des ventes au d\u00e9tail, <a href=\"https:\/\/resources.workable.com\/sales-associate-job-description\" target=\"_blank\" rel=\"noopener\">personnel de ventes<\/a> ou \u00e0 un poste similaire<\/li>\r\n \t<li>Compr\u00e9hension du processus relatif aux ventes de d\u00e9tail<\/li>\r\n \t<li>Familiaris\u00e9(e) avec les principes de comportement des clients<\/li>\r\n \t<li>Connaissance des proc\u00e9dures d'inventaire des stocks<\/li>\r\n \t<li>Connaissances math\u00e9matiques de base<\/li>\r\n \t<li>Ant\u00e9c\u00e9dents dans la satisfaction d'objectifs de vente<\/li>\r\n \t<li>Excellentes comp\u00e9tences de communication. Capable de nouer des rapports de confiance<\/li>\r\n \t<li>Capable de se montrer performant dans des environnements dynamiques<\/li>\r\n \t<li>Flexibilit\u00e9 pour assurer des tours de service diff\u00e9rents<\/li>\r\n \t<li>Dipl\u00f4me d'\u00e9tudes secondaires<\/li>\r\n \t<li>Licence de marketing ou dans des domaines y aff\u00e9rents<\/li>\r\n<\/ul>","responsibilities":"<ul>\r\n \t<li>Accueillir et orienter les clients<\/li>\r\n \t<li>Fournir des informations pr\u00e9cises (par exemple, les caract\u00e9ristiques des produits, les prix et les services apr\u00e8s-vente)<\/li>\r\n \t<li>R\u00e9pondre aux questions des clients concernant des produits\/services particuliers<\/li>\r\n \t<li>R\u00e9aliser des comparaisons des prix et des caract\u00e9ristiques pour faciliter l'achat<\/li>\r\n \t<li>R\u00e9aliser des ventes crois\u00e9es de produits<\/li>\r\n \t<li>S'assurer que les rayons soient pleinement ravitaill\u00e9s<\/li>\r\n \t<li>G\u00e9rer les retours de marchandises<\/li>\r\n \t<li>Assurer une coordination avec l'\u00e9quipe de Repr\u00e9sentants des ventes au d\u00e9tail pour fournir un excellent service client (notamment lors des p\u00e9riodes de pointe)<\/li>\r\n \t<li>Informer les clients des remises et des offres sp\u00e9ciales<\/li>\r\n \t<li>Transmettre les commentaires des clients au <a href=\"https:\/\/resources.workable.com\/store-manager-job-description\" target=\"_blank\" rel=\"noopener\">Responsable du magasin<\/a><\/li>\r\n \t<li>Se tenir au courant des nouveaux produits\/services<\/li>\r\n<\/ul>","see_more":"<h2>Ressources additionnelles\u00a0:<\/h2>\r\n<ul>\r\n \t<li>Identifier et recruter des Repr\u00e9sentant des ventes au d\u00e9tail\u00a0avec les <a href=\"https:\/\/resources.workable.com\/find-salespeople-boolean-search-strings\">aide-m\u00e9moire de recherche bool\u00e9enne<\/a> Workable.<\/li>\r\n<\/ul>"},"_links":{"self":[{"href":"https:\/\/resources.workable.com\/fr\/wp-json\/wp\/v2\/posts\/34135","targetHints":{"allow":["GET"]}}],"collection":[{"href":"https:\/\/resources.workable.com\/fr\/wp-json\/wp\/v2\/posts"}],"about":[{"href":"https:\/\/resources.workable.com\/fr\/wp-json\/wp\/v2\/types\/post"}],"author":[{"embeddable":true,"href":"https:\/\/resources.workable.com\/fr\/wp-json\/wp\/v2\/users\/41"}],"replies":[{"embeddable":true,"href":"https:\/\/resources.workable.com\/fr\/wp-json\/wp\/v2\/comments?post=34135"}],"version-history":[{"count":0,"href":"https:\/\/resources.workable.com\/fr\/wp-json\/wp\/v2\/posts\/34135\/revisions"}],"wp:attachment":[{"href":"https:\/\/resources.workable.com\/fr\/wp-json\/wp\/v2\/media?parent=34135"}],"wp:term":[{"taxonomy":"category","embeddable":true,"href":"https:\/\/resources.workable.com\/fr\/wp-json\/wp\/v2\/categories?post=34135"},{"taxonomy":"post_tag","embeddable":true,"href":"https:\/\/resources.workable.com\/fr\/wp-json\/wp\/v2\/tags?post=34135"}],"curies":[{"name":"wp","href":"https:\/\/api.w.org\/{rel}","templated":true}]}}