{"id":33686,"date":"2019-11-20T09:00:29","date_gmt":"2019-11-20T09:00:29","guid":{"rendered":"https:\/\/resources.workable.com\/?p=33686"},"modified":"2020-02-06T13:21:26","modified_gmt":"2020-02-06T13:21:26","slug":"descriptif-de-poste-architecte-dinterieur-f-h-autre","status":"publish","type":"post","link":"https:\/\/resources.workable.com\/fr\/architecte-d-interieur-descriptif-de-poste","title":{"rendered":"Descriptif de poste: Architecte d&rsquo;int\u00e9rieur&nbsp;(f\/h\/autre)"},"content":{"rendered":"<p>Le pr\u00e9sent mod\u00e8le de descriptif de poste d&rsquo;architecte d&rsquo;int\u00e9rieur a \u00e9t\u00e9 optimis\u00e9 \u00e0 des fins de publication sur des sites d&rsquo;annonces ou des pages d&#8217;emploi en ligne, ainsi que pour \u00eatre ais\u00e9ment personnalis\u00e9 en fonction des besoins de votre entreprise.<\/p>\n<h2>Les responsabilit\u00e9s de l&rsquo;architecte d&rsquo;int\u00e9rieur incluent:<\/h2>\n<ul>\n<li>Entreprendre le projet de conception de la conception \u00e0 la r\u00e9alisation<\/li>\n<li>D\u00e9finir les exigences du projet et le calendrier lors du \u00ab\u00a0brief\u00a0\u00bb<\/li>\n<li>Interpr\u00e9ter et traduire les besoins des clients en plans approximatifs<\/li>\n<\/ul>\n<p><img loading=\"lazy\" decoding=\"async\" class=\"size-large wp-image-33687 aligncenter\" src=\"https:\/\/resources.workable.com\/wp-content\/uploads\/2013\/07\/interior-designer-640x230.jpg\" alt=\"descriptif de poste d'architecte d'int\u00e9rieur \" width=\"640\" height=\"230\" srcset=\"https:\/\/resources.workable.com\/wp-content\/uploads\/2013\/07\/interior-designer.jpg 640w, https:\/\/resources.workable.com\/wp-content\/uploads\/2013\/07\/interior-designer-200x72.jpg 200w, https:\/\/resources.workable.com\/wp-content\/uploads\/2013\/07\/interior-designer-560x201.jpg 560w\" sizes=\"auto, (max-width: 640px) 100vw, 640px\" \/><\/p>\n","protected":false},"excerpt":{"rendered":"<p>Le pr\u00e9sent mod\u00e8le de descriptif de poste d&rsquo;architecte d&rsquo;int\u00e9rieur a \u00e9t\u00e9 optimis\u00e9 \u00e0 des fins de publication sur des sites d&rsquo;annonces ou des pages d&#8217;emploi en ligne, ainsi que pour \u00eatre ais\u00e9ment personnalis\u00e9 en fonction des besoins de votre entreprise. Les responsabilit\u00e9s de l&rsquo;architecte d&rsquo;int\u00e9rieur incluent: Entreprendre le projet de conception de la conception \u00e0 [&hellip;]<\/p>\n","protected":false},"author":7,"featured_media":0,"comment_status":"closed","ping_status":"closed","sticky":false,"template":"","format":"standard","meta":{"_acf_changed":false,"_lmt_disableupdate":"no","_lmt_disable":"","_has_post_settings":[],"footnotes":""},"categories":[1041,1060],"tags":[1061],"class_list":["post-33686","post","type-post","status-publish","format-standard","hentry","category-descriptifs-de-postes","category-descriptifs-de-postes-de-conception","tag-sample-design-fr"],"acf":[],"yoast_head":"<!-- This site is optimized with the Yoast SEO Premium plugin v27.4 (Yoast SEO v27.4) - https:\/\/yoast.com\/product\/yoast-seo-premium-wordpress\/ -->\n<title>Mod\u00e8le de descriptif de poste d&#039;architecte d&#039;int\u00e9rieur | Workable<\/title>\n<meta name=\"description\" content=\"Le pr\u00e9sent mod\u00e8le de descriptif de poste d&#039;architecte d&#039;int\u00e9rieur a \u00e9t\u00e9 optimis\u00e9 \u00e0 des fins de publication sur des sites d&#039;annonces ou des pages d&#039;emploi en ligne, ainsi que pour \u00eatre ais\u00e9ment personnalis\u00e9 en fonction des besoins de votre entreprise.\" \/>\n<meta name=\"robots\" content=\"index, follow, max-snippet:-1, max-image-preview:large, max-video-preview:-1\" \/>\n<link rel=\"canonical\" href=\"https:\/\/resources.workable.com\/fr\/architecte-d-interieur-descriptif-de-poste\/\" \/>\n<meta property=\"og:locale\" content=\"fr_FR\" \/>\n<meta property=\"og:type\" content=\"article\" \/>\n<meta property=\"og:title\" content=\"Descriptif de poste: Architecte d&#039;int\u00e9rieur (f\/h\/autre)\" \/>\n<meta property=\"og:description\" content=\"Le pr\u00e9sent mod\u00e8le de descriptif de poste d&#039;architecte d&#039;int\u00e9rieur a \u00e9t\u00e9 optimis\u00e9 \u00e0 des fins de publication sur des sites d&#039;annonces ou des pages d&#039;emploi en ligne, ainsi que pour \u00eatre ais\u00e9ment personnalis\u00e9 en fonction des besoins de votre entreprise.\" \/>\n<meta property=\"og:url\" content=\"https:\/\/resources.workable.com\/fr\/architecte-d-interieur-descriptif-de-poste\" \/>\n<meta property=\"og:site_name\" content=\"Recruiting Resources: How to Recruit and Hire Better\" \/>\n<meta property=\"article:publisher\" content=\"https:\/\/business.facebook.com\/workable\/\" \/>\n<meta property=\"article:published_time\" content=\"2019-11-20T09:00:29+00:00\" \/>\n<meta property=\"article:modified_time\" content=\"2020-02-06T13:21:26+00:00\" \/>\n<meta property=\"og:image\" content=\"https:\/\/resources.workable.com\/wp-content\/uploads\/2013\/07\/interior-designer-640x230.jpg\" \/>\n<meta name=\"author\" content=\"Eleni Kourmentza\" \/>\n<meta name=\"twitter:card\" content=\"summary_large_image\" \/>\n<meta name=\"twitter:creator\" content=\"@workable\" \/>\n<meta name=\"twitter:site\" content=\"@workable\" \/>\n<meta name=\"twitter:label1\" content=\"\u00c9crit par\" \/>\n\t<meta name=\"twitter:data1\" content=\"Eleni Kourmentza\" \/>\n<script type=\"application\/ld+json\" class=\"yoast-schema-graph\">{\"@context\":\"https:\\\/\\\/schema.org\",\"@graph\":[{\"@type\":\"Article\",\"@id\":\"https:\\\/\\\/resources.workable.com\\\/fr\\\/architecte-d-interieur-descriptif-de-poste#article\",\"isPartOf\":{\"@id\":\"https:\\\/\\\/resources.workable.com\\\/fr\\\/architecte-d-interieur-descriptif-de-poste\"},\"author\":{\"name\":\"Eleni Kourmentza\",\"@id\":\"https:\\\/\\\/resources.workable.com\\\/fr\\\/#\\\/schema\\\/person\\\/246aec99718ddcb172f71f699e088a88\"},\"headline\":\"Descriptif de poste: Architecte d&rsquo;int\u00e9rieur&nbsp;(f\\\/h\\\/autre)\",\"datePublished\":\"2019-11-20T09:00:29+00:00\",\"dateModified\":\"2020-02-06T13:21:26+00:00\",\"mainEntityOfPage\":{\"@id\":\"https:\\\/\\\/resources.workable.com\\\/fr\\\/architecte-d-interieur-descriptif-de-poste\"},\"wordCount\":101,\"publisher\":{\"@id\":\"https:\\\/\\\/resources.workable.com\\\/fr\\\/#organization\"},\"image\":{\"@id\":\"https:\\\/\\\/resources.workable.com\\\/fr\\\/architecte-d-interieur-descriptif-de-poste#primaryimage\"},\"thumbnailUrl\":\"https:\\\/\\\/resources.workable.com\\\/wp-content\\\/uploads\\\/2013\\\/07\\\/interior-designer-640x230.jpg\",\"keywords\":[\"sample-design\"],\"articleSection\":[\"Descriptifs de postes\",\"Descriptifs de postes de conception\"],\"inLanguage\":\"fr-FR\"},{\"@type\":\"WebPage\",\"@id\":\"https:\\\/\\\/resources.workable.com\\\/fr\\\/architecte-d-interieur-descriptif-de-poste\",\"url\":\"https:\\\/\\\/resources.workable.com\\\/fr\\\/architecte-d-interieur-descriptif-de-poste\",\"name\":\"Mod\u00e8le de descriptif de poste d'architecte d'int\u00e9rieur | Workable\",\"isPartOf\":{\"@id\":\"https:\\\/\\\/resources.workable.com\\\/fr\\\/#website\"},\"primaryImageOfPage\":{\"@id\":\"https:\\\/\\\/resources.workable.com\\\/fr\\\/architecte-d-interieur-descriptif-de-poste#primaryimage\"},\"image\":{\"@id\":\"https:\\\/\\\/resources.workable.com\\\/fr\\\/architecte-d-interieur-descriptif-de-poste#primaryimage\"},\"thumbnailUrl\":\"https:\\\/\\\/resources.workable.com\\\/wp-content\\\/uploads\\\/2013\\\/07\\\/interior-designer-640x230.jpg\",\"datePublished\":\"2019-11-20T09:00:29+00:00\",\"dateModified\":\"2020-02-06T13:21:26+00:00\",\"description\":\"Le pr\u00e9sent mod\u00e8le de descriptif de poste d'architecte d'int\u00e9rieur a \u00e9t\u00e9 optimis\u00e9 \u00e0 des fins de publication sur des sites d'annonces ou des pages d'emploi en ligne, ainsi que pour \u00eatre ais\u00e9ment personnalis\u00e9 en fonction des besoins de votre entreprise.\",\"breadcrumb\":{\"@id\":\"https:\\\/\\\/resources.workable.com\\\/fr\\\/architecte-d-interieur-descriptif-de-poste#breadcrumb\"},\"inLanguage\":\"fr-FR\",\"potentialAction\":[{\"@type\":\"ReadAction\",\"target\":[\"https:\\\/\\\/resources.workable.com\\\/fr\\\/architecte-d-interieur-descriptif-de-poste\"]}]},{\"@type\":\"ImageObject\",\"inLanguage\":\"fr-FR\",\"@id\":\"https:\\\/\\\/resources.workable.com\\\/fr\\\/architecte-d-interieur-descriptif-de-poste#primaryimage\",\"url\":\"https:\\\/\\\/resources.workable.com\\\/wp-content\\\/uploads\\\/2013\\\/07\\\/interior-designer-640x230.jpg\",\"contentUrl\":\"https:\\\/\\\/resources.workable.com\\\/wp-content\\\/uploads\\\/2013\\\/07\\\/interior-designer-640x230.jpg\"},{\"@type\":\"BreadcrumbList\",\"@id\":\"https:\\\/\\\/resources.workable.com\\\/fr\\\/architecte-d-interieur-descriptif-de-poste#breadcrumb\",\"itemListElement\":[{\"@type\":\"ListItem\",\"position\":1,\"name\":\"Home\",\"item\":\"https:\\\/\\\/resources.workable.com\\\/fr\\\/\"},{\"@type\":\"ListItem\",\"position\":2,\"name\":\"Descriptif de poste: Architecte d\u2019int\u00e9rieur&nbsp;(f\\\/h\\\/autre)\"}]},{\"@type\":\"WebSite\",\"@id\":\"https:\\\/\\\/resources.workable.com\\\/fr\\\/#website\",\"url\":\"https:\\\/\\\/resources.workable.com\\\/fr\\\/\",\"name\":\"Recruiting Resources: How to Recruit and Hire Better\",\"description\":\"\",\"publisher\":{\"@id\":\"https:\\\/\\\/resources.workable.com\\\/fr\\\/#organization\"},\"potentialAction\":[{\"@type\":\"SearchAction\",\"target\":{\"@type\":\"EntryPoint\",\"urlTemplate\":\"https:\\\/\\\/resources.workable.com\\\/fr\\\/?s={search_term_string}\"},\"query-input\":{\"@type\":\"PropertyValueSpecification\",\"valueRequired\":true,\"valueName\":\"search_term_string\"}}],\"inLanguage\":\"fr-FR\"},{\"@type\":\"Organization\",\"@id\":\"https:\\\/\\\/resources.workable.com\\\/fr\\\/#organization\",\"name\":\"Workable\",\"url\":\"https:\\\/\\\/resources.workable.com\\\/fr\\\/\",\"logo\":{\"@type\":\"ImageObject\",\"inLanguage\":\"fr-FR\",\"@id\":\"https:\\\/\\\/resources.workable.com\\\/fr\\\/#\\\/schema\\\/logo\\\/image\\\/\",\"url\":\"https:\\\/\\\/resources.workable.com\\\/wp-content\\\/uploads\\\/2017\\\/12\\\/logo-green.png\",\"contentUrl\":\"https:\\\/\\\/resources.workable.com\\\/wp-content\\\/uploads\\\/2017\\\/12\\\/logo-green.png\",\"width\":150,\"height\":25,\"caption\":\"Workable\"},\"image\":{\"@id\":\"https:\\\/\\\/resources.workable.com\\\/fr\\\/#\\\/schema\\\/logo\\\/image\\\/\"},\"sameAs\":[\"https:\\\/\\\/business.facebook.com\\\/workable\\\/\",\"https:\\\/\\\/x.com\\\/workable\",\"https:\\\/\\\/www.linkedin.com\\\/company\\\/workable-hr\\\/\"]},{\"@type\":\"Person\",\"@id\":\"https:\\\/\\\/resources.workable.com\\\/fr\\\/#\\\/schema\\\/person\\\/246aec99718ddcb172f71f699e088a88\",\"name\":\"Eleni Kourmentza\",\"image\":{\"@type\":\"ImageObject\",\"inLanguage\":\"fr-FR\",\"@id\":\"https:\\\/\\\/secure.gravatar.com\\\/avatar\\\/9941ca019d8b6c20633797a6b788bfc4b438c79e45a22797c9abfc4bfd997e7d?s=96&d=mm&r=pg\",\"url\":\"https:\\\/\\\/secure.gravatar.com\\\/avatar\\\/9941ca019d8b6c20633797a6b788bfc4b438c79e45a22797c9abfc4bfd997e7d?s=96&d=mm&r=pg\",\"contentUrl\":\"https:\\\/\\\/secure.gravatar.com\\\/avatar\\\/9941ca019d8b6c20633797a6b788bfc4b438c79e45a22797c9abfc4bfd997e7d?s=96&d=mm&r=pg\",\"caption\":\"Eleni Kourmentza\"},\"description\":\"Eleni Kourmentza, ex-People Ops Manager at Workable, excelled in recruitment, lifecycle management, HR admin, culture nurturing, and employer branding.\",\"sameAs\":[\"http:\\\/\\\/workable.com\"],\"url\":\"https:\\\/\\\/resources.workable.com\\\/fr\\\/author\\\/eleni\\\/\"}]}<\/script>\n<!-- \/ Yoast SEO Premium plugin. -->","yoast_head_json":{"title":"Mod\u00e8le de descriptif de poste d'architecte d'int\u00e9rieur | Workable","description":"Le pr\u00e9sent mod\u00e8le de descriptif de poste d'architecte d'int\u00e9rieur a \u00e9t\u00e9 optimis\u00e9 \u00e0 des fins de publication sur des sites d'annonces ou des pages d'emploi en ligne, ainsi que pour \u00eatre ais\u00e9ment personnalis\u00e9 en fonction des besoins de votre entreprise.","robots":{"index":"index","follow":"follow","max-snippet":"max-snippet:-1","max-image-preview":"max-image-preview:large","max-video-preview":"max-video-preview:-1"},"canonical":"https:\/\/resources.workable.com\/fr\/architecte-d-interieur-descriptif-de-poste\/","og_locale":"fr_FR","og_type":"article","og_title":"Descriptif de poste: Architecte d'int\u00e9rieur (f\/h\/autre)","og_description":"Le pr\u00e9sent mod\u00e8le de descriptif de poste d'architecte d'int\u00e9rieur a \u00e9t\u00e9 optimis\u00e9 \u00e0 des fins de publication sur des sites d'annonces ou des pages d'emploi en ligne, ainsi que pour \u00eatre ais\u00e9ment personnalis\u00e9 en fonction des besoins de votre entreprise.","og_url":"https:\/\/resources.workable.com\/fr\/architecte-d-interieur-descriptif-de-poste","og_site_name":"Recruiting Resources: How to Recruit and Hire Better","article_publisher":"https:\/\/business.facebook.com\/workable\/","article_published_time":"2019-11-20T09:00:29+00:00","article_modified_time":"2020-02-06T13:21:26+00:00","og_image":[{"url":"https:\/\/resources.workable.com\/wp-content\/uploads\/2013\/07\/interior-designer-640x230.jpg","type":"","width":"","height":""}],"author":"Eleni Kourmentza","twitter_card":"summary_large_image","twitter_creator":"@workable","twitter_site":"@workable","twitter_misc":{"\u00c9crit par":"Eleni Kourmentza"},"schema":{"@context":"https:\/\/schema.org","@graph":[{"@type":"Article","@id":"https:\/\/resources.workable.com\/fr\/architecte-d-interieur-descriptif-de-poste#article","isPartOf":{"@id":"https:\/\/resources.workable.com\/fr\/architecte-d-interieur-descriptif-de-poste"},"author":{"name":"Eleni Kourmentza","@id":"https:\/\/resources.workable.com\/fr\/#\/schema\/person\/246aec99718ddcb172f71f699e088a88"},"headline":"Descriptif de poste: Architecte d&rsquo;int\u00e9rieur&nbsp;(f\/h\/autre)","datePublished":"2019-11-20T09:00:29+00:00","dateModified":"2020-02-06T13:21:26+00:00","mainEntityOfPage":{"@id":"https:\/\/resources.workable.com\/fr\/architecte-d-interieur-descriptif-de-poste"},"wordCount":101,"publisher":{"@id":"https:\/\/resources.workable.com\/fr\/#organization"},"image":{"@id":"https:\/\/resources.workable.com\/fr\/architecte-d-interieur-descriptif-de-poste#primaryimage"},"thumbnailUrl":"https:\/\/resources.workable.com\/wp-content\/uploads\/2013\/07\/interior-designer-640x230.jpg","keywords":["sample-design"],"articleSection":["Descriptifs de postes","Descriptifs de postes de conception"],"inLanguage":"fr-FR"},{"@type":"WebPage","@id":"https:\/\/resources.workable.com\/fr\/architecte-d-interieur-descriptif-de-poste","url":"https:\/\/resources.workable.com\/fr\/architecte-d-interieur-descriptif-de-poste","name":"Mod\u00e8le de descriptif de poste d'architecte d'int\u00e9rieur | Workable","isPartOf":{"@id":"https:\/\/resources.workable.com\/fr\/#website"},"primaryImageOfPage":{"@id":"https:\/\/resources.workable.com\/fr\/architecte-d-interieur-descriptif-de-poste#primaryimage"},"image":{"@id":"https:\/\/resources.workable.com\/fr\/architecte-d-interieur-descriptif-de-poste#primaryimage"},"thumbnailUrl":"https:\/\/resources.workable.com\/wp-content\/uploads\/2013\/07\/interior-designer-640x230.jpg","datePublished":"2019-11-20T09:00:29+00:00","dateModified":"2020-02-06T13:21:26+00:00","description":"Le pr\u00e9sent mod\u00e8le de descriptif de poste d'architecte d'int\u00e9rieur a \u00e9t\u00e9 optimis\u00e9 \u00e0 des fins de publication sur des sites d'annonces ou des pages d'emploi en ligne, ainsi que pour \u00eatre ais\u00e9ment personnalis\u00e9 en fonction des besoins de votre entreprise.","breadcrumb":{"@id":"https:\/\/resources.workable.com\/fr\/architecte-d-interieur-descriptif-de-poste#breadcrumb"},"inLanguage":"fr-FR","potentialAction":[{"@type":"ReadAction","target":["https:\/\/resources.workable.com\/fr\/architecte-d-interieur-descriptif-de-poste"]}]},{"@type":"ImageObject","inLanguage":"fr-FR","@id":"https:\/\/resources.workable.com\/fr\/architecte-d-interieur-descriptif-de-poste#primaryimage","url":"https:\/\/resources.workable.com\/wp-content\/uploads\/2013\/07\/interior-designer-640x230.jpg","contentUrl":"https:\/\/resources.workable.com\/wp-content\/uploads\/2013\/07\/interior-designer-640x230.jpg"},{"@type":"BreadcrumbList","@id":"https:\/\/resources.workable.com\/fr\/architecte-d-interieur-descriptif-de-poste#breadcrumb","itemListElement":[{"@type":"ListItem","position":1,"name":"Home","item":"https:\/\/resources.workable.com\/fr\/"},{"@type":"ListItem","position":2,"name":"Descriptif de poste: Architecte d\u2019int\u00e9rieur&nbsp;(f\/h\/autre)"}]},{"@type":"WebSite","@id":"https:\/\/resources.workable.com\/fr\/#website","url":"https:\/\/resources.workable.com\/fr\/","name":"Recruiting Resources: How to Recruit and Hire Better","description":"","publisher":{"@id":"https:\/\/resources.workable.com\/fr\/#organization"},"potentialAction":[{"@type":"SearchAction","target":{"@type":"EntryPoint","urlTemplate":"https:\/\/resources.workable.com\/fr\/?s={search_term_string}"},"query-input":{"@type":"PropertyValueSpecification","valueRequired":true,"valueName":"search_term_string"}}],"inLanguage":"fr-FR"},{"@type":"Organization","@id":"https:\/\/resources.workable.com\/fr\/#organization","name":"Workable","url":"https:\/\/resources.workable.com\/fr\/","logo":{"@type":"ImageObject","inLanguage":"fr-FR","@id":"https:\/\/resources.workable.com\/fr\/#\/schema\/logo\/image\/","url":"https:\/\/resources.workable.com\/wp-content\/uploads\/2017\/12\/logo-green.png","contentUrl":"https:\/\/resources.workable.com\/wp-content\/uploads\/2017\/12\/logo-green.png","width":150,"height":25,"caption":"Workable"},"image":{"@id":"https:\/\/resources.workable.com\/fr\/#\/schema\/logo\/image\/"},"sameAs":["https:\/\/business.facebook.com\/workable\/","https:\/\/x.com\/workable","https:\/\/www.linkedin.com\/company\/workable-hr\/"]},{"@type":"Person","@id":"https:\/\/resources.workable.com\/fr\/#\/schema\/person\/246aec99718ddcb172f71f699e088a88","name":"Eleni Kourmentza","image":{"@type":"ImageObject","inLanguage":"fr-FR","@id":"https:\/\/secure.gravatar.com\/avatar\/9941ca019d8b6c20633797a6b788bfc4b438c79e45a22797c9abfc4bfd997e7d?s=96&d=mm&r=pg","url":"https:\/\/secure.gravatar.com\/avatar\/9941ca019d8b6c20633797a6b788bfc4b438c79e45a22797c9abfc4bfd997e7d?s=96&d=mm&r=pg","contentUrl":"https:\/\/secure.gravatar.com\/avatar\/9941ca019d8b6c20633797a6b788bfc4b438c79e45a22797c9abfc4bfd997e7d?s=96&d=mm&r=pg","caption":"Eleni Kourmentza"},"description":"Eleni Kourmentza, ex-People Ops Manager at Workable, excelled in recruitment, lifecycle management, HR admin, culture nurturing, and employer branding.","sameAs":["http:\/\/workable.com"],"url":"https:\/\/resources.workable.com\/fr\/author\/eleni\/"}]}},"modified_by":"Zina Panagopoulou","custom_fields":{"brief":"<p dir=\"ltr\">Nous recherchons un(e) architecte d'int\u00e9rieur ing\u00e9nieux\/se pour entreprendre divers projets de conception d'espaces. Vous serez charg\u00e9(e) g\u00e9rer la conception depuis le d\u00e9veloppement conceptuel et la liaison avec les parties prenantes jusqu'\u00e0 la gestion et l'ex\u00e9cution de la conception.<\/p>\r\nL\u2019objectif consiste \u00e0 concevoir des espaces pratiques mais visuellement agr\u00e9ables.","requirements":"<ul>\r\n \t<li>Exp\u00e9rience professionnelle confirm\u00e9e dans la d\u00e9coration d'espaces int\u00e9rieurs (consultations, r\u00e9novations, am\u00e9nagement d'espaces et nouvelles constructions)<\/li>\r\n \t<li>Expertise dans l'agencement, la couleur, l'\u00e9clairage, le choix des mat\u00e9riaux, les meubles sur mesure et toutes les installations.<\/li>\r\n \t<li>Ma\u00eetrise des programmes de conception AutoCAD, SketchUp, 3D Max, Illustrator ou autres<\/li>\r\n \t<li>Excellent portefeuille de travaux ant\u00e9rieurs<\/li>\r\n \t<li>Talent cr\u00e9atif, imagination et go\u00fbt pour le design<\/li>\r\n \t<li>Excellentes comp\u00e9tences de communication et de pr\u00e9sentation<\/li>\r\n \t<li>Comp\u00e9tences en gestion de projet<\/li>\r\n \t<li>Licence en architecture d'int\u00e9rieur ou similaire<\/li>\r\n<\/ul>","responsibilities":"<ul>\r\n \t<li>Entreprend le projet de conception de la conception \u00e0 la r\u00e9alisation<\/li>\r\n \t<li>D\u00e9finit les exigences du projet et le calendrier lors du \u00ab\u00a0brief\u00a0\u00bb<\/li>\r\n \t<li>Interpr\u00e8te et traduit les besoins des clients en plans approximatifs<\/li>\r\n \t<li>Fixe les co\u00fbts et les frais de projet en fonction du budget<\/li>\r\n \t<li>Recherche et d\u00e9cide de l\u2019approvisionnement en mat\u00e9riaux et produits<\/li>\r\n \t<li>Produit des \u00ab\u00a0\u00e9chantillons\u00a0\u00bb et des \u00ab produits d'humeur \u00bb<\/li>\r\n \t<li>Supervise l'avancement des travaux<\/li>\r\n \t<li>Travaille en \u00e9troite collaboration avec les concepteurs, d\u00e9corateurs, architectes et constructeurs<\/li>\r\n \t<li>Recherche et suit les changements, \u00e9volutions et meilleures pratiques du secteur.<\/li>\r\n<\/ul>","see_more":"<h2>Ressources additionnelles\u00a0:<\/h2>\r\n<ul>\r\n \t<li><strong>Tutoriel<\/strong>\u00a0: <a href=\"https:\/\/resources.workable.com\/tutorial\/hire-designers\">Comment embaucher des concepteurs\/conceptrices<\/a><\/li>\r\n<\/ul>"},"_links":{"self":[{"href":"https:\/\/resources.workable.com\/fr\/wp-json\/wp\/v2\/posts\/33686","targetHints":{"allow":["GET"]}}],"collection":[{"href":"https:\/\/resources.workable.com\/fr\/wp-json\/wp\/v2\/posts"}],"about":[{"href":"https:\/\/resources.workable.com\/fr\/wp-json\/wp\/v2\/types\/post"}],"author":[{"embeddable":true,"href":"https:\/\/resources.workable.com\/fr\/wp-json\/wp\/v2\/users\/7"}],"replies":[{"embeddable":true,"href":"https:\/\/resources.workable.com\/fr\/wp-json\/wp\/v2\/comments?post=33686"}],"version-history":[{"count":0,"href":"https:\/\/resources.workable.com\/fr\/wp-json\/wp\/v2\/posts\/33686\/revisions"}],"wp:attachment":[{"href":"https:\/\/resources.workable.com\/fr\/wp-json\/wp\/v2\/media?parent=33686"}],"wp:term":[{"taxonomy":"category","embeddable":true,"href":"https:\/\/resources.workable.com\/fr\/wp-json\/wp\/v2\/categories?post=33686"},{"taxonomy":"post_tag","embeddable":true,"href":"https:\/\/resources.workable.com\/fr\/wp-json\/wp\/v2\/tags?post=33686"}],"curies":[{"name":"wp","href":"https:\/\/api.w.org\/{rel}","templated":true}]}}