{"id":33592,"date":"2019-11-20T09:00:24","date_gmt":"2019-11-20T09:00:24","guid":{"rendered":"https:\/\/resources.workable.com\/?p=33592"},"modified":"2020-02-06T13:16:33","modified_gmt":"2020-02-06T13:16:33","slug":"descriptif-de-poste-maquettiste-f-h-autre","status":"publish","type":"post","link":"https:\/\/resources.workable.com\/fr\/maquettiste-descriptif-de-poste","title":{"rendered":"Descriptif de poste: Maquettiste&nbsp;(f\/h\/autre)"},"content":{"rendered":"<p>Utilisez ce mod\u00e8le de descriptif de poste de maquettiste pour attirer des candidat(e)s qualifi\u00e9(e)s pour vos postes \u00e0 pourvoir. N&rsquo;h\u00e9sitez pas \u00e0 inclure les missions de votre poste pour r\u00e9pondre aux besoins de votre entreprise.<\/p>\n<h2>Les responsabilit\u00e9s du\/de la directeur\/directrice artistique incluent:<\/h2>\n<ul>\n<li>Assurer la liaison avec les chefs de produit pour d\u00e9finir les exigences de conception<\/li>\n<li>Examiner les graphiques, les mises en page et les polices avant la finalisation des produits<\/li>\n<li>Finaliser les dessins en utilisant un logiciel de retouche d&rsquo;image<\/li>\n<\/ul>\n<p><img loading=\"lazy\" decoding=\"async\" class=\"size-full wp-image-10917 alignnone\" src=\"https:\/\/resources.workable.com\/wp-content\/uploads\/2017\/04\/shutterstock_524747587.jpg\" alt=\"Descriptif de poste de maquettiste\" width=\"640\" height=\"230\" srcset=\"https:\/\/resources.workable.com\/wp-content\/uploads\/2017\/04\/shutterstock_524747587.jpg 640w, https:\/\/resources.workable.com\/wp-content\/uploads\/2017\/04\/shutterstock_524747587-200x72.jpg 200w, https:\/\/resources.workable.com\/wp-content\/uploads\/2017\/04\/shutterstock_524747587-560x201.jpg 560w\" sizes=\"auto, (max-width: 640px) 100vw, 640px\" \/><\/p>\n<p>&nbsp;<\/p>\n","protected":false},"excerpt":{"rendered":"<p>Utilisez ce mod\u00e8le de descriptif de poste de maquettiste pour attirer des candidat(e)s qualifi\u00e9(e)s pour vos postes \u00e0 pourvoir. N&rsquo;h\u00e9sitez pas \u00e0 inclure les missions de votre poste pour r\u00e9pondre aux besoins de votre entreprise. Les responsabilit\u00e9s du\/de la directeur\/directrice artistique incluent: Assurer la liaison avec les chefs de produit pour d\u00e9finir les exigences de [&hellip;]<\/p>\n","protected":false},"author":41,"featured_media":0,"comment_status":"closed","ping_status":"closed","sticky":false,"template":"","format":"standard","meta":{"_acf_changed":false,"_lmt_disableupdate":"no","_lmt_disable":"","_has_post_settings":[],"footnotes":""},"categories":[1041,1060],"tags":[],"class_list":["post-33592","post","type-post","status-publish","format-standard","hentry","category-descriptifs-de-postes","category-descriptifs-de-postes-de-conception"],"acf":[],"yoast_head":"<!-- This site is optimized with the Yoast SEO Premium plugin v27.4 (Yoast SEO v27.4) - https:\/\/yoast.com\/product\/yoast-seo-premium-wordpress\/ -->\n<title>Mod\u00e8le de descriptif du poste de maquettiste | Workable<\/title>\n<meta name=\"description\" content=\"Utilisez ce mod\u00e8le de descriptif de poste de maquettiste pour attirer des candidat(e)s qualifi\u00e9(e)s pour vos postes \u00e0 pourvoir. Ajouter les responsabilit\u00e9s professionnelles qui r\u00e9pondent \u00e0 vos besoins sp\u00e9cifiques.\" \/>\n<meta name=\"robots\" content=\"index, follow, max-snippet:-1, max-image-preview:large, max-video-preview:-1\" \/>\n<link rel=\"canonical\" href=\"https:\/\/resources.workable.com\/fr\/maquettiste-descriptif-de-poste\/\" \/>\n<meta property=\"og:locale\" content=\"fr_FR\" \/>\n<meta property=\"og:type\" content=\"article\" \/>\n<meta property=\"og:title\" content=\"Descriptif de poste: Maquettiste (f\/h\/autre)\" \/>\n<meta property=\"og:description\" content=\"Utilisez ce mod\u00e8le de descriptif de poste de maquettiste pour attirer des candidat(e)s qualifi\u00e9(e)s pour vos postes \u00e0 pourvoir. Ajouter les responsabilit\u00e9s professionnelles qui r\u00e9pondent \u00e0 vos besoins sp\u00e9cifiques.\" \/>\n<meta property=\"og:url\" content=\"https:\/\/resources.workable.com\/fr\/maquettiste-descriptif-de-poste\" \/>\n<meta property=\"og:site_name\" content=\"Recruiting Resources: How to Recruit and Hire Better\" \/>\n<meta property=\"article:publisher\" content=\"https:\/\/business.facebook.com\/workable\/\" \/>\n<meta property=\"article:published_time\" content=\"2019-11-20T09:00:24+00:00\" \/>\n<meta property=\"article:modified_time\" content=\"2020-02-06T13:16:33+00:00\" \/>\n<meta property=\"og:image\" content=\"https:\/\/resources.workable.com\/wp-content\/uploads\/2017\/04\/shutterstock_524747587.jpg\" \/>\n<meta name=\"author\" content=\"Christina Pavlou\" \/>\n<meta name=\"twitter:card\" content=\"summary_large_image\" \/>\n<meta name=\"twitter:creator\" content=\"@workable\" \/>\n<meta name=\"twitter:site\" content=\"@workable\" \/>\n<meta name=\"twitter:label1\" content=\"\u00c9crit par\" \/>\n\t<meta name=\"twitter:data1\" content=\"Christina Pavlou\" \/>\n<script type=\"application\/ld+json\" class=\"yoast-schema-graph\">{\"@context\":\"https:\\\/\\\/schema.org\",\"@graph\":[{\"@type\":\"Article\",\"@id\":\"https:\\\/\\\/resources.workable.com\\\/fr\\\/maquettiste-descriptif-de-poste#article\",\"isPartOf\":{\"@id\":\"https:\\\/\\\/resources.workable.com\\\/fr\\\/maquettiste-descriptif-de-poste\"},\"author\":{\"name\":\"Christina Pavlou\",\"@id\":\"https:\\\/\\\/resources.workable.com\\\/fr\\\/#\\\/schema\\\/person\\\/b23289d8d63331621eee9e69103cd603\"},\"headline\":\"Descriptif de poste: Maquettiste&nbsp;(f\\\/h\\\/autre)\",\"datePublished\":\"2019-11-20T09:00:24+00:00\",\"dateModified\":\"2020-02-06T13:16:33+00:00\",\"mainEntityOfPage\":{\"@id\":\"https:\\\/\\\/resources.workable.com\\\/fr\\\/maquettiste-descriptif-de-poste\"},\"wordCount\":100,\"publisher\":{\"@id\":\"https:\\\/\\\/resources.workable.com\\\/fr\\\/#organization\"},\"image\":{\"@id\":\"https:\\\/\\\/resources.workable.com\\\/fr\\\/maquettiste-descriptif-de-poste#primaryimage\"},\"thumbnailUrl\":\"https:\\\/\\\/resources.workable.com\\\/wp-content\\\/uploads\\\/2017\\\/04\\\/shutterstock_524747587.jpg\",\"articleSection\":[\"Descriptifs de postes\",\"Descriptifs de postes de conception\"],\"inLanguage\":\"fr-FR\"},{\"@type\":\"WebPage\",\"@id\":\"https:\\\/\\\/resources.workable.com\\\/fr\\\/maquettiste-descriptif-de-poste\",\"url\":\"https:\\\/\\\/resources.workable.com\\\/fr\\\/maquettiste-descriptif-de-poste\",\"name\":\"Mod\u00e8le de descriptif du poste de maquettiste | Workable\",\"isPartOf\":{\"@id\":\"https:\\\/\\\/resources.workable.com\\\/fr\\\/#website\"},\"primaryImageOfPage\":{\"@id\":\"https:\\\/\\\/resources.workable.com\\\/fr\\\/maquettiste-descriptif-de-poste#primaryimage\"},\"image\":{\"@id\":\"https:\\\/\\\/resources.workable.com\\\/fr\\\/maquettiste-descriptif-de-poste#primaryimage\"},\"thumbnailUrl\":\"https:\\\/\\\/resources.workable.com\\\/wp-content\\\/uploads\\\/2017\\\/04\\\/shutterstock_524747587.jpg\",\"datePublished\":\"2019-11-20T09:00:24+00:00\",\"dateModified\":\"2020-02-06T13:16:33+00:00\",\"description\":\"Utilisez ce mod\u00e8le de descriptif de poste de maquettiste pour attirer des candidat(e)s qualifi\u00e9(e)s pour vos postes \u00e0 pourvoir. Ajouter les responsabilit\u00e9s professionnelles qui r\u00e9pondent \u00e0 vos besoins sp\u00e9cifiques.\",\"breadcrumb\":{\"@id\":\"https:\\\/\\\/resources.workable.com\\\/fr\\\/maquettiste-descriptif-de-poste#breadcrumb\"},\"inLanguage\":\"fr-FR\",\"potentialAction\":[{\"@type\":\"ReadAction\",\"target\":[\"https:\\\/\\\/resources.workable.com\\\/fr\\\/maquettiste-descriptif-de-poste\"]}]},{\"@type\":\"ImageObject\",\"inLanguage\":\"fr-FR\",\"@id\":\"https:\\\/\\\/resources.workable.com\\\/fr\\\/maquettiste-descriptif-de-poste#primaryimage\",\"url\":\"https:\\\/\\\/resources.workable.com\\\/wp-content\\\/uploads\\\/2017\\\/04\\\/shutterstock_524747587.jpg\",\"contentUrl\":\"https:\\\/\\\/resources.workable.com\\\/wp-content\\\/uploads\\\/2017\\\/04\\\/shutterstock_524747587.jpg\"},{\"@type\":\"BreadcrumbList\",\"@id\":\"https:\\\/\\\/resources.workable.com\\\/fr\\\/maquettiste-descriptif-de-poste#breadcrumb\",\"itemListElement\":[{\"@type\":\"ListItem\",\"position\":1,\"name\":\"Home\",\"item\":\"https:\\\/\\\/resources.workable.com\\\/fr\\\/\"},{\"@type\":\"ListItem\",\"position\":2,\"name\":\"Descriptif de poste: Maquettiste&nbsp;(f\\\/h\\\/autre)\"}]},{\"@type\":\"WebSite\",\"@id\":\"https:\\\/\\\/resources.workable.com\\\/fr\\\/#website\",\"url\":\"https:\\\/\\\/resources.workable.com\\\/fr\\\/\",\"name\":\"Recruiting Resources: How to Recruit and Hire Better\",\"description\":\"\",\"publisher\":{\"@id\":\"https:\\\/\\\/resources.workable.com\\\/fr\\\/#organization\"},\"potentialAction\":[{\"@type\":\"SearchAction\",\"target\":{\"@type\":\"EntryPoint\",\"urlTemplate\":\"https:\\\/\\\/resources.workable.com\\\/fr\\\/?s={search_term_string}\"},\"query-input\":{\"@type\":\"PropertyValueSpecification\",\"valueRequired\":true,\"valueName\":\"search_term_string\"}}],\"inLanguage\":\"fr-FR\"},{\"@type\":\"Organization\",\"@id\":\"https:\\\/\\\/resources.workable.com\\\/fr\\\/#organization\",\"name\":\"Workable\",\"url\":\"https:\\\/\\\/resources.workable.com\\\/fr\\\/\",\"logo\":{\"@type\":\"ImageObject\",\"inLanguage\":\"fr-FR\",\"@id\":\"https:\\\/\\\/resources.workable.com\\\/fr\\\/#\\\/schema\\\/logo\\\/image\\\/\",\"url\":\"https:\\\/\\\/resources.workable.com\\\/wp-content\\\/uploads\\\/2017\\\/12\\\/logo-green.png\",\"contentUrl\":\"https:\\\/\\\/resources.workable.com\\\/wp-content\\\/uploads\\\/2017\\\/12\\\/logo-green.png\",\"width\":150,\"height\":25,\"caption\":\"Workable\"},\"image\":{\"@id\":\"https:\\\/\\\/resources.workable.com\\\/fr\\\/#\\\/schema\\\/logo\\\/image\\\/\"},\"sameAs\":[\"https:\\\/\\\/business.facebook.com\\\/workable\\\/\",\"https:\\\/\\\/x.com\\\/workable\",\"https:\\\/\\\/www.linkedin.com\\\/company\\\/workable-hr\\\/\"]},{\"@type\":\"Person\",\"@id\":\"https:\\\/\\\/resources.workable.com\\\/fr\\\/#\\\/schema\\\/person\\\/b23289d8d63331621eee9e69103cd603\",\"name\":\"Christina Pavlou\",\"image\":{\"@type\":\"ImageObject\",\"inLanguage\":\"fr-FR\",\"@id\":\"https:\\\/\\\/secure.gravatar.com\\\/avatar\\\/9ed48272d268bb7071cf243f8d2dcaeaa1f26feca5ecd3fbed59e0378447bc49?s=96&d=mm&r=pg\",\"url\":\"https:\\\/\\\/secure.gravatar.com\\\/avatar\\\/9ed48272d268bb7071cf243f8d2dcaeaa1f26feca5ecd3fbed59e0378447bc49?s=96&d=mm&r=pg\",\"contentUrl\":\"https:\\\/\\\/secure.gravatar.com\\\/avatar\\\/9ed48272d268bb7071cf243f8d2dcaeaa1f26feca5ecd3fbed59e0378447bc49?s=96&d=mm&r=pg\",\"caption\":\"Christina Pavlou\"},\"description\":\"Christina Pavlou was a writer at Workable for nearly four years, and previously a recruiter. She writes about diversity in the workplace and reports on the shape of things to come. You can find her on LinkedIn and Twitter.\",\"url\":\"https:\\\/\\\/resources.workable.com\\\/fr\\\/author\\\/christina\\\/\"}]}<\/script>\n<!-- \/ Yoast SEO Premium plugin. -->","yoast_head_json":{"title":"Mod\u00e8le de descriptif du poste de maquettiste | Workable","description":"Utilisez ce mod\u00e8le de descriptif de poste de maquettiste pour attirer des candidat(e)s qualifi\u00e9(e)s pour vos postes \u00e0 pourvoir. Ajouter les responsabilit\u00e9s professionnelles qui r\u00e9pondent \u00e0 vos besoins sp\u00e9cifiques.","robots":{"index":"index","follow":"follow","max-snippet":"max-snippet:-1","max-image-preview":"max-image-preview:large","max-video-preview":"max-video-preview:-1"},"canonical":"https:\/\/resources.workable.com\/fr\/maquettiste-descriptif-de-poste\/","og_locale":"fr_FR","og_type":"article","og_title":"Descriptif de poste: Maquettiste (f\/h\/autre)","og_description":"Utilisez ce mod\u00e8le de descriptif de poste de maquettiste pour attirer des candidat(e)s qualifi\u00e9(e)s pour vos postes \u00e0 pourvoir. Ajouter les responsabilit\u00e9s professionnelles qui r\u00e9pondent \u00e0 vos besoins sp\u00e9cifiques.","og_url":"https:\/\/resources.workable.com\/fr\/maquettiste-descriptif-de-poste","og_site_name":"Recruiting Resources: How to Recruit and Hire Better","article_publisher":"https:\/\/business.facebook.com\/workable\/","article_published_time":"2019-11-20T09:00:24+00:00","article_modified_time":"2020-02-06T13:16:33+00:00","og_image":[{"url":"https:\/\/resources.workable.com\/wp-content\/uploads\/2017\/04\/shutterstock_524747587.jpg","type":"","width":"","height":""}],"author":"Christina Pavlou","twitter_card":"summary_large_image","twitter_creator":"@workable","twitter_site":"@workable","twitter_misc":{"\u00c9crit par":"Christina Pavlou"},"schema":{"@context":"https:\/\/schema.org","@graph":[{"@type":"Article","@id":"https:\/\/resources.workable.com\/fr\/maquettiste-descriptif-de-poste#article","isPartOf":{"@id":"https:\/\/resources.workable.com\/fr\/maquettiste-descriptif-de-poste"},"author":{"name":"Christina Pavlou","@id":"https:\/\/resources.workable.com\/fr\/#\/schema\/person\/b23289d8d63331621eee9e69103cd603"},"headline":"Descriptif de poste: Maquettiste&nbsp;(f\/h\/autre)","datePublished":"2019-11-20T09:00:24+00:00","dateModified":"2020-02-06T13:16:33+00:00","mainEntityOfPage":{"@id":"https:\/\/resources.workable.com\/fr\/maquettiste-descriptif-de-poste"},"wordCount":100,"publisher":{"@id":"https:\/\/resources.workable.com\/fr\/#organization"},"image":{"@id":"https:\/\/resources.workable.com\/fr\/maquettiste-descriptif-de-poste#primaryimage"},"thumbnailUrl":"https:\/\/resources.workable.com\/wp-content\/uploads\/2017\/04\/shutterstock_524747587.jpg","articleSection":["Descriptifs de postes","Descriptifs de postes de conception"],"inLanguage":"fr-FR"},{"@type":"WebPage","@id":"https:\/\/resources.workable.com\/fr\/maquettiste-descriptif-de-poste","url":"https:\/\/resources.workable.com\/fr\/maquettiste-descriptif-de-poste","name":"Mod\u00e8le de descriptif du poste de maquettiste | Workable","isPartOf":{"@id":"https:\/\/resources.workable.com\/fr\/#website"},"primaryImageOfPage":{"@id":"https:\/\/resources.workable.com\/fr\/maquettiste-descriptif-de-poste#primaryimage"},"image":{"@id":"https:\/\/resources.workable.com\/fr\/maquettiste-descriptif-de-poste#primaryimage"},"thumbnailUrl":"https:\/\/resources.workable.com\/wp-content\/uploads\/2017\/04\/shutterstock_524747587.jpg","datePublished":"2019-11-20T09:00:24+00:00","dateModified":"2020-02-06T13:16:33+00:00","description":"Utilisez ce mod\u00e8le de descriptif de poste de maquettiste pour attirer des candidat(e)s qualifi\u00e9(e)s pour vos postes \u00e0 pourvoir. Ajouter les responsabilit\u00e9s professionnelles qui r\u00e9pondent \u00e0 vos besoins sp\u00e9cifiques.","breadcrumb":{"@id":"https:\/\/resources.workable.com\/fr\/maquettiste-descriptif-de-poste#breadcrumb"},"inLanguage":"fr-FR","potentialAction":[{"@type":"ReadAction","target":["https:\/\/resources.workable.com\/fr\/maquettiste-descriptif-de-poste"]}]},{"@type":"ImageObject","inLanguage":"fr-FR","@id":"https:\/\/resources.workable.com\/fr\/maquettiste-descriptif-de-poste#primaryimage","url":"https:\/\/resources.workable.com\/wp-content\/uploads\/2017\/04\/shutterstock_524747587.jpg","contentUrl":"https:\/\/resources.workable.com\/wp-content\/uploads\/2017\/04\/shutterstock_524747587.jpg"},{"@type":"BreadcrumbList","@id":"https:\/\/resources.workable.com\/fr\/maquettiste-descriptif-de-poste#breadcrumb","itemListElement":[{"@type":"ListItem","position":1,"name":"Home","item":"https:\/\/resources.workable.com\/fr\/"},{"@type":"ListItem","position":2,"name":"Descriptif de poste: Maquettiste&nbsp;(f\/h\/autre)"}]},{"@type":"WebSite","@id":"https:\/\/resources.workable.com\/fr\/#website","url":"https:\/\/resources.workable.com\/fr\/","name":"Recruiting Resources: How to Recruit and Hire Better","description":"","publisher":{"@id":"https:\/\/resources.workable.com\/fr\/#organization"},"potentialAction":[{"@type":"SearchAction","target":{"@type":"EntryPoint","urlTemplate":"https:\/\/resources.workable.com\/fr\/?s={search_term_string}"},"query-input":{"@type":"PropertyValueSpecification","valueRequired":true,"valueName":"search_term_string"}}],"inLanguage":"fr-FR"},{"@type":"Organization","@id":"https:\/\/resources.workable.com\/fr\/#organization","name":"Workable","url":"https:\/\/resources.workable.com\/fr\/","logo":{"@type":"ImageObject","inLanguage":"fr-FR","@id":"https:\/\/resources.workable.com\/fr\/#\/schema\/logo\/image\/","url":"https:\/\/resources.workable.com\/wp-content\/uploads\/2017\/12\/logo-green.png","contentUrl":"https:\/\/resources.workable.com\/wp-content\/uploads\/2017\/12\/logo-green.png","width":150,"height":25,"caption":"Workable"},"image":{"@id":"https:\/\/resources.workable.com\/fr\/#\/schema\/logo\/image\/"},"sameAs":["https:\/\/business.facebook.com\/workable\/","https:\/\/x.com\/workable","https:\/\/www.linkedin.com\/company\/workable-hr\/"]},{"@type":"Person","@id":"https:\/\/resources.workable.com\/fr\/#\/schema\/person\/b23289d8d63331621eee9e69103cd603","name":"Christina Pavlou","image":{"@type":"ImageObject","inLanguage":"fr-FR","@id":"https:\/\/secure.gravatar.com\/avatar\/9ed48272d268bb7071cf243f8d2dcaeaa1f26feca5ecd3fbed59e0378447bc49?s=96&d=mm&r=pg","url":"https:\/\/secure.gravatar.com\/avatar\/9ed48272d268bb7071cf243f8d2dcaeaa1f26feca5ecd3fbed59e0378447bc49?s=96&d=mm&r=pg","contentUrl":"https:\/\/secure.gravatar.com\/avatar\/9ed48272d268bb7071cf243f8d2dcaeaa1f26feca5ecd3fbed59e0378447bc49?s=96&d=mm&r=pg","caption":"Christina Pavlou"},"description":"Christina Pavlou was a writer at Workable for nearly four years, and previously a recruiter. She writes about diversity in the workplace and reports on the shape of things to come. You can find her on LinkedIn and Twitter.","url":"https:\/\/resources.workable.com\/fr\/author\/christina\/"}]}},"modified_by":null,"custom_fields":{"brief":"Nous recherchons un(e) maquettiste pour g\u00e9rer les projets cr\u00e9atifs, afin de s\u2019assurer qu\u2019ils r\u00e9pondent aux exigences des clients.\r\n\r\nVotre r\u00f4le consistera \u00e0 prendre en charge les conceptions au cours des derni\u00e8res \u00e9tapes du d\u00e9veloppement pour garantir leur pr\u00e9cision et \u00e0 les pr\u00e9parer en vue d'une publication imprim\u00e9e ou num\u00e9rique. Pour r\u00e9ussir \u00e0 ce poste, vous devez combiner de fortes comp\u00e9tences techniques et cr\u00e9atives pour mettre en forme diverses images et illustrations. Vous devez \u00e9galement faire preuve d'attention pour les d\u00e9tails et avoir une exp\u00e9rience en gestion de projet.\r\n\r\nEnfin, vous vous assurerez que nos conceptions imprim\u00e9es et num\u00e9riques r\u00e9pondent \u00e0 des normes de qualit\u00e9 \u00e9lev\u00e9es.","requirements":"<ul>\r\n \t<li>Exp\u00e9rience professionnelle av\u00e9r\u00e9e de maquettiste, <a href=\"https:\/\/resources.workable.com\/graphic-designer-job-description\" target=\"_blank\" rel=\"noopener\">concepteur graphique<\/a>, ou \u00e0 un poste similaire<\/li>\r\n \t<li>Portefeuille de conceptions graphiques termin\u00e9es et de projets cr\u00e9atifs<\/li>\r\n \t<li>Solide connaissance du processus d'impression et des outils de contr\u00f4le en amont (p. Ex. Adobe InDesign et QuarkXPress)<\/li>\r\n \t<li>Exp\u00e9rience pratique avec un logiciel de conception graphique et des outils de retouche d'images (par exemple Photoshop et Adobe Illustrator)<\/li>\r\n \t<li>Connaissance de base des syst\u00e8mes de d\u00e9veloppement HTML et Web<\/li>\r\n \t<li>Capacit\u00e9 \u00e0 g\u00e9rer plusieurs projets et \u00e0 respecter les d\u00e9lais<\/li>\r\n \t<li>Comp\u00e9tences cr\u00e9atives avec le souci du d\u00e9tail<\/li>\r\n \t<li>Licence en arts visuels, ou autre domaine similaire<\/li>\r\n \t<li>Une qualification suppl\u00e9mentaire en graphisme est un plus<\/li>\r\n<\/ul>","responsibilities":"<ul>\r\n \t<li>Assure la liaison avec les chefs de produit pour d\u00e9finir les exigences de conception<\/li>\r\n \t<li>Examine les graphiques, les mises en page et les polices avant la finalisation des produits<\/li>\r\n \t<li>Finalise les dessins en utilisant un logiciel de retouche d'image<\/li>\r\n \t<li>Retouche les images pour am\u00e9liorer la qualit\u00e9 des formats imprim\u00e9s et num\u00e9riques<\/li>\r\n \t<li>Sugg\u00e8re et applique des am\u00e9liorations d'image, telles que la cr\u00e9ation de d\u00e9grad\u00e9s et de calques<\/li>\r\n \t<li>G\u00e8re le processus de pr\u00e9presse pour les fichiers d'impression<\/li>\r\n \t<li>Respecte les d\u00e9lais pour assurer des publications en temps opportun<\/li>\r\n \t<li>Archive les images et les graphiques produits<\/li>\r\n \t<li>Effectue le suivi avec les clients pour s'assurer que leurs exigences sont satisfaites<\/li>\r\n \t<li>Reste inform\u00e9(e) des tendances en mati\u00e8re de techniques de conception graphique et de logiciels<\/li>\r\n<\/ul>","see_more":""},"_links":{"self":[{"href":"https:\/\/resources.workable.com\/fr\/wp-json\/wp\/v2\/posts\/33592","targetHints":{"allow":["GET"]}}],"collection":[{"href":"https:\/\/resources.workable.com\/fr\/wp-json\/wp\/v2\/posts"}],"about":[{"href":"https:\/\/resources.workable.com\/fr\/wp-json\/wp\/v2\/types\/post"}],"author":[{"embeddable":true,"href":"https:\/\/resources.workable.com\/fr\/wp-json\/wp\/v2\/users\/41"}],"replies":[{"embeddable":true,"href":"https:\/\/resources.workable.com\/fr\/wp-json\/wp\/v2\/comments?post=33592"}],"version-history":[{"count":0,"href":"https:\/\/resources.workable.com\/fr\/wp-json\/wp\/v2\/posts\/33592\/revisions"}],"wp:attachment":[{"href":"https:\/\/resources.workable.com\/fr\/wp-json\/wp\/v2\/media?parent=33592"}],"wp:term":[{"taxonomy":"category","embeddable":true,"href":"https:\/\/resources.workable.com\/fr\/wp-json\/wp\/v2\/categories?post=33592"},{"taxonomy":"post_tag","embeddable":true,"href":"https:\/\/resources.workable.com\/fr\/wp-json\/wp\/v2\/tags?post=33592"}],"curies":[{"name":"wp","href":"https:\/\/api.w.org\/{rel}","templated":true}]}}