{"id":54244,"date":"2020-01-08T11:09:29","date_gmt":"2020-01-08T11:09:29","guid":{"rendered":"https:\/\/resources.workable.com\/?p=54244"},"modified":"2020-02-06T13:19:29","modified_gmt":"2020-02-06T13:19:29","slug":"descripcion-del-puesto-editor-fotografico-m-h-x","status":"publish","type":"post","link":"https:\/\/resources.workable.com\/es\/editor-fotografico-descripcion-del-puesto","title":{"rendered":"Descripci\u00f3n del puesto: Editor fotogr\u00e1fico&nbsp;(m\/h\/x)"},"content":{"rendered":"<p>Esta plantilla de la <strong>descripci\u00f3n del puesto de editor fotogr\u00e1fico<\/strong> est\u00e1 optimizada para su publicaci\u00f3n en bolsas de trabajo o p\u00e1ginas de empleo en Internet, y tu empresa podr\u00e1 personalizarla f\u00e1cilmente.<\/p>\n<h2>Responsabilidades del editor fotogr\u00e1fico incluyen:<\/h2>\n<ul>\n<li>Coordinar el trabajo con el editor y los miembros del equipo para identificar las necesidades fotogr\u00e1ficas<\/li>\n<li>Asignar proyectos a los fot\u00f3grafos y controlar los plazos de entrega<\/li>\n<li>Revisar y editar fotograf\u00edas, y hacer los cambios necesarios<\/li>\n<\/ul>\n<p><img loading=\"lazy\" decoding=\"async\" class=\"size-full wp-image-5470 aligncenter\" src=\"https:\/\/resources.workable.com\/wp-content\/uploads\/2016\/06\/photo-editor.jpg\" alt=\"descripci\u00f3n del puesto de editor fotogr\u00e1fico\" width=\"640\" height=\"230\" srcset=\"https:\/\/resources.workable.com\/wp-content\/uploads\/2016\/06\/photo-editor.jpg 640w, https:\/\/resources.workable.com\/wp-content\/uploads\/2016\/06\/photo-editor-200x72.jpg 200w, https:\/\/resources.workable.com\/wp-content\/uploads\/2016\/06\/photo-editor-560x201.jpg 560w\" sizes=\"auto, (max-width: 640px) 100vw, 640px\" \/><\/p>\n<h2><\/h2>\n<p>&nbsp;<\/p>\n","protected":false},"excerpt":{"rendered":"<p>Esta plantilla de la descripci\u00f3n del puesto de editor fotogr\u00e1fico est\u00e1 optimizada para su publicaci\u00f3n en bolsas de trabajo o p\u00e1ginas de empleo en Internet, y tu empresa podr\u00e1 personalizarla f\u00e1cilmente. Responsabilidades del editor fotogr\u00e1fico incluyen: Coordinar el trabajo con el editor y los miembros del equipo para identificar las necesidades fotogr\u00e1ficas Asignar proyectos a [&hellip;]<\/p>\n","protected":false},"author":41,"featured_media":0,"comment_status":"closed","ping_status":"closed","sticky":false,"template":"","format":"standard","meta":{"_acf_changed":false,"_lmt_disableupdate":"no","_lmt_disable":"","_has_post_settings":[],"footnotes":""},"categories":[1046,1317],"tags":[],"class_list":["post-54244","post","type-post","status-publish","format-standard","hentry","category-descripciones-de-funciones","category-descripciones-de-puestos-en-medios"],"acf":[],"yoast_head":"<!-- This site is optimized with the Yoast SEO Premium plugin v27.4 (Yoast SEO v27.4) - https:\/\/yoast.com\/product\/yoast-seo-premium-wordpress\/ -->\n<title>Plantilla de la descripci\u00f3n del puesto de editor fotogr\u00e1fico | Workable<\/title>\n<meta name=\"description\" content=\"Esta plantilla de descripci\u00f3n del puesto de editor fotogr\u00e1fico est\u00e1 optimizada para su publicaci\u00f3n en bolsas de trabajo o p\u00e1ginas de empleo en Internet, y tu empresa podr\u00e1 personalizarla f\u00e1cilmente.\" \/>\n<meta name=\"robots\" content=\"index, follow, max-snippet:-1, max-image-preview:large, max-video-preview:-1\" \/>\n<link rel=\"canonical\" href=\"https:\/\/resources.workable.com\/es\/editor-fotografico-descripcion-del-puesto\/\" \/>\n<meta property=\"og:locale\" content=\"es_ES\" \/>\n<meta property=\"og:type\" content=\"article\" \/>\n<meta property=\"og:title\" content=\"Descripci\u00f3n del puesto: Editor fotogr\u00e1fico (m\/h\/x)\" \/>\n<meta property=\"og:description\" content=\"Esta plantilla de descripci\u00f3n del puesto de editor fotogr\u00e1fico est\u00e1 optimizada para su publicaci\u00f3n en bolsas de trabajo o p\u00e1ginas de empleo en Internet, y tu empresa podr\u00e1 personalizarla f\u00e1cilmente.\" \/>\n<meta property=\"og:url\" content=\"https:\/\/resources.workable.com\/es\/editor-fotografico-descripcion-del-puesto\" \/>\n<meta property=\"og:site_name\" content=\"Recruiting Resources: How to Recruit and Hire Better\" \/>\n<meta property=\"article:publisher\" content=\"https:\/\/business.facebook.com\/workable\/\" \/>\n<meta property=\"article:published_time\" content=\"2020-01-08T11:09:29+00:00\" \/>\n<meta property=\"article:modified_time\" content=\"2020-02-06T13:19:29+00:00\" \/>\n<meta property=\"og:image\" content=\"https:\/\/resources.workable.com\/wp-content\/uploads\/2016\/06\/photo-editor.jpg\" \/>\n<meta name=\"author\" content=\"Christina Pavlou\" \/>\n<meta name=\"twitter:card\" content=\"summary_large_image\" \/>\n<meta name=\"twitter:creator\" content=\"@workable\" \/>\n<meta name=\"twitter:site\" content=\"@workable\" \/>\n<meta name=\"twitter:label1\" content=\"Escrito por\" \/>\n\t<meta name=\"twitter:data1\" content=\"Christina Pavlou\" \/>\n<script type=\"application\/ld+json\" class=\"yoast-schema-graph\">{\"@context\":\"https:\\\/\\\/schema.org\",\"@graph\":[{\"@type\":\"Article\",\"@id\":\"https:\\\/\\\/resources.workable.com\\\/es\\\/editor-fotografico-descripcion-del-puesto#article\",\"isPartOf\":{\"@id\":\"https:\\\/\\\/resources.workable.com\\\/es\\\/editor-fotografico-descripcion-del-puesto\"},\"author\":{\"name\":\"Christina Pavlou\",\"@id\":\"https:\\\/\\\/resources.workable.com\\\/es\\\/#\\\/schema\\\/person\\\/b23289d8d63331621eee9e69103cd603\"},\"headline\":\"Descripci\u00f3n del puesto: Editor fotogr\u00e1fico&nbsp;(m\\\/h\\\/x)\",\"datePublished\":\"2020-01-08T11:09:29+00:00\",\"dateModified\":\"2020-02-06T13:19:29+00:00\",\"mainEntityOfPage\":{\"@id\":\"https:\\\/\\\/resources.workable.com\\\/es\\\/editor-fotografico-descripcion-del-puesto\"},\"wordCount\":92,\"publisher\":{\"@id\":\"https:\\\/\\\/resources.workable.com\\\/es\\\/#organization\"},\"image\":{\"@id\":\"https:\\\/\\\/resources.workable.com\\\/es\\\/editor-fotografico-descripcion-del-puesto#primaryimage\"},\"thumbnailUrl\":\"https:\\\/\\\/resources.workable.com\\\/wp-content\\\/uploads\\\/2016\\\/06\\\/photo-editor.jpg\",\"articleSection\":[\"Descripciones de funciones\",\"Descripciones de puestos en medios\"],\"inLanguage\":\"es\"},{\"@type\":\"WebPage\",\"@id\":\"https:\\\/\\\/resources.workable.com\\\/es\\\/editor-fotografico-descripcion-del-puesto\",\"url\":\"https:\\\/\\\/resources.workable.com\\\/es\\\/editor-fotografico-descripcion-del-puesto\",\"name\":\"Plantilla de la descripci\u00f3n del puesto de editor fotogr\u00e1fico | Workable\",\"isPartOf\":{\"@id\":\"https:\\\/\\\/resources.workable.com\\\/es\\\/#website\"},\"primaryImageOfPage\":{\"@id\":\"https:\\\/\\\/resources.workable.com\\\/es\\\/editor-fotografico-descripcion-del-puesto#primaryimage\"},\"image\":{\"@id\":\"https:\\\/\\\/resources.workable.com\\\/es\\\/editor-fotografico-descripcion-del-puesto#primaryimage\"},\"thumbnailUrl\":\"https:\\\/\\\/resources.workable.com\\\/wp-content\\\/uploads\\\/2016\\\/06\\\/photo-editor.jpg\",\"datePublished\":\"2020-01-08T11:09:29+00:00\",\"dateModified\":\"2020-02-06T13:19:29+00:00\",\"description\":\"Esta plantilla de descripci\u00f3n del puesto de editor fotogr\u00e1fico est\u00e1 optimizada para su publicaci\u00f3n en bolsas de trabajo o p\u00e1ginas de empleo en Internet, y tu empresa podr\u00e1 personalizarla f\u00e1cilmente.\",\"breadcrumb\":{\"@id\":\"https:\\\/\\\/resources.workable.com\\\/es\\\/editor-fotografico-descripcion-del-puesto#breadcrumb\"},\"inLanguage\":\"es\",\"potentialAction\":[{\"@type\":\"ReadAction\",\"target\":[\"https:\\\/\\\/resources.workable.com\\\/es\\\/editor-fotografico-descripcion-del-puesto\"]}]},{\"@type\":\"ImageObject\",\"inLanguage\":\"es\",\"@id\":\"https:\\\/\\\/resources.workable.com\\\/es\\\/editor-fotografico-descripcion-del-puesto#primaryimage\",\"url\":\"https:\\\/\\\/resources.workable.com\\\/wp-content\\\/uploads\\\/2016\\\/06\\\/photo-editor.jpg\",\"contentUrl\":\"https:\\\/\\\/resources.workable.com\\\/wp-content\\\/uploads\\\/2016\\\/06\\\/photo-editor.jpg\"},{\"@type\":\"BreadcrumbList\",\"@id\":\"https:\\\/\\\/resources.workable.com\\\/es\\\/editor-fotografico-descripcion-del-puesto#breadcrumb\",\"itemListElement\":[{\"@type\":\"ListItem\",\"position\":1,\"name\":\"Home\",\"item\":\"https:\\\/\\\/resources.workable.com\\\/es\\\/\"},{\"@type\":\"ListItem\",\"position\":2,\"name\":\"Descripci\u00f3n del puesto: Editor fotogr\u00e1fico&nbsp;(m\\\/h\\\/x)\"}]},{\"@type\":\"WebSite\",\"@id\":\"https:\\\/\\\/resources.workable.com\\\/es\\\/#website\",\"url\":\"https:\\\/\\\/resources.workable.com\\\/es\\\/\",\"name\":\"Recruiting Resources: How to Recruit and Hire Better\",\"description\":\"\",\"publisher\":{\"@id\":\"https:\\\/\\\/resources.workable.com\\\/es\\\/#organization\"},\"potentialAction\":[{\"@type\":\"SearchAction\",\"target\":{\"@type\":\"EntryPoint\",\"urlTemplate\":\"https:\\\/\\\/resources.workable.com\\\/es\\\/?s={search_term_string}\"},\"query-input\":{\"@type\":\"PropertyValueSpecification\",\"valueRequired\":true,\"valueName\":\"search_term_string\"}}],\"inLanguage\":\"es\"},{\"@type\":\"Organization\",\"@id\":\"https:\\\/\\\/resources.workable.com\\\/es\\\/#organization\",\"name\":\"Workable\",\"url\":\"https:\\\/\\\/resources.workable.com\\\/es\\\/\",\"logo\":{\"@type\":\"ImageObject\",\"inLanguage\":\"es\",\"@id\":\"https:\\\/\\\/resources.workable.com\\\/es\\\/#\\\/schema\\\/logo\\\/image\\\/\",\"url\":\"https:\\\/\\\/resources.workable.com\\\/wp-content\\\/uploads\\\/2017\\\/12\\\/logo-green.png\",\"contentUrl\":\"https:\\\/\\\/resources.workable.com\\\/wp-content\\\/uploads\\\/2017\\\/12\\\/logo-green.png\",\"width\":150,\"height\":25,\"caption\":\"Workable\"},\"image\":{\"@id\":\"https:\\\/\\\/resources.workable.com\\\/es\\\/#\\\/schema\\\/logo\\\/image\\\/\"},\"sameAs\":[\"https:\\\/\\\/business.facebook.com\\\/workable\\\/\",\"https:\\\/\\\/x.com\\\/workable\",\"https:\\\/\\\/www.linkedin.com\\\/company\\\/workable-hr\\\/\"]},{\"@type\":\"Person\",\"@id\":\"https:\\\/\\\/resources.workable.com\\\/es\\\/#\\\/schema\\\/person\\\/b23289d8d63331621eee9e69103cd603\",\"name\":\"Christina Pavlou\",\"image\":{\"@type\":\"ImageObject\",\"inLanguage\":\"es\",\"@id\":\"https:\\\/\\\/secure.gravatar.com\\\/avatar\\\/9ed48272d268bb7071cf243f8d2dcaeaa1f26feca5ecd3fbed59e0378447bc49?s=96&d=mm&r=pg\",\"url\":\"https:\\\/\\\/secure.gravatar.com\\\/avatar\\\/9ed48272d268bb7071cf243f8d2dcaeaa1f26feca5ecd3fbed59e0378447bc49?s=96&d=mm&r=pg\",\"contentUrl\":\"https:\\\/\\\/secure.gravatar.com\\\/avatar\\\/9ed48272d268bb7071cf243f8d2dcaeaa1f26feca5ecd3fbed59e0378447bc49?s=96&d=mm&r=pg\",\"caption\":\"Christina Pavlou\"},\"description\":\"Christina Pavlou was a writer at Workable for nearly four years, and previously a recruiter. She writes about diversity in the workplace and reports on the shape of things to come. You can find her on LinkedIn and Twitter.\",\"url\":\"https:\\\/\\\/resources.workable.com\\\/es\\\/author\\\/christina\\\/\"}]}<\/script>\n<!-- \/ Yoast SEO Premium plugin. -->","yoast_head_json":{"title":"Plantilla de la descripci\u00f3n del puesto de editor fotogr\u00e1fico | Workable","description":"Esta plantilla de descripci\u00f3n del puesto de editor fotogr\u00e1fico est\u00e1 optimizada para su publicaci\u00f3n en bolsas de trabajo o p\u00e1ginas de empleo en Internet, y tu empresa podr\u00e1 personalizarla f\u00e1cilmente.","robots":{"index":"index","follow":"follow","max-snippet":"max-snippet:-1","max-image-preview":"max-image-preview:large","max-video-preview":"max-video-preview:-1"},"canonical":"https:\/\/resources.workable.com\/es\/editor-fotografico-descripcion-del-puesto\/","og_locale":"es_ES","og_type":"article","og_title":"Descripci\u00f3n del puesto: Editor fotogr\u00e1fico (m\/h\/x)","og_description":"Esta plantilla de descripci\u00f3n del puesto de editor fotogr\u00e1fico est\u00e1 optimizada para su publicaci\u00f3n en bolsas de trabajo o p\u00e1ginas de empleo en Internet, y tu empresa podr\u00e1 personalizarla f\u00e1cilmente.","og_url":"https:\/\/resources.workable.com\/es\/editor-fotografico-descripcion-del-puesto","og_site_name":"Recruiting Resources: How to Recruit and Hire Better","article_publisher":"https:\/\/business.facebook.com\/workable\/","article_published_time":"2020-01-08T11:09:29+00:00","article_modified_time":"2020-02-06T13:19:29+00:00","og_image":[{"url":"https:\/\/resources.workable.com\/wp-content\/uploads\/2016\/06\/photo-editor.jpg","type":"","width":"","height":""}],"author":"Christina Pavlou","twitter_card":"summary_large_image","twitter_creator":"@workable","twitter_site":"@workable","twitter_misc":{"Escrito por":"Christina Pavlou"},"schema":{"@context":"https:\/\/schema.org","@graph":[{"@type":"Article","@id":"https:\/\/resources.workable.com\/es\/editor-fotografico-descripcion-del-puesto#article","isPartOf":{"@id":"https:\/\/resources.workable.com\/es\/editor-fotografico-descripcion-del-puesto"},"author":{"name":"Christina Pavlou","@id":"https:\/\/resources.workable.com\/es\/#\/schema\/person\/b23289d8d63331621eee9e69103cd603"},"headline":"Descripci\u00f3n del puesto: Editor fotogr\u00e1fico&nbsp;(m\/h\/x)","datePublished":"2020-01-08T11:09:29+00:00","dateModified":"2020-02-06T13:19:29+00:00","mainEntityOfPage":{"@id":"https:\/\/resources.workable.com\/es\/editor-fotografico-descripcion-del-puesto"},"wordCount":92,"publisher":{"@id":"https:\/\/resources.workable.com\/es\/#organization"},"image":{"@id":"https:\/\/resources.workable.com\/es\/editor-fotografico-descripcion-del-puesto#primaryimage"},"thumbnailUrl":"https:\/\/resources.workable.com\/wp-content\/uploads\/2016\/06\/photo-editor.jpg","articleSection":["Descripciones de funciones","Descripciones de puestos en medios"],"inLanguage":"es"},{"@type":"WebPage","@id":"https:\/\/resources.workable.com\/es\/editor-fotografico-descripcion-del-puesto","url":"https:\/\/resources.workable.com\/es\/editor-fotografico-descripcion-del-puesto","name":"Plantilla de la descripci\u00f3n del puesto de editor fotogr\u00e1fico | Workable","isPartOf":{"@id":"https:\/\/resources.workable.com\/es\/#website"},"primaryImageOfPage":{"@id":"https:\/\/resources.workable.com\/es\/editor-fotografico-descripcion-del-puesto#primaryimage"},"image":{"@id":"https:\/\/resources.workable.com\/es\/editor-fotografico-descripcion-del-puesto#primaryimage"},"thumbnailUrl":"https:\/\/resources.workable.com\/wp-content\/uploads\/2016\/06\/photo-editor.jpg","datePublished":"2020-01-08T11:09:29+00:00","dateModified":"2020-02-06T13:19:29+00:00","description":"Esta plantilla de descripci\u00f3n del puesto de editor fotogr\u00e1fico est\u00e1 optimizada para su publicaci\u00f3n en bolsas de trabajo o p\u00e1ginas de empleo en Internet, y tu empresa podr\u00e1 personalizarla f\u00e1cilmente.","breadcrumb":{"@id":"https:\/\/resources.workable.com\/es\/editor-fotografico-descripcion-del-puesto#breadcrumb"},"inLanguage":"es","potentialAction":[{"@type":"ReadAction","target":["https:\/\/resources.workable.com\/es\/editor-fotografico-descripcion-del-puesto"]}]},{"@type":"ImageObject","inLanguage":"es","@id":"https:\/\/resources.workable.com\/es\/editor-fotografico-descripcion-del-puesto#primaryimage","url":"https:\/\/resources.workable.com\/wp-content\/uploads\/2016\/06\/photo-editor.jpg","contentUrl":"https:\/\/resources.workable.com\/wp-content\/uploads\/2016\/06\/photo-editor.jpg"},{"@type":"BreadcrumbList","@id":"https:\/\/resources.workable.com\/es\/editor-fotografico-descripcion-del-puesto#breadcrumb","itemListElement":[{"@type":"ListItem","position":1,"name":"Home","item":"https:\/\/resources.workable.com\/es\/"},{"@type":"ListItem","position":2,"name":"Descripci\u00f3n del puesto: Editor fotogr\u00e1fico&nbsp;(m\/h\/x)"}]},{"@type":"WebSite","@id":"https:\/\/resources.workable.com\/es\/#website","url":"https:\/\/resources.workable.com\/es\/","name":"Recruiting Resources: How to Recruit and Hire Better","description":"","publisher":{"@id":"https:\/\/resources.workable.com\/es\/#organization"},"potentialAction":[{"@type":"SearchAction","target":{"@type":"EntryPoint","urlTemplate":"https:\/\/resources.workable.com\/es\/?s={search_term_string}"},"query-input":{"@type":"PropertyValueSpecification","valueRequired":true,"valueName":"search_term_string"}}],"inLanguage":"es"},{"@type":"Organization","@id":"https:\/\/resources.workable.com\/es\/#organization","name":"Workable","url":"https:\/\/resources.workable.com\/es\/","logo":{"@type":"ImageObject","inLanguage":"es","@id":"https:\/\/resources.workable.com\/es\/#\/schema\/logo\/image\/","url":"https:\/\/resources.workable.com\/wp-content\/uploads\/2017\/12\/logo-green.png","contentUrl":"https:\/\/resources.workable.com\/wp-content\/uploads\/2017\/12\/logo-green.png","width":150,"height":25,"caption":"Workable"},"image":{"@id":"https:\/\/resources.workable.com\/es\/#\/schema\/logo\/image\/"},"sameAs":["https:\/\/business.facebook.com\/workable\/","https:\/\/x.com\/workable","https:\/\/www.linkedin.com\/company\/workable-hr\/"]},{"@type":"Person","@id":"https:\/\/resources.workable.com\/es\/#\/schema\/person\/b23289d8d63331621eee9e69103cd603","name":"Christina Pavlou","image":{"@type":"ImageObject","inLanguage":"es","@id":"https:\/\/secure.gravatar.com\/avatar\/9ed48272d268bb7071cf243f8d2dcaeaa1f26feca5ecd3fbed59e0378447bc49?s=96&d=mm&r=pg","url":"https:\/\/secure.gravatar.com\/avatar\/9ed48272d268bb7071cf243f8d2dcaeaa1f26feca5ecd3fbed59e0378447bc49?s=96&d=mm&r=pg","contentUrl":"https:\/\/secure.gravatar.com\/avatar\/9ed48272d268bb7071cf243f8d2dcaeaa1f26feca5ecd3fbed59e0378447bc49?s=96&d=mm&r=pg","caption":"Christina Pavlou"},"description":"Christina Pavlou was a writer at Workable for nearly four years, and previously a recruiter. She writes about diversity in the workplace and reports on the shape of things to come. You can find her on LinkedIn and Twitter.","url":"https:\/\/resources.workable.com\/es\/author\/christina\/"}]}},"modified_by":"Alexandra Marinaki","custom_fields":{"brief":"Estamos buscando un editor fotogr\u00e1fico talentoso que coordine las asignaciones y seleccione, edite y coloque las fotograf\u00edas en publicaciones impresas y web.\r\n\r\nEl candidato adecuado debe colaborar con los editores y los fot\u00f3grafos para decidir qu\u00e9 fotograf\u00edas se publicar\u00e1n y asegurar que se cumplan los plazos de entrega.\r\n\r\nPor \u00faltimo, debes ser capaz de crear contenidos fotogr\u00e1ficos que realcen el texto de una manera creativa.\r\n<h2><\/h2>","requirements":"<ul>\r\n \t<li>Experiencia laboral contrastada como editor fotogr\u00e1fico<\/li>\r\n \t<li>Experiencia s\u00f3lida en tecnolog\u00eda digital y paquetes de software de edici\u00f3n fotogr\u00e1fica (por ejemplo, Photoshop, Pixlr y Affinity Photo)<\/li>\r\n \t<li>S\u00f3lidas aptitudes de edici\u00f3n fotogr\u00e1fica y un cat\u00e1logo excelente<\/li>\r\n \t<li>Conocimiento en profundidad de la creaci\u00f3n de im\u00e1genes por ordenador, las t\u00e9cnicas fotogr\u00e1ficas, la gesti\u00f3n del estudio y la composici\u00f3n del color<\/li>\r\n \t<li>Mente creativa con buen ojo para los detalles y aptitudes narrativas<\/li>\r\n \t<li>Aptitudes de gesti\u00f3n del tiempo y liderazgo<\/li>\r\n \t<li>Grado en Fotograf\u00eda, Artes Visuales, Medios Digitales o un campo relacionado<\/li>\r\n<\/ul>","responsibilities":"<ul>\r\n \t<li>Coordinar el trabajo con el editor y los miembros del equipo para identificar las necesidades fotogr\u00e1ficas<\/li>\r\n \t<li>Asignar proyectos a los fot\u00f3grafos y controlar los plazos de entrega<\/li>\r\n \t<li>Revisar y editar fotograf\u00edas, y hacer los cambios necesarios<\/li>\r\n \t<li>Decidir qu\u00e9 im\u00e1genes se van a publicar<\/li>\r\n \t<li>Asegurar que todas las asignaciones est\u00e9n realizadas y editadas a tiempo para publicarlas<\/li>\r\n \t<li>Manipular las fotograf\u00edas para lograr la m\u00e1xima calidad con las herramientas adecuadas<\/li>\r\n \t<li>Asegurar que todo el equipo fotogr\u00e1fico se utilice correctamente y pedir suministros seg\u00fan sea necesario<\/li>\r\n \t<li>Cooperar con los editores, los fot\u00f3grafos y los representantes publicitarios y asesorarlos sobre proyectos futuros<\/li>\r\n \t<li>Mantenerse al d\u00eda de las nuevas tecnolog\u00edas de edici\u00f3n de im\u00e1genes<\/li>\r\n<\/ul>","see_more":""},"_links":{"self":[{"href":"https:\/\/resources.workable.com\/es\/wp-json\/wp\/v2\/posts\/54244","targetHints":{"allow":["GET"]}}],"collection":[{"href":"https:\/\/resources.workable.com\/es\/wp-json\/wp\/v2\/posts"}],"about":[{"href":"https:\/\/resources.workable.com\/es\/wp-json\/wp\/v2\/types\/post"}],"author":[{"embeddable":true,"href":"https:\/\/resources.workable.com\/es\/wp-json\/wp\/v2\/users\/41"}],"replies":[{"embeddable":true,"href":"https:\/\/resources.workable.com\/es\/wp-json\/wp\/v2\/comments?post=54244"}],"version-history":[{"count":0,"href":"https:\/\/resources.workable.com\/es\/wp-json\/wp\/v2\/posts\/54244\/revisions"}],"wp:attachment":[{"href":"https:\/\/resources.workable.com\/es\/wp-json\/wp\/v2\/media?parent=54244"}],"wp:term":[{"taxonomy":"category","embeddable":true,"href":"https:\/\/resources.workable.com\/es\/wp-json\/wp\/v2\/categories?post=54244"},{"taxonomy":"post_tag","embeddable":true,"href":"https:\/\/resources.workable.com\/es\/wp-json\/wp\/v2\/tags?post=54244"}],"curies":[{"name":"wp","href":"https:\/\/api.w.org\/{rel}","templated":true}]}}