{"id":50350,"date":"2020-01-08T11:08:01","date_gmt":"2020-01-08T11:08:01","guid":{"rendered":"https:\/\/resources.workable.com\/?p=50350"},"modified":"2020-02-06T13:17:50","modified_gmt":"2020-02-06T13:17:50","slug":"descripcion-del-puesto-gerente-regional-de-rr-hh-m-h-x","status":"publish","type":"post","link":"https:\/\/resources.workable.com\/es\/gerente-regional-de-rr-hh-descripcion-del-puesto","title":{"rendered":"Descripci\u00f3n del puesto: Gerente regional de RR.\u00a0HH.&nbsp;(m\/h\/x)"},"content":{"rendered":"<p>Utiliza esta plantilla de descripci\u00f3n del puesto de gerente regional de RR.\u00a0HH. para atraer y contratar a candidatos cualificados para tu departamento de RR. HH.<\/p>\n<h2>Las responsabilidades de un gerente regional de RR.\u00a0HH. incluyen:<\/h2>\n<ul>\n<li>Identificar necesidades de contrataci\u00f3n a corto y largo plazo<\/li>\n<li>Establecer est\u00e1ndares de rendimiento y evaluar a los equipos de RR.\u00a0HH. locales<\/li>\n<li>Dise\u00f1ar paquetes de compensaciones y beneficios para los empleados<\/li>\n<\/ul>\n<p><img loading=\"lazy\" decoding=\"async\" class=\"size-full wp-image-26884 alignnone\" src=\"https:\/\/resources.workable.com\/wp-content\/uploads\/2017\/10\/shutterstock_257365876.jpg\" alt=\"Descripci\u00f3n del puesto de gerente regional de RR.\u00a0HH.\" width=\"640\" height=\"230\" srcset=\"https:\/\/resources.workable.com\/wp-content\/uploads\/2017\/10\/shutterstock_257365876.jpg 640w, https:\/\/resources.workable.com\/wp-content\/uploads\/2017\/10\/shutterstock_257365876-200x72.jpg 200w, https:\/\/resources.workable.com\/wp-content\/uploads\/2017\/10\/shutterstock_257365876-560x201.jpg 560w\" sizes=\"auto, (max-width: 640px) 100vw, 640px\" \/><\/p>\n","protected":false},"excerpt":{"rendered":"<p>Utiliza esta plantilla de descripci\u00f3n del puesto de gerente regional de RR.\u00a0HH. para atraer y contratar a candidatos cualificados para tu departamento de RR. HH. Las responsabilidades de un gerente regional de RR.\u00a0HH. incluyen: Identificar necesidades de contrataci\u00f3n a corto y largo plazo Establecer est\u00e1ndares de rendimiento y evaluar a los equipos de RR.\u00a0HH. locales [&hellip;]<\/p>\n","protected":false},"author":41,"featured_media":0,"comment_status":"closed","ping_status":"closed","sticky":false,"template":"","format":"standard","meta":{"_acf_changed":false,"_lmt_disableupdate":"no","_lmt_disable":"","_has_post_settings":[],"footnotes":""},"categories":[1046,1285],"tags":[],"class_list":["post-50350","post","type-post","status-publish","format-standard","hentry","category-descripciones-de-funciones","category-descripciones-de-puestos-de-recursos-humanos-rr-hh"],"acf":[],"yoast_head":"<!-- This site is optimized with the Yoast SEO Premium plugin v27.4 (Yoast SEO v27.4) - https:\/\/yoast.com\/product\/yoast-seo-premium-wordpress\/ -->\n<title>Plantilla de descripci\u00f3n del puesto de gerente regional de RR.\u00a0HH. | Workable<\/title>\n<meta name=\"description\" content=\"Utiliza esta plantilla de descripci\u00f3n del puesto de gerente regional de RR.\u00a0HH. para atraer y contratar a candidatos cualificados para tu departamento de RR. HH.\" \/>\n<meta name=\"robots\" content=\"index, follow, max-snippet:-1, max-image-preview:large, max-video-preview:-1\" \/>\n<link rel=\"canonical\" href=\"https:\/\/resources.workable.com\/es\/gerente-regional-de-rr-hh-descripcion-del-puesto\/\" \/>\n<meta property=\"og:locale\" content=\"es_ES\" \/>\n<meta property=\"og:type\" content=\"article\" \/>\n<meta property=\"og:title\" content=\"Descripci\u00f3n del puesto: Gerente regional de RR.\u00a0HH. (m\/h\/x)\" \/>\n<meta property=\"og:description\" content=\"Utiliza esta plantilla de descripci\u00f3n del puesto de gerente regional de RR.\u00a0HH. para atraer y contratar a candidatos cualificados para tu departamento de RR. HH.\" \/>\n<meta property=\"og:url\" content=\"https:\/\/resources.workable.com\/es\/gerente-regional-de-rr-hh-descripcion-del-puesto\" \/>\n<meta property=\"og:site_name\" content=\"Recruiting Resources: How to Recruit and Hire Better\" \/>\n<meta property=\"article:publisher\" content=\"https:\/\/business.facebook.com\/workable\/\" \/>\n<meta property=\"article:published_time\" content=\"2020-01-08T11:08:01+00:00\" \/>\n<meta property=\"article:modified_time\" content=\"2020-02-06T13:17:50+00:00\" \/>\n<meta property=\"og:image\" content=\"https:\/\/resources.workable.com\/wp-content\/uploads\/2017\/10\/shutterstock_257365876.jpg\" \/>\n<meta name=\"author\" content=\"Christina Pavlou\" \/>\n<meta name=\"twitter:card\" content=\"summary_large_image\" \/>\n<meta name=\"twitter:creator\" content=\"@workable\" \/>\n<meta name=\"twitter:site\" content=\"@workable\" \/>\n<meta name=\"twitter:label1\" content=\"Escrito por\" \/>\n\t<meta name=\"twitter:data1\" content=\"Christina Pavlou\" \/>\n<script type=\"application\/ld+json\" class=\"yoast-schema-graph\">{\"@context\":\"https:\\\/\\\/schema.org\",\"@graph\":[{\"@type\":\"Article\",\"@id\":\"https:\\\/\\\/resources.workable.com\\\/es\\\/gerente-regional-de-rr-hh-descripcion-del-puesto#article\",\"isPartOf\":{\"@id\":\"https:\\\/\\\/resources.workable.com\\\/es\\\/gerente-regional-de-rr-hh-descripcion-del-puesto\"},\"author\":{\"name\":\"Christina Pavlou\",\"@id\":\"https:\\\/\\\/resources.workable.com\\\/es\\\/#\\\/schema\\\/person\\\/b23289d8d63331621eee9e69103cd603\"},\"headline\":\"Descripci\u00f3n del puesto: Gerente regional de RR.\u00a0HH.&nbsp;(m\\\/h\\\/x)\",\"datePublished\":\"2020-01-08T11:08:01+00:00\",\"dateModified\":\"2020-02-06T13:17:50+00:00\",\"mainEntityOfPage\":{\"@id\":\"https:\\\/\\\/resources.workable.com\\\/es\\\/gerente-regional-de-rr-hh-descripcion-del-puesto\"},\"wordCount\":83,\"publisher\":{\"@id\":\"https:\\\/\\\/resources.workable.com\\\/es\\\/#organization\"},\"image\":{\"@id\":\"https:\\\/\\\/resources.workable.com\\\/es\\\/gerente-regional-de-rr-hh-descripcion-del-puesto#primaryimage\"},\"thumbnailUrl\":\"https:\\\/\\\/resources.workable.com\\\/wp-content\\\/uploads\\\/2017\\\/10\\\/shutterstock_257365876.jpg\",\"articleSection\":[\"Descripciones de funciones\",\"Descripciones de puestos de Recursos Humanos (RR.\u00a0HH.)\"],\"inLanguage\":\"es\"},{\"@type\":\"WebPage\",\"@id\":\"https:\\\/\\\/resources.workable.com\\\/es\\\/gerente-regional-de-rr-hh-descripcion-del-puesto\",\"url\":\"https:\\\/\\\/resources.workable.com\\\/es\\\/gerente-regional-de-rr-hh-descripcion-del-puesto\",\"name\":\"Plantilla de descripci\u00f3n del puesto de gerente regional de RR.\u00a0HH. | Workable\",\"isPartOf\":{\"@id\":\"https:\\\/\\\/resources.workable.com\\\/es\\\/#website\"},\"primaryImageOfPage\":{\"@id\":\"https:\\\/\\\/resources.workable.com\\\/es\\\/gerente-regional-de-rr-hh-descripcion-del-puesto#primaryimage\"},\"image\":{\"@id\":\"https:\\\/\\\/resources.workable.com\\\/es\\\/gerente-regional-de-rr-hh-descripcion-del-puesto#primaryimage\"},\"thumbnailUrl\":\"https:\\\/\\\/resources.workable.com\\\/wp-content\\\/uploads\\\/2017\\\/10\\\/shutterstock_257365876.jpg\",\"datePublished\":\"2020-01-08T11:08:01+00:00\",\"dateModified\":\"2020-02-06T13:17:50+00:00\",\"description\":\"Utiliza esta plantilla de descripci\u00f3n del puesto de gerente regional de RR.\u00a0HH. para atraer y contratar a candidatos cualificados para tu departamento de RR. HH.\",\"breadcrumb\":{\"@id\":\"https:\\\/\\\/resources.workable.com\\\/es\\\/gerente-regional-de-rr-hh-descripcion-del-puesto#breadcrumb\"},\"inLanguage\":\"es\",\"potentialAction\":[{\"@type\":\"ReadAction\",\"target\":[\"https:\\\/\\\/resources.workable.com\\\/es\\\/gerente-regional-de-rr-hh-descripcion-del-puesto\"]}]},{\"@type\":\"ImageObject\",\"inLanguage\":\"es\",\"@id\":\"https:\\\/\\\/resources.workable.com\\\/es\\\/gerente-regional-de-rr-hh-descripcion-del-puesto#primaryimage\",\"url\":\"https:\\\/\\\/resources.workable.com\\\/wp-content\\\/uploads\\\/2017\\\/10\\\/shutterstock_257365876.jpg\",\"contentUrl\":\"https:\\\/\\\/resources.workable.com\\\/wp-content\\\/uploads\\\/2017\\\/10\\\/shutterstock_257365876.jpg\"},{\"@type\":\"BreadcrumbList\",\"@id\":\"https:\\\/\\\/resources.workable.com\\\/es\\\/gerente-regional-de-rr-hh-descripcion-del-puesto#breadcrumb\",\"itemListElement\":[{\"@type\":\"ListItem\",\"position\":1,\"name\":\"Home\",\"item\":\"https:\\\/\\\/resources.workable.com\\\/es\\\/\"},{\"@type\":\"ListItem\",\"position\":2,\"name\":\"Descripci\u00f3n del puesto: Gerente regional de RR.&nbsp;HH.&nbsp;(m\\\/h\\\/x)\"}]},{\"@type\":\"WebSite\",\"@id\":\"https:\\\/\\\/resources.workable.com\\\/es\\\/#website\",\"url\":\"https:\\\/\\\/resources.workable.com\\\/es\\\/\",\"name\":\"Recruiting Resources: How to Recruit and Hire Better\",\"description\":\"\",\"publisher\":{\"@id\":\"https:\\\/\\\/resources.workable.com\\\/es\\\/#organization\"},\"potentialAction\":[{\"@type\":\"SearchAction\",\"target\":{\"@type\":\"EntryPoint\",\"urlTemplate\":\"https:\\\/\\\/resources.workable.com\\\/es\\\/?s={search_term_string}\"},\"query-input\":{\"@type\":\"PropertyValueSpecification\",\"valueRequired\":true,\"valueName\":\"search_term_string\"}}],\"inLanguage\":\"es\"},{\"@type\":\"Organization\",\"@id\":\"https:\\\/\\\/resources.workable.com\\\/es\\\/#organization\",\"name\":\"Workable\",\"url\":\"https:\\\/\\\/resources.workable.com\\\/es\\\/\",\"logo\":{\"@type\":\"ImageObject\",\"inLanguage\":\"es\",\"@id\":\"https:\\\/\\\/resources.workable.com\\\/es\\\/#\\\/schema\\\/logo\\\/image\\\/\",\"url\":\"https:\\\/\\\/resources.workable.com\\\/wp-content\\\/uploads\\\/2017\\\/12\\\/logo-green.png\",\"contentUrl\":\"https:\\\/\\\/resources.workable.com\\\/wp-content\\\/uploads\\\/2017\\\/12\\\/logo-green.png\",\"width\":150,\"height\":25,\"caption\":\"Workable\"},\"image\":{\"@id\":\"https:\\\/\\\/resources.workable.com\\\/es\\\/#\\\/schema\\\/logo\\\/image\\\/\"},\"sameAs\":[\"https:\\\/\\\/business.facebook.com\\\/workable\\\/\",\"https:\\\/\\\/x.com\\\/workable\",\"https:\\\/\\\/www.linkedin.com\\\/company\\\/workable-hr\\\/\"]},{\"@type\":\"Person\",\"@id\":\"https:\\\/\\\/resources.workable.com\\\/es\\\/#\\\/schema\\\/person\\\/b23289d8d63331621eee9e69103cd603\",\"name\":\"Christina Pavlou\",\"image\":{\"@type\":\"ImageObject\",\"inLanguage\":\"es\",\"@id\":\"https:\\\/\\\/secure.gravatar.com\\\/avatar\\\/9ed48272d268bb7071cf243f8d2dcaeaa1f26feca5ecd3fbed59e0378447bc49?s=96&d=mm&r=pg\",\"url\":\"https:\\\/\\\/secure.gravatar.com\\\/avatar\\\/9ed48272d268bb7071cf243f8d2dcaeaa1f26feca5ecd3fbed59e0378447bc49?s=96&d=mm&r=pg\",\"contentUrl\":\"https:\\\/\\\/secure.gravatar.com\\\/avatar\\\/9ed48272d268bb7071cf243f8d2dcaeaa1f26feca5ecd3fbed59e0378447bc49?s=96&d=mm&r=pg\",\"caption\":\"Christina Pavlou\"},\"description\":\"Christina Pavlou was a writer at Workable for nearly four years, and previously a recruiter. She writes about diversity in the workplace and reports on the shape of things to come. You can find her on LinkedIn and Twitter.\",\"url\":\"https:\\\/\\\/resources.workable.com\\\/es\\\/author\\\/christina\\\/\"}]}<\/script>\n<!-- \/ Yoast SEO Premium plugin. -->","yoast_head_json":{"title":"Plantilla de descripci\u00f3n del puesto de gerente regional de RR.\u00a0HH. | Workable","description":"Utiliza esta plantilla de descripci\u00f3n del puesto de gerente regional de RR.\u00a0HH. para atraer y contratar a candidatos cualificados para tu departamento de RR. HH.","robots":{"index":"index","follow":"follow","max-snippet":"max-snippet:-1","max-image-preview":"max-image-preview:large","max-video-preview":"max-video-preview:-1"},"canonical":"https:\/\/resources.workable.com\/es\/gerente-regional-de-rr-hh-descripcion-del-puesto\/","og_locale":"es_ES","og_type":"article","og_title":"Descripci\u00f3n del puesto: Gerente regional de RR.\u00a0HH. (m\/h\/x)","og_description":"Utiliza esta plantilla de descripci\u00f3n del puesto de gerente regional de RR.\u00a0HH. para atraer y contratar a candidatos cualificados para tu departamento de RR. HH.","og_url":"https:\/\/resources.workable.com\/es\/gerente-regional-de-rr-hh-descripcion-del-puesto","og_site_name":"Recruiting Resources: How to Recruit and Hire Better","article_publisher":"https:\/\/business.facebook.com\/workable\/","article_published_time":"2020-01-08T11:08:01+00:00","article_modified_time":"2020-02-06T13:17:50+00:00","og_image":[{"url":"https:\/\/resources.workable.com\/wp-content\/uploads\/2017\/10\/shutterstock_257365876.jpg","type":"","width":"","height":""}],"author":"Christina Pavlou","twitter_card":"summary_large_image","twitter_creator":"@workable","twitter_site":"@workable","twitter_misc":{"Escrito por":"Christina Pavlou"},"schema":{"@context":"https:\/\/schema.org","@graph":[{"@type":"Article","@id":"https:\/\/resources.workable.com\/es\/gerente-regional-de-rr-hh-descripcion-del-puesto#article","isPartOf":{"@id":"https:\/\/resources.workable.com\/es\/gerente-regional-de-rr-hh-descripcion-del-puesto"},"author":{"name":"Christina Pavlou","@id":"https:\/\/resources.workable.com\/es\/#\/schema\/person\/b23289d8d63331621eee9e69103cd603"},"headline":"Descripci\u00f3n del puesto: Gerente regional de RR.\u00a0HH.&nbsp;(m\/h\/x)","datePublished":"2020-01-08T11:08:01+00:00","dateModified":"2020-02-06T13:17:50+00:00","mainEntityOfPage":{"@id":"https:\/\/resources.workable.com\/es\/gerente-regional-de-rr-hh-descripcion-del-puesto"},"wordCount":83,"publisher":{"@id":"https:\/\/resources.workable.com\/es\/#organization"},"image":{"@id":"https:\/\/resources.workable.com\/es\/gerente-regional-de-rr-hh-descripcion-del-puesto#primaryimage"},"thumbnailUrl":"https:\/\/resources.workable.com\/wp-content\/uploads\/2017\/10\/shutterstock_257365876.jpg","articleSection":["Descripciones de funciones","Descripciones de puestos de Recursos Humanos (RR.\u00a0HH.)"],"inLanguage":"es"},{"@type":"WebPage","@id":"https:\/\/resources.workable.com\/es\/gerente-regional-de-rr-hh-descripcion-del-puesto","url":"https:\/\/resources.workable.com\/es\/gerente-regional-de-rr-hh-descripcion-del-puesto","name":"Plantilla de descripci\u00f3n del puesto de gerente regional de RR.\u00a0HH. | Workable","isPartOf":{"@id":"https:\/\/resources.workable.com\/es\/#website"},"primaryImageOfPage":{"@id":"https:\/\/resources.workable.com\/es\/gerente-regional-de-rr-hh-descripcion-del-puesto#primaryimage"},"image":{"@id":"https:\/\/resources.workable.com\/es\/gerente-regional-de-rr-hh-descripcion-del-puesto#primaryimage"},"thumbnailUrl":"https:\/\/resources.workable.com\/wp-content\/uploads\/2017\/10\/shutterstock_257365876.jpg","datePublished":"2020-01-08T11:08:01+00:00","dateModified":"2020-02-06T13:17:50+00:00","description":"Utiliza esta plantilla de descripci\u00f3n del puesto de gerente regional de RR.\u00a0HH. para atraer y contratar a candidatos cualificados para tu departamento de RR. HH.","breadcrumb":{"@id":"https:\/\/resources.workable.com\/es\/gerente-regional-de-rr-hh-descripcion-del-puesto#breadcrumb"},"inLanguage":"es","potentialAction":[{"@type":"ReadAction","target":["https:\/\/resources.workable.com\/es\/gerente-regional-de-rr-hh-descripcion-del-puesto"]}]},{"@type":"ImageObject","inLanguage":"es","@id":"https:\/\/resources.workable.com\/es\/gerente-regional-de-rr-hh-descripcion-del-puesto#primaryimage","url":"https:\/\/resources.workable.com\/wp-content\/uploads\/2017\/10\/shutterstock_257365876.jpg","contentUrl":"https:\/\/resources.workable.com\/wp-content\/uploads\/2017\/10\/shutterstock_257365876.jpg"},{"@type":"BreadcrumbList","@id":"https:\/\/resources.workable.com\/es\/gerente-regional-de-rr-hh-descripcion-del-puesto#breadcrumb","itemListElement":[{"@type":"ListItem","position":1,"name":"Home","item":"https:\/\/resources.workable.com\/es\/"},{"@type":"ListItem","position":2,"name":"Descripci\u00f3n del puesto: Gerente regional de RR.&nbsp;HH.&nbsp;(m\/h\/x)"}]},{"@type":"WebSite","@id":"https:\/\/resources.workable.com\/es\/#website","url":"https:\/\/resources.workable.com\/es\/","name":"Recruiting Resources: How to Recruit and Hire Better","description":"","publisher":{"@id":"https:\/\/resources.workable.com\/es\/#organization"},"potentialAction":[{"@type":"SearchAction","target":{"@type":"EntryPoint","urlTemplate":"https:\/\/resources.workable.com\/es\/?s={search_term_string}"},"query-input":{"@type":"PropertyValueSpecification","valueRequired":true,"valueName":"search_term_string"}}],"inLanguage":"es"},{"@type":"Organization","@id":"https:\/\/resources.workable.com\/es\/#organization","name":"Workable","url":"https:\/\/resources.workable.com\/es\/","logo":{"@type":"ImageObject","inLanguage":"es","@id":"https:\/\/resources.workable.com\/es\/#\/schema\/logo\/image\/","url":"https:\/\/resources.workable.com\/wp-content\/uploads\/2017\/12\/logo-green.png","contentUrl":"https:\/\/resources.workable.com\/wp-content\/uploads\/2017\/12\/logo-green.png","width":150,"height":25,"caption":"Workable"},"image":{"@id":"https:\/\/resources.workable.com\/es\/#\/schema\/logo\/image\/"},"sameAs":["https:\/\/business.facebook.com\/workable\/","https:\/\/x.com\/workable","https:\/\/www.linkedin.com\/company\/workable-hr\/"]},{"@type":"Person","@id":"https:\/\/resources.workable.com\/es\/#\/schema\/person\/b23289d8d63331621eee9e69103cd603","name":"Christina Pavlou","image":{"@type":"ImageObject","inLanguage":"es","@id":"https:\/\/secure.gravatar.com\/avatar\/9ed48272d268bb7071cf243f8d2dcaeaa1f26feca5ecd3fbed59e0378447bc49?s=96&d=mm&r=pg","url":"https:\/\/secure.gravatar.com\/avatar\/9ed48272d268bb7071cf243f8d2dcaeaa1f26feca5ecd3fbed59e0378447bc49?s=96&d=mm&r=pg","contentUrl":"https:\/\/secure.gravatar.com\/avatar\/9ed48272d268bb7071cf243f8d2dcaeaa1f26feca5ecd3fbed59e0378447bc49?s=96&d=mm&r=pg","caption":"Christina Pavlou"},"description":"Christina Pavlou was a writer at Workable for nearly four years, and previously a recruiter. She writes about diversity in the workplace and reports on the shape of things to come. You can find her on LinkedIn and Twitter.","url":"https:\/\/resources.workable.com\/es\/author\/christina\/"}]}},"modified_by":"Christina Pavlou","custom_fields":{"brief":"Estamos buscando un gerente regional de RR.\u00a0HH. para supervisar el reclutamiento, compensaci\u00f3n y formaci\u00f3n de los empleados de nuestra divisi\u00f3n.\r\n\r\nAlgunas responsabilidades de un gerente regional de RR.\u00a0HH. son supervisar los equipos locales de RR.\u00a0HH., implementar pol\u00edticas de empresa y dise\u00f1ar los planes de compensaci\u00f3n y beneficios para los empleados. Para tener \u00e9xito en este puesto hay que tener buenos conocimientos de las normativas laborales locales y experiencia con software de gesti\u00f3n de Recursos Humanos.\r\n\r\nPor \u00faltimo, se asegurar\u00e1 de que creamos y mantenemos una s\u00f3lida marca como empleador local y regional.","requirements":"<ul>\r\n \t<li>Experiencia laboral demostrable como gerente regional de RR.\u00a0HH. o un puesto similar<\/li>\r\n \t<li>Conocimientos sobre el ciclo completo del reclutamiento<\/li>\r\n \t<li>Buenos conocimientos de las normativas laborales locales<\/li>\r\n \t<li>Experiencia pr\u00e1ctica con sistemas de n\u00f3minas y software de gesti\u00f3n de Recursos Humanos<\/li>\r\n \t<li>Excelentes capacidades comunicativas verbales y escritas<\/li>\r\n \t<li>Habilidades de liderazgo<\/li>\r\n \t<li>Grado en Gesti\u00f3n de Recursos Humanos o un campo relacionado<\/li>\r\n<\/ul>","responsibilities":"<ul>\r\n \t<li>Identificar necesidades de contrataci\u00f3n a corto y largo plazo<\/li>\r\n \t<li>Establecer est\u00e1ndares de rendimiento y evaluar a los equipos de RR.\u00a0HH. locales<\/li>\r\n \t<li>Dise\u00f1ar paquetes de compensaciones y beneficios para los empleados<\/li>\r\n \t<li>Definir procesos de incorporaci\u00f3n que se ajusten a la cultura de nuestra empresa<\/li>\r\n \t<li>Ayudar a organizar actividades de creaci\u00f3n de marca como empleador (p. ej., organizar un evento de reclutamiento)<\/li>\r\n \t<li>Determinar planes de formaci\u00f3n por empleado y departamento<\/li>\r\n \t<li>Preparar y gestionar el presupuesto de la divisi\u00f3n<\/li>\r\n \t<li>Hacer seguimiento de los KPI de reclutamiento y sugerir mejoras, si fuera necesario<\/li>\r\n \t<li>Dise\u00f1ar e implementar pol\u00edticas de empresa que cumplan con los objetivos de nuestra empresa<\/li>\r\n \t<li>Asegurarse de que toda las operaciones de RR.\u00a0HH. se ajustan a los est\u00e1ndares legales<\/li>\r\n \t<li>Apoyar al personal y los directivos en los problemas diarios<\/li>\r\n \t<li>Coordinarse con el gerente nacional de RR.\u00a0HH. para elaborar estrategias y objetivos para toda la organizaci\u00f3n<\/li>\r\n<\/ul>","see_more":""},"_links":{"self":[{"href":"https:\/\/resources.workable.com\/es\/wp-json\/wp\/v2\/posts\/50350","targetHints":{"allow":["GET"]}}],"collection":[{"href":"https:\/\/resources.workable.com\/es\/wp-json\/wp\/v2\/posts"}],"about":[{"href":"https:\/\/resources.workable.com\/es\/wp-json\/wp\/v2\/types\/post"}],"author":[{"embeddable":true,"href":"https:\/\/resources.workable.com\/es\/wp-json\/wp\/v2\/users\/41"}],"replies":[{"embeddable":true,"href":"https:\/\/resources.workable.com\/es\/wp-json\/wp\/v2\/comments?post=50350"}],"version-history":[{"count":0,"href":"https:\/\/resources.workable.com\/es\/wp-json\/wp\/v2\/posts\/50350\/revisions"}],"wp:attachment":[{"href":"https:\/\/resources.workable.com\/es\/wp-json\/wp\/v2\/media?parent=50350"}],"wp:term":[{"taxonomy":"category","embeddable":true,"href":"https:\/\/resources.workable.com\/es\/wp-json\/wp\/v2\/categories?post=50350"},{"taxonomy":"post_tag","embeddable":true,"href":"https:\/\/resources.workable.com\/es\/wp-json\/wp\/v2\/tags?post=50350"}],"curies":[{"name":"wp","href":"https:\/\/api.w.org\/{rel}","templated":true}]}}