{"id":47299,"date":"2020-01-08T11:06:50","date_gmt":"2020-01-08T11:06:50","guid":{"rendered":"https:\/\/resources.workable.com\/?p=47299"},"modified":"2020-02-06T13:17:42","modified_gmt":"2020-02-06T13:17:42","slug":"descripcion-del-puesto-director-adjunto-de-peluqueria-m-h-x","status":"publish","type":"post","link":"https:\/\/resources.workable.com\/es\/director-adjunto-de-peluqueria-descripcion-del-puesto","title":{"rendered":"Descripci\u00f3n del puesto: Director adjunto de peluquer\u00eda&nbsp;(m\/h\/x)"},"content":{"rendered":"<p>Utiliza esta plantilla de descripci\u00f3n del puesto de director adjunto de peluquer\u00eda para atraer a candidatos para puestos b\u00e1sicos en tu sal\u00f3n de peluquer\u00eda o spa.<\/p>\n<h2>Entre las responsabilidades del director adjunto de peluquer\u00eda se incluyen:<\/h2>\n<ul>\n<li>Garantizar el buen funcionamiento diario del sal\u00f3n<\/li>\n<li>Conversar con los clientes, conocer sus preferencias y crear buenas relaciones<\/li>\n<li>Preparar informes de ingresos semanales y mensuales<\/li>\n<\/ul>\n<p><img loading=\"lazy\" decoding=\"async\" class=\"size-full wp-image-28831 alignnone\" src=\"https:\/\/resources.workable.com\/wp-content\/uploads\/2017\/12\/shutterstock_188083781.jpg\" alt=\"Descripci\u00f3n del puesto de director adjunto de peluquer\u00eda\" width=\"640\" height=\"230\" srcset=\"https:\/\/resources.workable.com\/wp-content\/uploads\/2017\/12\/shutterstock_188083781.jpg 640w, https:\/\/resources.workable.com\/wp-content\/uploads\/2017\/12\/shutterstock_188083781-200x72.jpg 200w, https:\/\/resources.workable.com\/wp-content\/uploads\/2017\/12\/shutterstock_188083781-560x201.jpg 560w\" sizes=\"auto, (max-width: 640px) 100vw, 640px\" \/><\/p>\n","protected":false},"excerpt":{"rendered":"<p>Utiliza esta plantilla de descripci\u00f3n del puesto de director adjunto de peluquer\u00eda para atraer a candidatos para puestos b\u00e1sicos en tu sal\u00f3n de peluquer\u00eda o spa. Entre las responsabilidades del director adjunto de peluquer\u00eda se incluyen: Garantizar el buen funcionamiento diario del sal\u00f3n Conversar con los clientes, conocer sus preferencias y crear buenas relaciones Preparar [&hellip;]<\/p>\n","protected":false},"author":41,"featured_media":0,"comment_status":"closed","ping_status":"closed","sticky":false,"template":"","format":"standard","meta":{"_acf_changed":false,"_lmt_disableupdate":"no","_lmt_disable":"","_has_post_settings":[],"footnotes":""},"categories":[1046,1248],"tags":[],"class_list":["post-47299","post","type-post","status-publish","format-standard","hentry","category-descripciones-de-funciones","category-descripciones-de-puestos-del-sector-sanitario"],"acf":[],"yoast_head":"<!-- This site is optimized with the Yoast SEO Premium plugin v27.4 (Yoast SEO v27.4) - https:\/\/yoast.com\/product\/yoast-seo-premium-wordpress\/ -->\n<title>Plantilla de descripci\u00f3n del puesto de director adjunto de peluquer\u00eda | Workable<\/title>\n<meta name=\"description\" content=\"Utiliza esta plantilla de descripci\u00f3n del puesto de director adjunto de peluquer\u00eda para atraer a candidatos para puestos b\u00e1sicos en tu sal\u00f3n de peluquer\u00eda o spa.\" \/>\n<meta name=\"robots\" content=\"index, follow, max-snippet:-1, max-image-preview:large, max-video-preview:-1\" \/>\n<link rel=\"canonical\" href=\"https:\/\/resources.workable.com\/es\/director-adjunto-de-peluqueria-descripcion-del-puesto\/\" \/>\n<meta property=\"og:locale\" content=\"es_ES\" \/>\n<meta property=\"og:type\" content=\"article\" \/>\n<meta property=\"og:title\" content=\"Descripci\u00f3n del puesto: Director adjunto de peluquer\u00eda (m\/h\/x)\" \/>\n<meta property=\"og:description\" content=\"Utiliza esta plantilla de descripci\u00f3n del puesto de director adjunto de peluquer\u00eda para atraer a candidatos para puestos b\u00e1sicos en tu sal\u00f3n de peluquer\u00eda o spa.\" \/>\n<meta property=\"og:url\" content=\"https:\/\/resources.workable.com\/es\/director-adjunto-de-peluqueria-descripcion-del-puesto\" \/>\n<meta property=\"og:site_name\" content=\"Recruiting Resources: How to Recruit and Hire Better\" \/>\n<meta property=\"article:publisher\" content=\"https:\/\/business.facebook.com\/workable\/\" \/>\n<meta property=\"article:published_time\" content=\"2020-01-08T11:06:50+00:00\" \/>\n<meta property=\"article:modified_time\" content=\"2020-02-06T13:17:42+00:00\" \/>\n<meta property=\"og:image\" content=\"https:\/\/resources.workable.com\/wp-content\/uploads\/2017\/12\/shutterstock_188083781.jpg\" \/>\n<meta name=\"author\" content=\"Christina Pavlou\" \/>\n<meta name=\"twitter:card\" content=\"summary_large_image\" \/>\n<meta name=\"twitter:creator\" content=\"@workable\" \/>\n<meta name=\"twitter:site\" content=\"@workable\" \/>\n<meta name=\"twitter:label1\" content=\"Escrito por\" \/>\n\t<meta name=\"twitter:data1\" content=\"Christina Pavlou\" \/>\n<script type=\"application\/ld+json\" class=\"yoast-schema-graph\">{\"@context\":\"https:\\\/\\\/schema.org\",\"@graph\":[{\"@type\":\"Article\",\"@id\":\"https:\\\/\\\/resources.workable.com\\\/es\\\/director-adjunto-de-peluqueria-descripcion-del-puesto#article\",\"isPartOf\":{\"@id\":\"https:\\\/\\\/resources.workable.com\\\/es\\\/director-adjunto-de-peluqueria-descripcion-del-puesto\"},\"author\":{\"name\":\"Christina Pavlou\",\"@id\":\"https:\\\/\\\/resources.workable.com\\\/es\\\/#\\\/schema\\\/person\\\/b23289d8d63331621eee9e69103cd603\"},\"headline\":\"Descripci\u00f3n del puesto: Director adjunto de peluquer\u00eda&nbsp;(m\\\/h\\\/x)\",\"datePublished\":\"2020-01-08T11:06:50+00:00\",\"dateModified\":\"2020-02-06T13:17:42+00:00\",\"mainEntityOfPage\":{\"@id\":\"https:\\\/\\\/resources.workable.com\\\/es\\\/director-adjunto-de-peluqueria-descripcion-del-puesto\"},\"wordCount\":80,\"publisher\":{\"@id\":\"https:\\\/\\\/resources.workable.com\\\/es\\\/#organization\"},\"image\":{\"@id\":\"https:\\\/\\\/resources.workable.com\\\/es\\\/director-adjunto-de-peluqueria-descripcion-del-puesto#primaryimage\"},\"thumbnailUrl\":\"https:\\\/\\\/resources.workable.com\\\/wp-content\\\/uploads\\\/2017\\\/12\\\/shutterstock_188083781.jpg\",\"articleSection\":[\"Descripciones de funciones\",\"Descripciones de puestos del sector sanitario\"],\"inLanguage\":\"es\"},{\"@type\":\"WebPage\",\"@id\":\"https:\\\/\\\/resources.workable.com\\\/es\\\/director-adjunto-de-peluqueria-descripcion-del-puesto\",\"url\":\"https:\\\/\\\/resources.workable.com\\\/es\\\/director-adjunto-de-peluqueria-descripcion-del-puesto\",\"name\":\"Plantilla de descripci\u00f3n del puesto de director adjunto de peluquer\u00eda | Workable\",\"isPartOf\":{\"@id\":\"https:\\\/\\\/resources.workable.com\\\/es\\\/#website\"},\"primaryImageOfPage\":{\"@id\":\"https:\\\/\\\/resources.workable.com\\\/es\\\/director-adjunto-de-peluqueria-descripcion-del-puesto#primaryimage\"},\"image\":{\"@id\":\"https:\\\/\\\/resources.workable.com\\\/es\\\/director-adjunto-de-peluqueria-descripcion-del-puesto#primaryimage\"},\"thumbnailUrl\":\"https:\\\/\\\/resources.workable.com\\\/wp-content\\\/uploads\\\/2017\\\/12\\\/shutterstock_188083781.jpg\",\"datePublished\":\"2020-01-08T11:06:50+00:00\",\"dateModified\":\"2020-02-06T13:17:42+00:00\",\"description\":\"Utiliza esta plantilla de descripci\u00f3n del puesto de director adjunto de peluquer\u00eda para atraer a candidatos para puestos b\u00e1sicos en tu sal\u00f3n de peluquer\u00eda o spa.\",\"breadcrumb\":{\"@id\":\"https:\\\/\\\/resources.workable.com\\\/es\\\/director-adjunto-de-peluqueria-descripcion-del-puesto#breadcrumb\"},\"inLanguage\":\"es\",\"potentialAction\":[{\"@type\":\"ReadAction\",\"target\":[\"https:\\\/\\\/resources.workable.com\\\/es\\\/director-adjunto-de-peluqueria-descripcion-del-puesto\"]}]},{\"@type\":\"ImageObject\",\"inLanguage\":\"es\",\"@id\":\"https:\\\/\\\/resources.workable.com\\\/es\\\/director-adjunto-de-peluqueria-descripcion-del-puesto#primaryimage\",\"url\":\"https:\\\/\\\/resources.workable.com\\\/wp-content\\\/uploads\\\/2017\\\/12\\\/shutterstock_188083781.jpg\",\"contentUrl\":\"https:\\\/\\\/resources.workable.com\\\/wp-content\\\/uploads\\\/2017\\\/12\\\/shutterstock_188083781.jpg\"},{\"@type\":\"BreadcrumbList\",\"@id\":\"https:\\\/\\\/resources.workable.com\\\/es\\\/director-adjunto-de-peluqueria-descripcion-del-puesto#breadcrumb\",\"itemListElement\":[{\"@type\":\"ListItem\",\"position\":1,\"name\":\"Home\",\"item\":\"https:\\\/\\\/resources.workable.com\\\/es\\\/\"},{\"@type\":\"ListItem\",\"position\":2,\"name\":\"Descripci\u00f3n del puesto: Director adjunto de peluquer\u00eda&nbsp;(m\\\/h\\\/x)\"}]},{\"@type\":\"WebSite\",\"@id\":\"https:\\\/\\\/resources.workable.com\\\/es\\\/#website\",\"url\":\"https:\\\/\\\/resources.workable.com\\\/es\\\/\",\"name\":\"Recruiting Resources: How to Recruit and Hire Better\",\"description\":\"\",\"publisher\":{\"@id\":\"https:\\\/\\\/resources.workable.com\\\/es\\\/#organization\"},\"potentialAction\":[{\"@type\":\"SearchAction\",\"target\":{\"@type\":\"EntryPoint\",\"urlTemplate\":\"https:\\\/\\\/resources.workable.com\\\/es\\\/?s={search_term_string}\"},\"query-input\":{\"@type\":\"PropertyValueSpecification\",\"valueRequired\":true,\"valueName\":\"search_term_string\"}}],\"inLanguage\":\"es\"},{\"@type\":\"Organization\",\"@id\":\"https:\\\/\\\/resources.workable.com\\\/es\\\/#organization\",\"name\":\"Workable\",\"url\":\"https:\\\/\\\/resources.workable.com\\\/es\\\/\",\"logo\":{\"@type\":\"ImageObject\",\"inLanguage\":\"es\",\"@id\":\"https:\\\/\\\/resources.workable.com\\\/es\\\/#\\\/schema\\\/logo\\\/image\\\/\",\"url\":\"https:\\\/\\\/resources.workable.com\\\/wp-content\\\/uploads\\\/2017\\\/12\\\/logo-green.png\",\"contentUrl\":\"https:\\\/\\\/resources.workable.com\\\/wp-content\\\/uploads\\\/2017\\\/12\\\/logo-green.png\",\"width\":150,\"height\":25,\"caption\":\"Workable\"},\"image\":{\"@id\":\"https:\\\/\\\/resources.workable.com\\\/es\\\/#\\\/schema\\\/logo\\\/image\\\/\"},\"sameAs\":[\"https:\\\/\\\/business.facebook.com\\\/workable\\\/\",\"https:\\\/\\\/x.com\\\/workable\",\"https:\\\/\\\/www.linkedin.com\\\/company\\\/workable-hr\\\/\"]},{\"@type\":\"Person\",\"@id\":\"https:\\\/\\\/resources.workable.com\\\/es\\\/#\\\/schema\\\/person\\\/b23289d8d63331621eee9e69103cd603\",\"name\":\"Christina Pavlou\",\"image\":{\"@type\":\"ImageObject\",\"inLanguage\":\"es\",\"@id\":\"https:\\\/\\\/secure.gravatar.com\\\/avatar\\\/9ed48272d268bb7071cf243f8d2dcaeaa1f26feca5ecd3fbed59e0378447bc49?s=96&d=mm&r=pg\",\"url\":\"https:\\\/\\\/secure.gravatar.com\\\/avatar\\\/9ed48272d268bb7071cf243f8d2dcaeaa1f26feca5ecd3fbed59e0378447bc49?s=96&d=mm&r=pg\",\"contentUrl\":\"https:\\\/\\\/secure.gravatar.com\\\/avatar\\\/9ed48272d268bb7071cf243f8d2dcaeaa1f26feca5ecd3fbed59e0378447bc49?s=96&d=mm&r=pg\",\"caption\":\"Christina Pavlou\"},\"description\":\"Christina Pavlou was a writer at Workable for nearly four years, and previously a recruiter. She writes about diversity in the workplace and reports on the shape of things to come. You can find her on LinkedIn and Twitter.\",\"url\":\"https:\\\/\\\/resources.workable.com\\\/es\\\/author\\\/christina\\\/\"}]}<\/script>\n<!-- \/ Yoast SEO Premium plugin. -->","yoast_head_json":{"title":"Plantilla de descripci\u00f3n del puesto de director adjunto de peluquer\u00eda | Workable","description":"Utiliza esta plantilla de descripci\u00f3n del puesto de director adjunto de peluquer\u00eda para atraer a candidatos para puestos b\u00e1sicos en tu sal\u00f3n de peluquer\u00eda o spa.","robots":{"index":"index","follow":"follow","max-snippet":"max-snippet:-1","max-image-preview":"max-image-preview:large","max-video-preview":"max-video-preview:-1"},"canonical":"https:\/\/resources.workable.com\/es\/director-adjunto-de-peluqueria-descripcion-del-puesto\/","og_locale":"es_ES","og_type":"article","og_title":"Descripci\u00f3n del puesto: Director adjunto de peluquer\u00eda (m\/h\/x)","og_description":"Utiliza esta plantilla de descripci\u00f3n del puesto de director adjunto de peluquer\u00eda para atraer a candidatos para puestos b\u00e1sicos en tu sal\u00f3n de peluquer\u00eda o spa.","og_url":"https:\/\/resources.workable.com\/es\/director-adjunto-de-peluqueria-descripcion-del-puesto","og_site_name":"Recruiting Resources: How to Recruit and Hire Better","article_publisher":"https:\/\/business.facebook.com\/workable\/","article_published_time":"2020-01-08T11:06:50+00:00","article_modified_time":"2020-02-06T13:17:42+00:00","og_image":[{"url":"https:\/\/resources.workable.com\/wp-content\/uploads\/2017\/12\/shutterstock_188083781.jpg","type":"","width":"","height":""}],"author":"Christina Pavlou","twitter_card":"summary_large_image","twitter_creator":"@workable","twitter_site":"@workable","twitter_misc":{"Escrito por":"Christina Pavlou"},"schema":{"@context":"https:\/\/schema.org","@graph":[{"@type":"Article","@id":"https:\/\/resources.workable.com\/es\/director-adjunto-de-peluqueria-descripcion-del-puesto#article","isPartOf":{"@id":"https:\/\/resources.workable.com\/es\/director-adjunto-de-peluqueria-descripcion-del-puesto"},"author":{"name":"Christina Pavlou","@id":"https:\/\/resources.workable.com\/es\/#\/schema\/person\/b23289d8d63331621eee9e69103cd603"},"headline":"Descripci\u00f3n del puesto: Director adjunto de peluquer\u00eda&nbsp;(m\/h\/x)","datePublished":"2020-01-08T11:06:50+00:00","dateModified":"2020-02-06T13:17:42+00:00","mainEntityOfPage":{"@id":"https:\/\/resources.workable.com\/es\/director-adjunto-de-peluqueria-descripcion-del-puesto"},"wordCount":80,"publisher":{"@id":"https:\/\/resources.workable.com\/es\/#organization"},"image":{"@id":"https:\/\/resources.workable.com\/es\/director-adjunto-de-peluqueria-descripcion-del-puesto#primaryimage"},"thumbnailUrl":"https:\/\/resources.workable.com\/wp-content\/uploads\/2017\/12\/shutterstock_188083781.jpg","articleSection":["Descripciones de funciones","Descripciones de puestos del sector sanitario"],"inLanguage":"es"},{"@type":"WebPage","@id":"https:\/\/resources.workable.com\/es\/director-adjunto-de-peluqueria-descripcion-del-puesto","url":"https:\/\/resources.workable.com\/es\/director-adjunto-de-peluqueria-descripcion-del-puesto","name":"Plantilla de descripci\u00f3n del puesto de director adjunto de peluquer\u00eda | Workable","isPartOf":{"@id":"https:\/\/resources.workable.com\/es\/#website"},"primaryImageOfPage":{"@id":"https:\/\/resources.workable.com\/es\/director-adjunto-de-peluqueria-descripcion-del-puesto#primaryimage"},"image":{"@id":"https:\/\/resources.workable.com\/es\/director-adjunto-de-peluqueria-descripcion-del-puesto#primaryimage"},"thumbnailUrl":"https:\/\/resources.workable.com\/wp-content\/uploads\/2017\/12\/shutterstock_188083781.jpg","datePublished":"2020-01-08T11:06:50+00:00","dateModified":"2020-02-06T13:17:42+00:00","description":"Utiliza esta plantilla de descripci\u00f3n del puesto de director adjunto de peluquer\u00eda para atraer a candidatos para puestos b\u00e1sicos en tu sal\u00f3n de peluquer\u00eda o spa.","breadcrumb":{"@id":"https:\/\/resources.workable.com\/es\/director-adjunto-de-peluqueria-descripcion-del-puesto#breadcrumb"},"inLanguage":"es","potentialAction":[{"@type":"ReadAction","target":["https:\/\/resources.workable.com\/es\/director-adjunto-de-peluqueria-descripcion-del-puesto"]}]},{"@type":"ImageObject","inLanguage":"es","@id":"https:\/\/resources.workable.com\/es\/director-adjunto-de-peluqueria-descripcion-del-puesto#primaryimage","url":"https:\/\/resources.workable.com\/wp-content\/uploads\/2017\/12\/shutterstock_188083781.jpg","contentUrl":"https:\/\/resources.workable.com\/wp-content\/uploads\/2017\/12\/shutterstock_188083781.jpg"},{"@type":"BreadcrumbList","@id":"https:\/\/resources.workable.com\/es\/director-adjunto-de-peluqueria-descripcion-del-puesto#breadcrumb","itemListElement":[{"@type":"ListItem","position":1,"name":"Home","item":"https:\/\/resources.workable.com\/es\/"},{"@type":"ListItem","position":2,"name":"Descripci\u00f3n del puesto: Director adjunto de peluquer\u00eda&nbsp;(m\/h\/x)"}]},{"@type":"WebSite","@id":"https:\/\/resources.workable.com\/es\/#website","url":"https:\/\/resources.workable.com\/es\/","name":"Recruiting Resources: How to Recruit and Hire Better","description":"","publisher":{"@id":"https:\/\/resources.workable.com\/es\/#organization"},"potentialAction":[{"@type":"SearchAction","target":{"@type":"EntryPoint","urlTemplate":"https:\/\/resources.workable.com\/es\/?s={search_term_string}"},"query-input":{"@type":"PropertyValueSpecification","valueRequired":true,"valueName":"search_term_string"}}],"inLanguage":"es"},{"@type":"Organization","@id":"https:\/\/resources.workable.com\/es\/#organization","name":"Workable","url":"https:\/\/resources.workable.com\/es\/","logo":{"@type":"ImageObject","inLanguage":"es","@id":"https:\/\/resources.workable.com\/es\/#\/schema\/logo\/image\/","url":"https:\/\/resources.workable.com\/wp-content\/uploads\/2017\/12\/logo-green.png","contentUrl":"https:\/\/resources.workable.com\/wp-content\/uploads\/2017\/12\/logo-green.png","width":150,"height":25,"caption":"Workable"},"image":{"@id":"https:\/\/resources.workable.com\/es\/#\/schema\/logo\/image\/"},"sameAs":["https:\/\/business.facebook.com\/workable\/","https:\/\/x.com\/workable","https:\/\/www.linkedin.com\/company\/workable-hr\/"]},{"@type":"Person","@id":"https:\/\/resources.workable.com\/es\/#\/schema\/person\/b23289d8d63331621eee9e69103cd603","name":"Christina Pavlou","image":{"@type":"ImageObject","inLanguage":"es","@id":"https:\/\/secure.gravatar.com\/avatar\/9ed48272d268bb7071cf243f8d2dcaeaa1f26feca5ecd3fbed59e0378447bc49?s=96&d=mm&r=pg","url":"https:\/\/secure.gravatar.com\/avatar\/9ed48272d268bb7071cf243f8d2dcaeaa1f26feca5ecd3fbed59e0378447bc49?s=96&d=mm&r=pg","contentUrl":"https:\/\/secure.gravatar.com\/avatar\/9ed48272d268bb7071cf243f8d2dcaeaa1f26feca5ecd3fbed59e0378447bc49?s=96&d=mm&r=pg","caption":"Christina Pavlou"},"description":"Christina Pavlou was a writer at Workable for nearly four years, and previously a recruiter. She writes about diversity in the workplace and reports on the shape of things to come. You can find her on LinkedIn and Twitter.","url":"https:\/\/resources.workable.com\/es\/author\/christina\/"}]}},"modified_by":"Christina Pavlou","custom_fields":{"brief":"Buscamos un director adjunto de peluquer\u00eda para ayudar a dirigir nuestro sal\u00f3n y coordinar las actividades diarias.\r\n\r\nEntre las responsabilidades del director adjunto de peluquer\u00eda se incluyen recomendar descuentos, mantener actualizados los registros de gastos e ingresos, promocionar nuestro negocio en las redes sociales y gestionar los turnos de los estilistas. Para tener \u00e9xito en este puesto, debes tener inter\u00e9s por las tendencias de belleza y estar familiarizado con la actividad que desarrolla un sal\u00f3n de peluquer\u00eda.\r\n\r\nEn definitiva, nos ayudar\u00e1s a crear un sal\u00f3n de belleza rentable que ofrezca una experiencia de atenci\u00f3n al cliente de calidad.","requirements":"<ul>\r\n \t<li>Experiencia profesional como director adjunto de peluquer\u00eda o puesto similar en el sector de belleza<\/li>\r\n \t<li>Se valorar\u00e1 tener experiencia en atenci\u00f3n al cliente<\/li>\r\n \t<li>Estar al d\u00eda de las tendencias de cabello (p. ej., colores y peinados)<\/li>\r\n \t<li>Conocimientos b\u00e1sicos de Excel<\/li>\r\n \t<li>Capacidad para llevar los registros<\/li>\r\n \t<li>Notables dotes organizativas y capacidad para gestionar turnos y citas<\/li>\r\n \t<li>Familiaridad con las redes sociales<\/li>\r\n \t<li>Grado en Administraci\u00f3n de Empresas<\/li>\r\n \t<li>Se valorar\u00e1 una titulaci\u00f3n complementaria en Cosm\u00e9tica, Est\u00e9tica o campo relacionado<\/li>\r\n<\/ul>","responsibilities":"<ul>\r\n \t<li>Garantizar el buen funcionamiento diario del sal\u00f3n<\/li>\r\n \t<li>Conversar con los clientes, conocer sus preferencias y crear buenas relaciones<\/li>\r\n \t<li>Preparar informes de ingresos semanales y mensuales<\/li>\r\n \t<li>Controlar las existencias de productos de belleza y realizar pedidos de productos cuando sea necesario<\/li>\r\n \t<li>Supervisar los costes mensuales (p. ej., n\u00f3minas, productos para el cuidado del cabello, equipo)<\/li>\r\n \t<li>Organizar formaciones para los nuevos estilistas y recepcionistas<\/li>\r\n \t<li>Preparar los turnos diarios, en funci\u00f3n de la demanda y las citas programadas<\/li>\r\n \t<li>Ofrecer descuentos a los clientes fieles<\/li>\r\n \t<li>Anunciar nuestros servicios en las redes sociales<\/li>\r\n \t<li>Conocer la opini\u00f3n de nuestros clientes y asegurarse de que disfruten de una experiencia agradable en nuestro sal\u00f3n<\/li>\r\n \t<li>Recomendar promociones de temporada y paquetes de descuento para ampliar nuestra clientela<\/li>\r\n<\/ul>","see_more":""},"_links":{"self":[{"href":"https:\/\/resources.workable.com\/es\/wp-json\/wp\/v2\/posts\/47299","targetHints":{"allow":["GET"]}}],"collection":[{"href":"https:\/\/resources.workable.com\/es\/wp-json\/wp\/v2\/posts"}],"about":[{"href":"https:\/\/resources.workable.com\/es\/wp-json\/wp\/v2\/types\/post"}],"author":[{"embeddable":true,"href":"https:\/\/resources.workable.com\/es\/wp-json\/wp\/v2\/users\/41"}],"replies":[{"embeddable":true,"href":"https:\/\/resources.workable.com\/es\/wp-json\/wp\/v2\/comments?post=47299"}],"version-history":[{"count":0,"href":"https:\/\/resources.workable.com\/es\/wp-json\/wp\/v2\/posts\/47299\/revisions"}],"wp:attachment":[{"href":"https:\/\/resources.workable.com\/es\/wp-json\/wp\/v2\/media?parent=47299"}],"wp:term":[{"taxonomy":"category","embeddable":true,"href":"https:\/\/resources.workable.com\/es\/wp-json\/wp\/v2\/categories?post=47299"},{"taxonomy":"post_tag","embeddable":true,"href":"https:\/\/resources.workable.com\/es\/wp-json\/wp\/v2\/tags?post=47299"}],"curies":[{"name":"wp","href":"https:\/\/api.w.org\/{rel}","templated":true}]}}