{"id":44255,"date":"2020-01-08T11:05:49","date_gmt":"2020-01-08T11:05:49","guid":{"rendered":"https:\/\/resources.workable.com\/?p=44255"},"modified":"2020-02-06T13:17:51","modified_gmt":"2020-02-06T13:17:51","slug":"descripcion-del-puesto-formador-comercial-m-h-x","status":"publish","type":"post","link":"https:\/\/resources.workable.com\/es\/formador-comercial-descripcion-del-puesto","title":{"rendered":"Descripci\u00f3n del puesto: Formador comercial&nbsp;(m\/h\/x)"},"content":{"rendered":"<p>Utiliza esta plantilla de descripci\u00f3n del puesto de formador comercial para identificar candidatos cualificados que formen a tus vendedores.<\/p>\n<h2>Responsabilidades de un formador comercial<\/h2>\n<ul>\n<li>Realizar evaluaciones de carencias de capacidades para identificar \u00e1reas de mejora<\/li>\n<li>Dise\u00f1ar programas de capacitaci\u00f3n con limitaciones de tiempo y presupuesto<\/li>\n<li>Producir material educativo f\u00edsico y digital (p. ej., v\u00eddeos y casos pr\u00e1cticos)<\/li>\n<\/ul>\n<p><img loading=\"lazy\" decoding=\"async\" class=\"size-full wp-image-26467 alignnone\" src=\"https:\/\/resources.workable.com\/wp-content\/uploads\/2017\/10\/shutterstock_174484784.jpg\" alt=\"Descripci\u00f3n del puesto de entrenador de ventas\" width=\"640\" height=\"230\" srcset=\"https:\/\/resources.workable.com\/wp-content\/uploads\/2017\/10\/shutterstock_174484784.jpg 640w, https:\/\/resources.workable.com\/wp-content\/uploads\/2017\/10\/shutterstock_174484784-200x72.jpg 200w, https:\/\/resources.workable.com\/wp-content\/uploads\/2017\/10\/shutterstock_174484784-560x201.jpg 560w\" sizes=\"auto, (max-width: 640px) 100vw, 640px\" \/><\/p>\n","protected":false},"excerpt":{"rendered":"<p>Utiliza esta plantilla de descripci\u00f3n del puesto de formador comercial para identificar candidatos cualificados que formen a tus vendedores. Responsabilidades de un formador comercial Realizar evaluaciones de carencias de capacidades para identificar \u00e1reas de mejora Dise\u00f1ar programas de capacitaci\u00f3n con limitaciones de tiempo y presupuesto Producir material educativo f\u00edsico y digital (p. ej., v\u00eddeos y [&hellip;]<\/p>\n","protected":false},"author":41,"featured_media":0,"comment_status":"closed","ping_status":"closed","sticky":false,"template":"","format":"standard","meta":{"_acf_changed":false,"_lmt_disableupdate":"no","_lmt_disable":"","_has_post_settings":[],"footnotes":""},"categories":[1046,1218],"tags":[],"class_list":["post-44255","post","type-post","status-publish","format-standard","hentry","category-descripciones-de-funciones","category-descripciones-de-puestos-de-capacitacion-corporativa"],"acf":[],"yoast_head":"<!-- This site is optimized with the Yoast SEO Premium plugin v27.4 (Yoast SEO v27.4) - https:\/\/yoast.com\/product\/yoast-seo-premium-wordpress\/ -->\n<title>Plantilla de descripci\u00f3n del puesto de formador comercial | Workable<\/title>\n<meta name=\"description\" content=\"Utiliza esta plantilla de descripci\u00f3n del puesto de formador comercial para identificar candidatos cualificados que formen a tus vendedores.\" \/>\n<meta name=\"robots\" content=\"index, follow, max-snippet:-1, max-image-preview:large, max-video-preview:-1\" \/>\n<link rel=\"canonical\" href=\"https:\/\/resources.workable.com\/es\/formador-comercial-descripcion-del-puesto\/\" \/>\n<meta property=\"og:locale\" content=\"es_ES\" \/>\n<meta property=\"og:type\" content=\"article\" \/>\n<meta property=\"og:title\" content=\"Descripci\u00f3n del puesto: Formador comercial (m\/h\/x)\" \/>\n<meta property=\"og:description\" content=\"Utiliza esta plantilla de descripci\u00f3n del puesto de formador comercial para identificar candidatos cualificados que formen a tus vendedores.\" \/>\n<meta property=\"og:url\" content=\"https:\/\/resources.workable.com\/es\/formador-comercial-descripcion-del-puesto\" \/>\n<meta property=\"og:site_name\" content=\"Recruiting Resources: How to Recruit and Hire Better\" \/>\n<meta property=\"article:publisher\" content=\"https:\/\/business.facebook.com\/workable\/\" \/>\n<meta property=\"article:published_time\" content=\"2020-01-08T11:05:49+00:00\" \/>\n<meta property=\"article:modified_time\" content=\"2020-02-06T13:17:51+00:00\" \/>\n<meta property=\"og:image\" content=\"https:\/\/resources.workable.com\/wp-content\/uploads\/2017\/10\/shutterstock_174484784.jpg\" \/>\n<meta name=\"author\" content=\"Christina Pavlou\" \/>\n<meta name=\"twitter:card\" content=\"summary_large_image\" \/>\n<meta name=\"twitter:creator\" content=\"@workable\" \/>\n<meta name=\"twitter:site\" content=\"@workable\" \/>\n<meta name=\"twitter:label1\" content=\"Escrito por\" \/>\n\t<meta name=\"twitter:data1\" content=\"Christina Pavlou\" \/>\n<script type=\"application\/ld+json\" class=\"yoast-schema-graph\">{\"@context\":\"https:\\\/\\\/schema.org\",\"@graph\":[{\"@type\":\"Article\",\"@id\":\"https:\\\/\\\/resources.workable.com\\\/es\\\/formador-comercial-descripcion-del-puesto#article\",\"isPartOf\":{\"@id\":\"https:\\\/\\\/resources.workable.com\\\/es\\\/formador-comercial-descripcion-del-puesto\"},\"author\":{\"name\":\"Christina Pavlou\",\"@id\":\"https:\\\/\\\/resources.workable.com\\\/es\\\/#\\\/schema\\\/person\\\/b23289d8d63331621eee9e69103cd603\"},\"headline\":\"Descripci\u00f3n del puesto: Formador comercial&nbsp;(m\\\/h\\\/x)\",\"datePublished\":\"2020-01-08T11:05:49+00:00\",\"dateModified\":\"2020-02-06T13:17:51+00:00\",\"mainEntityOfPage\":{\"@id\":\"https:\\\/\\\/resources.workable.com\\\/es\\\/formador-comercial-descripcion-del-puesto\"},\"wordCount\":72,\"publisher\":{\"@id\":\"https:\\\/\\\/resources.workable.com\\\/es\\\/#organization\"},\"image\":{\"@id\":\"https:\\\/\\\/resources.workable.com\\\/es\\\/formador-comercial-descripcion-del-puesto#primaryimage\"},\"thumbnailUrl\":\"https:\\\/\\\/resources.workable.com\\\/wp-content\\\/uploads\\\/2017\\\/10\\\/shutterstock_174484784.jpg\",\"articleSection\":[\"Descripciones de funciones\",\"Descripciones de puestos de capacitaci\u00f3n corporativa\"],\"inLanguage\":\"es\"},{\"@type\":\"WebPage\",\"@id\":\"https:\\\/\\\/resources.workable.com\\\/es\\\/formador-comercial-descripcion-del-puesto\",\"url\":\"https:\\\/\\\/resources.workable.com\\\/es\\\/formador-comercial-descripcion-del-puesto\",\"name\":\"Plantilla de descripci\u00f3n del puesto de formador comercial | Workable\",\"isPartOf\":{\"@id\":\"https:\\\/\\\/resources.workable.com\\\/es\\\/#website\"},\"primaryImageOfPage\":{\"@id\":\"https:\\\/\\\/resources.workable.com\\\/es\\\/formador-comercial-descripcion-del-puesto#primaryimage\"},\"image\":{\"@id\":\"https:\\\/\\\/resources.workable.com\\\/es\\\/formador-comercial-descripcion-del-puesto#primaryimage\"},\"thumbnailUrl\":\"https:\\\/\\\/resources.workable.com\\\/wp-content\\\/uploads\\\/2017\\\/10\\\/shutterstock_174484784.jpg\",\"datePublished\":\"2020-01-08T11:05:49+00:00\",\"dateModified\":\"2020-02-06T13:17:51+00:00\",\"description\":\"Utiliza esta plantilla de descripci\u00f3n del puesto de formador comercial para identificar candidatos cualificados que formen a tus vendedores.\",\"breadcrumb\":{\"@id\":\"https:\\\/\\\/resources.workable.com\\\/es\\\/formador-comercial-descripcion-del-puesto#breadcrumb\"},\"inLanguage\":\"es\",\"potentialAction\":[{\"@type\":\"ReadAction\",\"target\":[\"https:\\\/\\\/resources.workable.com\\\/es\\\/formador-comercial-descripcion-del-puesto\"]}]},{\"@type\":\"ImageObject\",\"inLanguage\":\"es\",\"@id\":\"https:\\\/\\\/resources.workable.com\\\/es\\\/formador-comercial-descripcion-del-puesto#primaryimage\",\"url\":\"https:\\\/\\\/resources.workable.com\\\/wp-content\\\/uploads\\\/2017\\\/10\\\/shutterstock_174484784.jpg\",\"contentUrl\":\"https:\\\/\\\/resources.workable.com\\\/wp-content\\\/uploads\\\/2017\\\/10\\\/shutterstock_174484784.jpg\"},{\"@type\":\"BreadcrumbList\",\"@id\":\"https:\\\/\\\/resources.workable.com\\\/es\\\/formador-comercial-descripcion-del-puesto#breadcrumb\",\"itemListElement\":[{\"@type\":\"ListItem\",\"position\":1,\"name\":\"Home\",\"item\":\"https:\\\/\\\/resources.workable.com\\\/es\\\/\"},{\"@type\":\"ListItem\",\"position\":2,\"name\":\"Descripci\u00f3n del puesto: Formador comercial&nbsp;(m\\\/h\\\/x)\"}]},{\"@type\":\"WebSite\",\"@id\":\"https:\\\/\\\/resources.workable.com\\\/es\\\/#website\",\"url\":\"https:\\\/\\\/resources.workable.com\\\/es\\\/\",\"name\":\"Recruiting Resources: How to Recruit and Hire Better\",\"description\":\"\",\"publisher\":{\"@id\":\"https:\\\/\\\/resources.workable.com\\\/es\\\/#organization\"},\"potentialAction\":[{\"@type\":\"SearchAction\",\"target\":{\"@type\":\"EntryPoint\",\"urlTemplate\":\"https:\\\/\\\/resources.workable.com\\\/es\\\/?s={search_term_string}\"},\"query-input\":{\"@type\":\"PropertyValueSpecification\",\"valueRequired\":true,\"valueName\":\"search_term_string\"}}],\"inLanguage\":\"es\"},{\"@type\":\"Organization\",\"@id\":\"https:\\\/\\\/resources.workable.com\\\/es\\\/#organization\",\"name\":\"Workable\",\"url\":\"https:\\\/\\\/resources.workable.com\\\/es\\\/\",\"logo\":{\"@type\":\"ImageObject\",\"inLanguage\":\"es\",\"@id\":\"https:\\\/\\\/resources.workable.com\\\/es\\\/#\\\/schema\\\/logo\\\/image\\\/\",\"url\":\"https:\\\/\\\/resources.workable.com\\\/wp-content\\\/uploads\\\/2017\\\/12\\\/logo-green.png\",\"contentUrl\":\"https:\\\/\\\/resources.workable.com\\\/wp-content\\\/uploads\\\/2017\\\/12\\\/logo-green.png\",\"width\":150,\"height\":25,\"caption\":\"Workable\"},\"image\":{\"@id\":\"https:\\\/\\\/resources.workable.com\\\/es\\\/#\\\/schema\\\/logo\\\/image\\\/\"},\"sameAs\":[\"https:\\\/\\\/business.facebook.com\\\/workable\\\/\",\"https:\\\/\\\/x.com\\\/workable\",\"https:\\\/\\\/www.linkedin.com\\\/company\\\/workable-hr\\\/\"]},{\"@type\":\"Person\",\"@id\":\"https:\\\/\\\/resources.workable.com\\\/es\\\/#\\\/schema\\\/person\\\/b23289d8d63331621eee9e69103cd603\",\"name\":\"Christina Pavlou\",\"image\":{\"@type\":\"ImageObject\",\"inLanguage\":\"es\",\"@id\":\"https:\\\/\\\/secure.gravatar.com\\\/avatar\\\/9ed48272d268bb7071cf243f8d2dcaeaa1f26feca5ecd3fbed59e0378447bc49?s=96&d=mm&r=pg\",\"url\":\"https:\\\/\\\/secure.gravatar.com\\\/avatar\\\/9ed48272d268bb7071cf243f8d2dcaeaa1f26feca5ecd3fbed59e0378447bc49?s=96&d=mm&r=pg\",\"contentUrl\":\"https:\\\/\\\/secure.gravatar.com\\\/avatar\\\/9ed48272d268bb7071cf243f8d2dcaeaa1f26feca5ecd3fbed59e0378447bc49?s=96&d=mm&r=pg\",\"caption\":\"Christina Pavlou\"},\"description\":\"Christina Pavlou was a writer at Workable for nearly four years, and previously a recruiter. She writes about diversity in the workplace and reports on the shape of things to come. You can find her on LinkedIn and Twitter.\",\"url\":\"https:\\\/\\\/resources.workable.com\\\/es\\\/author\\\/christina\\\/\"}]}<\/script>\n<!-- \/ Yoast SEO Premium plugin. -->","yoast_head_json":{"title":"Plantilla de descripci\u00f3n del puesto de formador comercial | Workable","description":"Utiliza esta plantilla de descripci\u00f3n del puesto de formador comercial para identificar candidatos cualificados que formen a tus vendedores.","robots":{"index":"index","follow":"follow","max-snippet":"max-snippet:-1","max-image-preview":"max-image-preview:large","max-video-preview":"max-video-preview:-1"},"canonical":"https:\/\/resources.workable.com\/es\/formador-comercial-descripcion-del-puesto\/","og_locale":"es_ES","og_type":"article","og_title":"Descripci\u00f3n del puesto: Formador comercial (m\/h\/x)","og_description":"Utiliza esta plantilla de descripci\u00f3n del puesto de formador comercial para identificar candidatos cualificados que formen a tus vendedores.","og_url":"https:\/\/resources.workable.com\/es\/formador-comercial-descripcion-del-puesto","og_site_name":"Recruiting Resources: How to Recruit and Hire Better","article_publisher":"https:\/\/business.facebook.com\/workable\/","article_published_time":"2020-01-08T11:05:49+00:00","article_modified_time":"2020-02-06T13:17:51+00:00","og_image":[{"url":"https:\/\/resources.workable.com\/wp-content\/uploads\/2017\/10\/shutterstock_174484784.jpg","type":"","width":"","height":""}],"author":"Christina Pavlou","twitter_card":"summary_large_image","twitter_creator":"@workable","twitter_site":"@workable","twitter_misc":{"Escrito por":"Christina Pavlou"},"schema":{"@context":"https:\/\/schema.org","@graph":[{"@type":"Article","@id":"https:\/\/resources.workable.com\/es\/formador-comercial-descripcion-del-puesto#article","isPartOf":{"@id":"https:\/\/resources.workable.com\/es\/formador-comercial-descripcion-del-puesto"},"author":{"name":"Christina Pavlou","@id":"https:\/\/resources.workable.com\/es\/#\/schema\/person\/b23289d8d63331621eee9e69103cd603"},"headline":"Descripci\u00f3n del puesto: Formador comercial&nbsp;(m\/h\/x)","datePublished":"2020-01-08T11:05:49+00:00","dateModified":"2020-02-06T13:17:51+00:00","mainEntityOfPage":{"@id":"https:\/\/resources.workable.com\/es\/formador-comercial-descripcion-del-puesto"},"wordCount":72,"publisher":{"@id":"https:\/\/resources.workable.com\/es\/#organization"},"image":{"@id":"https:\/\/resources.workable.com\/es\/formador-comercial-descripcion-del-puesto#primaryimage"},"thumbnailUrl":"https:\/\/resources.workable.com\/wp-content\/uploads\/2017\/10\/shutterstock_174484784.jpg","articleSection":["Descripciones de funciones","Descripciones de puestos de capacitaci\u00f3n corporativa"],"inLanguage":"es"},{"@type":"WebPage","@id":"https:\/\/resources.workable.com\/es\/formador-comercial-descripcion-del-puesto","url":"https:\/\/resources.workable.com\/es\/formador-comercial-descripcion-del-puesto","name":"Plantilla de descripci\u00f3n del puesto de formador comercial | Workable","isPartOf":{"@id":"https:\/\/resources.workable.com\/es\/#website"},"primaryImageOfPage":{"@id":"https:\/\/resources.workable.com\/es\/formador-comercial-descripcion-del-puesto#primaryimage"},"image":{"@id":"https:\/\/resources.workable.com\/es\/formador-comercial-descripcion-del-puesto#primaryimage"},"thumbnailUrl":"https:\/\/resources.workable.com\/wp-content\/uploads\/2017\/10\/shutterstock_174484784.jpg","datePublished":"2020-01-08T11:05:49+00:00","dateModified":"2020-02-06T13:17:51+00:00","description":"Utiliza esta plantilla de descripci\u00f3n del puesto de formador comercial para identificar candidatos cualificados que formen a tus vendedores.","breadcrumb":{"@id":"https:\/\/resources.workable.com\/es\/formador-comercial-descripcion-del-puesto#breadcrumb"},"inLanguage":"es","potentialAction":[{"@type":"ReadAction","target":["https:\/\/resources.workable.com\/es\/formador-comercial-descripcion-del-puesto"]}]},{"@type":"ImageObject","inLanguage":"es","@id":"https:\/\/resources.workable.com\/es\/formador-comercial-descripcion-del-puesto#primaryimage","url":"https:\/\/resources.workable.com\/wp-content\/uploads\/2017\/10\/shutterstock_174484784.jpg","contentUrl":"https:\/\/resources.workable.com\/wp-content\/uploads\/2017\/10\/shutterstock_174484784.jpg"},{"@type":"BreadcrumbList","@id":"https:\/\/resources.workable.com\/es\/formador-comercial-descripcion-del-puesto#breadcrumb","itemListElement":[{"@type":"ListItem","position":1,"name":"Home","item":"https:\/\/resources.workable.com\/es\/"},{"@type":"ListItem","position":2,"name":"Descripci\u00f3n del puesto: Formador comercial&nbsp;(m\/h\/x)"}]},{"@type":"WebSite","@id":"https:\/\/resources.workable.com\/es\/#website","url":"https:\/\/resources.workable.com\/es\/","name":"Recruiting Resources: How to Recruit and Hire Better","description":"","publisher":{"@id":"https:\/\/resources.workable.com\/es\/#organization"},"potentialAction":[{"@type":"SearchAction","target":{"@type":"EntryPoint","urlTemplate":"https:\/\/resources.workable.com\/es\/?s={search_term_string}"},"query-input":{"@type":"PropertyValueSpecification","valueRequired":true,"valueName":"search_term_string"}}],"inLanguage":"es"},{"@type":"Organization","@id":"https:\/\/resources.workable.com\/es\/#organization","name":"Workable","url":"https:\/\/resources.workable.com\/es\/","logo":{"@type":"ImageObject","inLanguage":"es","@id":"https:\/\/resources.workable.com\/es\/#\/schema\/logo\/image\/","url":"https:\/\/resources.workable.com\/wp-content\/uploads\/2017\/12\/logo-green.png","contentUrl":"https:\/\/resources.workable.com\/wp-content\/uploads\/2017\/12\/logo-green.png","width":150,"height":25,"caption":"Workable"},"image":{"@id":"https:\/\/resources.workable.com\/es\/#\/schema\/logo\/image\/"},"sameAs":["https:\/\/business.facebook.com\/workable\/","https:\/\/x.com\/workable","https:\/\/www.linkedin.com\/company\/workable-hr\/"]},{"@type":"Person","@id":"https:\/\/resources.workable.com\/es\/#\/schema\/person\/b23289d8d63331621eee9e69103cd603","name":"Christina Pavlou","image":{"@type":"ImageObject","inLanguage":"es","@id":"https:\/\/secure.gravatar.com\/avatar\/9ed48272d268bb7071cf243f8d2dcaeaa1f26feca5ecd3fbed59e0378447bc49?s=96&d=mm&r=pg","url":"https:\/\/secure.gravatar.com\/avatar\/9ed48272d268bb7071cf243f8d2dcaeaa1f26feca5ecd3fbed59e0378447bc49?s=96&d=mm&r=pg","contentUrl":"https:\/\/secure.gravatar.com\/avatar\/9ed48272d268bb7071cf243f8d2dcaeaa1f26feca5ecd3fbed59e0378447bc49?s=96&d=mm&r=pg","caption":"Christina Pavlou"},"description":"Christina Pavlou was a writer at Workable for nearly four years, and previously a recruiter. She writes about diversity in the workplace and reports on the shape of things to come. You can find her on LinkedIn and Twitter.","url":"https:\/\/resources.workable.com\/es\/author\/christina\/"}]}},"modified_by":null,"custom_fields":{"brief":"Buscamos un formador comercial para dise\u00f1ar y ofrecer programas educativos dirigidos a nuestros equipos de ventas.\r\n\r\nEntre las responsabilidades de un formador comercial se incluyen la realizaci\u00f3n de an\u00e1lisis de carencias de capacidades, la preparaci\u00f3n de material did\u00e1ctico y la evaluaci\u00f3n de los resultados despu\u00e9s de cada sesi\u00f3n de capacitaci\u00f3n. En este puesto, trabajar\u00e1s en estrecha colaboraci\u00f3n con nuestros vendedores para identificar los retos que afrontan en el trabajo y recomendar formas de aumentar la productividad.\r\n\r\nEn definitiva, ayudar\u00e1s a aumentar el rendimiento general de nuestros equipos de ventas y garantizar\u00e1s que tengan las capacidades necesarias para alcanzar sus objetivos.","requirements":"<ul>\r\n \t<li>Experiencia laboral demostrable como formador comercial o en un puesto similar<\/li>\r\n \t<li>Se valorar\u00e1 tener experiencia en puestos de venta<\/li>\r\n \t<li>Habilidad para gestionar el ciclo completo de capacitaci\u00f3n, incluidas las actividades presenciales y el aprendizaje basado en la web<\/li>\r\n \t<li>Experiencia pr\u00e1ctica con plataformas de aprendizaje virtual<\/li>\r\n \t<li>Excelentes capacidades organizativas<\/li>\r\n \t<li>S\u00f3lidas habilidades de comunicaci\u00f3n y presentaci\u00f3n<\/li>\r\n \t<li>Grado en Magisterio, Recursos Humanos o un campo pertinente<\/li>\r\n \t<li>Se valorar\u00e1 estar en posesi\u00f3n de un certificado adicional en capacitaci\u00f3n<\/li>\r\n<\/ul>","responsibilities":"<ul>\r\n \t<li>Realizar evaluaciones de carencias de capacidades para identificar \u00e1reas de mejora<\/li>\r\n \t<li>Dise\u00f1ar programas de capacitaci\u00f3n con limitaciones de tiempo y presupuesto<\/li>\r\n \t<li>Producir material educativo f\u00edsico y digital (p. ej., v\u00eddeos y casos pr\u00e1cticos)<\/li>\r\n \t<li>Incorporar a los nuevos vendedores<\/li>\r\n \t<li>Coordinar sesiones de revisi\u00f3n del desempe\u00f1o individual y del equipo para comentar los puntos fuertes y flojos<\/li>\r\n \t<li>Controlar los objetivos y resultados de ventas<\/li>\r\n \t<li>Recopilar comentarios y opiniones de los alumnos y directores acerca de los cursos de capacitaci\u00f3n<\/li>\r\n \t<li>Elaborar informes sobre el impacto de los programas de capacitaci\u00f3n (p. ej., ventas conseguidas)<\/li>\r\n \t<li>Mantener contacto con capacitadores externos o profesionales del sector y organizar seminarios<\/li>\r\n \t<li>Mantener registros actualizados del material, los planes de estudio y los costes de la capacitaci\u00f3n<\/li>\r\n<\/ul>","see_more":""},"_links":{"self":[{"href":"https:\/\/resources.workable.com\/es\/wp-json\/wp\/v2\/posts\/44255","targetHints":{"allow":["GET"]}}],"collection":[{"href":"https:\/\/resources.workable.com\/es\/wp-json\/wp\/v2\/posts"}],"about":[{"href":"https:\/\/resources.workable.com\/es\/wp-json\/wp\/v2\/types\/post"}],"author":[{"embeddable":true,"href":"https:\/\/resources.workable.com\/es\/wp-json\/wp\/v2\/users\/41"}],"replies":[{"embeddable":true,"href":"https:\/\/resources.workable.com\/es\/wp-json\/wp\/v2\/comments?post=44255"}],"version-history":[{"count":0,"href":"https:\/\/resources.workable.com\/es\/wp-json\/wp\/v2\/posts\/44255\/revisions"}],"wp:attachment":[{"href":"https:\/\/resources.workable.com\/es\/wp-json\/wp\/v2\/media?parent=44255"}],"wp:term":[{"taxonomy":"category","embeddable":true,"href":"https:\/\/resources.workable.com\/es\/wp-json\/wp\/v2\/categories?post=44255"},{"taxonomy":"post_tag","embeddable":true,"href":"https:\/\/resources.workable.com\/es\/wp-json\/wp\/v2\/tags?post=44255"}],"curies":[{"name":"wp","href":"https:\/\/api.w.org\/{rel}","templated":true}]}}