{"id":44100,"date":"2020-01-08T11:05:47","date_gmt":"2020-01-08T11:05:47","guid":{"rendered":"https:\/\/resources.workable.com\/?p=44100"},"modified":"2020-02-06T13:18:38","modified_gmt":"2020-02-06T13:18:38","slug":"descripcion-del-puesto-gestor-de-capacitaciones-m-h-x","status":"publish","type":"post","link":"https:\/\/resources.workable.com\/es\/gestor-de-capacitaciones-descripcion-del-puesto","title":{"rendered":"Descripci\u00f3n del puesto: Gestor de capacitaciones&nbsp;(m\/h\/x)"},"content":{"rendered":"<p>Esta plantilla de descripci\u00f3n del puesto de gestor de capacitaciones est\u00e1 optimizada para su publicaci\u00f3n en bolsas de trabajo y p\u00e1ginas de empleo en Internet, y tu empresa podr\u00e1 personalizarla f\u00e1cilmente. Otros puestos similares ser\u00edan los de gerente de capacitaci\u00f3n y desarrollo y <a href=\"https:\/\/resources.workable.com\/learning-development-manager-job-description\">gerente de aprendizaje y desarrollo<\/a>.<\/p>\n<p><strong>Responsabilidades de un gestor de capacitaciones<\/strong><\/p>\n<ul>\n<li>Participar el la creaci\u00f3n e implementaci\u00f3n de programas de capacitaci\u00f3n<\/li>\n<li>Reservar y organizar las aulas e instalaciones de capacitaci\u00f3n<\/li>\n<li>Gestionar los programas, los registros y las cuentas por cobrar<\/li>\n<\/ul>\n<p><img loading=\"lazy\" decoding=\"async\" class=\"alignnone size-full wp-image-9434\" src=\"https:\/\/resources.workable.com\/wp-content\/uploads\/2017\/03\/training-administrator-shutterstock_284518844.jpg\" alt=\"descripci\u00f3n del puesto de gestor de capacitaciones\" width=\"640\" height=\"230\" srcset=\"https:\/\/resources.workable.com\/wp-content\/uploads\/2017\/03\/training-administrator-shutterstock_284518844.jpg 640w, https:\/\/resources.workable.com\/wp-content\/uploads\/2017\/03\/training-administrator-shutterstock_284518844-200x72.jpg 200w, https:\/\/resources.workable.com\/wp-content\/uploads\/2017\/03\/training-administrator-shutterstock_284518844-560x201.jpg 560w\" sizes=\"auto, (max-width: 640px) 100vw, 640px\" \/><\/p>\n","protected":false},"excerpt":{"rendered":"<p>Esta plantilla de descripci\u00f3n del puesto de gestor de capacitaciones est\u00e1 optimizada para su publicaci\u00f3n en bolsas de trabajo y p\u00e1ginas de empleo en Internet, y tu empresa podr\u00e1 personalizarla f\u00e1cilmente. Otros puestos similares ser\u00edan los de gerente de capacitaci\u00f3n y desarrollo y gerente de aprendizaje y desarrollo. Responsabilidades de un gestor de capacitaciones Participar [&hellip;]<\/p>\n","protected":false},"author":28,"featured_media":0,"comment_status":"closed","ping_status":"closed","sticky":false,"template":"","format":"standard","meta":{"_acf_changed":false,"_lmt_disableupdate":"no","_lmt_disable":"","_has_post_settings":[],"footnotes":""},"categories":[1046,1218],"tags":[],"class_list":["post-44100","post","type-post","status-publish","format-standard","hentry","category-descripciones-de-funciones","category-descripciones-de-puestos-de-capacitacion-corporativa"],"acf":[],"yoast_head":"<!-- This site is optimized with the Yoast SEO Premium plugin v27.4 (Yoast SEO v27.4) - https:\/\/yoast.com\/product\/yoast-seo-premium-wordpress\/ -->\n<title>Plantilla de descripci\u00f3n del puesto de gestor de capacitaciones | Workable<\/title>\n<meta name=\"description\" content=\"Esta plantilla de descripci\u00f3n del puesto de gestor de capacitaciones contiene las funciones y responsabilidades clave de este puesto. Util\u00edzala para encontrar candidatos para puestos de aprendizaje y desarrollo o de capacitaci\u00f3n.\" \/>\n<meta name=\"robots\" content=\"index, follow, max-snippet:-1, max-image-preview:large, max-video-preview:-1\" \/>\n<link rel=\"canonical\" href=\"https:\/\/resources.workable.com\/es\/gestor-de-capacitaciones-descripcion-del-puesto\/\" \/>\n<meta property=\"og:locale\" content=\"es_ES\" \/>\n<meta property=\"og:type\" content=\"article\" \/>\n<meta property=\"og:title\" content=\"Descripci\u00f3n del puesto: Gestor de capacitaciones (m\/h\/x)\" \/>\n<meta property=\"og:description\" content=\"Esta plantilla de descripci\u00f3n del puesto de gestor de capacitaciones contiene las funciones y responsabilidades clave de este puesto. Util\u00edzala para encontrar candidatos para puestos de aprendizaje y desarrollo o de capacitaci\u00f3n.\" \/>\n<meta property=\"og:url\" content=\"https:\/\/resources.workable.com\/es\/gestor-de-capacitaciones-descripcion-del-puesto\" \/>\n<meta property=\"og:site_name\" content=\"Recruiting Resources: How to Recruit and Hire Better\" \/>\n<meta property=\"article:publisher\" content=\"https:\/\/business.facebook.com\/workable\/\" \/>\n<meta property=\"article:published_time\" content=\"2020-01-08T11:05:47+00:00\" \/>\n<meta property=\"article:modified_time\" content=\"2020-02-06T13:18:38+00:00\" \/>\n<meta property=\"og:image\" content=\"https:\/\/resources.workable.com\/wp-content\/uploads\/2017\/03\/training-administrator-shutterstock_284518844.jpg\" \/>\n<meta name=\"author\" content=\"Nikoletta Bika\" \/>\n<meta name=\"twitter:card\" content=\"summary_large_image\" \/>\n<meta name=\"twitter:creator\" content=\"@workable\" \/>\n<meta name=\"twitter:site\" content=\"@workable\" \/>\n<meta name=\"twitter:label1\" content=\"Escrito por\" \/>\n\t<meta name=\"twitter:data1\" content=\"Nikoletta Bika\" \/>\n<script type=\"application\/ld+json\" class=\"yoast-schema-graph\">{\"@context\":\"https:\\\/\\\/schema.org\",\"@graph\":[{\"@type\":\"Article\",\"@id\":\"https:\\\/\\\/resources.workable.com\\\/es\\\/gestor-de-capacitaciones-descripcion-del-puesto#article\",\"isPartOf\":{\"@id\":\"https:\\\/\\\/resources.workable.com\\\/es\\\/gestor-de-capacitaciones-descripcion-del-puesto\"},\"author\":{\"name\":\"Nikoletta Bika\",\"@id\":\"https:\\\/\\\/resources.workable.com\\\/es\\\/#\\\/schema\\\/person\\\/bddaa2e41481e7c9ef2328432ea089e7\"},\"headline\":\"Descripci\u00f3n del puesto: Gestor de capacitaciones&nbsp;(m\\\/h\\\/x)\",\"datePublished\":\"2020-01-08T11:05:47+00:00\",\"dateModified\":\"2020-02-06T13:18:38+00:00\",\"mainEntityOfPage\":{\"@id\":\"https:\\\/\\\/resources.workable.com\\\/es\\\/gestor-de-capacitaciones-descripcion-del-puesto\"},\"wordCount\":103,\"publisher\":{\"@id\":\"https:\\\/\\\/resources.workable.com\\\/es\\\/#organization\"},\"image\":{\"@id\":\"https:\\\/\\\/resources.workable.com\\\/es\\\/gestor-de-capacitaciones-descripcion-del-puesto#primaryimage\"},\"thumbnailUrl\":\"https:\\\/\\\/resources.workable.com\\\/wp-content\\\/uploads\\\/2017\\\/03\\\/training-administrator-shutterstock_284518844.jpg\",\"articleSection\":[\"Descripciones de funciones\",\"Descripciones de puestos de capacitaci\u00f3n corporativa\"],\"inLanguage\":\"es\"},{\"@type\":\"WebPage\",\"@id\":\"https:\\\/\\\/resources.workable.com\\\/es\\\/gestor-de-capacitaciones-descripcion-del-puesto\",\"url\":\"https:\\\/\\\/resources.workable.com\\\/es\\\/gestor-de-capacitaciones-descripcion-del-puesto\",\"name\":\"Plantilla de descripci\u00f3n del puesto de gestor de capacitaciones | Workable\",\"isPartOf\":{\"@id\":\"https:\\\/\\\/resources.workable.com\\\/es\\\/#website\"},\"primaryImageOfPage\":{\"@id\":\"https:\\\/\\\/resources.workable.com\\\/es\\\/gestor-de-capacitaciones-descripcion-del-puesto#primaryimage\"},\"image\":{\"@id\":\"https:\\\/\\\/resources.workable.com\\\/es\\\/gestor-de-capacitaciones-descripcion-del-puesto#primaryimage\"},\"thumbnailUrl\":\"https:\\\/\\\/resources.workable.com\\\/wp-content\\\/uploads\\\/2017\\\/03\\\/training-administrator-shutterstock_284518844.jpg\",\"datePublished\":\"2020-01-08T11:05:47+00:00\",\"dateModified\":\"2020-02-06T13:18:38+00:00\",\"description\":\"Esta plantilla de descripci\u00f3n del puesto de gestor de capacitaciones contiene las funciones y responsabilidades clave de este puesto. Util\u00edzala para encontrar candidatos para puestos de aprendizaje y desarrollo o de capacitaci\u00f3n.\",\"breadcrumb\":{\"@id\":\"https:\\\/\\\/resources.workable.com\\\/es\\\/gestor-de-capacitaciones-descripcion-del-puesto#breadcrumb\"},\"inLanguage\":\"es\",\"potentialAction\":[{\"@type\":\"ReadAction\",\"target\":[\"https:\\\/\\\/resources.workable.com\\\/es\\\/gestor-de-capacitaciones-descripcion-del-puesto\"]}]},{\"@type\":\"ImageObject\",\"inLanguage\":\"es\",\"@id\":\"https:\\\/\\\/resources.workable.com\\\/es\\\/gestor-de-capacitaciones-descripcion-del-puesto#primaryimage\",\"url\":\"https:\\\/\\\/resources.workable.com\\\/wp-content\\\/uploads\\\/2017\\\/03\\\/training-administrator-shutterstock_284518844.jpg\",\"contentUrl\":\"https:\\\/\\\/resources.workable.com\\\/wp-content\\\/uploads\\\/2017\\\/03\\\/training-administrator-shutterstock_284518844.jpg\"},{\"@type\":\"BreadcrumbList\",\"@id\":\"https:\\\/\\\/resources.workable.com\\\/es\\\/gestor-de-capacitaciones-descripcion-del-puesto#breadcrumb\",\"itemListElement\":[{\"@type\":\"ListItem\",\"position\":1,\"name\":\"Home\",\"item\":\"https:\\\/\\\/resources.workable.com\\\/es\\\/\"},{\"@type\":\"ListItem\",\"position\":2,\"name\":\"Descripci\u00f3n del puesto: Gestor de capacitaciones&nbsp;(m\\\/h\\\/x)\"}]},{\"@type\":\"WebSite\",\"@id\":\"https:\\\/\\\/resources.workable.com\\\/es\\\/#website\",\"url\":\"https:\\\/\\\/resources.workable.com\\\/es\\\/\",\"name\":\"Recruiting Resources: How to Recruit and Hire Better\",\"description\":\"\",\"publisher\":{\"@id\":\"https:\\\/\\\/resources.workable.com\\\/es\\\/#organization\"},\"potentialAction\":[{\"@type\":\"SearchAction\",\"target\":{\"@type\":\"EntryPoint\",\"urlTemplate\":\"https:\\\/\\\/resources.workable.com\\\/es\\\/?s={search_term_string}\"},\"query-input\":{\"@type\":\"PropertyValueSpecification\",\"valueRequired\":true,\"valueName\":\"search_term_string\"}}],\"inLanguage\":\"es\"},{\"@type\":\"Organization\",\"@id\":\"https:\\\/\\\/resources.workable.com\\\/es\\\/#organization\",\"name\":\"Workable\",\"url\":\"https:\\\/\\\/resources.workable.com\\\/es\\\/\",\"logo\":{\"@type\":\"ImageObject\",\"inLanguage\":\"es\",\"@id\":\"https:\\\/\\\/resources.workable.com\\\/es\\\/#\\\/schema\\\/logo\\\/image\\\/\",\"url\":\"https:\\\/\\\/resources.workable.com\\\/wp-content\\\/uploads\\\/2017\\\/12\\\/logo-green.png\",\"contentUrl\":\"https:\\\/\\\/resources.workable.com\\\/wp-content\\\/uploads\\\/2017\\\/12\\\/logo-green.png\",\"width\":150,\"height\":25,\"caption\":\"Workable\"},\"image\":{\"@id\":\"https:\\\/\\\/resources.workable.com\\\/es\\\/#\\\/schema\\\/logo\\\/image\\\/\"},\"sameAs\":[\"https:\\\/\\\/business.facebook.com\\\/workable\\\/\",\"https:\\\/\\\/x.com\\\/workable\",\"https:\\\/\\\/www.linkedin.com\\\/company\\\/workable-hr\\\/\"]},{\"@type\":\"Person\",\"@id\":\"https:\\\/\\\/resources.workable.com\\\/es\\\/#\\\/schema\\\/person\\\/bddaa2e41481e7c9ef2328432ea089e7\",\"name\":\"Nikoletta Bika\",\"image\":{\"@type\":\"ImageObject\",\"inLanguage\":\"es\",\"@id\":\"https:\\\/\\\/secure.gravatar.com\\\/avatar\\\/777bf31309608e9152307199dd8aa97ff19f24849526f1b2b50f11b9ea40fca3?s=96&d=mm&r=pg\",\"url\":\"https:\\\/\\\/secure.gravatar.com\\\/avatar\\\/777bf31309608e9152307199dd8aa97ff19f24849526f1b2b50f11b9ea40fca3?s=96&d=mm&r=pg\",\"contentUrl\":\"https:\\\/\\\/secure.gravatar.com\\\/avatar\\\/777bf31309608e9152307199dd8aa97ff19f24849526f1b2b50f11b9ea40fca3?s=96&d=mm&r=pg\",\"caption\":\"Nikoletta Bika\"},\"description\":\"Nikoletta Bika was a senior writer at Workable for nearly four and a half years. She holds an MSc in HR and has written extensively about all things HR and recruiting, with a particular interest in bias, data, technology, legal compliance, and the future of work. She hates meaningless jargon and dreams about space travel.\",\"sameAs\":[\"http:\\\/\\\/workable.com\"],\"url\":\"https:\\\/\\\/resources.workable.com\\\/es\\\/author\\\/nikoletta-bika\\\/\"}]}<\/script>\n<!-- \/ Yoast SEO Premium plugin. -->","yoast_head_json":{"title":"Plantilla de descripci\u00f3n del puesto de gestor de capacitaciones | Workable","description":"Esta plantilla de descripci\u00f3n del puesto de gestor de capacitaciones contiene las funciones y responsabilidades clave de este puesto. Util\u00edzala para encontrar candidatos para puestos de aprendizaje y desarrollo o de capacitaci\u00f3n.","robots":{"index":"index","follow":"follow","max-snippet":"max-snippet:-1","max-image-preview":"max-image-preview:large","max-video-preview":"max-video-preview:-1"},"canonical":"https:\/\/resources.workable.com\/es\/gestor-de-capacitaciones-descripcion-del-puesto\/","og_locale":"es_ES","og_type":"article","og_title":"Descripci\u00f3n del puesto: Gestor de capacitaciones (m\/h\/x)","og_description":"Esta plantilla de descripci\u00f3n del puesto de gestor de capacitaciones contiene las funciones y responsabilidades clave de este puesto. Util\u00edzala para encontrar candidatos para puestos de aprendizaje y desarrollo o de capacitaci\u00f3n.","og_url":"https:\/\/resources.workable.com\/es\/gestor-de-capacitaciones-descripcion-del-puesto","og_site_name":"Recruiting Resources: How to Recruit and Hire Better","article_publisher":"https:\/\/business.facebook.com\/workable\/","article_published_time":"2020-01-08T11:05:47+00:00","article_modified_time":"2020-02-06T13:18:38+00:00","og_image":[{"url":"https:\/\/resources.workable.com\/wp-content\/uploads\/2017\/03\/training-administrator-shutterstock_284518844.jpg","type":"","width":"","height":""}],"author":"Nikoletta Bika","twitter_card":"summary_large_image","twitter_creator":"@workable","twitter_site":"@workable","twitter_misc":{"Escrito por":"Nikoletta Bika"},"schema":{"@context":"https:\/\/schema.org","@graph":[{"@type":"Article","@id":"https:\/\/resources.workable.com\/es\/gestor-de-capacitaciones-descripcion-del-puesto#article","isPartOf":{"@id":"https:\/\/resources.workable.com\/es\/gestor-de-capacitaciones-descripcion-del-puesto"},"author":{"name":"Nikoletta Bika","@id":"https:\/\/resources.workable.com\/es\/#\/schema\/person\/bddaa2e41481e7c9ef2328432ea089e7"},"headline":"Descripci\u00f3n del puesto: Gestor de capacitaciones&nbsp;(m\/h\/x)","datePublished":"2020-01-08T11:05:47+00:00","dateModified":"2020-02-06T13:18:38+00:00","mainEntityOfPage":{"@id":"https:\/\/resources.workable.com\/es\/gestor-de-capacitaciones-descripcion-del-puesto"},"wordCount":103,"publisher":{"@id":"https:\/\/resources.workable.com\/es\/#organization"},"image":{"@id":"https:\/\/resources.workable.com\/es\/gestor-de-capacitaciones-descripcion-del-puesto#primaryimage"},"thumbnailUrl":"https:\/\/resources.workable.com\/wp-content\/uploads\/2017\/03\/training-administrator-shutterstock_284518844.jpg","articleSection":["Descripciones de funciones","Descripciones de puestos de capacitaci\u00f3n corporativa"],"inLanguage":"es"},{"@type":"WebPage","@id":"https:\/\/resources.workable.com\/es\/gestor-de-capacitaciones-descripcion-del-puesto","url":"https:\/\/resources.workable.com\/es\/gestor-de-capacitaciones-descripcion-del-puesto","name":"Plantilla de descripci\u00f3n del puesto de gestor de capacitaciones | Workable","isPartOf":{"@id":"https:\/\/resources.workable.com\/es\/#website"},"primaryImageOfPage":{"@id":"https:\/\/resources.workable.com\/es\/gestor-de-capacitaciones-descripcion-del-puesto#primaryimage"},"image":{"@id":"https:\/\/resources.workable.com\/es\/gestor-de-capacitaciones-descripcion-del-puesto#primaryimage"},"thumbnailUrl":"https:\/\/resources.workable.com\/wp-content\/uploads\/2017\/03\/training-administrator-shutterstock_284518844.jpg","datePublished":"2020-01-08T11:05:47+00:00","dateModified":"2020-02-06T13:18:38+00:00","description":"Esta plantilla de descripci\u00f3n del puesto de gestor de capacitaciones contiene las funciones y responsabilidades clave de este puesto. Util\u00edzala para encontrar candidatos para puestos de aprendizaje y desarrollo o de capacitaci\u00f3n.","breadcrumb":{"@id":"https:\/\/resources.workable.com\/es\/gestor-de-capacitaciones-descripcion-del-puesto#breadcrumb"},"inLanguage":"es","potentialAction":[{"@type":"ReadAction","target":["https:\/\/resources.workable.com\/es\/gestor-de-capacitaciones-descripcion-del-puesto"]}]},{"@type":"ImageObject","inLanguage":"es","@id":"https:\/\/resources.workable.com\/es\/gestor-de-capacitaciones-descripcion-del-puesto#primaryimage","url":"https:\/\/resources.workable.com\/wp-content\/uploads\/2017\/03\/training-administrator-shutterstock_284518844.jpg","contentUrl":"https:\/\/resources.workable.com\/wp-content\/uploads\/2017\/03\/training-administrator-shutterstock_284518844.jpg"},{"@type":"BreadcrumbList","@id":"https:\/\/resources.workable.com\/es\/gestor-de-capacitaciones-descripcion-del-puesto#breadcrumb","itemListElement":[{"@type":"ListItem","position":1,"name":"Home","item":"https:\/\/resources.workable.com\/es\/"},{"@type":"ListItem","position":2,"name":"Descripci\u00f3n del puesto: Gestor de capacitaciones&nbsp;(m\/h\/x)"}]},{"@type":"WebSite","@id":"https:\/\/resources.workable.com\/es\/#website","url":"https:\/\/resources.workable.com\/es\/","name":"Recruiting Resources: How to Recruit and Hire Better","description":"","publisher":{"@id":"https:\/\/resources.workable.com\/es\/#organization"},"potentialAction":[{"@type":"SearchAction","target":{"@type":"EntryPoint","urlTemplate":"https:\/\/resources.workable.com\/es\/?s={search_term_string}"},"query-input":{"@type":"PropertyValueSpecification","valueRequired":true,"valueName":"search_term_string"}}],"inLanguage":"es"},{"@type":"Organization","@id":"https:\/\/resources.workable.com\/es\/#organization","name":"Workable","url":"https:\/\/resources.workable.com\/es\/","logo":{"@type":"ImageObject","inLanguage":"es","@id":"https:\/\/resources.workable.com\/es\/#\/schema\/logo\/image\/","url":"https:\/\/resources.workable.com\/wp-content\/uploads\/2017\/12\/logo-green.png","contentUrl":"https:\/\/resources.workable.com\/wp-content\/uploads\/2017\/12\/logo-green.png","width":150,"height":25,"caption":"Workable"},"image":{"@id":"https:\/\/resources.workable.com\/es\/#\/schema\/logo\/image\/"},"sameAs":["https:\/\/business.facebook.com\/workable\/","https:\/\/x.com\/workable","https:\/\/www.linkedin.com\/company\/workable-hr\/"]},{"@type":"Person","@id":"https:\/\/resources.workable.com\/es\/#\/schema\/person\/bddaa2e41481e7c9ef2328432ea089e7","name":"Nikoletta Bika","image":{"@type":"ImageObject","inLanguage":"es","@id":"https:\/\/secure.gravatar.com\/avatar\/777bf31309608e9152307199dd8aa97ff19f24849526f1b2b50f11b9ea40fca3?s=96&d=mm&r=pg","url":"https:\/\/secure.gravatar.com\/avatar\/777bf31309608e9152307199dd8aa97ff19f24849526f1b2b50f11b9ea40fca3?s=96&d=mm&r=pg","contentUrl":"https:\/\/secure.gravatar.com\/avatar\/777bf31309608e9152307199dd8aa97ff19f24849526f1b2b50f11b9ea40fca3?s=96&d=mm&r=pg","caption":"Nikoletta Bika"},"description":"Nikoletta Bika was a senior writer at Workable for nearly four and a half years. She holds an MSc in HR and has written extensively about all things HR and recruiting, with a particular interest in bias, data, technology, legal compliance, and the future of work. She hates meaningless jargon and dreams about space travel.","sameAs":["http:\/\/workable.com"],"url":"https:\/\/resources.workable.com\/es\/author\/nikoletta-bika\/"}]}},"modified_by":"Alexandra Marinaki","custom_fields":{"brief":"Buscamos un gestor de capacitaciones que respalde a nuestro departamento de capacitaci\u00f3n. Ser\u00e1s responsable de comunicarte con los participantes y proveedores, as\u00ed como de colaborar en el desarrollo de los programas m\u00e1s eficaces posibles.\r\n\r\nEn este puesto, deber\u00edas aunar una s\u00f3lida atenci\u00f3n al detalle con habilidad para realizar varias tareas a la vez y de trabajar bajo presi\u00f3n. Tambi\u00e9n debes ser un solucionador de problemas fiable y con s\u00f3lidas capacidades para la gesti\u00f3n de proyectos.\r\n\r\nTu objetivo es garantizar que nuestros programas de capacitaci\u00f3n resulten atractivos y se ejecuten sin inconvenientes.","requirements":"<ul>\r\n \t<li>Experiencia demostrable como gestor de capacitaciones, <a href=\"https:\/\/resources.workable.com\/hr-assistant-job-description\" target=\"_blank\" rel=\"noopener\">asistente de RR.\u00a0HH.<\/a> o en un puesto similar<\/li>\r\n \t<li>Experiencia en gesti\u00f3n de proyectos<\/li>\r\n \t<li>Conocimientos de procedimientos de oficina y facturaci\u00f3n<\/li>\r\n \t<li>Dominio de MS Office; se valorar\u00e1 tener experiencia laboral con bases de datos y sistemas de gesti\u00f3n del aprendizaje (LMS, por sus siglas en ingl\u00e9s)<\/li>\r\n \t<li>Excelentes habilidades organizativas y para realizar m\u00faltiples tareas a la vez<\/li>\r\n \t<li>Excepcionales capacidades comunicativas<\/li>\r\n \t<li>Gran atenci\u00f3n al detalle<\/li>\r\n \t<li>Grado en Empresariales, Psicolog\u00eda o un campo relacionado<\/li>\r\n<\/ul>","responsibilities":"<ul>\r\n \t<li>Participar en la creaci\u00f3n e implementaci\u00f3n de programas de capacitaci\u00f3n<\/li>\r\n \t<li>Mantener registros de capacitaci\u00f3n (p. ej., listas de alumnos, horarios y hojas de asistencia)<\/li>\r\n \t<li>Reservar aulas y asegurarse de que est\u00e9n adecuadamente preparadas<\/li>\r\n \t<li>Preparar y distribuir materiales (p. ej., notas did\u00e1cticas, formularios para comentarios y opiniones)<\/li>\r\n \t<li>Actuar de punto de contacto para proveedores y participantes<\/li>\r\n \t<li>Gestionar las cuentas por cobrar y asegurarse de pagar las facturas<\/li>\r\n \t<li>Solucionar problemas cuando surjan in situ<\/li>\r\n \t<li>Presentar informes sobre las actividades de capacitaci\u00f3n y sus resultados<\/li>\r\n \t<li>Recomendar mejoras o programas nuevos<\/li>\r\n \t<li>Asegurarse de que los empleados y vendedores sigan las pol\u00edticas establecidas<\/li>\r\n<\/ul>","see_more":""},"_links":{"self":[{"href":"https:\/\/resources.workable.com\/es\/wp-json\/wp\/v2\/posts\/44100","targetHints":{"allow":["GET"]}}],"collection":[{"href":"https:\/\/resources.workable.com\/es\/wp-json\/wp\/v2\/posts"}],"about":[{"href":"https:\/\/resources.workable.com\/es\/wp-json\/wp\/v2\/types\/post"}],"author":[{"embeddable":true,"href":"https:\/\/resources.workable.com\/es\/wp-json\/wp\/v2\/users\/28"}],"replies":[{"embeddable":true,"href":"https:\/\/resources.workable.com\/es\/wp-json\/wp\/v2\/comments?post=44100"}],"version-history":[{"count":0,"href":"https:\/\/resources.workable.com\/es\/wp-json\/wp\/v2\/posts\/44100\/revisions"}],"wp:attachment":[{"href":"https:\/\/resources.workable.com\/es\/wp-json\/wp\/v2\/media?parent=44100"}],"wp:term":[{"taxonomy":"category","embeddable":true,"href":"https:\/\/resources.workable.com\/es\/wp-json\/wp\/v2\/categories?post=44100"},{"taxonomy":"post_tag","embeddable":true,"href":"https:\/\/resources.workable.com\/es\/wp-json\/wp\/v2\/tags?post=44100"}],"curies":[{"name":"wp","href":"https:\/\/api.w.org\/{rel}","templated":true}]}}