{"id":44059,"date":"2020-01-08T11:05:46","date_gmt":"2020-01-08T11:05:46","guid":{"rendered":"https:\/\/resources.workable.com\/?p=44059"},"modified":"2020-02-06T13:21:48","modified_gmt":"2020-02-06T13:21:48","slug":"descripcion-del-puesto-coordinador-de-capacitaciones-m-h-x","status":"publish","type":"post","link":"https:\/\/resources.workable.com\/es\/coordinador-de-capacitaciones-descripcion-del-puesto","title":{"rendered":"Descripci\u00f3n del puesto: Coordinador de capacitaciones&nbsp;(m\/h\/x)"},"content":{"rendered":"<p>Esta plantilla de descripci\u00f3n del puesto de<strong> coordinador de capacitaciones<\/strong> est\u00e1 optimizada para su publicaci\u00f3n en bolsas de trabajo y p\u00e1ginas de empleo en Internet, y se puede personalizar f\u00e1cilmente a la hora de contratar a un candidato para un puesto de capacitaci\u00f3n corporativa. Otros puestos similares ser\u00edan los de\u00a0<a href=\"https:\/\/resources.workable.com\/corporate-trainer-job-description\">entrenador para empresas<\/a>,\u00a0<a href=\"https:\/\/resources.workable.com\/learning-development-manager-job-description\">gerente de aprendizaje\u00a0y desarrollo<\/a>, <a href=\"https:\/\/resources.workable.com\/training-specialist-job-description\">especialista en capacitaciones<\/a> y\u00a0<a href=\"https:\/\/resources.workable.com\/training-manager-job-description\">gerente de capacitaciones<\/a>.<\/p>\n<h2>Responsabilidades de un coordinador de capacitaciones incluyen:<\/h2>\n<ul>\n<li>Trazar planes de capacitaci\u00f3n y establecer el programa de los d\u00edas y horas en que se van a desarrollar, dise\u00f1ar y desarrollar programas de capacitaci\u00f3n (externalizados o internos) en asuntos corporativos y de RR.\u00a0HH., entre otros<\/li>\n<li>Seleccionar los m\u00e9todos de capacitaci\u00f3n apropiados seg\u00fan el caso (virtual, simulaci\u00f3n, tutor\u00eda, formaci\u00f3n en el puesto de trabajo, clases de desarrollo profesional, etc.)<\/li>\n<li>Promocionar las oportunidades de capacitaci\u00f3n disponibles para los empleados y proporcionar la informaci\u00f3n necesaria<\/li>\n<\/ul>\n<p><img loading=\"lazy\" decoding=\"async\" class=\"size-large wp-image-3443 alignnone\" src=\"https:\/\/resources.workable.com\/wp-content\/uploads\/2013\/08\/training-coordinator-640x230.jpg\" alt=\"descripci\u00f3n del puesto de coordinador de capacitaciones\" width=\"640\" height=\"230\" srcset=\"https:\/\/resources.workable.com\/wp-content\/uploads\/2013\/08\/training-coordinator.jpg 640w, https:\/\/resources.workable.com\/wp-content\/uploads\/2013\/08\/training-coordinator-200x72.jpg 200w, https:\/\/resources.workable.com\/wp-content\/uploads\/2013\/08\/training-coordinator-560x201.jpg 560w\" sizes=\"auto, (max-width: 640px) 100vw, 640px\" \/><\/p>\n","protected":false},"excerpt":{"rendered":"<p>Esta plantilla de descripci\u00f3n del puesto de coordinador de capacitaciones est\u00e1 optimizada para su publicaci\u00f3n en bolsas de trabajo y p\u00e1ginas de empleo en Internet, y se puede personalizar f\u00e1cilmente a la hora de contratar a un candidato para un puesto de capacitaci\u00f3n corporativa. Otros puestos similares ser\u00edan los de\u00a0entrenador para empresas,\u00a0gerente de aprendizaje\u00a0y desarrollo, [&hellip;]<\/p>\n","protected":false},"author":7,"featured_media":0,"comment_status":"closed","ping_status":"closed","sticky":false,"template":"","format":"standard","meta":{"_acf_changed":false,"_lmt_disableupdate":"no","_lmt_disable":"","_has_post_settings":[],"footnotes":""},"categories":[1046,1218],"tags":[1219],"class_list":["post-44059","post","type-post","status-publish","format-standard","hentry","category-descripciones-de-funciones","category-descripciones-de-puestos-de-capacitacion-corporativa","tag-sample-training-es"],"acf":[],"yoast_head":"<!-- This site is optimized with the Yoast SEO Premium plugin v27.4 (Yoast SEO v27.4) - https:\/\/yoast.com\/product\/yoast-seo-premium-wordpress\/ -->\n<title>Plantilla de descripci\u00f3n del puesto de coordinador de capacitaciones | Workable<\/title>\n<meta name=\"description\" content=\"Utiliza esta plantilla de descripci\u00f3n del puesto de coordinador de capacitaciones para tu equipo. Personal\u00edzala con funciones y responsabilidades para un puesto de desarrollo de empleados.\" \/>\n<meta name=\"robots\" content=\"index, follow, max-snippet:-1, max-image-preview:large, max-video-preview:-1\" \/>\n<link rel=\"canonical\" href=\"https:\/\/resources.workable.com\/es\/coordinador-de-capacitaciones-descripcion-del-puesto\/\" \/>\n<meta property=\"og:locale\" content=\"es_ES\" \/>\n<meta property=\"og:type\" content=\"article\" \/>\n<meta property=\"og:title\" content=\"Descripci\u00f3n del puesto: Coordinador de capacitaciones (m\/h\/x)\" \/>\n<meta property=\"og:description\" content=\"Utiliza esta plantilla de descripci\u00f3n del puesto de coordinador de capacitaciones para tu equipo. Personal\u00edzala con funciones y responsabilidades para un puesto de desarrollo de empleados.\" \/>\n<meta property=\"og:url\" content=\"https:\/\/resources.workable.com\/es\/coordinador-de-capacitaciones-descripcion-del-puesto\" \/>\n<meta property=\"og:site_name\" content=\"Recruiting Resources: How to Recruit and Hire Better\" \/>\n<meta property=\"article:publisher\" content=\"https:\/\/business.facebook.com\/workable\/\" \/>\n<meta property=\"article:published_time\" content=\"2020-01-08T11:05:46+00:00\" \/>\n<meta property=\"article:modified_time\" content=\"2020-02-06T13:21:48+00:00\" \/>\n<meta property=\"og:image\" content=\"https:\/\/resources.workable.com\/wp-content\/uploads\/2013\/08\/training-coordinator-640x230.jpg\" \/>\n<meta name=\"author\" content=\"Eleni Kourmentza\" \/>\n<meta name=\"twitter:card\" content=\"summary_large_image\" \/>\n<meta name=\"twitter:creator\" content=\"@workable\" \/>\n<meta name=\"twitter:site\" content=\"@workable\" \/>\n<meta name=\"twitter:label1\" content=\"Escrito por\" \/>\n\t<meta name=\"twitter:data1\" content=\"Eleni Kourmentza\" \/>\n\t<meta name=\"twitter:label2\" content=\"Tiempo de lectura\" \/>\n\t<meta name=\"twitter:data2\" content=\"1 minuto\" \/>\n<script type=\"application\/ld+json\" class=\"yoast-schema-graph\">{\"@context\":\"https:\\\/\\\/schema.org\",\"@graph\":[{\"@type\":\"Article\",\"@id\":\"https:\\\/\\\/resources.workable.com\\\/es\\\/coordinador-de-capacitaciones-descripcion-del-puesto#article\",\"isPartOf\":{\"@id\":\"https:\\\/\\\/resources.workable.com\\\/es\\\/coordinador-de-capacitaciones-descripcion-del-puesto\"},\"author\":{\"name\":\"Eleni Kourmentza\",\"@id\":\"https:\\\/\\\/resources.workable.com\\\/es\\\/#\\\/schema\\\/person\\\/246aec99718ddcb172f71f699e088a88\"},\"headline\":\"Descripci\u00f3n del puesto: Coordinador de capacitaciones&nbsp;(m\\\/h\\\/x)\",\"datePublished\":\"2020-01-08T11:05:46+00:00\",\"dateModified\":\"2020-02-06T13:21:48+00:00\",\"mainEntityOfPage\":{\"@id\":\"https:\\\/\\\/resources.workable.com\\\/es\\\/coordinador-de-capacitaciones-descripcion-del-puesto\"},\"wordCount\":174,\"publisher\":{\"@id\":\"https:\\\/\\\/resources.workable.com\\\/es\\\/#organization\"},\"image\":{\"@id\":\"https:\\\/\\\/resources.workable.com\\\/es\\\/coordinador-de-capacitaciones-descripcion-del-puesto#primaryimage\"},\"thumbnailUrl\":\"https:\\\/\\\/resources.workable.com\\\/wp-content\\\/uploads\\\/2013\\\/08\\\/training-coordinator-640x230.jpg\",\"keywords\":[\"sample-training\"],\"articleSection\":[\"Descripciones de funciones\",\"Descripciones de puestos de capacitaci\u00f3n corporativa\"],\"inLanguage\":\"es\"},{\"@type\":\"WebPage\",\"@id\":\"https:\\\/\\\/resources.workable.com\\\/es\\\/coordinador-de-capacitaciones-descripcion-del-puesto\",\"url\":\"https:\\\/\\\/resources.workable.com\\\/es\\\/coordinador-de-capacitaciones-descripcion-del-puesto\",\"name\":\"Plantilla de descripci\u00f3n del puesto de coordinador de capacitaciones | Workable\",\"isPartOf\":{\"@id\":\"https:\\\/\\\/resources.workable.com\\\/es\\\/#website\"},\"primaryImageOfPage\":{\"@id\":\"https:\\\/\\\/resources.workable.com\\\/es\\\/coordinador-de-capacitaciones-descripcion-del-puesto#primaryimage\"},\"image\":{\"@id\":\"https:\\\/\\\/resources.workable.com\\\/es\\\/coordinador-de-capacitaciones-descripcion-del-puesto#primaryimage\"},\"thumbnailUrl\":\"https:\\\/\\\/resources.workable.com\\\/wp-content\\\/uploads\\\/2013\\\/08\\\/training-coordinator-640x230.jpg\",\"datePublished\":\"2020-01-08T11:05:46+00:00\",\"dateModified\":\"2020-02-06T13:21:48+00:00\",\"description\":\"Utiliza esta plantilla de descripci\u00f3n del puesto de coordinador de capacitaciones para tu equipo. Personal\u00edzala con funciones y responsabilidades para un puesto de desarrollo de empleados.\",\"breadcrumb\":{\"@id\":\"https:\\\/\\\/resources.workable.com\\\/es\\\/coordinador-de-capacitaciones-descripcion-del-puesto#breadcrumb\"},\"inLanguage\":\"es\",\"potentialAction\":[{\"@type\":\"ReadAction\",\"target\":[\"https:\\\/\\\/resources.workable.com\\\/es\\\/coordinador-de-capacitaciones-descripcion-del-puesto\"]}]},{\"@type\":\"ImageObject\",\"inLanguage\":\"es\",\"@id\":\"https:\\\/\\\/resources.workable.com\\\/es\\\/coordinador-de-capacitaciones-descripcion-del-puesto#primaryimage\",\"url\":\"https:\\\/\\\/resources.workable.com\\\/wp-content\\\/uploads\\\/2013\\\/08\\\/training-coordinator-640x230.jpg\",\"contentUrl\":\"https:\\\/\\\/resources.workable.com\\\/wp-content\\\/uploads\\\/2013\\\/08\\\/training-coordinator-640x230.jpg\"},{\"@type\":\"BreadcrumbList\",\"@id\":\"https:\\\/\\\/resources.workable.com\\\/es\\\/coordinador-de-capacitaciones-descripcion-del-puesto#breadcrumb\",\"itemListElement\":[{\"@type\":\"ListItem\",\"position\":1,\"name\":\"Home\",\"item\":\"https:\\\/\\\/resources.workable.com\\\/es\\\/\"},{\"@type\":\"ListItem\",\"position\":2,\"name\":\"Descripci\u00f3n del puesto: Coordinador de capacitaciones&nbsp;(m\\\/h\\\/x)\"}]},{\"@type\":\"WebSite\",\"@id\":\"https:\\\/\\\/resources.workable.com\\\/es\\\/#website\",\"url\":\"https:\\\/\\\/resources.workable.com\\\/es\\\/\",\"name\":\"Recruiting Resources: How to Recruit and Hire Better\",\"description\":\"\",\"publisher\":{\"@id\":\"https:\\\/\\\/resources.workable.com\\\/es\\\/#organization\"},\"potentialAction\":[{\"@type\":\"SearchAction\",\"target\":{\"@type\":\"EntryPoint\",\"urlTemplate\":\"https:\\\/\\\/resources.workable.com\\\/es\\\/?s={search_term_string}\"},\"query-input\":{\"@type\":\"PropertyValueSpecification\",\"valueRequired\":true,\"valueName\":\"search_term_string\"}}],\"inLanguage\":\"es\"},{\"@type\":\"Organization\",\"@id\":\"https:\\\/\\\/resources.workable.com\\\/es\\\/#organization\",\"name\":\"Workable\",\"url\":\"https:\\\/\\\/resources.workable.com\\\/es\\\/\",\"logo\":{\"@type\":\"ImageObject\",\"inLanguage\":\"es\",\"@id\":\"https:\\\/\\\/resources.workable.com\\\/es\\\/#\\\/schema\\\/logo\\\/image\\\/\",\"url\":\"https:\\\/\\\/resources.workable.com\\\/wp-content\\\/uploads\\\/2017\\\/12\\\/logo-green.png\",\"contentUrl\":\"https:\\\/\\\/resources.workable.com\\\/wp-content\\\/uploads\\\/2017\\\/12\\\/logo-green.png\",\"width\":150,\"height\":25,\"caption\":\"Workable\"},\"image\":{\"@id\":\"https:\\\/\\\/resources.workable.com\\\/es\\\/#\\\/schema\\\/logo\\\/image\\\/\"},\"sameAs\":[\"https:\\\/\\\/business.facebook.com\\\/workable\\\/\",\"https:\\\/\\\/x.com\\\/workable\",\"https:\\\/\\\/www.linkedin.com\\\/company\\\/workable-hr\\\/\"]},{\"@type\":\"Person\",\"@id\":\"https:\\\/\\\/resources.workable.com\\\/es\\\/#\\\/schema\\\/person\\\/246aec99718ddcb172f71f699e088a88\",\"name\":\"Eleni Kourmentza\",\"image\":{\"@type\":\"ImageObject\",\"inLanguage\":\"es\",\"@id\":\"https:\\\/\\\/secure.gravatar.com\\\/avatar\\\/9941ca019d8b6c20633797a6b788bfc4b438c79e45a22797c9abfc4bfd997e7d?s=96&d=mm&r=pg\",\"url\":\"https:\\\/\\\/secure.gravatar.com\\\/avatar\\\/9941ca019d8b6c20633797a6b788bfc4b438c79e45a22797c9abfc4bfd997e7d?s=96&d=mm&r=pg\",\"contentUrl\":\"https:\\\/\\\/secure.gravatar.com\\\/avatar\\\/9941ca019d8b6c20633797a6b788bfc4b438c79e45a22797c9abfc4bfd997e7d?s=96&d=mm&r=pg\",\"caption\":\"Eleni Kourmentza\"},\"description\":\"Eleni Kourmentza, ex-People Ops Manager at Workable, excelled in recruitment, lifecycle management, HR admin, culture nurturing, and employer branding.\",\"sameAs\":[\"http:\\\/\\\/workable.com\"],\"url\":\"https:\\\/\\\/resources.workable.com\\\/es\\\/author\\\/eleni\\\/\"}]}<\/script>\n<!-- \/ Yoast SEO Premium plugin. -->","yoast_head_json":{"title":"Plantilla de descripci\u00f3n del puesto de coordinador de capacitaciones | Workable","description":"Utiliza esta plantilla de descripci\u00f3n del puesto de coordinador de capacitaciones para tu equipo. Personal\u00edzala con funciones y responsabilidades para un puesto de desarrollo de empleados.","robots":{"index":"index","follow":"follow","max-snippet":"max-snippet:-1","max-image-preview":"max-image-preview:large","max-video-preview":"max-video-preview:-1"},"canonical":"https:\/\/resources.workable.com\/es\/coordinador-de-capacitaciones-descripcion-del-puesto\/","og_locale":"es_ES","og_type":"article","og_title":"Descripci\u00f3n del puesto: Coordinador de capacitaciones (m\/h\/x)","og_description":"Utiliza esta plantilla de descripci\u00f3n del puesto de coordinador de capacitaciones para tu equipo. Personal\u00edzala con funciones y responsabilidades para un puesto de desarrollo de empleados.","og_url":"https:\/\/resources.workable.com\/es\/coordinador-de-capacitaciones-descripcion-del-puesto","og_site_name":"Recruiting Resources: How to Recruit and Hire Better","article_publisher":"https:\/\/business.facebook.com\/workable\/","article_published_time":"2020-01-08T11:05:46+00:00","article_modified_time":"2020-02-06T13:21:48+00:00","og_image":[{"url":"https:\/\/resources.workable.com\/wp-content\/uploads\/2013\/08\/training-coordinator-640x230.jpg","type":"","width":"","height":""}],"author":"Eleni Kourmentza","twitter_card":"summary_large_image","twitter_creator":"@workable","twitter_site":"@workable","twitter_misc":{"Escrito por":"Eleni Kourmentza","Tiempo de lectura":"1 minuto"},"schema":{"@context":"https:\/\/schema.org","@graph":[{"@type":"Article","@id":"https:\/\/resources.workable.com\/es\/coordinador-de-capacitaciones-descripcion-del-puesto#article","isPartOf":{"@id":"https:\/\/resources.workable.com\/es\/coordinador-de-capacitaciones-descripcion-del-puesto"},"author":{"name":"Eleni Kourmentza","@id":"https:\/\/resources.workable.com\/es\/#\/schema\/person\/246aec99718ddcb172f71f699e088a88"},"headline":"Descripci\u00f3n del puesto: Coordinador de capacitaciones&nbsp;(m\/h\/x)","datePublished":"2020-01-08T11:05:46+00:00","dateModified":"2020-02-06T13:21:48+00:00","mainEntityOfPage":{"@id":"https:\/\/resources.workable.com\/es\/coordinador-de-capacitaciones-descripcion-del-puesto"},"wordCount":174,"publisher":{"@id":"https:\/\/resources.workable.com\/es\/#organization"},"image":{"@id":"https:\/\/resources.workable.com\/es\/coordinador-de-capacitaciones-descripcion-del-puesto#primaryimage"},"thumbnailUrl":"https:\/\/resources.workable.com\/wp-content\/uploads\/2013\/08\/training-coordinator-640x230.jpg","keywords":["sample-training"],"articleSection":["Descripciones de funciones","Descripciones de puestos de capacitaci\u00f3n corporativa"],"inLanguage":"es"},{"@type":"WebPage","@id":"https:\/\/resources.workable.com\/es\/coordinador-de-capacitaciones-descripcion-del-puesto","url":"https:\/\/resources.workable.com\/es\/coordinador-de-capacitaciones-descripcion-del-puesto","name":"Plantilla de descripci\u00f3n del puesto de coordinador de capacitaciones | Workable","isPartOf":{"@id":"https:\/\/resources.workable.com\/es\/#website"},"primaryImageOfPage":{"@id":"https:\/\/resources.workable.com\/es\/coordinador-de-capacitaciones-descripcion-del-puesto#primaryimage"},"image":{"@id":"https:\/\/resources.workable.com\/es\/coordinador-de-capacitaciones-descripcion-del-puesto#primaryimage"},"thumbnailUrl":"https:\/\/resources.workable.com\/wp-content\/uploads\/2013\/08\/training-coordinator-640x230.jpg","datePublished":"2020-01-08T11:05:46+00:00","dateModified":"2020-02-06T13:21:48+00:00","description":"Utiliza esta plantilla de descripci\u00f3n del puesto de coordinador de capacitaciones para tu equipo. Personal\u00edzala con funciones y responsabilidades para un puesto de desarrollo de empleados.","breadcrumb":{"@id":"https:\/\/resources.workable.com\/es\/coordinador-de-capacitaciones-descripcion-del-puesto#breadcrumb"},"inLanguage":"es","potentialAction":[{"@type":"ReadAction","target":["https:\/\/resources.workable.com\/es\/coordinador-de-capacitaciones-descripcion-del-puesto"]}]},{"@type":"ImageObject","inLanguage":"es","@id":"https:\/\/resources.workable.com\/es\/coordinador-de-capacitaciones-descripcion-del-puesto#primaryimage","url":"https:\/\/resources.workable.com\/wp-content\/uploads\/2013\/08\/training-coordinator-640x230.jpg","contentUrl":"https:\/\/resources.workable.com\/wp-content\/uploads\/2013\/08\/training-coordinator-640x230.jpg"},{"@type":"BreadcrumbList","@id":"https:\/\/resources.workable.com\/es\/coordinador-de-capacitaciones-descripcion-del-puesto#breadcrumb","itemListElement":[{"@type":"ListItem","position":1,"name":"Home","item":"https:\/\/resources.workable.com\/es\/"},{"@type":"ListItem","position":2,"name":"Descripci\u00f3n del puesto: Coordinador de capacitaciones&nbsp;(m\/h\/x)"}]},{"@type":"WebSite","@id":"https:\/\/resources.workable.com\/es\/#website","url":"https:\/\/resources.workable.com\/es\/","name":"Recruiting Resources: How to Recruit and Hire Better","description":"","publisher":{"@id":"https:\/\/resources.workable.com\/es\/#organization"},"potentialAction":[{"@type":"SearchAction","target":{"@type":"EntryPoint","urlTemplate":"https:\/\/resources.workable.com\/es\/?s={search_term_string}"},"query-input":{"@type":"PropertyValueSpecification","valueRequired":true,"valueName":"search_term_string"}}],"inLanguage":"es"},{"@type":"Organization","@id":"https:\/\/resources.workable.com\/es\/#organization","name":"Workable","url":"https:\/\/resources.workable.com\/es\/","logo":{"@type":"ImageObject","inLanguage":"es","@id":"https:\/\/resources.workable.com\/es\/#\/schema\/logo\/image\/","url":"https:\/\/resources.workable.com\/wp-content\/uploads\/2017\/12\/logo-green.png","contentUrl":"https:\/\/resources.workable.com\/wp-content\/uploads\/2017\/12\/logo-green.png","width":150,"height":25,"caption":"Workable"},"image":{"@id":"https:\/\/resources.workable.com\/es\/#\/schema\/logo\/image\/"},"sameAs":["https:\/\/business.facebook.com\/workable\/","https:\/\/x.com\/workable","https:\/\/www.linkedin.com\/company\/workable-hr\/"]},{"@type":"Person","@id":"https:\/\/resources.workable.com\/es\/#\/schema\/person\/246aec99718ddcb172f71f699e088a88","name":"Eleni Kourmentza","image":{"@type":"ImageObject","inLanguage":"es","@id":"https:\/\/secure.gravatar.com\/avatar\/9941ca019d8b6c20633797a6b788bfc4b438c79e45a22797c9abfc4bfd997e7d?s=96&d=mm&r=pg","url":"https:\/\/secure.gravatar.com\/avatar\/9941ca019d8b6c20633797a6b788bfc4b438c79e45a22797c9abfc4bfd997e7d?s=96&d=mm&r=pg","contentUrl":"https:\/\/secure.gravatar.com\/avatar\/9941ca019d8b6c20633797a6b788bfc4b438c79e45a22797c9abfc4bfd997e7d?s=96&d=mm&r=pg","caption":"Eleni Kourmentza"},"description":"Eleni Kourmentza, ex-People Ops Manager at Workable, excelled in recruitment, lifecycle management, HR admin, culture nurturing, and employer branding.","sameAs":["http:\/\/workable.com"],"url":"https:\/\/resources.workable.com\/es\/author\/eleni\/"}]}},"modified_by":"Alexandra Marinaki","custom_fields":{"brief":"<span style=\"font-weight: 400;\">Buscamos un coordinador de capacitaciones que dirija nuestras iniciativas de desarrollo de empleados mediante la organizaci\u00f3n de programas educativos y actividades de capacitaci\u00f3n creativas.<\/span>\r\n<h3><b>\u00bfQu\u00e9 hace un coordinador de capacitaciones? <\/b><\/h3>\r\n<span style=\"font-weight: 400;\">Entre las responsabilidades de un coordinador de capacitaciones se incluyen comunicarse con los directores para identificar las necesidades de capacitaci\u00f3n y trazar planes de desarrollo individuales y para todo un equipo. Los coordinadores de capacitaciones son responsables de gestionar, <a href=\"https:\/\/resources.workable.com\/instructional-designer-job-description\">dise\u00f1ar<\/a>, desarrollar, coordinar y llevar a cabo todos los programas de capacitaci\u00f3n.<\/span> <span style=\"font-weight: 400;\">Nuestro candidato ideal debe tener experiencia en diversos m\u00e9todos de capacitaci\u00f3n, incluida la orientaci\u00f3n en el puesto de trabajo, programas de tutor\u00eda y aprendizaje virtual. Tambi\u00e9n es fundamental tener experiencia con diferentes proyectos, como capacitaci\u00f3n en gesti\u00f3n y desarrollo de capacidades interpersonales. <\/span>\r\n\r\n<span style=\"font-weight: 400;\">Adem\u00e1s, deber\u00edas estar familiarizado con los requisitos de diferentes tipos de proyectos en cuanto a instructores, equipo y material educativo. Si se te ocurren y puedes dise\u00f1ar formas atractivas para capacitar a nuestros empleados (p. ej., ejercicios de juego de roles con clientes o actividades al aire libre), nos gustar\u00eda conocerte. <\/span>\r\n\r\n<span style=\"font-weight: 400;\">En definitiva, la funci\u00f3n del coordinador de capacitaciones consiste en supervisar todo el desarrollo profesional en nuestra empresa. <\/span>","requirements":"<ul>\r\n \t<li style=\"font-weight: 400;\"><span style=\"font-weight: 400;\">Experiencia laboral demostrable como coordinador de capacitaciones, capacitador, facilitador de capacitaciones o un puesto similar<\/span><\/li>\r\n \t<li style=\"font-weight: 400;\"><span style=\"font-weight: 400;\">Experiencia pr\u00e1ctica en la coordinaci\u00f3n de diferentes actividades de capacitaci\u00f3n en un entorno corporativo<\/span><\/li>\r\n \t<li style=\"font-weight: 400;\"><span style=\"font-weight: 400;\">Amplio conocimiento de la teor\u00eda e implementaci\u00f3n del dise\u00f1o de experiencias y materiales de aprendizaje<\/span><\/li>\r\n \t<li style=\"font-weight: 400;\"><span style=\"font-weight: 400;\">Conocimiento adecuado de sistemas de gesti\u00f3n del aprendizaje y herramientas de ejecuci\u00f3n en la web<\/span><\/li>\r\n \t<li style=\"font-weight: 400;\"><span style=\"font-weight: 400;\">Habilidad demostrable de completar el ciclo de capacitaci\u00f3n (valorar necesidades, planificar, desarrollar, coordinar, supervisar y evaluar)<\/span><\/li>\r\n \t<li style=\"font-weight: 400;\"><span style=\"font-weight: 400;\">Familiaridad con m\u00e9todos y t\u00e9cnicas tradicionales y modernas de capacitaci\u00f3n laboral<\/span><\/li>\r\n \t<li style=\"font-weight: 400;\"><span style=\"font-weight: 400;\">Experiencia con plataformas de aprendizaje virtual<\/span><\/li>\r\n \t<li style=\"font-weight: 400;\"><span style=\"font-weight: 400;\">Dominio de MS Office<\/span><\/li>\r\n \t<li style=\"font-weight: 400;\"><span style=\"font-weight: 400;\">Capacidades organizativas avanzadas y habilidad para manejar varios programas o proyectos a la vez<\/span><\/li>\r\n \t<li style=\"font-weight: 400;\"><span style=\"font-weight: 400;\">Grandes capacidades comunicativas<\/span><\/li>\r\n \t<li style=\"font-weight: 400;\"><span style=\"font-weight: 400;\">Grado en Magisterio, Formaci\u00f3n, RR.\u00a0HH. o un campo relacionado<\/span><\/li>\r\n<\/ul>","responsibilities":"<ul>\r\n \t<li style=\"font-weight: 400;\"><span style=\"font-weight: 400;\">Trazar planes de capacitaci\u00f3n anuales para los departamentos de direcci\u00f3n, RR.\u00a0HH. y atenci\u00f3n al cliente, entre otros<\/span><\/li>\r\n \t<li style=\"font-weight: 400;\"><span style=\"font-weight: 400;\">Dise\u00f1ar y desarrollar programas de capacitaci\u00f3n (externalizados y\/o internos) <\/span><\/li>\r\n \t<li style=\"font-weight: 400;\"><span style=\"font-weight: 400;\">Seleccionar m\u00e9todos o actividades de capacitaci\u00f3n adecuados (p. ej., simulaciones, tutor\u00edas, capacitaci\u00f3n en el puesto trabajo o clases de desarrollo profesional)<\/span><\/li>\r\n \t<li style=\"font-weight: 400;\"><span style=\"font-weight: 400;\">Promocionar la capacitaci\u00f3n disponible a los empleados y brindar la informaci\u00f3n necesaria sobre las sesiones<\/span><\/li>\r\n \t<li style=\"font-weight: 400;\"><span style=\"font-weight: 400;\">Realizar evaluaciones de necesidades de capacitaci\u00f3n en toda la organizaci\u00f3n e identificar carencias de capacidades o de conocimientos que deben abordarse<\/span><\/li>\r\n \t<li style=\"font-weight: 400;\"><span style=\"font-weight: 400;\">Utilizar principios educativos conocidos y mantenerse al d\u00eda sobre los nuevos m\u00e9todos y t\u00e9cnicas de capacitaci\u00f3n<\/span><\/li>\r\n \t<li style=\"font-weight: 400;\"><span style=\"font-weight: 400;\">Dise\u00f1ar, preparar y solicitar ayudas y materiales educativos<\/span><\/li>\r\n \t<li style=\"font-weight: 400;\"><span style=\"font-weight: 400;\">Evaluar la efectividad de la ense\u00f1anza y determinar el impacto de la capacitaci\u00f3n en los KPI y las capacidades de los empleados<\/span><\/li>\r\n \t<li style=\"font-weight: 400;\"><span style=\"font-weight: 400;\">Recopilar comentarios y opiniones de los capacitadores y los alumnos despu\u00e9s de cada sesi\u00f3n de capacitaci\u00f3n<\/span><\/li>\r\n \t<li style=\"font-weight: 400;\"><span style=\"font-weight: 400;\">Asociarse con las partes interesadas internas y establecer contactos con expertos en dise\u00f1o de experiencias y materiales de ense\u00f1anza<\/span><\/li>\r\n \t<li style=\"font-weight: 400;\"><span style=\"font-weight: 400;\">Mantener al d\u00eda una base de datos de planes de estudio y registros de capacitaci\u00f3n<\/span><\/li>\r\n \t<li style=\"font-weight: 400;\"><span style=\"font-weight: 400;\">Organizar sesiones de capacitaci\u00f3n de capacitadores para expertos internos en la materia<\/span><\/li>\r\n \t<li style=\"font-weight: 400;\"><span style=\"font-weight: 400;\">Gestionar y mantener las instalaciones y los equipos de capacitaci\u00f3n internos<\/span><\/li>\r\n \t<li style=\"font-weight: 400;\"><span style=\"font-weight: 400;\">Analizar y recomendar nuevos m\u00e9todos de capacitaci\u00f3n, como pueda ser la utilizaci\u00f3n de recursos l\u00fadicos<\/span><\/li>\r\n<\/ul>","see_more":"<h2><span style=\"font-weight: 400;\"><strong>M\u00e1s recursos<\/strong> <\/span><\/h2>\r\n<span style=\"font-weight: 400;\">Consulta nuestras descripciones de puestos similares:<\/span>\r\n<ul>\r\n \t<li style=\"font-weight: 400;\"><a href=\"https:\/\/resources.workable.com\/corporate-trainer-job-description\"><span style=\"font-weight: 400;\">Entrenador para empresas<\/span><\/a><\/li>\r\n \t<li style=\"font-weight: 400;\"><a href=\"https:\/\/resources.workable.com\/learning-development-manager-job-description\"><span style=\"font-weight: 400;\">Gerente de aprendizaje y desarrollo<\/span><\/a><\/li>\r\n \t<li style=\"font-weight: 400;\"><a href=\"https:\/\/resources.workable.com\/training-specialist-job-description\"><span style=\"font-weight: 400;\">Especialista en capacitaciones<\/span><\/a><\/li>\r\n \t<li style=\"font-weight: 400;\"><a href=\"https:\/\/resources.workable.com\/training-manager-job-description\"><span style=\"font-weight: 400;\">Gerente de capacitaciones<\/span><\/a><\/li>\r\n<\/ul>"},"_links":{"self":[{"href":"https:\/\/resources.workable.com\/es\/wp-json\/wp\/v2\/posts\/44059","targetHints":{"allow":["GET"]}}],"collection":[{"href":"https:\/\/resources.workable.com\/es\/wp-json\/wp\/v2\/posts"}],"about":[{"href":"https:\/\/resources.workable.com\/es\/wp-json\/wp\/v2\/types\/post"}],"author":[{"embeddable":true,"href":"https:\/\/resources.workable.com\/es\/wp-json\/wp\/v2\/users\/7"}],"replies":[{"embeddable":true,"href":"https:\/\/resources.workable.com\/es\/wp-json\/wp\/v2\/comments?post=44059"}],"version-history":[{"count":0,"href":"https:\/\/resources.workable.com\/es\/wp-json\/wp\/v2\/posts\/44059\/revisions"}],"wp:attachment":[{"href":"https:\/\/resources.workable.com\/es\/wp-json\/wp\/v2\/media?parent=44059"}],"wp:term":[{"taxonomy":"category","embeddable":true,"href":"https:\/\/resources.workable.com\/es\/wp-json\/wp\/v2\/categories?post=44059"},{"taxonomy":"post_tag","embeddable":true,"href":"https:\/\/resources.workable.com\/es\/wp-json\/wp\/v2\/tags?post=44059"}],"curies":[{"name":"wp","href":"https:\/\/api.w.org\/{rel}","templated":true}]}}