{"id":68143,"date":"2020-01-08T11:15:41","date_gmt":"2020-01-08T11:15:41","guid":{"rendered":"https:\/\/resources.workable.com\/?p=68143"},"modified":"2020-02-06T13:13:30","modified_gmt":"2020-02-06T13:13:30","slug":"stellenbeschreibung-personalleiter-einzelhandel-m-w-d","status":"publish","type":"post","link":"https:\/\/resources.workable.com\/de\/personalleiter-einzelhandel-stellenbeschreibung","title":{"rendered":"Stellenbeschreibung: Personalleiter Einzelhandel&nbsp;(m\/w\/d)"},"content":{"rendered":"<p>Verwenden Sie diese Vorlage f\u00fcr die Stellenbeschreibung Retail HR Manager (m\/w\/d), um Personalexperten f\u00fcr Ihr Einzelhandelsgesch\u00e4ft zu finden und einzustellen.<\/p>\n<h2>Aufgaben des Personalleiters Einzelhandel:<\/h2>\n<ul>\n<li>Einstellungsbedarf prognostizieren, insbesondere zu Hochzeiten<\/li>\n<li>Stellenanzeigen gestalten und ver\u00f6ffentlichen, um qualifizierte Kandidaten f\u00fcr Positionen auf verschiedenen Ebenen im Gesch\u00e4ft zu finden<\/li>\n<li>Berichterstattung \u00fcber Mitarbeiterfluktuationsraten (monatlich, viertelj\u00e4hrlich und j\u00e4hrlich)<\/li>\n<\/ul>\n<p><img loading=\"lazy\" decoding=\"async\" class=\"size-full wp-image-30920 alignnone\" src=\"https:\/\/resources.workable.com\/wp-content\/uploads\/2018\/03\/shutterstock_479170105.jpg\" alt=\"Stellenbeschreibung Personalleiter Einzelhandel (m\/w\/d)\" width=\"640\" height=\"230\" srcset=\"https:\/\/resources.workable.com\/wp-content\/uploads\/2018\/03\/shutterstock_479170105.jpg 640w, https:\/\/resources.workable.com\/wp-content\/uploads\/2018\/03\/shutterstock_479170105-200x72.jpg 200w, https:\/\/resources.workable.com\/wp-content\/uploads\/2018\/03\/shutterstock_479170105-560x201.jpg 560w\" sizes=\"auto, (max-width: 640px) 100vw, 640px\" \/><\/p>\n","protected":false},"excerpt":{"rendered":"<p>Verwenden Sie diese Vorlage f\u00fcr die Stellenbeschreibung Retail HR Manager (m\/w\/d), um Personalexperten f\u00fcr Ihr Einzelhandelsgesch\u00e4ft zu finden und einzustellen. Aufgaben des Personalleiters Einzelhandel: Einstellungsbedarf prognostizieren, insbesondere zu Hochzeiten Stellenanzeigen gestalten und ver\u00f6ffentlichen, um qualifizierte Kandidaten f\u00fcr Positionen auf verschiedenen Ebenen im Gesch\u00e4ft zu finden Berichterstattung \u00fcber Mitarbeiterfluktuationsraten (monatlich, viertelj\u00e4hrlich und j\u00e4hrlich)<\/p>\n","protected":false},"author":41,"featured_media":0,"comment_status":"closed","ping_status":"closed","sticky":false,"template":"","format":"standard","meta":{"_acf_changed":false,"_lmt_disableupdate":"no","_lmt_disable":"","_has_post_settings":[],"footnotes":""},"categories":[1044,1395],"tags":[],"class_list":["post-68143","post","type-post","status-publish","format-standard","hentry","category-stellenbeschreibungen","category-stellenbeschreibungen-einzelhandel"],"acf":[],"yoast_head":"<!-- This site is optimized with the Yoast SEO Premium plugin v27.4 (Yoast SEO v27.4) - https:\/\/yoast.com\/product\/yoast-seo-premium-wordpress\/ -->\n<title>Vorlage f\u00fcr die Stellenbeschreibung Personalleiter Einzelhandel (m\/w\/d) | Workable<\/title>\n<meta name=\"description\" content=\"Verwenden Sie diese Vorlage f\u00fcr die Stellenbeschreibung Personalleiter Einzelhandel (m\/w\/d), um Personalexperten f\u00fcr Ihr Einzelhandelsgesch\u00e4ft zu finden und einzustellen.\" \/>\n<meta name=\"robots\" content=\"index, follow, max-snippet:-1, max-image-preview:large, max-video-preview:-1\" \/>\n<link rel=\"canonical\" href=\"https:\/\/resources.workable.com\/de\/personalleiter-einzelhandel-stellenbeschreibung\/\" \/>\n<meta property=\"og:locale\" content=\"de_DE\" \/>\n<meta property=\"og:type\" content=\"article\" \/>\n<meta property=\"og:title\" content=\"Stellenbeschreibung: Personalleiter Einzelhandel (m\/w\/d)\" \/>\n<meta property=\"og:description\" content=\"Verwenden Sie diese Vorlage f\u00fcr die Stellenbeschreibung Personalleiter Einzelhandel (m\/w\/d), um Personalexperten f\u00fcr Ihr Einzelhandelsgesch\u00e4ft zu finden und einzustellen.\" \/>\n<meta property=\"og:url\" content=\"https:\/\/resources.workable.com\/de\/personalleiter-einzelhandel-stellenbeschreibung\" \/>\n<meta property=\"og:site_name\" content=\"Recruiting Resources: How to Recruit and Hire Better\" \/>\n<meta property=\"article:publisher\" content=\"https:\/\/business.facebook.com\/workable\/\" \/>\n<meta property=\"article:published_time\" content=\"2020-01-08T11:15:41+00:00\" \/>\n<meta property=\"article:modified_time\" content=\"2020-02-06T13:13:30+00:00\" \/>\n<meta property=\"og:image\" content=\"https:\/\/resources.workable.com\/wp-content\/uploads\/2018\/03\/shutterstock_479170105.jpg\" \/>\n<meta name=\"author\" content=\"Christina Pavlou\" \/>\n<meta name=\"twitter:card\" content=\"summary_large_image\" \/>\n<meta name=\"twitter:creator\" content=\"@workable\" \/>\n<meta name=\"twitter:site\" content=\"@workable\" \/>\n<meta name=\"twitter:label1\" content=\"Verfasst von\" \/>\n\t<meta name=\"twitter:data1\" content=\"Christina Pavlou\" \/>\n<script type=\"application\/ld+json\" class=\"yoast-schema-graph\">{\"@context\":\"https:\\\/\\\/schema.org\",\"@graph\":[{\"@type\":\"Article\",\"@id\":\"https:\\\/\\\/resources.workable.com\\\/de\\\/personalleiter-einzelhandel-stellenbeschreibung#article\",\"isPartOf\":{\"@id\":\"https:\\\/\\\/resources.workable.com\\\/de\\\/personalleiter-einzelhandel-stellenbeschreibung\"},\"author\":{\"name\":\"Christina Pavlou\",\"@id\":\"https:\\\/\\\/resources.workable.com\\\/de\\\/#\\\/schema\\\/person\\\/b23289d8d63331621eee9e69103cd603\"},\"headline\":\"Stellenbeschreibung: Personalleiter Einzelhandel&nbsp;(m\\\/w\\\/d)\",\"datePublished\":\"2020-01-08T11:15:41+00:00\",\"dateModified\":\"2020-02-06T13:13:30+00:00\",\"mainEntityOfPage\":{\"@id\":\"https:\\\/\\\/resources.workable.com\\\/de\\\/personalleiter-einzelhandel-stellenbeschreibung\"},\"wordCount\":68,\"publisher\":{\"@id\":\"https:\\\/\\\/resources.workable.com\\\/de\\\/#organization\"},\"image\":{\"@id\":\"https:\\\/\\\/resources.workable.com\\\/de\\\/personalleiter-einzelhandel-stellenbeschreibung#primaryimage\"},\"thumbnailUrl\":\"https:\\\/\\\/resources.workable.com\\\/wp-content\\\/uploads\\\/2018\\\/03\\\/shutterstock_479170105.jpg\",\"articleSection\":[\"Stellenbeschreibungen\",\"Stellenbeschreibungen Einzelhandel\"],\"inLanguage\":\"de-DE\"},{\"@type\":\"WebPage\",\"@id\":\"https:\\\/\\\/resources.workable.com\\\/de\\\/personalleiter-einzelhandel-stellenbeschreibung\",\"url\":\"https:\\\/\\\/resources.workable.com\\\/de\\\/personalleiter-einzelhandel-stellenbeschreibung\",\"name\":\"Vorlage f\u00fcr die Stellenbeschreibung Personalleiter Einzelhandel (m\\\/w\\\/d) | Workable\",\"isPartOf\":{\"@id\":\"https:\\\/\\\/resources.workable.com\\\/de\\\/#website\"},\"primaryImageOfPage\":{\"@id\":\"https:\\\/\\\/resources.workable.com\\\/de\\\/personalleiter-einzelhandel-stellenbeschreibung#primaryimage\"},\"image\":{\"@id\":\"https:\\\/\\\/resources.workable.com\\\/de\\\/personalleiter-einzelhandel-stellenbeschreibung#primaryimage\"},\"thumbnailUrl\":\"https:\\\/\\\/resources.workable.com\\\/wp-content\\\/uploads\\\/2018\\\/03\\\/shutterstock_479170105.jpg\",\"datePublished\":\"2020-01-08T11:15:41+00:00\",\"dateModified\":\"2020-02-06T13:13:30+00:00\",\"description\":\"Verwenden Sie diese Vorlage f\u00fcr die Stellenbeschreibung Personalleiter Einzelhandel (m\\\/w\\\/d), um Personalexperten f\u00fcr Ihr Einzelhandelsgesch\u00e4ft zu finden und einzustellen.\",\"breadcrumb\":{\"@id\":\"https:\\\/\\\/resources.workable.com\\\/de\\\/personalleiter-einzelhandel-stellenbeschreibung#breadcrumb\"},\"inLanguage\":\"de-DE\",\"potentialAction\":[{\"@type\":\"ReadAction\",\"target\":[\"https:\\\/\\\/resources.workable.com\\\/de\\\/personalleiter-einzelhandel-stellenbeschreibung\"]}]},{\"@type\":\"ImageObject\",\"inLanguage\":\"de-DE\",\"@id\":\"https:\\\/\\\/resources.workable.com\\\/de\\\/personalleiter-einzelhandel-stellenbeschreibung#primaryimage\",\"url\":\"https:\\\/\\\/resources.workable.com\\\/wp-content\\\/uploads\\\/2018\\\/03\\\/shutterstock_479170105.jpg\",\"contentUrl\":\"https:\\\/\\\/resources.workable.com\\\/wp-content\\\/uploads\\\/2018\\\/03\\\/shutterstock_479170105.jpg\"},{\"@type\":\"BreadcrumbList\",\"@id\":\"https:\\\/\\\/resources.workable.com\\\/de\\\/personalleiter-einzelhandel-stellenbeschreibung#breadcrumb\",\"itemListElement\":[{\"@type\":\"ListItem\",\"position\":1,\"name\":\"Home\",\"item\":\"https:\\\/\\\/resources.workable.com\\\/de\\\/\"},{\"@type\":\"ListItem\",\"position\":2,\"name\":\"Stellenbeschreibung: Personalleiter Einzelhandel&nbsp;(m\\\/w\\\/d)\"}]},{\"@type\":\"WebSite\",\"@id\":\"https:\\\/\\\/resources.workable.com\\\/de\\\/#website\",\"url\":\"https:\\\/\\\/resources.workable.com\\\/de\\\/\",\"name\":\"Recruiting Resources: How to Recruit and Hire Better\",\"description\":\"\",\"publisher\":{\"@id\":\"https:\\\/\\\/resources.workable.com\\\/de\\\/#organization\"},\"potentialAction\":[{\"@type\":\"SearchAction\",\"target\":{\"@type\":\"EntryPoint\",\"urlTemplate\":\"https:\\\/\\\/resources.workable.com\\\/de\\\/?s={search_term_string}\"},\"query-input\":{\"@type\":\"PropertyValueSpecification\",\"valueRequired\":true,\"valueName\":\"search_term_string\"}}],\"inLanguage\":\"de-DE\"},{\"@type\":\"Organization\",\"@id\":\"https:\\\/\\\/resources.workable.com\\\/de\\\/#organization\",\"name\":\"Workable\",\"url\":\"https:\\\/\\\/resources.workable.com\\\/de\\\/\",\"logo\":{\"@type\":\"ImageObject\",\"inLanguage\":\"de-DE\",\"@id\":\"https:\\\/\\\/resources.workable.com\\\/de\\\/#\\\/schema\\\/logo\\\/image\\\/\",\"url\":\"https:\\\/\\\/resources.workable.com\\\/wp-content\\\/uploads\\\/2017\\\/12\\\/logo-green.png\",\"contentUrl\":\"https:\\\/\\\/resources.workable.com\\\/wp-content\\\/uploads\\\/2017\\\/12\\\/logo-green.png\",\"width\":150,\"height\":25,\"caption\":\"Workable\"},\"image\":{\"@id\":\"https:\\\/\\\/resources.workable.com\\\/de\\\/#\\\/schema\\\/logo\\\/image\\\/\"},\"sameAs\":[\"https:\\\/\\\/business.facebook.com\\\/workable\\\/\",\"https:\\\/\\\/x.com\\\/workable\",\"https:\\\/\\\/www.linkedin.com\\\/company\\\/workable-hr\\\/\"]},{\"@type\":\"Person\",\"@id\":\"https:\\\/\\\/resources.workable.com\\\/de\\\/#\\\/schema\\\/person\\\/b23289d8d63331621eee9e69103cd603\",\"name\":\"Christina Pavlou\",\"image\":{\"@type\":\"ImageObject\",\"inLanguage\":\"de-DE\",\"@id\":\"https:\\\/\\\/secure.gravatar.com\\\/avatar\\\/9ed48272d268bb7071cf243f8d2dcaeaa1f26feca5ecd3fbed59e0378447bc49?s=96&d=mm&r=pg\",\"url\":\"https:\\\/\\\/secure.gravatar.com\\\/avatar\\\/9ed48272d268bb7071cf243f8d2dcaeaa1f26feca5ecd3fbed59e0378447bc49?s=96&d=mm&r=pg\",\"contentUrl\":\"https:\\\/\\\/secure.gravatar.com\\\/avatar\\\/9ed48272d268bb7071cf243f8d2dcaeaa1f26feca5ecd3fbed59e0378447bc49?s=96&d=mm&r=pg\",\"caption\":\"Christina Pavlou\"},\"description\":\"Christina Pavlou was a writer at Workable for nearly four years, and previously a recruiter. She writes about diversity in the workplace and reports on the shape of things to come. You can find her on LinkedIn and Twitter.\",\"url\":\"https:\\\/\\\/resources.workable.com\\\/de\\\/author\\\/christina\\\/\"}]}<\/script>\n<!-- \/ Yoast SEO Premium plugin. -->","yoast_head_json":{"title":"Vorlage f\u00fcr die Stellenbeschreibung Personalleiter Einzelhandel (m\/w\/d) | Workable","description":"Verwenden Sie diese Vorlage f\u00fcr die Stellenbeschreibung Personalleiter Einzelhandel (m\/w\/d), um Personalexperten f\u00fcr Ihr Einzelhandelsgesch\u00e4ft zu finden und einzustellen.","robots":{"index":"index","follow":"follow","max-snippet":"max-snippet:-1","max-image-preview":"max-image-preview:large","max-video-preview":"max-video-preview:-1"},"canonical":"https:\/\/resources.workable.com\/de\/personalleiter-einzelhandel-stellenbeschreibung\/","og_locale":"de_DE","og_type":"article","og_title":"Stellenbeschreibung: Personalleiter Einzelhandel (m\/w\/d)","og_description":"Verwenden Sie diese Vorlage f\u00fcr die Stellenbeschreibung Personalleiter Einzelhandel (m\/w\/d), um Personalexperten f\u00fcr Ihr Einzelhandelsgesch\u00e4ft zu finden und einzustellen.","og_url":"https:\/\/resources.workable.com\/de\/personalleiter-einzelhandel-stellenbeschreibung","og_site_name":"Recruiting Resources: How to Recruit and Hire Better","article_publisher":"https:\/\/business.facebook.com\/workable\/","article_published_time":"2020-01-08T11:15:41+00:00","article_modified_time":"2020-02-06T13:13:30+00:00","og_image":[{"url":"https:\/\/resources.workable.com\/wp-content\/uploads\/2018\/03\/shutterstock_479170105.jpg","type":"","width":"","height":""}],"author":"Christina Pavlou","twitter_card":"summary_large_image","twitter_creator":"@workable","twitter_site":"@workable","twitter_misc":{"Verfasst von":"Christina Pavlou"},"schema":{"@context":"https:\/\/schema.org","@graph":[{"@type":"Article","@id":"https:\/\/resources.workable.com\/de\/personalleiter-einzelhandel-stellenbeschreibung#article","isPartOf":{"@id":"https:\/\/resources.workable.com\/de\/personalleiter-einzelhandel-stellenbeschreibung"},"author":{"name":"Christina Pavlou","@id":"https:\/\/resources.workable.com\/de\/#\/schema\/person\/b23289d8d63331621eee9e69103cd603"},"headline":"Stellenbeschreibung: Personalleiter Einzelhandel&nbsp;(m\/w\/d)","datePublished":"2020-01-08T11:15:41+00:00","dateModified":"2020-02-06T13:13:30+00:00","mainEntityOfPage":{"@id":"https:\/\/resources.workable.com\/de\/personalleiter-einzelhandel-stellenbeschreibung"},"wordCount":68,"publisher":{"@id":"https:\/\/resources.workable.com\/de\/#organization"},"image":{"@id":"https:\/\/resources.workable.com\/de\/personalleiter-einzelhandel-stellenbeschreibung#primaryimage"},"thumbnailUrl":"https:\/\/resources.workable.com\/wp-content\/uploads\/2018\/03\/shutterstock_479170105.jpg","articleSection":["Stellenbeschreibungen","Stellenbeschreibungen Einzelhandel"],"inLanguage":"de-DE"},{"@type":"WebPage","@id":"https:\/\/resources.workable.com\/de\/personalleiter-einzelhandel-stellenbeschreibung","url":"https:\/\/resources.workable.com\/de\/personalleiter-einzelhandel-stellenbeschreibung","name":"Vorlage f\u00fcr die Stellenbeschreibung Personalleiter Einzelhandel (m\/w\/d) | Workable","isPartOf":{"@id":"https:\/\/resources.workable.com\/de\/#website"},"primaryImageOfPage":{"@id":"https:\/\/resources.workable.com\/de\/personalleiter-einzelhandel-stellenbeschreibung#primaryimage"},"image":{"@id":"https:\/\/resources.workable.com\/de\/personalleiter-einzelhandel-stellenbeschreibung#primaryimage"},"thumbnailUrl":"https:\/\/resources.workable.com\/wp-content\/uploads\/2018\/03\/shutterstock_479170105.jpg","datePublished":"2020-01-08T11:15:41+00:00","dateModified":"2020-02-06T13:13:30+00:00","description":"Verwenden Sie diese Vorlage f\u00fcr die Stellenbeschreibung Personalleiter Einzelhandel (m\/w\/d), um Personalexperten f\u00fcr Ihr Einzelhandelsgesch\u00e4ft zu finden und einzustellen.","breadcrumb":{"@id":"https:\/\/resources.workable.com\/de\/personalleiter-einzelhandel-stellenbeschreibung#breadcrumb"},"inLanguage":"de-DE","potentialAction":[{"@type":"ReadAction","target":["https:\/\/resources.workable.com\/de\/personalleiter-einzelhandel-stellenbeschreibung"]}]},{"@type":"ImageObject","inLanguage":"de-DE","@id":"https:\/\/resources.workable.com\/de\/personalleiter-einzelhandel-stellenbeschreibung#primaryimage","url":"https:\/\/resources.workable.com\/wp-content\/uploads\/2018\/03\/shutterstock_479170105.jpg","contentUrl":"https:\/\/resources.workable.com\/wp-content\/uploads\/2018\/03\/shutterstock_479170105.jpg"},{"@type":"BreadcrumbList","@id":"https:\/\/resources.workable.com\/de\/personalleiter-einzelhandel-stellenbeschreibung#breadcrumb","itemListElement":[{"@type":"ListItem","position":1,"name":"Home","item":"https:\/\/resources.workable.com\/de\/"},{"@type":"ListItem","position":2,"name":"Stellenbeschreibung: Personalleiter Einzelhandel&nbsp;(m\/w\/d)"}]},{"@type":"WebSite","@id":"https:\/\/resources.workable.com\/de\/#website","url":"https:\/\/resources.workable.com\/de\/","name":"Recruiting Resources: How to Recruit and Hire Better","description":"","publisher":{"@id":"https:\/\/resources.workable.com\/de\/#organization"},"potentialAction":[{"@type":"SearchAction","target":{"@type":"EntryPoint","urlTemplate":"https:\/\/resources.workable.com\/de\/?s={search_term_string}"},"query-input":{"@type":"PropertyValueSpecification","valueRequired":true,"valueName":"search_term_string"}}],"inLanguage":"de-DE"},{"@type":"Organization","@id":"https:\/\/resources.workable.com\/de\/#organization","name":"Workable","url":"https:\/\/resources.workable.com\/de\/","logo":{"@type":"ImageObject","inLanguage":"de-DE","@id":"https:\/\/resources.workable.com\/de\/#\/schema\/logo\/image\/","url":"https:\/\/resources.workable.com\/wp-content\/uploads\/2017\/12\/logo-green.png","contentUrl":"https:\/\/resources.workable.com\/wp-content\/uploads\/2017\/12\/logo-green.png","width":150,"height":25,"caption":"Workable"},"image":{"@id":"https:\/\/resources.workable.com\/de\/#\/schema\/logo\/image\/"},"sameAs":["https:\/\/business.facebook.com\/workable\/","https:\/\/x.com\/workable","https:\/\/www.linkedin.com\/company\/workable-hr\/"]},{"@type":"Person","@id":"https:\/\/resources.workable.com\/de\/#\/schema\/person\/b23289d8d63331621eee9e69103cd603","name":"Christina Pavlou","image":{"@type":"ImageObject","inLanguage":"de-DE","@id":"https:\/\/secure.gravatar.com\/avatar\/9ed48272d268bb7071cf243f8d2dcaeaa1f26feca5ecd3fbed59e0378447bc49?s=96&d=mm&r=pg","url":"https:\/\/secure.gravatar.com\/avatar\/9ed48272d268bb7071cf243f8d2dcaeaa1f26feca5ecd3fbed59e0378447bc49?s=96&d=mm&r=pg","contentUrl":"https:\/\/secure.gravatar.com\/avatar\/9ed48272d268bb7071cf243f8d2dcaeaa1f26feca5ecd3fbed59e0378447bc49?s=96&d=mm&r=pg","caption":"Christina Pavlou"},"description":"Christina Pavlou was a writer at Workable for nearly four years, and previously a recruiter. She writes about diversity in the workplace and reports on the shape of things to come. You can find her on LinkedIn and Twitter.","url":"https:\/\/resources.workable.com\/de\/author\/christina\/"}]}},"modified_by":"Christina Pavlou","custom_fields":{"brief":"Wir suchen einen Personalleiter Einzelhandel (m\/w\/d), der die Personalbeschaffungsvorg\u00e4nge in unserem Gesch\u00e4ft \u00fcberwacht, vom Finden und Einstellen von Kandidaten bis hin zur Beurteilung und Motivation von Mitarbeitern.\r\n\r\nZu den Aufgaben des Personalleiter Einzelhandel z\u00e4hlen die Ver\u00f6ffentlichung von effektiven Stellenanzeigen \u00fcber Stellenb\u00f6rsen und soziale Netzwerke, die Einrichtung von Leistungsbewertungsprogrammen und das Verfolgen von wichtigen Kennzahlen. Wenn Sie Erfahrung als F\u00fchrungskraft im Personalbereich haben und sich mit den Besch\u00e4ftigungsgesetzen auskennen, die f\u00fcr Einzelhandelsmitarbeiter gelten, m\u00f6chten wir Sie gern kennenlernen.\r\n\r\nSie stellen letztlich sicher, dass wir qualifizierte Mitarbeiter f\u00fcr unser Gesch\u00e4ft finden, einstellen und im Unternehmen halten.","requirements":"<ul>\r\n \t<li>Berufserfahrung als <a href=\"https:\/\/resources.workable.com\/hr-manager-job-description\" target=\"_blank\" rel=\"noopener\">HR Manager<\/a>, vorzugsweise im Einzelhandel<\/li>\r\n \t<li>Praktische Erfahrung mit der Beschaffung und Bewertung von Kandidaten f\u00fcr verschiedene Positionsebenen<\/li>\r\n \t<li>Fundiertes Verst\u00e4ndnis von Besch\u00e4ftigungsgesetzen, einschl. Vorschriften zu flexiblen Besch\u00e4ftigungsformen<\/li>\r\n \t<li>Kenntnisse in Bezug auf Lohn- und Gehaltsabrechnungssysteme sowie Personaldatenbanken<\/li>\r\n \t<li>Exzellente Kommunikations- und Probleml\u00f6sungsf\u00e4higkeiten<\/li>\r\n \t<li>B.Sc.-Abschluss in Personalwesen, Organisationspsychologie oder einem \u00e4hnlichen Bereich<\/li>\r\n<\/ul>","responsibilities":"<ul>\r\n \t<li>Einstellungsbedarf prognostizieren, insbesondere zu Hochzeiten<\/li>\r\n \t<li>Stellenanzeigen gestalten und ver\u00f6ffentlichen, um qualifizierte Kandidaten f\u00fcr Positionen auf verschiedenen Ebenen im Gesch\u00e4ft zu finden<\/li>\r\n \t<li>Mitarbeiterfluktuationsraten (monatlich, viertelj\u00e4hrlich und j\u00e4hrlich) berechnen und dar\u00fcber berichten<\/li>\r\n \t<li>Attraktive Verg\u00fctungs- und Zusatzleistungspakete planen, um die Mitarbeiterbindung zu erh\u00f6hen<\/li>\r\n \t<li>Neue Mitarbeiter einarbeiten und schulen<\/li>\r\n \t<li>Wichtige Personalbeschaffungskennzahlen wie Kosten pro Einstellung und Einstellungsquelle verfolgen<\/li>\r\n \t<li>Verwaltung der Lohn- und Gehaltsabrechnung unter Ber\u00fccksichtigung von \u00dcberstunden, flexiblen Arbeitszeiten und saisonaler Besch\u00e4ftigung<\/li>\r\n \t<li>Schulung von Teamleitern in Bezug auf Leistungsbewertungstechniken<\/li>\r\n \t<li>Zusammenarbeit mit Karriereb\u00fcros an Hochschulen, um Absolventen \u00fcber Praktika und Einstiegspositionen zu informieren<\/li>\r\n \t<li>Nutzen von sozialen Netzwerken zur Pr\u00e4sentation unserer Unternehmenskultur und zum Aufbau einer starken Arbeitgebermarke<\/li>\r\n \t<li>F\u00fchren von Mitarbeiterakten in digitaler und Papierform<\/li>\r\n<\/ul>","see_more":""},"_links":{"self":[{"href":"https:\/\/resources.workable.com\/de\/wp-json\/wp\/v2\/posts\/68143","targetHints":{"allow":["GET"]}}],"collection":[{"href":"https:\/\/resources.workable.com\/de\/wp-json\/wp\/v2\/posts"}],"about":[{"href":"https:\/\/resources.workable.com\/de\/wp-json\/wp\/v2\/types\/post"}],"author":[{"embeddable":true,"href":"https:\/\/resources.workable.com\/de\/wp-json\/wp\/v2\/users\/41"}],"replies":[{"embeddable":true,"href":"https:\/\/resources.workable.com\/de\/wp-json\/wp\/v2\/comments?post=68143"}],"version-history":[{"count":0,"href":"https:\/\/resources.workable.com\/de\/wp-json\/wp\/v2\/posts\/68143\/revisions"}],"wp:attachment":[{"href":"https:\/\/resources.workable.com\/de\/wp-json\/wp\/v2\/media?parent=68143"}],"wp:term":[{"taxonomy":"category","embeddable":true,"href":"https:\/\/resources.workable.com\/de\/wp-json\/wp\/v2\/categories?post=68143"},{"taxonomy":"post_tag","embeddable":true,"href":"https:\/\/resources.workable.com\/de\/wp-json\/wp\/v2\/tags?post=68143"}],"curies":[{"name":"wp","href":"https:\/\/api.w.org\/{rel}","templated":true}]}}