{"id":42683,"date":"2020-01-08T11:05:26","date_gmt":"2020-01-08T11:05:26","guid":{"rendered":"https:\/\/resources.workable.com\/?p=42683"},"modified":"2020-02-06T13:14:28","modified_gmt":"2020-02-06T13:14:28","slug":"stellenbeschreibung-verwaltungskoordinator-m-w-d","status":"publish","type":"post","link":"https:\/\/resources.workable.com\/de\/verwaltungskoordinator-stellenbeschreibung","title":{"rendered":"Stellenbeschreibung: Verwaltungskoordinator&nbsp;(m\/w\/d)"},"content":{"rendered":"<p>Ver\u00f6ffentlichen Sie diese Vorlage f\u00fcr die Stellenbeschreibung Verwaltungskoordinator (m\/w\/d) in Jobb\u00f6rsen und auf Karriereseiten, um qualifizierte Bewerber anzuziehen. Sie k\u00f6nnen diese Vorlage gerne an die spezifischen Bed\u00fcrfnisse Ihres Unternehmens anpassen.<\/p>\n<h2>Die Aufgaben eines Verwaltungskoordinators umfassen:<\/h2>\n<ul>\n<li>Entgegennahme und ggf. Weiterleitung von Telefonaten<\/li>\n<li>Abwickeln und Melden von B\u00fcrokosten<\/li>\n<li>F\u00fchren von Mitarbeiterakten in digitaler und Papierform<\/li>\n<\/ul>\n<p><img loading=\"lazy\" decoding=\"async\" class=\"size-full wp-image-42727 alignnone\" src=\"https:\/\/resources.workable.com\/wp-content\/uploads\/2017\/08\/shutterstock_240678583.jpg\" alt=\"Stellenbeschreibung Verwaltungskoordinator (m\/w\/d)\" width=\"640\" height=\"230\" srcset=\"https:\/\/resources.workable.com\/wp-content\/uploads\/2017\/08\/shutterstock_240678583.jpg 640w, https:\/\/resources.workable.com\/wp-content\/uploads\/2017\/08\/shutterstock_240678583-200x72.jpg 200w, https:\/\/resources.workable.com\/wp-content\/uploads\/2017\/08\/shutterstock_240678583-560x201.jpg 560w\" sizes=\"auto, (max-width: 640px) 100vw, 640px\" \/><\/p>\n","protected":false},"excerpt":{"rendered":"<p>Ver\u00f6ffentlichen Sie diese Vorlage f\u00fcr die Stellenbeschreibung Verwaltungskoordinator (m\/w\/d) in Jobb\u00f6rsen und auf Karriereseiten, um qualifizierte Bewerber anzuziehen. Sie k\u00f6nnen diese Vorlage gerne an die spezifischen Bed\u00fcrfnisse Ihres Unternehmens anpassen. Die Aufgaben eines Verwaltungskoordinators umfassen: Entgegennahme und ggf. Weiterleitung von Telefonaten Abwickeln und Melden von B\u00fcrokosten F\u00fchren von Mitarbeiterakten in digitaler und Papierform<\/p>\n","protected":false},"author":41,"featured_media":0,"comment_status":"closed","ping_status":"closed","sticky":false,"template":"","format":"standard","meta":{"_acf_changed":false,"_lmt_disableupdate":"no","_lmt_disable":"","_has_post_settings":[],"footnotes":""},"categories":[1044,1194],"tags":[],"class_list":["post-42683","post","type-post","status-publish","format-standard","hentry","category-stellenbeschreibungen","category-stellenbeschreibungen-im-bereich-administration"],"acf":[],"yoast_head":"<!-- This site is optimized with the Yoast SEO Premium plugin v27.4 (Yoast SEO v27.4) - https:\/\/yoast.com\/product\/yoast-seo-premium-wordpress\/ -->\n<title>Vorlage f\u00fcr die Stellenbeschreibung Verwaltungskoordinator (m\/w\/d) | Workable<\/title>\n<meta name=\"description\" content=\"Ver\u00f6ffentlichen Sie diese Vorlage f\u00fcr die Stellenbeschreibung Verwaltungskoordinator (m\/w\/d) in Jobb\u00f6rsen und auf Karriereseiten, um qualifizierte Bewerber anzuziehen.\" \/>\n<meta name=\"robots\" content=\"index, follow, max-snippet:-1, max-image-preview:large, max-video-preview:-1\" \/>\n<link rel=\"canonical\" href=\"https:\/\/resources.workable.com\/de\/verwaltungskoordinator-stellenbeschreibung\/\" \/>\n<meta property=\"og:locale\" content=\"de_DE\" \/>\n<meta property=\"og:type\" content=\"article\" \/>\n<meta property=\"og:title\" content=\"Stellenbeschreibung: Verwaltungskoordinator (m\/w\/d)\" \/>\n<meta property=\"og:description\" content=\"Ver\u00f6ffentlichen Sie diese Vorlage f\u00fcr die Stellenbeschreibung Verwaltungskoordinator (m\/w\/d) in Jobb\u00f6rsen und auf Karriereseiten, um qualifizierte Bewerber anzuziehen.\" \/>\n<meta property=\"og:url\" content=\"https:\/\/resources.workable.com\/de\/verwaltungskoordinator-stellenbeschreibung\" \/>\n<meta property=\"og:site_name\" content=\"Recruiting Resources: How to Recruit and Hire Better\" \/>\n<meta property=\"article:publisher\" content=\"https:\/\/business.facebook.com\/workable\/\" \/>\n<meta property=\"article:published_time\" content=\"2020-01-08T11:05:26+00:00\" \/>\n<meta property=\"article:modified_time\" content=\"2020-02-06T13:14:28+00:00\" \/>\n<meta property=\"og:image\" content=\"https:\/\/resources.workable.com\/wp-content\/uploads\/2017\/08\/shutterstock_240678583.jpg\" \/>\n<meta name=\"author\" content=\"Christina Pavlou\" \/>\n<meta name=\"twitter:card\" content=\"summary_large_image\" \/>\n<meta name=\"twitter:creator\" content=\"@workable\" \/>\n<meta name=\"twitter:site\" content=\"@workable\" \/>\n<meta name=\"twitter:label1\" content=\"Verfasst von\" \/>\n\t<meta name=\"twitter:data1\" content=\"Christina Pavlou\" \/>\n<script type=\"application\/ld+json\" class=\"yoast-schema-graph\">{\"@context\":\"https:\\\/\\\/schema.org\",\"@graph\":[{\"@type\":\"Article\",\"@id\":\"https:\\\/\\\/resources.workable.com\\\/de\\\/verwaltungskoordinator-stellenbeschreibung#article\",\"isPartOf\":{\"@id\":\"https:\\\/\\\/resources.workable.com\\\/de\\\/verwaltungskoordinator-stellenbeschreibung\"},\"author\":{\"name\":\"Christina Pavlou\",\"@id\":\"https:\\\/\\\/resources.workable.com\\\/de\\\/#\\\/schema\\\/person\\\/b23289d8d63331621eee9e69103cd603\"},\"headline\":\"Stellenbeschreibung: Verwaltungskoordinator&nbsp;(m\\\/w\\\/d)\",\"datePublished\":\"2020-01-08T11:05:26+00:00\",\"dateModified\":\"2020-02-06T13:14:28+00:00\",\"mainEntityOfPage\":{\"@id\":\"https:\\\/\\\/resources.workable.com\\\/de\\\/verwaltungskoordinator-stellenbeschreibung\"},\"wordCount\":67,\"publisher\":{\"@id\":\"https:\\\/\\\/resources.workable.com\\\/de\\\/#organization\"},\"image\":{\"@id\":\"https:\\\/\\\/resources.workable.com\\\/de\\\/verwaltungskoordinator-stellenbeschreibung#primaryimage\"},\"thumbnailUrl\":\"https:\\\/\\\/resources.workable.com\\\/wp-content\\\/uploads\\\/2017\\\/08\\\/shutterstock_240678583.jpg\",\"articleSection\":[\"Stellenbeschreibungen\",\"Stellenbeschreibungen im Bereich Administration\"],\"inLanguage\":\"de-DE\"},{\"@type\":\"WebPage\",\"@id\":\"https:\\\/\\\/resources.workable.com\\\/de\\\/verwaltungskoordinator-stellenbeschreibung\",\"url\":\"https:\\\/\\\/resources.workable.com\\\/de\\\/verwaltungskoordinator-stellenbeschreibung\",\"name\":\"Vorlage f\u00fcr die Stellenbeschreibung Verwaltungskoordinator (m\\\/w\\\/d) | Workable\",\"isPartOf\":{\"@id\":\"https:\\\/\\\/resources.workable.com\\\/de\\\/#website\"},\"primaryImageOfPage\":{\"@id\":\"https:\\\/\\\/resources.workable.com\\\/de\\\/verwaltungskoordinator-stellenbeschreibung#primaryimage\"},\"image\":{\"@id\":\"https:\\\/\\\/resources.workable.com\\\/de\\\/verwaltungskoordinator-stellenbeschreibung#primaryimage\"},\"thumbnailUrl\":\"https:\\\/\\\/resources.workable.com\\\/wp-content\\\/uploads\\\/2017\\\/08\\\/shutterstock_240678583.jpg\",\"datePublished\":\"2020-01-08T11:05:26+00:00\",\"dateModified\":\"2020-02-06T13:14:28+00:00\",\"description\":\"Ver\u00f6ffentlichen Sie diese Vorlage f\u00fcr die Stellenbeschreibung Verwaltungskoordinator (m\\\/w\\\/d) in Jobb\u00f6rsen und auf Karriereseiten, um qualifizierte Bewerber anzuziehen.\",\"breadcrumb\":{\"@id\":\"https:\\\/\\\/resources.workable.com\\\/de\\\/verwaltungskoordinator-stellenbeschreibung#breadcrumb\"},\"inLanguage\":\"de-DE\",\"potentialAction\":[{\"@type\":\"ReadAction\",\"target\":[\"https:\\\/\\\/resources.workable.com\\\/de\\\/verwaltungskoordinator-stellenbeschreibung\"]}]},{\"@type\":\"ImageObject\",\"inLanguage\":\"de-DE\",\"@id\":\"https:\\\/\\\/resources.workable.com\\\/de\\\/verwaltungskoordinator-stellenbeschreibung#primaryimage\",\"url\":\"https:\\\/\\\/resources.workable.com\\\/wp-content\\\/uploads\\\/2017\\\/08\\\/shutterstock_240678583.jpg\",\"contentUrl\":\"https:\\\/\\\/resources.workable.com\\\/wp-content\\\/uploads\\\/2017\\\/08\\\/shutterstock_240678583.jpg\"},{\"@type\":\"BreadcrumbList\",\"@id\":\"https:\\\/\\\/resources.workable.com\\\/de\\\/verwaltungskoordinator-stellenbeschreibung#breadcrumb\",\"itemListElement\":[{\"@type\":\"ListItem\",\"position\":1,\"name\":\"Home\",\"item\":\"https:\\\/\\\/resources.workable.com\\\/de\\\/\"},{\"@type\":\"ListItem\",\"position\":2,\"name\":\"Stellenbeschreibung: Verwaltungskoordinator&nbsp;(m\\\/w\\\/d)\"}]},{\"@type\":\"WebSite\",\"@id\":\"https:\\\/\\\/resources.workable.com\\\/de\\\/#website\",\"url\":\"https:\\\/\\\/resources.workable.com\\\/de\\\/\",\"name\":\"Recruiting Resources: How to Recruit and Hire Better\",\"description\":\"\",\"publisher\":{\"@id\":\"https:\\\/\\\/resources.workable.com\\\/de\\\/#organization\"},\"potentialAction\":[{\"@type\":\"SearchAction\",\"target\":{\"@type\":\"EntryPoint\",\"urlTemplate\":\"https:\\\/\\\/resources.workable.com\\\/de\\\/?s={search_term_string}\"},\"query-input\":{\"@type\":\"PropertyValueSpecification\",\"valueRequired\":true,\"valueName\":\"search_term_string\"}}],\"inLanguage\":\"de-DE\"},{\"@type\":\"Organization\",\"@id\":\"https:\\\/\\\/resources.workable.com\\\/de\\\/#organization\",\"name\":\"Workable\",\"url\":\"https:\\\/\\\/resources.workable.com\\\/de\\\/\",\"logo\":{\"@type\":\"ImageObject\",\"inLanguage\":\"de-DE\",\"@id\":\"https:\\\/\\\/resources.workable.com\\\/de\\\/#\\\/schema\\\/logo\\\/image\\\/\",\"url\":\"https:\\\/\\\/resources.workable.com\\\/wp-content\\\/uploads\\\/2017\\\/12\\\/logo-green.png\",\"contentUrl\":\"https:\\\/\\\/resources.workable.com\\\/wp-content\\\/uploads\\\/2017\\\/12\\\/logo-green.png\",\"width\":150,\"height\":25,\"caption\":\"Workable\"},\"image\":{\"@id\":\"https:\\\/\\\/resources.workable.com\\\/de\\\/#\\\/schema\\\/logo\\\/image\\\/\"},\"sameAs\":[\"https:\\\/\\\/business.facebook.com\\\/workable\\\/\",\"https:\\\/\\\/x.com\\\/workable\",\"https:\\\/\\\/www.linkedin.com\\\/company\\\/workable-hr\\\/\"]},{\"@type\":\"Person\",\"@id\":\"https:\\\/\\\/resources.workable.com\\\/de\\\/#\\\/schema\\\/person\\\/b23289d8d63331621eee9e69103cd603\",\"name\":\"Christina Pavlou\",\"image\":{\"@type\":\"ImageObject\",\"inLanguage\":\"de-DE\",\"@id\":\"https:\\\/\\\/secure.gravatar.com\\\/avatar\\\/9ed48272d268bb7071cf243f8d2dcaeaa1f26feca5ecd3fbed59e0378447bc49?s=96&d=mm&r=pg\",\"url\":\"https:\\\/\\\/secure.gravatar.com\\\/avatar\\\/9ed48272d268bb7071cf243f8d2dcaeaa1f26feca5ecd3fbed59e0378447bc49?s=96&d=mm&r=pg\",\"contentUrl\":\"https:\\\/\\\/secure.gravatar.com\\\/avatar\\\/9ed48272d268bb7071cf243f8d2dcaeaa1f26feca5ecd3fbed59e0378447bc49?s=96&d=mm&r=pg\",\"caption\":\"Christina Pavlou\"},\"description\":\"Christina Pavlou was a writer at Workable for nearly four years, and previously a recruiter. She writes about diversity in the workplace and reports on the shape of things to come. You can find her on LinkedIn and Twitter.\",\"url\":\"https:\\\/\\\/resources.workable.com\\\/de\\\/author\\\/christina\\\/\"}]}<\/script>\n<!-- \/ Yoast SEO Premium plugin. -->","yoast_head_json":{"title":"Vorlage f\u00fcr die Stellenbeschreibung Verwaltungskoordinator (m\/w\/d) | Workable","description":"Ver\u00f6ffentlichen Sie diese Vorlage f\u00fcr die Stellenbeschreibung Verwaltungskoordinator (m\/w\/d) in Jobb\u00f6rsen und auf Karriereseiten, um qualifizierte Bewerber anzuziehen.","robots":{"index":"index","follow":"follow","max-snippet":"max-snippet:-1","max-image-preview":"max-image-preview:large","max-video-preview":"max-video-preview:-1"},"canonical":"https:\/\/resources.workable.com\/de\/verwaltungskoordinator-stellenbeschreibung\/","og_locale":"de_DE","og_type":"article","og_title":"Stellenbeschreibung: Verwaltungskoordinator (m\/w\/d)","og_description":"Ver\u00f6ffentlichen Sie diese Vorlage f\u00fcr die Stellenbeschreibung Verwaltungskoordinator (m\/w\/d) in Jobb\u00f6rsen und auf Karriereseiten, um qualifizierte Bewerber anzuziehen.","og_url":"https:\/\/resources.workable.com\/de\/verwaltungskoordinator-stellenbeschreibung","og_site_name":"Recruiting Resources: How to Recruit and Hire Better","article_publisher":"https:\/\/business.facebook.com\/workable\/","article_published_time":"2020-01-08T11:05:26+00:00","article_modified_time":"2020-02-06T13:14:28+00:00","og_image":[{"url":"https:\/\/resources.workable.com\/wp-content\/uploads\/2017\/08\/shutterstock_240678583.jpg","type":"","width":"","height":""}],"author":"Christina Pavlou","twitter_card":"summary_large_image","twitter_creator":"@workable","twitter_site":"@workable","twitter_misc":{"Verfasst von":"Christina Pavlou"},"schema":{"@context":"https:\/\/schema.org","@graph":[{"@type":"Article","@id":"https:\/\/resources.workable.com\/de\/verwaltungskoordinator-stellenbeschreibung#article","isPartOf":{"@id":"https:\/\/resources.workable.com\/de\/verwaltungskoordinator-stellenbeschreibung"},"author":{"name":"Christina Pavlou","@id":"https:\/\/resources.workable.com\/de\/#\/schema\/person\/b23289d8d63331621eee9e69103cd603"},"headline":"Stellenbeschreibung: Verwaltungskoordinator&nbsp;(m\/w\/d)","datePublished":"2020-01-08T11:05:26+00:00","dateModified":"2020-02-06T13:14:28+00:00","mainEntityOfPage":{"@id":"https:\/\/resources.workable.com\/de\/verwaltungskoordinator-stellenbeschreibung"},"wordCount":67,"publisher":{"@id":"https:\/\/resources.workable.com\/de\/#organization"},"image":{"@id":"https:\/\/resources.workable.com\/de\/verwaltungskoordinator-stellenbeschreibung#primaryimage"},"thumbnailUrl":"https:\/\/resources.workable.com\/wp-content\/uploads\/2017\/08\/shutterstock_240678583.jpg","articleSection":["Stellenbeschreibungen","Stellenbeschreibungen im Bereich Administration"],"inLanguage":"de-DE"},{"@type":"WebPage","@id":"https:\/\/resources.workable.com\/de\/verwaltungskoordinator-stellenbeschreibung","url":"https:\/\/resources.workable.com\/de\/verwaltungskoordinator-stellenbeschreibung","name":"Vorlage f\u00fcr die Stellenbeschreibung Verwaltungskoordinator (m\/w\/d) | Workable","isPartOf":{"@id":"https:\/\/resources.workable.com\/de\/#website"},"primaryImageOfPage":{"@id":"https:\/\/resources.workable.com\/de\/verwaltungskoordinator-stellenbeschreibung#primaryimage"},"image":{"@id":"https:\/\/resources.workable.com\/de\/verwaltungskoordinator-stellenbeschreibung#primaryimage"},"thumbnailUrl":"https:\/\/resources.workable.com\/wp-content\/uploads\/2017\/08\/shutterstock_240678583.jpg","datePublished":"2020-01-08T11:05:26+00:00","dateModified":"2020-02-06T13:14:28+00:00","description":"Ver\u00f6ffentlichen Sie diese Vorlage f\u00fcr die Stellenbeschreibung Verwaltungskoordinator (m\/w\/d) in Jobb\u00f6rsen und auf Karriereseiten, um qualifizierte Bewerber anzuziehen.","breadcrumb":{"@id":"https:\/\/resources.workable.com\/de\/verwaltungskoordinator-stellenbeschreibung#breadcrumb"},"inLanguage":"de-DE","potentialAction":[{"@type":"ReadAction","target":["https:\/\/resources.workable.com\/de\/verwaltungskoordinator-stellenbeschreibung"]}]},{"@type":"ImageObject","inLanguage":"de-DE","@id":"https:\/\/resources.workable.com\/de\/verwaltungskoordinator-stellenbeschreibung#primaryimage","url":"https:\/\/resources.workable.com\/wp-content\/uploads\/2017\/08\/shutterstock_240678583.jpg","contentUrl":"https:\/\/resources.workable.com\/wp-content\/uploads\/2017\/08\/shutterstock_240678583.jpg"},{"@type":"BreadcrumbList","@id":"https:\/\/resources.workable.com\/de\/verwaltungskoordinator-stellenbeschreibung#breadcrumb","itemListElement":[{"@type":"ListItem","position":1,"name":"Home","item":"https:\/\/resources.workable.com\/de\/"},{"@type":"ListItem","position":2,"name":"Stellenbeschreibung: Verwaltungskoordinator&nbsp;(m\/w\/d)"}]},{"@type":"WebSite","@id":"https:\/\/resources.workable.com\/de\/#website","url":"https:\/\/resources.workable.com\/de\/","name":"Recruiting Resources: How to Recruit and Hire Better","description":"","publisher":{"@id":"https:\/\/resources.workable.com\/de\/#organization"},"potentialAction":[{"@type":"SearchAction","target":{"@type":"EntryPoint","urlTemplate":"https:\/\/resources.workable.com\/de\/?s={search_term_string}"},"query-input":{"@type":"PropertyValueSpecification","valueRequired":true,"valueName":"search_term_string"}}],"inLanguage":"de-DE"},{"@type":"Organization","@id":"https:\/\/resources.workable.com\/de\/#organization","name":"Workable","url":"https:\/\/resources.workable.com\/de\/","logo":{"@type":"ImageObject","inLanguage":"de-DE","@id":"https:\/\/resources.workable.com\/de\/#\/schema\/logo\/image\/","url":"https:\/\/resources.workable.com\/wp-content\/uploads\/2017\/12\/logo-green.png","contentUrl":"https:\/\/resources.workable.com\/wp-content\/uploads\/2017\/12\/logo-green.png","width":150,"height":25,"caption":"Workable"},"image":{"@id":"https:\/\/resources.workable.com\/de\/#\/schema\/logo\/image\/"},"sameAs":["https:\/\/business.facebook.com\/workable\/","https:\/\/x.com\/workable","https:\/\/www.linkedin.com\/company\/workable-hr\/"]},{"@type":"Person","@id":"https:\/\/resources.workable.com\/de\/#\/schema\/person\/b23289d8d63331621eee9e69103cd603","name":"Christina Pavlou","image":{"@type":"ImageObject","inLanguage":"de-DE","@id":"https:\/\/secure.gravatar.com\/avatar\/9ed48272d268bb7071cf243f8d2dcaeaa1f26feca5ecd3fbed59e0378447bc49?s=96&d=mm&r=pg","url":"https:\/\/secure.gravatar.com\/avatar\/9ed48272d268bb7071cf243f8d2dcaeaa1f26feca5ecd3fbed59e0378447bc49?s=96&d=mm&r=pg","contentUrl":"https:\/\/secure.gravatar.com\/avatar\/9ed48272d268bb7071cf243f8d2dcaeaa1f26feca5ecd3fbed59e0378447bc49?s=96&d=mm&r=pg","caption":"Christina Pavlou"},"description":"Christina Pavlou was a writer at Workable for nearly four years, and previously a recruiter. She writes about diversity in the workplace and reports on the shape of things to come. You can find her on LinkedIn and Twitter.","url":"https:\/\/resources.workable.com\/de\/author\/christina\/"}]}},"modified_by":"Christina Pavlou","custom_fields":{"brief":"Wir suchen einen Verwaltungskoordinator, der als Ansprechpartner f\u00fcr unsere Mitarbeiter und Lieferanten fungiert.\r\n\r\nZu den Aufgaben des Verwaltungskoordinators geh\u00f6ren die Unterst\u00fctzung des regul\u00e4ren B\u00fcrobetriebs, die Entgegennahme von Telefonanrufen und die Planung interner Besprechungen. Um in dieser Rolle erfolgreich zu sein, sollten Sie ein Organisationstalent sein sowie \u00fcber die F\u00e4higkeit verf\u00fcgen, Aufgaben zu priorisieren und Termine einzuhalten.\r\n\r\nLetztendlich bieten Sie unseren Mitarbeitern administrative Unterst\u00fctzung und sorgen f\u00fcr reibungslose t\u00e4gliche Abl\u00e4ufe.","requirements":"<ul>\r\n \t<li>Nachgewiesene Berufserfahrung als Verwaltungskoordinator, <a href=\"https:\/\/resources.workable.com\/administrator-job-description\" target=\"_blank\" rel=\"noopener\">Administrator<\/a> oder in einer \u00e4hnlichen Rolle<\/li>\r\n \t<li>Praktische Erfahrungen mit der MS Office Suite (insbesondere MS Word und MS Excel)<\/li>\r\n \t<li>Vertrautheit im Umgang mit B\u00fcroausstattung, einschlie\u00dflich Drucker und Faxger\u00e4te<\/li>\r\n \t<li>Grundlegende mathematische F\u00e4higkeiten<\/li>\r\n \t<li>Solide Zeitmanagementf\u00e4higkeiten mit der F\u00e4higkeit zur Priorisierung von Aufgaben<\/li>\r\n \t<li>Ausgezeichnete Kommunikationskenntnisse (in Wort und Schrift)<\/li>\r\n \t<li>Abitur; zus\u00e4tzliche Qualifikationen als Office Administrator sind von Vorteil<\/li>\r\n<\/ul>","responsibilities":"<ul>\r\n \t<li>Entgegennahme und ggf. Weiterleitung von Telefonaten<\/li>\r\n \t<li>Abwickeln und Melden von B\u00fcrokosten<\/li>\r\n \t<li>F\u00fchren von Mitarbeiterakten in digitaler und Papierform<\/li>\r\n \t<li>Arrangieren von internen und externen Besprechungen<\/li>\r\n \t<li>Verteilen der eingehenden E-Mails\/Post<\/li>\r\n \t<li>Verwalten und Nachbestellen von B\u00fcroartikeln<\/li>\r\n \t<li>Treffen von Reisevorbereitungen<\/li>\r\n \t<li>Organisieren der Unternehmensdokumente in aktualisierten Ablagesystemen<\/li>\r\n \t<li>Beantworten der Fragen von Mitarbeitern und Kunden (per E-Mail, Telefon oder pers\u00f6nlich)<\/li>\r\n \t<li>Vorbereiten von Pr\u00e4sentationen, Tabellen und Berichten<\/li>\r\n \t<li>Aktualisieren der B\u00fcrorichtlinien nach Bedarf<\/li>\r\n<\/ul>","see_more":""},"_links":{"self":[{"href":"https:\/\/resources.workable.com\/de\/wp-json\/wp\/v2\/posts\/42683","targetHints":{"allow":["GET"]}}],"collection":[{"href":"https:\/\/resources.workable.com\/de\/wp-json\/wp\/v2\/posts"}],"about":[{"href":"https:\/\/resources.workable.com\/de\/wp-json\/wp\/v2\/types\/post"}],"author":[{"embeddable":true,"href":"https:\/\/resources.workable.com\/de\/wp-json\/wp\/v2\/users\/41"}],"replies":[{"embeddable":true,"href":"https:\/\/resources.workable.com\/de\/wp-json\/wp\/v2\/comments?post=42683"}],"version-history":[{"count":0,"href":"https:\/\/resources.workable.com\/de\/wp-json\/wp\/v2\/posts\/42683\/revisions"}],"wp:attachment":[{"href":"https:\/\/resources.workable.com\/de\/wp-json\/wp\/v2\/media?parent=42683"}],"wp:term":[{"taxonomy":"category","embeddable":true,"href":"https:\/\/resources.workable.com\/de\/wp-json\/wp\/v2\/categories?post=42683"},{"taxonomy":"post_tag","embeddable":true,"href":"https:\/\/resources.workable.com\/de\/wp-json\/wp\/v2\/tags?post=42683"}],"curies":[{"name":"wp","href":"https:\/\/api.w.org\/{rel}","templated":true}]}}